{"id":116927,"date":"2023-08-27T14:49:49","date_gmt":"2023-08-27T14:49:49","guid":{"rendered":"https:\/\/www.nettali.com\/?p=116927"},"modified":"2023-08-28T12:32:10","modified_gmt":"2023-08-28T12:32:10","slug":"cheikh-issa-sall-sur-le-cas-sonko-la-greve-de-la-faim-est-insuffisante-pour-liberer-un-detenu","status":"publish","type":"post","link":"https:\/\/www.nettali.com\/2023\/08\/27\/cheikh-issa-sall-sur-le-cas-sonko-la-greve-de-la-faim-est-insuffisante-pour-liberer-un-detenu\/","title":{"rendered":"CHEIKH ISSA SALL SUR LE CAS SONKO - \"La gr\u00e8ve de la faim est insuffisante pour lib\u00e9rer un d\u00e9tenu\""},"content":{"rendered":"<p><strong>NETTALI.COM - Actuellement admis \u00e0 l'h\u00f4pital Principal de Dakar, Ousmane Sonko est mal en point. Son \u00e9tat de sant\u00e9 se d\u00e9t\u00e9riore suite \u00e0 sa di\u00e8te qu'il a entam\u00e9 depuis plus de trois semaines. Pour Cheikh Issa Sall, le choix du leader de Pastef n'est pas payant car, dit-il, une gr\u00e8ve de la faim d'un d\u00e9tenu n'est pas suffisante pour obtenir la libert\u00e9.<\/strong><\/p>\n<p>\"<em>Je ne pense que la gr\u00e8ve de la faim soit suffisante pour lib\u00e9rer un d\u00e9tenu. Si telle \u00e9tait le cas, toutes les prisons seraient vid\u00e9es. Parce que c'est un moyen que tous les d\u00e9tenus allaient utiliser pour recouvrir la libert\u00e9<\/em>\", a d\u00e9clar\u00e9 Cheikh Issa Sall dans l'\u00e9mission Grand Jury de ce dimanche 27 ao\u00fbt.<\/p>\n<p>\"<em>Je crois que la libert\u00e9, dans ce contexte l\u00e0, on ne peut l'avoir que par des proc\u00e9dures judiciaires. Il a ses avocats et je crois que ces derniers doivent faire leur travail pour qu'ils puissent avoir gain de cause sur le plan judiciaire<\/em>\", a conseill\u00e9 le maire de Mbour, par ailleurs magistrat de formation.<\/p>\n<p>A en croire ce membre du r\u00e9gime pr\u00e9sidentiel, Ousmane Sonko a commis beaucoup d'erreurs qui lui ont valu aujourd'hui la prison.<\/p>\n<p>\"<em>On a v\u00e9cu au S\u00e9n\u00e9gal des choses que le pays n'a jamais connu. Depuis 2021, on a vu une violence verbale, physique, des appels \u00e0 l'insurrection. On a vu quelqu'un appeler \u00e0 d\u00e9loger un pr\u00e9sident r\u00e9guli\u00e8rement et d\u00e9mocratique \u00e9lu, des maisons de leaders politiques incendi\u00e9s, des chefs religieux attaqu\u00e9s, des commerces incendi\u00e9s<\/em>\", a fustig\u00e9 Monsieur Sall.<\/p>\n<p>Interpell\u00e9 sur la dissolution de Pastef et la radiation de Sonko sur les listes \u00e9lectorales, Cheikh Issa Sall soutient qu'il n'est pas surpris de cette d\u00e9cision.<\/p>\n<p>\"<em>Il y'a 8 mois, j'avais dit que Pastef n'est pas un parti politique normal et que dans quelques ann\u00e9es, ils (les Pastefiens) vont disparaitre car ils sont entr\u00e9s en effraction dans le champ politique<\/em>\", a-t-il rappel\u00e9. Non sans r\u00e9v\u00e9ler qu'il est militant d'une politique qui repose sur les d\u00e9bats d'id\u00e9es et non sur la violence.<\/p>\n<div class='share-to-whatsapp-wrapper'><div class='share-on-whsp'>PARTAGER SUR : <\/div><a data-text='CHEIKH ISSA SALL SUR LE CAS SONKO - \"La gr\u00e8ve de la faim est insuffisante pour lib\u00e9rer un d\u00e9tenu\"' data-link='https:\/\/www.nettali.com\/2023\/08\/27\/cheikh-issa-sall-sur-le-cas-sonko-la-greve-de-la-faim-est-insuffisante-pour-liberer-un-detenu\/' class='whatsapp-button whatsapp-share'>WhatsApp<\/a><div class='clear '><\/div><\/div>","protected":false},"excerpt":{"rendered":"<p>NETTALI.COM - Actuellement admis \u00e0 l'h\u00f4pital Principal de Dakar, Ousmane Sonko est mal en point. Son \u00e9tat de sant\u00e9 se d\u00e9t\u00e9riore suite \u00e0 sa di\u00e8te qu'il a entam\u00e9 depuis plus de trois semaines. Pour Cheikh Issa Sall, le choix du leader de Pastef n'est pas payant car, dit-il, une gr\u00e8ve de la faim d'un d\u00e9tenu [&hellip;]<\/p>\n","protected":false},"author":5,"featured_media":116928,"comment_status":"open","ping_status":"open","sticky":false,"template":"","format":"standard","meta":{"_et_pb_use_builder":"","_et_pb_old_content":""},"categories":[2],"tags":[],"yoast_head":"<!-- This site is optimized with the Yoast SEO Premium plugin v17.8 (Yoast SEO v17.8) - https:\/\/yoast.com\/wordpress\/plugins\/seo\/ -->\n<title>CHEIKH ISSA SALL SUR LE CAS SONKO - &quot;La gr\u00e8ve de la faim est insuffisante pour lib\u00e9rer un d\u00e9tenu&quot; | Nettali.com<\/title>\n<meta name=\"robots\" content=\"index, follow, max-snippet:-1, max-image-preview:large, max-video-preview:-1\" \/>\n<link rel=\"canonical\" href=\"https:\/\/www.nettali.com\/2023\/08\/27\/cheikh-issa-sall-sur-le-cas-sonko-la-greve-de-la-faim-est-insuffisante-pour-liberer-un-detenu\/\" \/>\n<meta property=\"og:locale\" content=\"fr_FR\" \/>\n<meta property=\"og:type\" content=\"article\" \/>\n<meta property=\"og:title\" content=\"CHEIKH ISSA SALL SUR LE CAS SONKO - &quot;La gr\u00e8ve de la faim est insuffisante pour lib\u00e9rer un d\u00e9tenu&quot;\" \/>\n<meta property=\"og:description\" content=\"NETTALI.COM - Actuellement admis \u00e0 l&#039;h\u00f4pital Principal de Dakar, Ousmane Sonko est mal en point. Son \u00e9tat de sant\u00e9 se d\u00e9t\u00e9riore suite \u00e0 sa di\u00e8te qu&#039;il a entam\u00e9 depuis plus de trois semaines. Pour Cheikh Issa Sall, le choix du leader de Pastef n&#039;est pas payant car, dit-il, une gr\u00e8ve de la faim d&#039;un d\u00e9tenu [&hellip;]\" \/>\n<meta property=\"og:url\" content=\"https:\/\/www.nettali.com\/2023\/08\/27\/cheikh-issa-sall-sur-le-cas-sonko-la-greve-de-la-faim-est-insuffisante-pour-liberer-un-detenu\/\" \/>\n<meta property=\"og:site_name\" content=\"Nettali.com\" \/>\n<meta property=\"article:publisher\" content=\"https:\/\/www.facebook.com\/nettalicom\" \/>\n<meta property=\"article:published_time\" content=\"2023-08-27T14:49:49+00:00\" \/>\n<meta property=\"article:modified_time\" content=\"2023-08-28T12:32:10+00:00\" \/>\n<meta property=\"og:image\" content=\"https:\/\/www.nettali.com\/wp-content\/uploads\/2023\/08\/sonko-sall-750x375-1.jpg\" \/>\n\t<meta property=\"og:image:width\" content=\"750\" \/>\n\t<meta property=\"og:image:height\" content=\"375\" \/>\n<meta name=\"twitter:card\" content=\"summary_large_image\" \/>\n<meta name=\"twitter:label1\" content=\"\u00c9crit par\" \/>\n\t<meta name=\"twitter:data1\" content=\"Ibrahima\" \/>\n\t<meta name=\"twitter:label2\" content=\"Dur\u00e9e de lecture estim\u00e9e\" \/>\n\t<meta name=\"twitter:data2\" content=\"2 minutes\" \/>\n<script type=\"application\/ld+json\" class=\"yoast-schema-graph\">{\"@context\":\"https:\/\/schema.org\",\"@graph\":[{\"@type\":\"WebSite\",\"@id\":\"https:\/\/www.nettali.com\/#website\",\"url\":\"https:\/\/www.nettali.com\/\",\"name\":\"Nettali.com\",\"description\":\"Le rendez-vous critique du Net\",\"potentialAction\":[{\"@type\":\"SearchAction\",\"target\":{\"@type\":\"EntryPoint\",\"urlTemplate\":\"https:\/\/www.nettali.com\/?s={search_term_string}\"},\"query-input\":\"required name=search_term_string\"}],\"inLanguage\":\"fr-FR\"},{\"@type\":\"ImageObject\",\"@id\":\"https:\/\/www.nettali.com\/2023\/08\/27\/cheikh-issa-sall-sur-le-cas-sonko-la-greve-de-la-faim-est-insuffisante-pour-liberer-un-detenu\/#primaryimage\",\"inLanguage\":\"fr-FR\",\"url\":\"https:\/\/www.nettali.com\/wp-content\/uploads\/2023\/08\/sonko-sall-750x375-1.jpg\",\"contentUrl\":\"https:\/\/www.nettali.com\/wp-content\/uploads\/2023\/08\/sonko-sall-750x375-1.jpg\",\"width\":750,\"height\":375},{\"@type\":\"WebPage\",\"@id\":\"https:\/\/www.nettali.com\/2023\/08\/27\/cheikh-issa-sall-sur-le-cas-sonko-la-greve-de-la-faim-est-insuffisante-pour-liberer-un-detenu\/#webpage\",\"url\":\"https:\/\/www.nettali.com\/2023\/08\/27\/cheikh-issa-sall-sur-le-cas-sonko-la-greve-de-la-faim-est-insuffisante-pour-liberer-un-detenu\/\",\"name\":\"CHEIKH ISSA SALL SUR LE CAS SONKO - \\\"La gr\\u00e8ve de la faim est insuffisante pour lib\\u00e9rer un d\\u00e9tenu\\\" | Nettali.com\",\"isPartOf\":{\"@id\":\"https:\/\/www.nettali.com\/#website\"},\"primaryImageOfPage\":{\"@id\":\"https:\/\/www.nettali.com\/2023\/08\/27\/cheikh-issa-sall-sur-le-cas-sonko-la-greve-de-la-faim-est-insuffisante-pour-liberer-un-detenu\/#primaryimage\"},\"datePublished\":\"2023-08-27T14:49:49+00:00\",\"dateModified\":\"2023-08-28T12:32:10+00:00\",\"author\":{\"@id\":\"https:\/\/www.nettali.com\/#\/schema\/person\/bb147657c2986240405a608162b9bb23\"},\"breadcrumb\":{\"@id\":\"https:\/\/www.nettali.com\/2023\/08\/27\/cheikh-issa-sall-sur-le-cas-sonko-la-greve-de-la-faim-est-insuffisante-pour-liberer-un-detenu\/#breadcrumb\"},\"inLanguage\":\"fr-FR\",\"potentialAction\":[{\"@type\":\"ReadAction\",\"target\":[\"https:\/\/www.nettali.com\/2023\/08\/27\/cheikh-issa-sall-sur-le-cas-sonko-la-greve-de-la-faim-est-insuffisante-pour-liberer-un-detenu\/\"]}]},{\"@type\":\"BreadcrumbList\",\"@id\":\"https:\/\/www.nettali.com\/2023\/08\/27\/cheikh-issa-sall-sur-le-cas-sonko-la-greve-de-la-faim-est-insuffisante-pour-liberer-un-detenu\/#breadcrumb\",\"itemListElement\":[{\"@type\":\"ListItem\",\"position\":1,\"name\":\"Accueil\",\"item\":\"https:\/\/www.nettali.com\/\"},{\"@type\":\"ListItem\",\"position\":2,\"name\":\"CHEIKH ISSA SALL SUR LE CAS SONKO - \\\"La gr\\u00e8ve de la faim est insuffisante pour lib\\u00e9rer un d\\u00e9tenu\\\"\"}]},{\"@type\":\"Person\",\"@id\":\"https:\/\/www.nettali.com\/#\/schema\/person\/bb147657c2986240405a608162b9bb23\",\"name\":\"Ibrahima\",\"image\":{\"@type\":\"ImageObject\",\"@id\":\"https:\/\/www.nettali.com\/#personlogo\",\"inLanguage\":\"fr-FR\",\"url\":\"https:\/\/secure.gravatar.com\/avatar\/26a8a81f09f0dd7624c9d5c36c9ba3a2?s=96&d=mm&r=g\",\"contentUrl\":\"https:\/\/secure.gravatar.com\/avatar\/26a8a81f09f0dd7624c9d5c36c9ba3a2?s=96&d=mm&r=g\",\"caption\":\"Ibrahima\"},\"sameAs\":[\"https:\/\/www.nettali.com\"]}]}<\/script>\n<!-- \/ Yoast SEO Premium plugin. -->","yoast_head_json":{"title":"CHEIKH ISSA SALL SUR LE CAS SONKO - \"La gr\u00e8ve de la faim est insuffisante pour lib\u00e9rer un d\u00e9tenu\" | Nettali.com","robots":{"index":"index","follow":"follow","max-snippet":"max-snippet:-1","max-image-preview":"max-image-preview:large","max-video-preview":"max-video-preview:-1"},"canonical":"https:\/\/www.nettali.com\/2023\/08\/27\/cheikh-issa-sall-sur-le-cas-sonko-la-greve-de-la-faim-est-insuffisante-pour-liberer-un-detenu\/","og_locale":"fr_FR","og_type":"article","og_title":"CHEIKH ISSA SALL SUR LE CAS SONKO - \"La gr\u00e8ve de la faim est insuffisante pour lib\u00e9rer un d\u00e9tenu\"","og_description":"NETTALI.COM - Actuellement admis \u00e0 l'h\u00f4pital Principal de Dakar, Ousmane Sonko est mal en point. Son \u00e9tat de sant\u00e9 se d\u00e9t\u00e9riore suite \u00e0 sa di\u00e8te qu'il a entam\u00e9 depuis plus de trois semaines. Pour Cheikh Issa Sall, le choix du leader de Pastef n'est pas payant car, dit-il, une gr\u00e8ve de la faim d'un d\u00e9tenu [&hellip;]","og_url":"https:\/\/www.nettali.com\/2023\/08\/27\/cheikh-issa-sall-sur-le-cas-sonko-la-greve-de-la-faim-est-insuffisante-pour-liberer-un-detenu\/","og_site_name":"Nettali.com","article_publisher":"https:\/\/www.facebook.com\/nettalicom","article_published_time":"2023-08-27T14:49:49+00:00","article_modified_time":"2023-08-28T12:32:10+00:00","og_image":[{"width":750,"height":375,"url":"https:\/\/www.nettali.com\/wp-content\/uploads\/2023\/08\/sonko-sall-750x375-1.jpg","type":"image\/jpeg"}],"twitter_card":"summary_large_image","twitter_misc":{"\u00c9crit par":"Ibrahima","Dur\u00e9e de lecture estim\u00e9e":"2 minutes"},"schema":{"@context":"https:\/\/schema.org","@graph":[{"@type":"WebSite","@id":"https:\/\/www.nettali.com\/#website","url":"https:\/\/www.nettali.com\/","name":"Nettali.com","description":"Le rendez-vous critique du Net","potentialAction":[{"@type":"SearchAction","target":{"@type":"EntryPoint","urlTemplate":"https:\/\/www.nettali.com\/?s={search_term_string}"},"query-input":"required name=search_term_string"}],"inLanguage":"fr-FR"},{"@type":"ImageObject","@id":"https:\/\/www.nettali.com\/2023\/08\/27\/cheikh-issa-sall-sur-le-cas-sonko-la-greve-de-la-faim-est-insuffisante-pour-liberer-un-detenu\/#primaryimage","inLanguage":"fr-FR","url":"https:\/\/www.nettali.com\/wp-content\/uploads\/2023\/08\/sonko-sall-750x375-1.jpg","contentUrl":"https:\/\/www.nettali.com\/wp-content\/uploads\/2023\/08\/sonko-sall-750x375-1.jpg","width":750,"height":375},{"@type":"WebPage","@id":"https:\/\/www.nettali.com\/2023\/08\/27\/cheikh-issa-sall-sur-le-cas-sonko-la-greve-de-la-faim-est-insuffisante-pour-liberer-un-detenu\/#webpage","url":"https:\/\/www.nettali.com\/2023\/08\/27\/cheikh-issa-sall-sur-le-cas-sonko-la-greve-de-la-faim-est-insuffisante-pour-liberer-un-detenu\/","name":"CHEIKH ISSA SALL SUR LE CAS SONKO - \"La gr\u00e8ve de la faim est insuffisante pour lib\u00e9rer un d\u00e9tenu\" | Nettali.com","isPartOf":{"@id":"https:\/\/www.nettali.com\/#website"},"primaryImageOfPage":{"@id":"https:\/\/www.nettali.com\/2023\/08\/27\/cheikh-issa-sall-sur-le-cas-sonko-la-greve-de-la-faim-est-insuffisante-pour-liberer-un-detenu\/#primaryimage"},"datePublished":"2023-08-27T14:49:49+00:00","dateModified":"2023-08-28T12:32:10+00:00","author":{"@id":"https:\/\/www.nettali.com\/#\/schema\/person\/bb147657c2986240405a608162b9bb23"},"breadcrumb":{"@id":"https:\/\/www.nettali.com\/2023\/08\/27\/cheikh-issa-sall-sur-le-cas-sonko-la-greve-de-la-faim-est-insuffisante-pour-liberer-un-detenu\/#breadcrumb"},"inLanguage":"fr-FR","potentialAction":[{"@type":"ReadAction","target":["https:\/\/www.nettali.com\/2023\/08\/27\/cheikh-issa-sall-sur-le-cas-sonko-la-greve-de-la-faim-est-insuffisante-pour-liberer-un-detenu\/"]}]},{"@type":"BreadcrumbList","@id":"https:\/\/www.nettali.com\/2023\/08\/27\/cheikh-issa-sall-sur-le-cas-sonko-la-greve-de-la-faim-est-insuffisante-pour-liberer-un-detenu\/#breadcrumb","itemListElement":[{"@type":"ListItem","position":1,"name":"Accueil","item":"https:\/\/www.nettali.com\/"},{"@type":"ListItem","position":2,"name":"CHEIKH ISSA SALL SUR LE CAS SONKO - \"La gr\u00e8ve de la faim est insuffisante pour lib\u00e9rer un d\u00e9tenu\""}]},{"@type":"Person","@id":"https:\/\/www.nettali.com\/#\/schema\/person\/bb147657c2986240405a608162b9bb23","name":"Ibrahima","image":{"@type":"ImageObject","@id":"https:\/\/www.nettali.com\/#personlogo","inLanguage":"fr-FR","url":"https:\/\/secure.gravatar.com\/avatar\/26a8a81f09f0dd7624c9d5c36c9ba3a2?s=96&d=mm&r=g","contentUrl":"https:\/\/secure.gravatar.com\/avatar\/26a8a81f09f0dd7624c9d5c36c9ba3a2?s=96&d=mm&r=g","caption":"Ibrahima"},"sameAs":["https:\/\/www.nettali.com"]}]}},"_links":{"self":[{"href":"https:\/\/www.nettali.com\/rest\/wp\/v2\/posts\/116927"}],"collection":[{"href":"https:\/\/www.nettali.com\/rest\/wp\/v2\/posts"}],"about":[{"href":"https:\/\/www.nettali.com\/rest\/wp\/v2\/types\/post"}],"author":[{"embeddable":true,"href":"https:\/\/www.nettali.com\/rest\/wp\/v2\/users\/5"}],"replies":[{"embeddable":true,"href":"https:\/\/www.nettali.com\/rest\/wp\/v2\/comments?post=116927"}],"version-history":[{"count":3,"href":"https:\/\/www.nettali.com\/rest\/wp\/v2\/posts\/116927\/revisions"}],"predecessor-version":[{"id":116931,"href":"https:\/\/www.nettali.com\/rest\/wp\/v2\/posts\/116927\/revisions\/116931"}],"wp:featuredmedia":[{"embeddable":true,"href":"https:\/\/www.nettali.com\/rest\/wp\/v2\/media\/116928"}],"wp:attachment":[{"href":"https:\/\/www.nettali.com\/rest\/wp\/v2\/media?parent=116927"}],"wp:term":[{"taxonomy":"category","embeddable":true,"href":"https:\/\/www.nettali.com\/rest\/wp\/v2\/categories?post=116927"},{"taxonomy":"post_tag","embeddable":true,"href":"https:\/\/www.nettali.com\/rest\/wp\/v2\/tags?post=116927"}],"curies":[{"name":"wp","href":"https:\/\/api.w.org\/{rel}","templated":true}]}}