{"id":116884,"date":"2023-08-26T09:45:03","date_gmt":"2023-08-26T09:45:03","guid":{"rendered":"https:\/\/www.nettali.com\/?p=116884"},"modified":"2023-08-26T16:03:12","modified_gmt":"2023-08-26T16:03:12","slug":"handball-nikola-karabatic-annonce-sa-retraite","status":"publish","type":"post","link":"https:\/\/www.nettali.com\/2023\/08\/26\/handball-nikola-karabatic-annonce-sa-retraite\/","title":{"rendered":"HANDBALL - Nikola Karabatic annonce sa retraite"},"content":{"rendered":"<p><strong>NETTALI.COM - La star du handball fran\u00e7ais, Nikola Karabatic prendra sa retraite de joueur \u00e0 l\u2019issue de la saison 2023-2024, a annonc\u00e9 ce vendredi le joueur du PSG handball qui a prolong\u00e9 cet hiver avec le club de la capitale, avec les JO de Paris 2024 \u00e0 l\u2019horizon.<\/strong><\/p>\n<p>\"<em>Cette saison sera ma derni\u00e8re (\u2026) J\u2019entame ma 22e et derni\u00e8re ann\u00e9e professionnelle, sous les couleurs du Paris Saint-Germain<\/em>\", a \u00e9crit le triple champion olympique, \u00e2g\u00e9 de 39 ans, dans une lettre diffus\u00e9e sur le site du club.<\/p>\n<p>Avec Karabatic, une l\u00e9gende du sport fran\u00e7ais pr\u00e9pare sa r\u00e9v\u00e9rence. Le N.44 du Paris Saint-Germain est le joueur de handball le mieux m\u00e9daill\u00e9 de l\u2019histoire aux JO avec ses comp\u00e8res des Experts\u00a0Luc Abalo\u00a0et Micha\u00ebl Guigou\u00a0: ils sont tous les trois triples champions olympiques (2008, 2012 et 2021) et m\u00e9daill\u00e9 d\u2019argent \u00e0 Rio (2016).<\/p>\n<p><strong>Un CV impressionnant<\/strong><\/p>\n<p>Mais \u00e0 la diff\u00e9rence des deux autres, Nikola Karabatic entretient l\u2019espoir, aux Jeux olympiques de Paris 2024, d\u2019enrichir encore, \u00e0 40 ans pass\u00e9s alors, un palmar\u00e8s hors normes. Un CV en bleu comptant aussi quatre sacres mondiaux, trois europ\u00e9ens\u2026 Cette neuvi\u00e8me saison avec le PSG est aussi l\u2019ultime chance de porter le club de la capitale vers un premier sacre en Ligue des champions, l\u2019objectif lors de son arriv\u00e9e \u00e0 Paris en 2015.<\/p>\n<p>La C1, lui, il l\u2019a d\u00e9j\u00e0 remport\u00e9e trois fois avec trois clubs phares du continent, dont les noms : Montpellier, Kiel et\u00a0Barcelone donnent autant d\u2019indications sur l\u2019\u00e9tendue de sa carri\u00e8re. Le monument du sport fran\u00e7ais a \u00e9t\u00e9 priv\u00e9 de la fin de saison avec le PSG en raison d\u2019une phl\u00e9bite \u00e0 la jambe droite, apparue en d\u00e9but d\u2019ann\u00e9e\u00a02023.<\/p>\n<div class='share-to-whatsapp-wrapper'><div class='share-on-whsp'>PARTAGER SUR : <\/div><a data-text='HANDBALL - Nikola Karabatic annonce sa retraite' data-link='https:\/\/www.nettali.com\/2023\/08\/26\/handball-nikola-karabatic-annonce-sa-retraite\/' class='whatsapp-button whatsapp-share'>WhatsApp<\/a><div class='clear '><\/div><\/div>","protected":false},"excerpt":{"rendered":"<p>NETTALI.COM - La star du handball fran\u00e7ais, Nikola Karabatic prendra sa retraite de joueur \u00e0 l\u2019issue de la saison 2023-2024, a annonc\u00e9 ce vendredi le joueur du PSG handball qui a prolong\u00e9 cet hiver avec le club de la capitale, avec les JO de Paris 2024 \u00e0 l\u2019horizon. \"Cette saison sera ma derni\u00e8re (\u2026) J\u2019entame [&hellip;]<\/p>\n","protected":false},"author":5,"featured_media":116885,"comment_status":"open","ping_status":"open","sticky":false,"template":"","format":"standard","meta":{"_et_pb_use_builder":"","_et_pb_old_content":""},"categories":[6],"tags":[],"yoast_head":"<!-- This site is optimized with the Yoast SEO Premium plugin v17.8 (Yoast SEO v17.8) - https:\/\/yoast.com\/wordpress\/plugins\/seo\/ -->\n<title>HANDBALL - Nikola Karabatic annonce sa retraite | Nettali.com<\/title>\n<meta name=\"robots\" content=\"index, follow, max-snippet:-1, max-image-preview:large, max-video-preview:-1\" \/>\n<link rel=\"canonical\" href=\"https:\/\/www.nettali.com\/2023\/08\/26\/handball-nikola-karabatic-annonce-sa-retraite\/\" \/>\n<meta property=\"og:locale\" content=\"fr_FR\" \/>\n<meta property=\"og:type\" content=\"article\" \/>\n<meta property=\"og:title\" content=\"HANDBALL - Nikola Karabatic annonce sa retraite\" \/>\n<meta property=\"og:description\" content=\"NETTALI.COM - La star du handball fran\u00e7ais, Nikola Karabatic prendra sa retraite de joueur \u00e0 l\u2019issue de la saison 2023-2024, a annonc\u00e9 ce vendredi le joueur du PSG handball qui a prolong\u00e9 cet hiver avec le club de la capitale, avec les JO de Paris 2024 \u00e0 l\u2019horizon. &quot;Cette saison sera ma derni\u00e8re (\u2026) J\u2019entame [&hellip;]\" \/>\n<meta property=\"og:url\" content=\"https:\/\/www.nettali.com\/2023\/08\/26\/handball-nikola-karabatic-annonce-sa-retraite\/\" \/>\n<meta property=\"og:site_name\" content=\"Nettali.com\" \/>\n<meta property=\"article:publisher\" content=\"https:\/\/www.facebook.com\/nettalicom\" \/>\n<meta property=\"article:published_time\" content=\"2023-08-26T09:45:03+00:00\" \/>\n<meta property=\"article:modified_time\" content=\"2023-08-26T16:03:12+00:00\" \/>\n<meta property=\"og:image\" content=\"https:\/\/www.nettali.com\/wp-content\/uploads\/2023\/08\/NOQQ5NVGHRA36XUKN2DYODL3Q4-1.jpg\" \/>\n\t<meta property=\"og:image:width\" content=\"1280\" \/>\n\t<meta property=\"og:image:height\" content=\"841\" \/>\n<meta name=\"twitter:card\" content=\"summary_large_image\" \/>\n<meta name=\"twitter:label1\" content=\"\u00c9crit par\" \/>\n\t<meta name=\"twitter:data1\" content=\"Ibrahima\" \/>\n\t<meta name=\"twitter:label2\" content=\"Dur\u00e9e de lecture estim\u00e9e\" \/>\n\t<meta name=\"twitter:data2\" content=\"2 minutes\" \/>\n<script type=\"application\/ld+json\" class=\"yoast-schema-graph\">{\"@context\":\"https:\/\/schema.org\",\"@graph\":[{\"@type\":\"WebSite\",\"@id\":\"https:\/\/www.nettali.com\/#website\",\"url\":\"https:\/\/www.nettali.com\/\",\"name\":\"Nettali.com\",\"description\":\"Le rendez-vous critique du Net\",\"potentialAction\":[{\"@type\":\"SearchAction\",\"target\":{\"@type\":\"EntryPoint\",\"urlTemplate\":\"https:\/\/www.nettali.com\/?s={search_term_string}\"},\"query-input\":\"required name=search_term_string\"}],\"inLanguage\":\"fr-FR\"},{\"@type\":\"ImageObject\",\"@id\":\"https:\/\/www.nettali.com\/2023\/08\/26\/handball-nikola-karabatic-annonce-sa-retraite\/#primaryimage\",\"inLanguage\":\"fr-FR\",\"url\":\"https:\/\/www.nettali.com\/wp-content\/uploads\/2023\/08\/NOQQ5NVGHRA36XUKN2DYODL3Q4-1.jpg\",\"contentUrl\":\"https:\/\/www.nettali.com\/wp-content\/uploads\/2023\/08\/NOQQ5NVGHRA36XUKN2DYODL3Q4-1.jpg\",\"width\":1280,\"height\":841},{\"@type\":\"WebPage\",\"@id\":\"https:\/\/www.nettali.com\/2023\/08\/26\/handball-nikola-karabatic-annonce-sa-retraite\/#webpage\",\"url\":\"https:\/\/www.nettali.com\/2023\/08\/26\/handball-nikola-karabatic-annonce-sa-retraite\/\",\"name\":\"HANDBALL - Nikola Karabatic annonce sa retraite | Nettali.com\",\"isPartOf\":{\"@id\":\"https:\/\/www.nettali.com\/#website\"},\"primaryImageOfPage\":{\"@id\":\"https:\/\/www.nettali.com\/2023\/08\/26\/handball-nikola-karabatic-annonce-sa-retraite\/#primaryimage\"},\"datePublished\":\"2023-08-26T09:45:03+00:00\",\"dateModified\":\"2023-08-26T16:03:12+00:00\",\"author\":{\"@id\":\"https:\/\/www.nettali.com\/#\/schema\/person\/bb147657c2986240405a608162b9bb23\"},\"breadcrumb\":{\"@id\":\"https:\/\/www.nettali.com\/2023\/08\/26\/handball-nikola-karabatic-annonce-sa-retraite\/#breadcrumb\"},\"inLanguage\":\"fr-FR\",\"potentialAction\":[{\"@type\":\"ReadAction\",\"target\":[\"https:\/\/www.nettali.com\/2023\/08\/26\/handball-nikola-karabatic-annonce-sa-retraite\/\"]}]},{\"@type\":\"BreadcrumbList\",\"@id\":\"https:\/\/www.nettali.com\/2023\/08\/26\/handball-nikola-karabatic-annonce-sa-retraite\/#breadcrumb\",\"itemListElement\":[{\"@type\":\"ListItem\",\"position\":1,\"name\":\"Accueil\",\"item\":\"https:\/\/www.nettali.com\/\"},{\"@type\":\"ListItem\",\"position\":2,\"name\":\"HANDBALL - Nikola Karabatic annonce sa retraite\"}]},{\"@type\":\"Person\",\"@id\":\"https:\/\/www.nettali.com\/#\/schema\/person\/bb147657c2986240405a608162b9bb23\",\"name\":\"Ibrahima\",\"image\":{\"@type\":\"ImageObject\",\"@id\":\"https:\/\/www.nettali.com\/#personlogo\",\"inLanguage\":\"fr-FR\",\"url\":\"https:\/\/secure.gravatar.com\/avatar\/26a8a81f09f0dd7624c9d5c36c9ba3a2?s=96&d=mm&r=g\",\"contentUrl\":\"https:\/\/secure.gravatar.com\/avatar\/26a8a81f09f0dd7624c9d5c36c9ba3a2?s=96&d=mm&r=g\",\"caption\":\"Ibrahima\"},\"sameAs\":[\"https:\/\/www.nettali.com\"]}]}<\/script>\n<!-- \/ Yoast SEO Premium plugin. -->","yoast_head_json":{"title":"HANDBALL - Nikola Karabatic annonce sa retraite | Nettali.com","robots":{"index":"index","follow":"follow","max-snippet":"max-snippet:-1","max-image-preview":"max-image-preview:large","max-video-preview":"max-video-preview:-1"},"canonical":"https:\/\/www.nettali.com\/2023\/08\/26\/handball-nikola-karabatic-annonce-sa-retraite\/","og_locale":"fr_FR","og_type":"article","og_title":"HANDBALL - Nikola Karabatic annonce sa retraite","og_description":"NETTALI.COM - La star du handball fran\u00e7ais, Nikola Karabatic prendra sa retraite de joueur \u00e0 l\u2019issue de la saison 2023-2024, a annonc\u00e9 ce vendredi le joueur du PSG handball qui a prolong\u00e9 cet hiver avec le club de la capitale, avec les JO de Paris 2024 \u00e0 l\u2019horizon. \"Cette saison sera ma derni\u00e8re (\u2026) J\u2019entame [&hellip;]","og_url":"https:\/\/www.nettali.com\/2023\/08\/26\/handball-nikola-karabatic-annonce-sa-retraite\/","og_site_name":"Nettali.com","article_publisher":"https:\/\/www.facebook.com\/nettalicom","article_published_time":"2023-08-26T09:45:03+00:00","article_modified_time":"2023-08-26T16:03:12+00:00","og_image":[{"width":1280,"height":841,"url":"https:\/\/www.nettali.com\/wp-content\/uploads\/2023\/08\/NOQQ5NVGHRA36XUKN2DYODL3Q4-1.jpg","type":"image\/jpeg"}],"twitter_card":"summary_large_image","twitter_misc":{"\u00c9crit par":"Ibrahima","Dur\u00e9e de lecture estim\u00e9e":"2 minutes"},"schema":{"@context":"https:\/\/schema.org","@graph":[{"@type":"WebSite","@id":"https:\/\/www.nettali.com\/#website","url":"https:\/\/www.nettali.com\/","name":"Nettali.com","description":"Le rendez-vous critique du Net","potentialAction":[{"@type":"SearchAction","target":{"@type":"EntryPoint","urlTemplate":"https:\/\/www.nettali.com\/?s={search_term_string}"},"query-input":"required name=search_term_string"}],"inLanguage":"fr-FR"},{"@type":"ImageObject","@id":"https:\/\/www.nettali.com\/2023\/08\/26\/handball-nikola-karabatic-annonce-sa-retraite\/#primaryimage","inLanguage":"fr-FR","url":"https:\/\/www.nettali.com\/wp-content\/uploads\/2023\/08\/NOQQ5NVGHRA36XUKN2DYODL3Q4-1.jpg","contentUrl":"https:\/\/www.nettali.com\/wp-content\/uploads\/2023\/08\/NOQQ5NVGHRA36XUKN2DYODL3Q4-1.jpg","width":1280,"height":841},{"@type":"WebPage","@id":"https:\/\/www.nettali.com\/2023\/08\/26\/handball-nikola-karabatic-annonce-sa-retraite\/#webpage","url":"https:\/\/www.nettali.com\/2023\/08\/26\/handball-nikola-karabatic-annonce-sa-retraite\/","name":"HANDBALL - Nikola Karabatic annonce sa retraite | Nettali.com","isPartOf":{"@id":"https:\/\/www.nettali.com\/#website"},"primaryImageOfPage":{"@id":"https:\/\/www.nettali.com\/2023\/08\/26\/handball-nikola-karabatic-annonce-sa-retraite\/#primaryimage"},"datePublished":"2023-08-26T09:45:03+00:00","dateModified":"2023-08-26T16:03:12+00:00","author":{"@id":"https:\/\/www.nettali.com\/#\/schema\/person\/bb147657c2986240405a608162b9bb23"},"breadcrumb":{"@id":"https:\/\/www.nettali.com\/2023\/08\/26\/handball-nikola-karabatic-annonce-sa-retraite\/#breadcrumb"},"inLanguage":"fr-FR","potentialAction":[{"@type":"ReadAction","target":["https:\/\/www.nettali.com\/2023\/08\/26\/handball-nikola-karabatic-annonce-sa-retraite\/"]}]},{"@type":"BreadcrumbList","@id":"https:\/\/www.nettali.com\/2023\/08\/26\/handball-nikola-karabatic-annonce-sa-retraite\/#breadcrumb","itemListElement":[{"@type":"ListItem","position":1,"name":"Accueil","item":"https:\/\/www.nettali.com\/"},{"@type":"ListItem","position":2,"name":"HANDBALL - Nikola Karabatic annonce sa retraite"}]},{"@type":"Person","@id":"https:\/\/www.nettali.com\/#\/schema\/person\/bb147657c2986240405a608162b9bb23","name":"Ibrahima","image":{"@type":"ImageObject","@id":"https:\/\/www.nettali.com\/#personlogo","inLanguage":"fr-FR","url":"https:\/\/secure.gravatar.com\/avatar\/26a8a81f09f0dd7624c9d5c36c9ba3a2?s=96&d=mm&r=g","contentUrl":"https:\/\/secure.gravatar.com\/avatar\/26a8a81f09f0dd7624c9d5c36c9ba3a2?s=96&d=mm&r=g","caption":"Ibrahima"},"sameAs":["https:\/\/www.nettali.com"]}]}},"_links":{"self":[{"href":"https:\/\/www.nettali.com\/rest\/wp\/v2\/posts\/116884"}],"collection":[{"href":"https:\/\/www.nettali.com\/rest\/wp\/v2\/posts"}],"about":[{"href":"https:\/\/www.nettali.com\/rest\/wp\/v2\/types\/post"}],"author":[{"embeddable":true,"href":"https:\/\/www.nettali.com\/rest\/wp\/v2\/users\/5"}],"replies":[{"embeddable":true,"href":"https:\/\/www.nettali.com\/rest\/wp\/v2\/comments?post=116884"}],"version-history":[{"count":2,"href":"https:\/\/www.nettali.com\/rest\/wp\/v2\/posts\/116884\/revisions"}],"predecessor-version":[{"id":116887,"href":"https:\/\/www.nettali.com\/rest\/wp\/v2\/posts\/116884\/revisions\/116887"}],"wp:featuredmedia":[{"embeddable":true,"href":"https:\/\/www.nettali.com\/rest\/wp\/v2\/media\/116885"}],"wp:attachment":[{"href":"https:\/\/www.nettali.com\/rest\/wp\/v2\/media?parent=116884"}],"wp:term":[{"taxonomy":"category","embeddable":true,"href":"https:\/\/www.nettali.com\/rest\/wp\/v2\/categories?post=116884"},{"taxonomy":"post_tag","embeddable":true,"href":"https:\/\/www.nettali.com\/rest\/wp\/v2\/tags?post=116884"}],"curies":[{"name":"wp","href":"https:\/\/api.w.org\/{rel}","templated":true}]}}