{"id":116852,"date":"2023-08-26T08:52:47","date_gmt":"2023-08-26T08:52:47","guid":{"rendered":"https:\/\/www.nettali.com\/?p=116852"},"modified":"2023-08-26T08:52:47","modified_gmt":"2023-08-26T08:52:47","slug":"base-navale-de-dakar-antoine-diome-accueille-150-migrants-secourus-par-la-marine-nationale","status":"publish","type":"post","link":"https:\/\/www.nettali.com\/2023\/08\/26\/base-navale-de-dakar-antoine-diome-accueille-150-migrants-secourus-par-la-marine-nationale\/","title":{"rendered":"BASE NAVALE DE DAKAR - Antoine Diome accueille 150 migrants secourus par la Marine nationale"},"content":{"rendered":"<p><strong>NETTALI.COM - Le ministre de l\u2019Int\u00e9rieur s\u2019est rendu ce vendredi 25 ao\u00fbt, tard dans la soir\u00e9e \u00e0 la Base Navale Amary Faye de Dakar pour accueillir 150 migrants secourus par la Marine nationale aux abords du Cap Manuel. <\/strong><\/p>\n<p>Ces jeunes s\u00e9n\u00e9galais voulaient rallier l\u2019Europe par la mer \u00e0 bord d\u2019une pirogue. Mais ils ne sont pas all\u00e9s tr\u00e8s loin.<\/p>\n<p>Dans sa d\u00e9claration, le ministre de l\u2019Int\u00e9rieur a affirm\u00e9 qu\u2019il y avait parmi les 150 migrants, 4 filles et 3 mineurs. Sur les causes des d\u00e9parts de S\u00e9n\u00e9galais , Antoine Diome d\u00e9clare qu\u2019on ne peut pas contester qu\u2019il y a des raisons d\u2019ordre \u00e9conomiques. Mais aussi, il y a des causes sociologiques li\u00e9es aux diff\u00e9rents points de d\u00e9parts qui ont une tradition de migration.<\/p>\n<div class='share-to-whatsapp-wrapper'><div class='share-on-whsp'>PARTAGER SUR : <\/div><a data-text='BASE NAVALE DE DAKAR - Antoine Diome accueille 150 migrants secourus par la Marine nationale' data-link='https:\/\/www.nettali.com\/2023\/08\/26\/base-navale-de-dakar-antoine-diome-accueille-150-migrants-secourus-par-la-marine-nationale\/' class='whatsapp-button whatsapp-share'>WhatsApp<\/a><div class='clear '><\/div><\/div>","protected":false},"excerpt":{"rendered":"<p>NETTALI.COM - Le ministre de l\u2019Int\u00e9rieur s\u2019est rendu ce vendredi 25 ao\u00fbt, tard dans la soir\u00e9e \u00e0 la Base Navale Amary Faye de Dakar pour accueillir 150 migrants secourus par la Marine nationale aux abords du Cap Manuel. Ces jeunes s\u00e9n\u00e9galais voulaient rallier l\u2019Europe par la mer \u00e0 bord d\u2019une pirogue. Mais ils ne sont [&hellip;]<\/p>\n","protected":false},"author":5,"featured_media":116617,"comment_status":"open","ping_status":"open","sticky":false,"template":"","format":"standard","meta":{"_et_pb_use_builder":"","_et_pb_old_content":""},"categories":[3],"tags":[],"yoast_head":"<!-- This site is optimized with the Yoast SEO Premium plugin v17.8 (Yoast SEO v17.8) - https:\/\/yoast.com\/wordpress\/plugins\/seo\/ -->\n<title>BASE NAVALE DE DAKAR - Antoine Diome accueille 150 migrants secourus par la Marine nationale | Nettali.com<\/title>\n<meta name=\"robots\" content=\"index, follow, max-snippet:-1, max-image-preview:large, max-video-preview:-1\" \/>\n<link rel=\"canonical\" href=\"https:\/\/www.nettali.com\/2023\/08\/26\/base-navale-de-dakar-antoine-diome-accueille-150-migrants-secourus-par-la-marine-nationale\/\" \/>\n<meta property=\"og:locale\" content=\"fr_FR\" \/>\n<meta property=\"og:type\" content=\"article\" \/>\n<meta property=\"og:title\" content=\"BASE NAVALE DE DAKAR - Antoine Diome accueille 150 migrants secourus par la Marine nationale\" \/>\n<meta property=\"og:description\" content=\"NETTALI.COM - Le ministre de l\u2019Int\u00e9rieur s\u2019est rendu ce vendredi 25 ao\u00fbt, tard dans la soir\u00e9e \u00e0 la Base Navale Amary Faye de Dakar pour accueillir 150 migrants secourus par la Marine nationale aux abords du Cap Manuel. Ces jeunes s\u00e9n\u00e9galais voulaient rallier l\u2019Europe par la mer \u00e0 bord d\u2019une pirogue. Mais ils ne sont [&hellip;]\" \/>\n<meta property=\"og:url\" content=\"https:\/\/www.nettali.com\/2023\/08\/26\/base-navale-de-dakar-antoine-diome-accueille-150-migrants-secourus-par-la-marine-nationale\/\" \/>\n<meta property=\"og:site_name\" content=\"Nettali.com\" \/>\n<meta property=\"article:publisher\" content=\"https:\/\/www.facebook.com\/nettalicom\" \/>\n<meta property=\"article:published_time\" content=\"2023-08-26T08:52:47+00:00\" \/>\n<meta property=\"og:image\" content=\"https:\/\/www.nettali.com\/wp-content\/uploads\/2023\/08\/emigration-irreguliere.jpg\" \/>\n\t<meta property=\"og:image:width\" content=\"600\" \/>\n\t<meta property=\"og:image:height\" content=\"401\" \/>\n<meta name=\"twitter:card\" content=\"summary_large_image\" \/>\n<meta name=\"twitter:label1\" content=\"\u00c9crit par\" \/>\n\t<meta name=\"twitter:data1\" content=\"Ibrahima\" \/>\n\t<meta name=\"twitter:label2\" content=\"Dur\u00e9e de lecture estim\u00e9e\" \/>\n\t<meta name=\"twitter:data2\" content=\"1 minute\" \/>\n<script type=\"application\/ld+json\" class=\"yoast-schema-graph\">{\"@context\":\"https:\/\/schema.org\",\"@graph\":[{\"@type\":\"WebSite\",\"@id\":\"https:\/\/www.nettali.com\/#website\",\"url\":\"https:\/\/www.nettali.com\/\",\"name\":\"Nettali.com\",\"description\":\"Le rendez-vous critique du Net\",\"potentialAction\":[{\"@type\":\"SearchAction\",\"target\":{\"@type\":\"EntryPoint\",\"urlTemplate\":\"https:\/\/www.nettali.com\/?s={search_term_string}\"},\"query-input\":\"required name=search_term_string\"}],\"inLanguage\":\"fr-FR\"},{\"@type\":\"ImageObject\",\"@id\":\"https:\/\/www.nettali.com\/2023\/08\/26\/base-navale-de-dakar-antoine-diome-accueille-150-migrants-secourus-par-la-marine-nationale\/#primaryimage\",\"inLanguage\":\"fr-FR\",\"url\":\"https:\/\/www.nettali.com\/wp-content\/uploads\/2023\/08\/emigration-irreguliere.jpg\",\"contentUrl\":\"https:\/\/www.nettali.com\/wp-content\/uploads\/2023\/08\/emigration-irreguliere.jpg\",\"width\":600,\"height\":401},{\"@type\":\"WebPage\",\"@id\":\"https:\/\/www.nettali.com\/2023\/08\/26\/base-navale-de-dakar-antoine-diome-accueille-150-migrants-secourus-par-la-marine-nationale\/#webpage\",\"url\":\"https:\/\/www.nettali.com\/2023\/08\/26\/base-navale-de-dakar-antoine-diome-accueille-150-migrants-secourus-par-la-marine-nationale\/\",\"name\":\"BASE NAVALE DE DAKAR - Antoine Diome accueille 150 migrants secourus par la Marine nationale | Nettali.com\",\"isPartOf\":{\"@id\":\"https:\/\/www.nettali.com\/#website\"},\"primaryImageOfPage\":{\"@id\":\"https:\/\/www.nettali.com\/2023\/08\/26\/base-navale-de-dakar-antoine-diome-accueille-150-migrants-secourus-par-la-marine-nationale\/#primaryimage\"},\"datePublished\":\"2023-08-26T08:52:47+00:00\",\"dateModified\":\"2023-08-26T08:52:47+00:00\",\"author\":{\"@id\":\"https:\/\/www.nettali.com\/#\/schema\/person\/bb147657c2986240405a608162b9bb23\"},\"breadcrumb\":{\"@id\":\"https:\/\/www.nettali.com\/2023\/08\/26\/base-navale-de-dakar-antoine-diome-accueille-150-migrants-secourus-par-la-marine-nationale\/#breadcrumb\"},\"inLanguage\":\"fr-FR\",\"potentialAction\":[{\"@type\":\"ReadAction\",\"target\":[\"https:\/\/www.nettali.com\/2023\/08\/26\/base-navale-de-dakar-antoine-diome-accueille-150-migrants-secourus-par-la-marine-nationale\/\"]}]},{\"@type\":\"BreadcrumbList\",\"@id\":\"https:\/\/www.nettali.com\/2023\/08\/26\/base-navale-de-dakar-antoine-diome-accueille-150-migrants-secourus-par-la-marine-nationale\/#breadcrumb\",\"itemListElement\":[{\"@type\":\"ListItem\",\"position\":1,\"name\":\"Accueil\",\"item\":\"https:\/\/www.nettali.com\/\"},{\"@type\":\"ListItem\",\"position\":2,\"name\":\"BASE NAVALE DE DAKAR - Antoine Diome accueille 150 migrants secourus par la Marine nationale\"}]},{\"@type\":\"Person\",\"@id\":\"https:\/\/www.nettali.com\/#\/schema\/person\/bb147657c2986240405a608162b9bb23\",\"name\":\"Ibrahima\",\"image\":{\"@type\":\"ImageObject\",\"@id\":\"https:\/\/www.nettali.com\/#personlogo\",\"inLanguage\":\"fr-FR\",\"url\":\"https:\/\/secure.gravatar.com\/avatar\/26a8a81f09f0dd7624c9d5c36c9ba3a2?s=96&d=mm&r=g\",\"contentUrl\":\"https:\/\/secure.gravatar.com\/avatar\/26a8a81f09f0dd7624c9d5c36c9ba3a2?s=96&d=mm&r=g\",\"caption\":\"Ibrahima\"},\"sameAs\":[\"https:\/\/www.nettali.com\"]}]}<\/script>\n<!-- \/ Yoast SEO Premium plugin. -->","yoast_head_json":{"title":"BASE NAVALE DE DAKAR - Antoine Diome accueille 150 migrants secourus par la Marine nationale | Nettali.com","robots":{"index":"index","follow":"follow","max-snippet":"max-snippet:-1","max-image-preview":"max-image-preview:large","max-video-preview":"max-video-preview:-1"},"canonical":"https:\/\/www.nettali.com\/2023\/08\/26\/base-navale-de-dakar-antoine-diome-accueille-150-migrants-secourus-par-la-marine-nationale\/","og_locale":"fr_FR","og_type":"article","og_title":"BASE NAVALE DE DAKAR - Antoine Diome accueille 150 migrants secourus par la Marine nationale","og_description":"NETTALI.COM - Le ministre de l\u2019Int\u00e9rieur s\u2019est rendu ce vendredi 25 ao\u00fbt, tard dans la soir\u00e9e \u00e0 la Base Navale Amary Faye de Dakar pour accueillir 150 migrants secourus par la Marine nationale aux abords du Cap Manuel. Ces jeunes s\u00e9n\u00e9galais voulaient rallier l\u2019Europe par la mer \u00e0 bord d\u2019une pirogue. Mais ils ne sont [&hellip;]","og_url":"https:\/\/www.nettali.com\/2023\/08\/26\/base-navale-de-dakar-antoine-diome-accueille-150-migrants-secourus-par-la-marine-nationale\/","og_site_name":"Nettali.com","article_publisher":"https:\/\/www.facebook.com\/nettalicom","article_published_time":"2023-08-26T08:52:47+00:00","og_image":[{"width":600,"height":401,"url":"https:\/\/www.nettali.com\/wp-content\/uploads\/2023\/08\/emigration-irreguliere.jpg","type":"image\/jpeg"}],"twitter_card":"summary_large_image","twitter_misc":{"\u00c9crit par":"Ibrahima","Dur\u00e9e de lecture estim\u00e9e":"1 minute"},"schema":{"@context":"https:\/\/schema.org","@graph":[{"@type":"WebSite","@id":"https:\/\/www.nettali.com\/#website","url":"https:\/\/www.nettali.com\/","name":"Nettali.com","description":"Le rendez-vous critique du Net","potentialAction":[{"@type":"SearchAction","target":{"@type":"EntryPoint","urlTemplate":"https:\/\/www.nettali.com\/?s={search_term_string}"},"query-input":"required name=search_term_string"}],"inLanguage":"fr-FR"},{"@type":"ImageObject","@id":"https:\/\/www.nettali.com\/2023\/08\/26\/base-navale-de-dakar-antoine-diome-accueille-150-migrants-secourus-par-la-marine-nationale\/#primaryimage","inLanguage":"fr-FR","url":"https:\/\/www.nettali.com\/wp-content\/uploads\/2023\/08\/emigration-irreguliere.jpg","contentUrl":"https:\/\/www.nettali.com\/wp-content\/uploads\/2023\/08\/emigration-irreguliere.jpg","width":600,"height":401},{"@type":"WebPage","@id":"https:\/\/www.nettali.com\/2023\/08\/26\/base-navale-de-dakar-antoine-diome-accueille-150-migrants-secourus-par-la-marine-nationale\/#webpage","url":"https:\/\/www.nettali.com\/2023\/08\/26\/base-navale-de-dakar-antoine-diome-accueille-150-migrants-secourus-par-la-marine-nationale\/","name":"BASE NAVALE DE DAKAR - Antoine Diome accueille 150 migrants secourus par la Marine nationale | Nettali.com","isPartOf":{"@id":"https:\/\/www.nettali.com\/#website"},"primaryImageOfPage":{"@id":"https:\/\/www.nettali.com\/2023\/08\/26\/base-navale-de-dakar-antoine-diome-accueille-150-migrants-secourus-par-la-marine-nationale\/#primaryimage"},"datePublished":"2023-08-26T08:52:47+00:00","dateModified":"2023-08-26T08:52:47+00:00","author":{"@id":"https:\/\/www.nettali.com\/#\/schema\/person\/bb147657c2986240405a608162b9bb23"},"breadcrumb":{"@id":"https:\/\/www.nettali.com\/2023\/08\/26\/base-navale-de-dakar-antoine-diome-accueille-150-migrants-secourus-par-la-marine-nationale\/#breadcrumb"},"inLanguage":"fr-FR","potentialAction":[{"@type":"ReadAction","target":["https:\/\/www.nettali.com\/2023\/08\/26\/base-navale-de-dakar-antoine-diome-accueille-150-migrants-secourus-par-la-marine-nationale\/"]}]},{"@type":"BreadcrumbList","@id":"https:\/\/www.nettali.com\/2023\/08\/26\/base-navale-de-dakar-antoine-diome-accueille-150-migrants-secourus-par-la-marine-nationale\/#breadcrumb","itemListElement":[{"@type":"ListItem","position":1,"name":"Accueil","item":"https:\/\/www.nettali.com\/"},{"@type":"ListItem","position":2,"name":"BASE NAVALE DE DAKAR - Antoine Diome accueille 150 migrants secourus par la Marine nationale"}]},{"@type":"Person","@id":"https:\/\/www.nettali.com\/#\/schema\/person\/bb147657c2986240405a608162b9bb23","name":"Ibrahima","image":{"@type":"ImageObject","@id":"https:\/\/www.nettali.com\/#personlogo","inLanguage":"fr-FR","url":"https:\/\/secure.gravatar.com\/avatar\/26a8a81f09f0dd7624c9d5c36c9ba3a2?s=96&d=mm&r=g","contentUrl":"https:\/\/secure.gravatar.com\/avatar\/26a8a81f09f0dd7624c9d5c36c9ba3a2?s=96&d=mm&r=g","caption":"Ibrahima"},"sameAs":["https:\/\/www.nettali.com"]}]}},"_links":{"self":[{"href":"https:\/\/www.nettali.com\/rest\/wp\/v2\/posts\/116852"}],"collection":[{"href":"https:\/\/www.nettali.com\/rest\/wp\/v2\/posts"}],"about":[{"href":"https:\/\/www.nettali.com\/rest\/wp\/v2\/types\/post"}],"author":[{"embeddable":true,"href":"https:\/\/www.nettali.com\/rest\/wp\/v2\/users\/5"}],"replies":[{"embeddable":true,"href":"https:\/\/www.nettali.com\/rest\/wp\/v2\/comments?post=116852"}],"version-history":[{"count":2,"href":"https:\/\/www.nettali.com\/rest\/wp\/v2\/posts\/116852\/revisions"}],"predecessor-version":[{"id":116864,"href":"https:\/\/www.nettali.com\/rest\/wp\/v2\/posts\/116852\/revisions\/116864"}],"wp:featuredmedia":[{"embeddable":true,"href":"https:\/\/www.nettali.com\/rest\/wp\/v2\/media\/116617"}],"wp:attachment":[{"href":"https:\/\/www.nettali.com\/rest\/wp\/v2\/media?parent=116852"}],"wp:term":[{"taxonomy":"category","embeddable":true,"href":"https:\/\/www.nettali.com\/rest\/wp\/v2\/categories?post=116852"},{"taxonomy":"post_tag","embeddable":true,"href":"https:\/\/www.nettali.com\/rest\/wp\/v2\/tags?post=116852"}],"curies":[{"name":"wp","href":"https:\/\/api.w.org\/{rel}","templated":true}]}}