{"id":116839,"date":"2023-08-25T22:06:34","date_gmt":"2023-08-25T22:06:34","guid":{"rendered":"https:\/\/www.nettali.com\/?p=116839"},"modified":"2023-08-25T22:06:34","modified_gmt":"2023-08-25T22:06:34","slug":"en-coulisses-manifestation-frapp-interdite","status":"publish","type":"post","link":"https:\/\/www.nettali.com\/2023\/08\/25\/en-coulisses-manifestation-frapp-interdite\/","title":{"rendered":"EN COULISSES- Manifestation Frapp interdite"},"content":{"rendered":"<p style=\"font-weight: 400;\"><b>NETTALI.COM<\/b><strong>-\u00a0La manifestation pr\u00e9vue ce samedi 26 Ao\u00fbt 2023 au terrain des HLM Grand-Yoff en face du stade L\u00e9opold S\u00e9dar Senghor,\u00a0par le\u00a0Front pour la r\u00e9volution anti-imp\u00e9rialiste, populaire et panafricaine (Frapp) n'aura finalement pas lieu.\u00a0 <\/strong><\/p>\n<p style=\"font-weight: 400;\">Le pr\u00e9fet de Dakar s'y oppose. Les risques de troubles \u00e0 l\u2019ordre public et d\u2019entrave \u00e0 la libre circulation des personnes et des biens sont les raisons \u00e9voqu\u00e9es par Mor Talla Tine.<\/p>\n<div class='share-to-whatsapp-wrapper'><div class='share-on-whsp'>PARTAGER SUR : <\/div><a data-text='EN COULISSES- Manifestation Frapp interdite' data-link='https:\/\/www.nettali.com\/2023\/08\/25\/en-coulisses-manifestation-frapp-interdite\/' class='whatsapp-button whatsapp-share'>WhatsApp<\/a><div class='clear '><\/div><\/div>","protected":false},"excerpt":{"rendered":"<p>NETTALI.COM-\u00a0La manifestation pr\u00e9vue ce samedi 26 Ao\u00fbt 2023 au terrain des HLM Grand-Yoff en face du stade L\u00e9opold S\u00e9dar Senghor,\u00a0par le\u00a0Front pour la r\u00e9volution anti-imp\u00e9rialiste, populaire et panafricaine (Frapp) n'aura finalement pas lieu.\u00a0 Le pr\u00e9fet de Dakar s'y oppose. Les risques de troubles \u00e0 l\u2019ordre public et d\u2019entrave \u00e0 la libre circulation des personnes et [&hellip;]<\/p>\n","protected":false},"author":6,"featured_media":0,"comment_status":"open","ping_status":"open","sticky":false,"template":"","format":"standard","meta":{"_et_pb_use_builder":"","_et_pb_old_content":""},"categories":[34945],"tags":[],"yoast_head":"<!-- This site is optimized with the Yoast SEO Premium plugin v17.8 (Yoast SEO v17.8) - https:\/\/yoast.com\/wordpress\/plugins\/seo\/ -->\n<title>EN COULISSES- Manifestation Frapp interdite | Nettali.com<\/title>\n<meta name=\"robots\" content=\"index, follow, max-snippet:-1, max-image-preview:large, max-video-preview:-1\" \/>\n<link rel=\"canonical\" href=\"https:\/\/www.nettali.com\/2023\/08\/25\/en-coulisses-manifestation-frapp-interdite\/\" \/>\n<meta property=\"og:locale\" content=\"fr_FR\" \/>\n<meta property=\"og:type\" content=\"article\" \/>\n<meta property=\"og:title\" content=\"EN COULISSES- Manifestation Frapp interdite\" \/>\n<meta property=\"og:description\" content=\"NETTALI.COM-\u00a0La manifestation pr\u00e9vue ce samedi 26 Ao\u00fbt 2023 au terrain des HLM Grand-Yoff en face du stade L\u00e9opold S\u00e9dar Senghor,\u00a0par le\u00a0Front pour la r\u00e9volution anti-imp\u00e9rialiste, populaire et panafricaine (Frapp) n&#039;aura finalement pas lieu.\u00a0 Le pr\u00e9fet de Dakar s&#039;y oppose. Les risques de troubles \u00e0 l\u2019ordre public et d\u2019entrave \u00e0 la libre circulation des personnes et [&hellip;]\" \/>\n<meta property=\"og:url\" content=\"https:\/\/www.nettali.com\/2023\/08\/25\/en-coulisses-manifestation-frapp-interdite\/\" \/>\n<meta property=\"og:site_name\" content=\"Nettali.com\" \/>\n<meta property=\"article:publisher\" content=\"https:\/\/www.facebook.com\/nettalicom\" \/>\n<meta property=\"article:published_time\" content=\"2023-08-25T22:06:34+00:00\" \/>\n<meta property=\"og:image\" content=\"https:\/\/www.nettali.com\/wp-content\/uploads\/2019\/03\/nettali-placeholder-post.jpg\" \/>\n\t<meta property=\"og:image:width\" content=\"1200\" \/>\n\t<meta property=\"og:image:height\" content=\"1200\" \/>\n<meta name=\"twitter:card\" content=\"summary_large_image\" \/>\n<meta name=\"twitter:label1\" content=\"\u00c9crit par\" \/>\n\t<meta name=\"twitter:data1\" content=\"Fatou\" \/>\n\t<meta name=\"twitter:label2\" content=\"Dur\u00e9e de lecture estim\u00e9e\" \/>\n\t<meta name=\"twitter:data2\" content=\"1 minute\" \/>\n<script type=\"application\/ld+json\" class=\"yoast-schema-graph\">{\"@context\":\"https:\/\/schema.org\",\"@graph\":[{\"@type\":\"WebSite\",\"@id\":\"https:\/\/www.nettali.com\/#website\",\"url\":\"https:\/\/www.nettali.com\/\",\"name\":\"Nettali.com\",\"description\":\"Le rendez-vous critique du Net\",\"potentialAction\":[{\"@type\":\"SearchAction\",\"target\":{\"@type\":\"EntryPoint\",\"urlTemplate\":\"https:\/\/www.nettali.com\/?s={search_term_string}\"},\"query-input\":\"required name=search_term_string\"}],\"inLanguage\":\"fr-FR\"},{\"@type\":\"WebPage\",\"@id\":\"https:\/\/www.nettali.com\/2023\/08\/25\/en-coulisses-manifestation-frapp-interdite\/#webpage\",\"url\":\"https:\/\/www.nettali.com\/2023\/08\/25\/en-coulisses-manifestation-frapp-interdite\/\",\"name\":\"EN COULISSES- Manifestation Frapp interdite | Nettali.com\",\"isPartOf\":{\"@id\":\"https:\/\/www.nettali.com\/#website\"},\"datePublished\":\"2023-08-25T22:06:34+00:00\",\"dateModified\":\"2023-08-25T22:06:34+00:00\",\"author\":{\"@id\":\"https:\/\/www.nettali.com\/#\/schema\/person\/418274a86bdf87caff7a3ef476bd0bbf\"},\"breadcrumb\":{\"@id\":\"https:\/\/www.nettali.com\/2023\/08\/25\/en-coulisses-manifestation-frapp-interdite\/#breadcrumb\"},\"inLanguage\":\"fr-FR\",\"potentialAction\":[{\"@type\":\"ReadAction\",\"target\":[\"https:\/\/www.nettali.com\/2023\/08\/25\/en-coulisses-manifestation-frapp-interdite\/\"]}]},{\"@type\":\"BreadcrumbList\",\"@id\":\"https:\/\/www.nettali.com\/2023\/08\/25\/en-coulisses-manifestation-frapp-interdite\/#breadcrumb\",\"itemListElement\":[{\"@type\":\"ListItem\",\"position\":1,\"name\":\"Accueil\",\"item\":\"https:\/\/www.nettali.com\/\"},{\"@type\":\"ListItem\",\"position\":2,\"name\":\"EN COULISSES- Manifestation Frapp interdite\"}]},{\"@type\":\"Person\",\"@id\":\"https:\/\/www.nettali.com\/#\/schema\/person\/418274a86bdf87caff7a3ef476bd0bbf\",\"name\":\"Fatou\",\"image\":{\"@type\":\"ImageObject\",\"@id\":\"https:\/\/www.nettali.com\/#personlogo\",\"inLanguage\":\"fr-FR\",\"url\":\"https:\/\/secure.gravatar.com\/avatar\/5a9442a2bee7b4dcf167cab035858e9a?s=96&d=mm&r=g\",\"contentUrl\":\"https:\/\/secure.gravatar.com\/avatar\/5a9442a2bee7b4dcf167cab035858e9a?s=96&d=mm&r=g\",\"caption\":\"Fatou\"},\"sameAs\":[\"https:\/\/www.nettali.com\"]}]}<\/script>\n<!-- \/ Yoast SEO Premium plugin. -->","yoast_head_json":{"title":"EN COULISSES- Manifestation Frapp interdite | Nettali.com","robots":{"index":"index","follow":"follow","max-snippet":"max-snippet:-1","max-image-preview":"max-image-preview:large","max-video-preview":"max-video-preview:-1"},"canonical":"https:\/\/www.nettali.com\/2023\/08\/25\/en-coulisses-manifestation-frapp-interdite\/","og_locale":"fr_FR","og_type":"article","og_title":"EN COULISSES- Manifestation Frapp interdite","og_description":"NETTALI.COM-\u00a0La manifestation pr\u00e9vue ce samedi 26 Ao\u00fbt 2023 au terrain des HLM Grand-Yoff en face du stade L\u00e9opold S\u00e9dar Senghor,\u00a0par le\u00a0Front pour la r\u00e9volution anti-imp\u00e9rialiste, populaire et panafricaine (Frapp) n'aura finalement pas lieu.\u00a0 Le pr\u00e9fet de Dakar s'y oppose. Les risques de troubles \u00e0 l\u2019ordre public et d\u2019entrave \u00e0 la libre circulation des personnes et [&hellip;]","og_url":"https:\/\/www.nettali.com\/2023\/08\/25\/en-coulisses-manifestation-frapp-interdite\/","og_site_name":"Nettali.com","article_publisher":"https:\/\/www.facebook.com\/nettalicom","article_published_time":"2023-08-25T22:06:34+00:00","og_image":[{"width":1200,"height":1200,"url":"https:\/\/www.nettali.com\/wp-content\/uploads\/2019\/03\/nettali-placeholder-post.jpg","type":"image\/jpeg"}],"twitter_card":"summary_large_image","twitter_misc":{"\u00c9crit par":"Fatou","Dur\u00e9e de lecture estim\u00e9e":"1 minute"},"schema":{"@context":"https:\/\/schema.org","@graph":[{"@type":"WebSite","@id":"https:\/\/www.nettali.com\/#website","url":"https:\/\/www.nettali.com\/","name":"Nettali.com","description":"Le rendez-vous critique du Net","potentialAction":[{"@type":"SearchAction","target":{"@type":"EntryPoint","urlTemplate":"https:\/\/www.nettali.com\/?s={search_term_string}"},"query-input":"required name=search_term_string"}],"inLanguage":"fr-FR"},{"@type":"WebPage","@id":"https:\/\/www.nettali.com\/2023\/08\/25\/en-coulisses-manifestation-frapp-interdite\/#webpage","url":"https:\/\/www.nettali.com\/2023\/08\/25\/en-coulisses-manifestation-frapp-interdite\/","name":"EN COULISSES- Manifestation Frapp interdite | Nettali.com","isPartOf":{"@id":"https:\/\/www.nettali.com\/#website"},"datePublished":"2023-08-25T22:06:34+00:00","dateModified":"2023-08-25T22:06:34+00:00","author":{"@id":"https:\/\/www.nettali.com\/#\/schema\/person\/418274a86bdf87caff7a3ef476bd0bbf"},"breadcrumb":{"@id":"https:\/\/www.nettali.com\/2023\/08\/25\/en-coulisses-manifestation-frapp-interdite\/#breadcrumb"},"inLanguage":"fr-FR","potentialAction":[{"@type":"ReadAction","target":["https:\/\/www.nettali.com\/2023\/08\/25\/en-coulisses-manifestation-frapp-interdite\/"]}]},{"@type":"BreadcrumbList","@id":"https:\/\/www.nettali.com\/2023\/08\/25\/en-coulisses-manifestation-frapp-interdite\/#breadcrumb","itemListElement":[{"@type":"ListItem","position":1,"name":"Accueil","item":"https:\/\/www.nettali.com\/"},{"@type":"ListItem","position":2,"name":"EN COULISSES- Manifestation Frapp interdite"}]},{"@type":"Person","@id":"https:\/\/www.nettali.com\/#\/schema\/person\/418274a86bdf87caff7a3ef476bd0bbf","name":"Fatou","image":{"@type":"ImageObject","@id":"https:\/\/www.nettali.com\/#personlogo","inLanguage":"fr-FR","url":"https:\/\/secure.gravatar.com\/avatar\/5a9442a2bee7b4dcf167cab035858e9a?s=96&d=mm&r=g","contentUrl":"https:\/\/secure.gravatar.com\/avatar\/5a9442a2bee7b4dcf167cab035858e9a?s=96&d=mm&r=g","caption":"Fatou"},"sameAs":["https:\/\/www.nettali.com"]}]}},"_links":{"self":[{"href":"https:\/\/www.nettali.com\/rest\/wp\/v2\/posts\/116839"}],"collection":[{"href":"https:\/\/www.nettali.com\/rest\/wp\/v2\/posts"}],"about":[{"href":"https:\/\/www.nettali.com\/rest\/wp\/v2\/types\/post"}],"author":[{"embeddable":true,"href":"https:\/\/www.nettali.com\/rest\/wp\/v2\/users\/6"}],"replies":[{"embeddable":true,"href":"https:\/\/www.nettali.com\/rest\/wp\/v2\/comments?post=116839"}],"version-history":[{"count":1,"href":"https:\/\/www.nettali.com\/rest\/wp\/v2\/posts\/116839\/revisions"}],"predecessor-version":[{"id":116840,"href":"https:\/\/www.nettali.com\/rest\/wp\/v2\/posts\/116839\/revisions\/116840"}],"wp:attachment":[{"href":"https:\/\/www.nettali.com\/rest\/wp\/v2\/media?parent=116839"}],"wp:term":[{"taxonomy":"category","embeddable":true,"href":"https:\/\/www.nettali.com\/rest\/wp\/v2\/categories?post=116839"},{"taxonomy":"post_tag","embeddable":true,"href":"https:\/\/www.nettali.com\/rest\/wp\/v2\/tags?post=116839"}],"curies":[{"name":"wp","href":"https:\/\/api.w.org\/{rel}","templated":true}]}}