{"id":116730,"date":"2023-08-24T09:53:30","date_gmt":"2023-08-24T09:53:30","guid":{"rendered":"https:\/\/www.nettali.com\/?p=116730"},"modified":"2023-08-24T09:54:31","modified_gmt":"2023-08-24T09:54:31","slug":"en-coulisses-benzema-serait-en-conflit-avec-son-coach","status":"publish","type":"post","link":"https:\/\/www.nettali.com\/2023\/08\/24\/en-coulisses-benzema-serait-en-conflit-avec-son-coach\/","title":{"rendered":"EN COULISSES - Benzema serait en  conflit avec son coach"},"content":{"rendered":"<div class=\"page\" title=\"Page 11\">\n<div class=\"section\">\n<div class=\"layoutArea\">\n<div class=\"column\">\n<p><strong>NETTALI.COM -<\/strong> Au moins au Real, il n\u2019avait pas de proble\u0300me. Quelques semaines apre\u0300s avoir rejoint Al-Ittihad, Karim Benzema s\u2019adapte petit a\u0300 petit a\u0300 son nouvel environnement. Mais selon de nombreux me\u0301dias locaux, plusieurs de\u0301tails empe\u0302cheraient l\u2019attaquant de s\u2019e\u0301panouir pleinement dans son nouveau club.<\/p>\n<p>En effet, selon les informations du me\u0301dia saoudien Asharq Al-Aswat, le Franc\u0327ais serait en conflit avec son nouvel entrai\u0302neur Nuno Espi\u0301rito Santos, et ce, pour deux raisons.<\/p>\n<p>Tout d\u2019abord, le Ballon d\u2019or 2022 n\u2019entrerait pas dans les plans du coach portugais qui n\u2019appre\u0301cierait pas son style de jeu. Ensuite, l\u2019autre raison qui expliquerait les tensions entre les deux hommes serait que l\u2019attaquant franc\u0327ais n\u2019aurait pas obtenu le brassard de capitaine, alors que ce point e\u0301tait pourtant pre\u0301vu dans les ne\u0301gociations entre le joueur et le club saoudien. L\u2019entrai\u0302neur portugais a refuse\u0301 et a confie\u0301 le brassard a\u0300 Romarinho, pre\u0301sent au club depuis 2018. Tout cela a conduit au fait que Karim Benzema n\u2019e\u0301tait pre\u0301sent a\u0300 l\u2019entrai\u0302nement du club ce mardi 22 Ao\u00fbt. Tout c\u0327a pour un bout de tissu...<\/p>\n<\/div>\n<\/div>\n<\/div>\n<\/div>\n<div class='share-to-whatsapp-wrapper'><div class='share-on-whsp'>PARTAGER SUR : <\/div><a data-text='EN COULISSES - Benzema serait en  conflit avec son coach' data-link='https:\/\/www.nettali.com\/2023\/08\/24\/en-coulisses-benzema-serait-en-conflit-avec-son-coach\/' class='whatsapp-button whatsapp-share'>WhatsApp<\/a><div class='clear '><\/div><\/div>","protected":false},"excerpt":{"rendered":"<p>NETTALI.COM - Au moins au Real, il n\u2019avait pas de proble\u0300me. Quelques semaines apre\u0300s avoir rejoint Al-Ittihad, Karim Benzema s\u2019adapte petit a\u0300 petit a\u0300 son nouvel environnement. Mais selon de nombreux me\u0301dias locaux, plusieurs de\u0301tails empe\u0302cheraient l\u2019attaquant de s\u2019e\u0301panouir pleinement dans son nouveau club. En effet, selon les informations du me\u0301dia saoudien Asharq Al-Aswat, le [&hellip;]<\/p>\n","protected":false},"author":2,"featured_media":116732,"comment_status":"open","ping_status":"open","sticky":false,"template":"","format":"standard","meta":{"_et_pb_use_builder":"","_et_pb_old_content":""},"categories":[34945],"tags":[],"yoast_head":"<!-- This site is optimized with the Yoast SEO Premium plugin v17.8 (Yoast SEO v17.8) - https:\/\/yoast.com\/wordpress\/plugins\/seo\/ -->\n<title>EN COULISSES - Benzema serait en conflit avec son coach | Nettali.com<\/title>\n<meta name=\"robots\" content=\"index, follow, max-snippet:-1, max-image-preview:large, max-video-preview:-1\" \/>\n<link rel=\"canonical\" href=\"https:\/\/www.nettali.com\/2023\/08\/24\/en-coulisses-benzema-serait-en-conflit-avec-son-coach\/\" \/>\n<meta property=\"og:locale\" content=\"fr_FR\" \/>\n<meta property=\"og:type\" content=\"article\" \/>\n<meta property=\"og:title\" content=\"EN COULISSES - Benzema serait en conflit avec son coach\" \/>\n<meta property=\"og:description\" content=\"NETTALI.COM - Au moins au Real, il n\u2019avait pas de proble\u0300me. Quelques semaines apre\u0300s avoir rejoint Al-Ittihad, Karim Benzema s\u2019adapte petit a\u0300 petit a\u0300 son nouvel environnement. Mais selon de nombreux me\u0301dias locaux, plusieurs de\u0301tails empe\u0302cheraient l\u2019attaquant de s\u2019e\u0301panouir pleinement dans son nouveau club. En effet, selon les informations du me\u0301dia saoudien Asharq Al-Aswat, le [&hellip;]\" \/>\n<meta property=\"og:url\" content=\"https:\/\/www.nettali.com\/2023\/08\/24\/en-coulisses-benzema-serait-en-conflit-avec-son-coach\/\" \/>\n<meta property=\"og:site_name\" content=\"Nettali.com\" \/>\n<meta property=\"article:publisher\" content=\"https:\/\/www.facebook.com\/nettalicom\" \/>\n<meta property=\"article:published_time\" content=\"2023-08-24T09:53:30+00:00\" \/>\n<meta property=\"article:modified_time\" content=\"2023-08-24T09:54:31+00:00\" \/>\n<meta property=\"og:image\" content=\"https:\/\/www.nettali.com\/wp-content\/uploads\/2023\/08\/football_arabie_saoudite_karim_benzema_64e61b190595f_0.jpg\" \/>\n\t<meta property=\"og:image:width\" content=\"750\" \/>\n\t<meta property=\"og:image:height\" content=\"422\" \/>\n<meta name=\"twitter:card\" content=\"summary_large_image\" \/>\n<meta name=\"twitter:label1\" content=\"\u00c9crit par\" \/>\n\t<meta name=\"twitter:data1\" content=\"CK\" \/>\n\t<meta name=\"twitter:label2\" content=\"Dur\u00e9e de lecture estim\u00e9e\" \/>\n\t<meta name=\"twitter:data2\" content=\"1 minute\" \/>\n<script type=\"application\/ld+json\" class=\"yoast-schema-graph\">{\"@context\":\"https:\/\/schema.org\",\"@graph\":[{\"@type\":\"WebSite\",\"@id\":\"https:\/\/www.nettali.com\/#website\",\"url\":\"https:\/\/www.nettali.com\/\",\"name\":\"Nettali.com\",\"description\":\"Le rendez-vous critique du Net\",\"potentialAction\":[{\"@type\":\"SearchAction\",\"target\":{\"@type\":\"EntryPoint\",\"urlTemplate\":\"https:\/\/www.nettali.com\/?s={search_term_string}\"},\"query-input\":\"required name=search_term_string\"}],\"inLanguage\":\"fr-FR\"},{\"@type\":\"ImageObject\",\"@id\":\"https:\/\/www.nettali.com\/2023\/08\/24\/en-coulisses-benzema-serait-en-conflit-avec-son-coach\/#primaryimage\",\"inLanguage\":\"fr-FR\",\"url\":\"https:\/\/www.nettali.com\/wp-content\/uploads\/2023\/08\/football_arabie_saoudite_karim_benzema_64e61b190595f_0.jpg\",\"contentUrl\":\"https:\/\/www.nettali.com\/wp-content\/uploads\/2023\/08\/football_arabie_saoudite_karim_benzema_64e61b190595f_0.jpg\",\"width\":750,\"height\":422},{\"@type\":\"WebPage\",\"@id\":\"https:\/\/www.nettali.com\/2023\/08\/24\/en-coulisses-benzema-serait-en-conflit-avec-son-coach\/#webpage\",\"url\":\"https:\/\/www.nettali.com\/2023\/08\/24\/en-coulisses-benzema-serait-en-conflit-avec-son-coach\/\",\"name\":\"EN COULISSES - Benzema serait en conflit avec son coach | Nettali.com\",\"isPartOf\":{\"@id\":\"https:\/\/www.nettali.com\/#website\"},\"primaryImageOfPage\":{\"@id\":\"https:\/\/www.nettali.com\/2023\/08\/24\/en-coulisses-benzema-serait-en-conflit-avec-son-coach\/#primaryimage\"},\"datePublished\":\"2023-08-24T09:53:30+00:00\",\"dateModified\":\"2023-08-24T09:54:31+00:00\",\"author\":{\"@id\":\"https:\/\/www.nettali.com\/#\/schema\/person\/d8ac7b7e27ddad43f1c0d2ef090d7f71\"},\"breadcrumb\":{\"@id\":\"https:\/\/www.nettali.com\/2023\/08\/24\/en-coulisses-benzema-serait-en-conflit-avec-son-coach\/#breadcrumb\"},\"inLanguage\":\"fr-FR\",\"potentialAction\":[{\"@type\":\"ReadAction\",\"target\":[\"https:\/\/www.nettali.com\/2023\/08\/24\/en-coulisses-benzema-serait-en-conflit-avec-son-coach\/\"]}]},{\"@type\":\"BreadcrumbList\",\"@id\":\"https:\/\/www.nettali.com\/2023\/08\/24\/en-coulisses-benzema-serait-en-conflit-avec-son-coach\/#breadcrumb\",\"itemListElement\":[{\"@type\":\"ListItem\",\"position\":1,\"name\":\"Accueil\",\"item\":\"https:\/\/www.nettali.com\/\"},{\"@type\":\"ListItem\",\"position\":2,\"name\":\"EN COULISSES - Benzema serait en conflit avec son coach\"}]},{\"@type\":\"Person\",\"@id\":\"https:\/\/www.nettali.com\/#\/schema\/person\/d8ac7b7e27ddad43f1c0d2ef090d7f71\",\"name\":\"CK\",\"image\":{\"@type\":\"ImageObject\",\"@id\":\"https:\/\/www.nettali.com\/#personlogo\",\"inLanguage\":\"fr-FR\",\"url\":\"https:\/\/secure.gravatar.com\/avatar\/1d8d5118b9327d94da7cd4ce7f17fec2?s=96&d=mm&r=g\",\"contentUrl\":\"https:\/\/secure.gravatar.com\/avatar\/1d8d5118b9327d94da7cd4ce7f17fec2?s=96&d=mm&r=g\",\"caption\":\"CK\"},\"sameAs\":[\"https:\/\/www.nettali.com\"]}]}<\/script>\n<!-- \/ Yoast SEO Premium plugin. -->","yoast_head_json":{"title":"EN COULISSES - Benzema serait en conflit avec son coach | Nettali.com","robots":{"index":"index","follow":"follow","max-snippet":"max-snippet:-1","max-image-preview":"max-image-preview:large","max-video-preview":"max-video-preview:-1"},"canonical":"https:\/\/www.nettali.com\/2023\/08\/24\/en-coulisses-benzema-serait-en-conflit-avec-son-coach\/","og_locale":"fr_FR","og_type":"article","og_title":"EN COULISSES - Benzema serait en conflit avec son coach","og_description":"NETTALI.COM - Au moins au Real, il n\u2019avait pas de proble\u0300me. Quelques semaines apre\u0300s avoir rejoint Al-Ittihad, Karim Benzema s\u2019adapte petit a\u0300 petit a\u0300 son nouvel environnement. Mais selon de nombreux me\u0301dias locaux, plusieurs de\u0301tails empe\u0302cheraient l\u2019attaquant de s\u2019e\u0301panouir pleinement dans son nouveau club. En effet, selon les informations du me\u0301dia saoudien Asharq Al-Aswat, le [&hellip;]","og_url":"https:\/\/www.nettali.com\/2023\/08\/24\/en-coulisses-benzema-serait-en-conflit-avec-son-coach\/","og_site_name":"Nettali.com","article_publisher":"https:\/\/www.facebook.com\/nettalicom","article_published_time":"2023-08-24T09:53:30+00:00","article_modified_time":"2023-08-24T09:54:31+00:00","og_image":[{"width":750,"height":422,"url":"https:\/\/www.nettali.com\/wp-content\/uploads\/2023\/08\/football_arabie_saoudite_karim_benzema_64e61b190595f_0.jpg","type":"image\/jpeg"}],"twitter_card":"summary_large_image","twitter_misc":{"\u00c9crit par":"CK","Dur\u00e9e de lecture estim\u00e9e":"1 minute"},"schema":{"@context":"https:\/\/schema.org","@graph":[{"@type":"WebSite","@id":"https:\/\/www.nettali.com\/#website","url":"https:\/\/www.nettali.com\/","name":"Nettali.com","description":"Le rendez-vous critique du Net","potentialAction":[{"@type":"SearchAction","target":{"@type":"EntryPoint","urlTemplate":"https:\/\/www.nettali.com\/?s={search_term_string}"},"query-input":"required name=search_term_string"}],"inLanguage":"fr-FR"},{"@type":"ImageObject","@id":"https:\/\/www.nettali.com\/2023\/08\/24\/en-coulisses-benzema-serait-en-conflit-avec-son-coach\/#primaryimage","inLanguage":"fr-FR","url":"https:\/\/www.nettali.com\/wp-content\/uploads\/2023\/08\/football_arabie_saoudite_karim_benzema_64e61b190595f_0.jpg","contentUrl":"https:\/\/www.nettali.com\/wp-content\/uploads\/2023\/08\/football_arabie_saoudite_karim_benzema_64e61b190595f_0.jpg","width":750,"height":422},{"@type":"WebPage","@id":"https:\/\/www.nettali.com\/2023\/08\/24\/en-coulisses-benzema-serait-en-conflit-avec-son-coach\/#webpage","url":"https:\/\/www.nettali.com\/2023\/08\/24\/en-coulisses-benzema-serait-en-conflit-avec-son-coach\/","name":"EN COULISSES - Benzema serait en conflit avec son coach | Nettali.com","isPartOf":{"@id":"https:\/\/www.nettali.com\/#website"},"primaryImageOfPage":{"@id":"https:\/\/www.nettali.com\/2023\/08\/24\/en-coulisses-benzema-serait-en-conflit-avec-son-coach\/#primaryimage"},"datePublished":"2023-08-24T09:53:30+00:00","dateModified":"2023-08-24T09:54:31+00:00","author":{"@id":"https:\/\/www.nettali.com\/#\/schema\/person\/d8ac7b7e27ddad43f1c0d2ef090d7f71"},"breadcrumb":{"@id":"https:\/\/www.nettali.com\/2023\/08\/24\/en-coulisses-benzema-serait-en-conflit-avec-son-coach\/#breadcrumb"},"inLanguage":"fr-FR","potentialAction":[{"@type":"ReadAction","target":["https:\/\/www.nettali.com\/2023\/08\/24\/en-coulisses-benzema-serait-en-conflit-avec-son-coach\/"]}]},{"@type":"BreadcrumbList","@id":"https:\/\/www.nettali.com\/2023\/08\/24\/en-coulisses-benzema-serait-en-conflit-avec-son-coach\/#breadcrumb","itemListElement":[{"@type":"ListItem","position":1,"name":"Accueil","item":"https:\/\/www.nettali.com\/"},{"@type":"ListItem","position":2,"name":"EN COULISSES - Benzema serait en conflit avec son coach"}]},{"@type":"Person","@id":"https:\/\/www.nettali.com\/#\/schema\/person\/d8ac7b7e27ddad43f1c0d2ef090d7f71","name":"CK","image":{"@type":"ImageObject","@id":"https:\/\/www.nettali.com\/#personlogo","inLanguage":"fr-FR","url":"https:\/\/secure.gravatar.com\/avatar\/1d8d5118b9327d94da7cd4ce7f17fec2?s=96&d=mm&r=g","contentUrl":"https:\/\/secure.gravatar.com\/avatar\/1d8d5118b9327d94da7cd4ce7f17fec2?s=96&d=mm&r=g","caption":"CK"},"sameAs":["https:\/\/www.nettali.com"]}]}},"_links":{"self":[{"href":"https:\/\/www.nettali.com\/rest\/wp\/v2\/posts\/116730"}],"collection":[{"href":"https:\/\/www.nettali.com\/rest\/wp\/v2\/posts"}],"about":[{"href":"https:\/\/www.nettali.com\/rest\/wp\/v2\/types\/post"}],"author":[{"embeddable":true,"href":"https:\/\/www.nettali.com\/rest\/wp\/v2\/users\/2"}],"replies":[{"embeddable":true,"href":"https:\/\/www.nettali.com\/rest\/wp\/v2\/comments?post=116730"}],"version-history":[{"count":1,"href":"https:\/\/www.nettali.com\/rest\/wp\/v2\/posts\/116730\/revisions"}],"predecessor-version":[{"id":116731,"href":"https:\/\/www.nettali.com\/rest\/wp\/v2\/posts\/116730\/revisions\/116731"}],"wp:featuredmedia":[{"embeddable":true,"href":"https:\/\/www.nettali.com\/rest\/wp\/v2\/media\/116732"}],"wp:attachment":[{"href":"https:\/\/www.nettali.com\/rest\/wp\/v2\/media?parent=116730"}],"wp:term":[{"taxonomy":"category","embeddable":true,"href":"https:\/\/www.nettali.com\/rest\/wp\/v2\/categories?post=116730"},{"taxonomy":"post_tag","embeddable":true,"href":"https:\/\/www.nettali.com\/rest\/wp\/v2\/tags?post=116730"}],"curies":[{"name":"wp","href":"https:\/\/api.w.org\/{rel}","templated":true}]}}