{"id":116727,"date":"2023-08-24T09:55:40","date_gmt":"2023-08-24T09:55:40","guid":{"rendered":"https:\/\/www.nettali.com\/?p=116727"},"modified":"2023-08-24T09:55:40","modified_gmt":"2023-08-24T09:55:40","slug":"en-coulisses-mis-en-examen-pour-viol-ben-yedder-conteste-les-faits","status":"publish","type":"post","link":"https:\/\/www.nettali.com\/2023\/08\/24\/en-coulisses-mis-en-examen-pour-viol-ben-yedder-conteste-les-faits\/","title":{"rendered":"EN COULISSES - Mis en examen pour viol, Ben Yedder conteste les faits"},"content":{"rendered":"<div class=\"page\" title=\"Page 11\">\n<div class=\"section\">\n<div class=\"layoutArea\">\n<div class=\"column\">\n<p><strong>NETTALI.COM -<\/strong> Wissam Ben Yedder a e\u0301te\u0301 mis en examen pour viol, tentative de viol et agression sexuelle le 11 aou\u0302t dernier, mais continue de porter le maillot de l\u2019AS Monaco. Place\u0301 sous contro\u0302le judiciaire et remis en liberte\u0301 contre une caution de 900 000 euros, il a pu inscrire trois buts lors des deux premiers matchs de Ligue 1.<\/p>\n<p>Interroge\u0301e par Nice Matin, son avocate, Me Hasna Louze\u0301, a explique\u0301 ce mardi que son client ne compte pas s\u2019exprimer sur cette affaire et qu\u2019il \"<em>conteste fermement les infractions qui lui sont reproche\u0301es<\/em>\".<\/p>\n<p>L\u2019international franc\u0327ais et son petit fre\u0300re, e\u0301galement mis en examen pour les me\u0302mes chefs, auraient impose\u0301 des actes sexuels a\u0300 deux femmes a\u0302ge\u0301es de 19 et 20 ans le 10 juillet dernier, lors d\u2019une soire\u0301e a\u0300 Beausoleil, dans les Alpes-Maritimes. Les deux jeunes femmes avaient porte\u0301 plainte rapidement apre\u0300s les faits pre\u0301sume\u0301s.<\/p>\n<p>Depuis, Wissam Ben Yedder n\u2019a rec\u0327u aucune sanction de la part du club de la Principaute\u0301, continuant de jouer et me\u0302me de porter le brassard de capitaine face a\u0300 Clermont et Strasbourg.<\/p>\n<\/div>\n<\/div>\n<\/div>\n<\/div>\n<div class='share-to-whatsapp-wrapper'><div class='share-on-whsp'>PARTAGER SUR : <\/div><a data-text='EN COULISSES - Mis en examen pour viol, Ben Yedder conteste les faits' data-link='https:\/\/www.nettali.com\/2023\/08\/24\/en-coulisses-mis-en-examen-pour-viol-ben-yedder-conteste-les-faits\/' class='whatsapp-button whatsapp-share'>WhatsApp<\/a><div class='clear '><\/div><\/div>","protected":false},"excerpt":{"rendered":"<p>NETTALI.COM - Wissam Ben Yedder a e\u0301te\u0301 mis en examen pour viol, tentative de viol et agression sexuelle le 11 aou\u0302t dernier, mais continue de porter le maillot de l\u2019AS Monaco. Place\u0301 sous contro\u0302le judiciaire et remis en liberte\u0301 contre une caution de 900 000 euros, il a pu inscrire trois buts lors des deux [&hellip;]<\/p>\n","protected":false},"author":2,"featured_media":116733,"comment_status":"open","ping_status":"open","sticky":false,"template":"","format":"standard","meta":{"_et_pb_use_builder":"","_et_pb_old_content":""},"categories":[34945],"tags":[],"yoast_head":"<!-- This site is optimized with the Yoast SEO Premium plugin v17.8 (Yoast SEO v17.8) - https:\/\/yoast.com\/wordpress\/plugins\/seo\/ -->\n<title>EN COULISSES - Mis en examen pour viol, Ben Yedder conteste les faits | Nettali.com<\/title>\n<meta name=\"robots\" content=\"index, follow, max-snippet:-1, max-image-preview:large, max-video-preview:-1\" \/>\n<link rel=\"canonical\" href=\"https:\/\/www.nettali.com\/2023\/08\/24\/en-coulisses-mis-en-examen-pour-viol-ben-yedder-conteste-les-faits\/\" \/>\n<meta property=\"og:locale\" content=\"fr_FR\" \/>\n<meta property=\"og:type\" content=\"article\" \/>\n<meta property=\"og:title\" content=\"EN COULISSES - Mis en examen pour viol, Ben Yedder conteste les faits\" \/>\n<meta property=\"og:description\" content=\"NETTALI.COM - Wissam Ben Yedder a e\u0301te\u0301 mis en examen pour viol, tentative de viol et agression sexuelle le 11 aou\u0302t dernier, mais continue de porter le maillot de l\u2019AS Monaco. Place\u0301 sous contro\u0302le judiciaire et remis en liberte\u0301 contre une caution de 900 000 euros, il a pu inscrire trois buts lors des deux [&hellip;]\" \/>\n<meta property=\"og:url\" content=\"https:\/\/www.nettali.com\/2023\/08\/24\/en-coulisses-mis-en-examen-pour-viol-ben-yedder-conteste-les-faits\/\" \/>\n<meta property=\"og:site_name\" content=\"Nettali.com\" \/>\n<meta property=\"article:publisher\" content=\"https:\/\/www.facebook.com\/nettalicom\" \/>\n<meta property=\"article:published_time\" content=\"2023-08-24T09:55:40+00:00\" \/>\n<meta property=\"og:image\" content=\"https:\/\/www.nettali.com\/wp-content\/uploads\/2023\/08\/image-1.jpg\" \/>\n\t<meta property=\"og:image:width\" content=\"885\" \/>\n\t<meta property=\"og:image:height\" content=\"500\" \/>\n<meta name=\"twitter:card\" content=\"summary_large_image\" \/>\n<meta name=\"twitter:label1\" content=\"\u00c9crit par\" \/>\n\t<meta name=\"twitter:data1\" content=\"CK\" \/>\n\t<meta name=\"twitter:label2\" content=\"Dur\u00e9e de lecture estim\u00e9e\" \/>\n\t<meta name=\"twitter:data2\" content=\"1 minute\" \/>\n<script type=\"application\/ld+json\" class=\"yoast-schema-graph\">{\"@context\":\"https:\/\/schema.org\",\"@graph\":[{\"@type\":\"WebSite\",\"@id\":\"https:\/\/www.nettali.com\/#website\",\"url\":\"https:\/\/www.nettali.com\/\",\"name\":\"Nettali.com\",\"description\":\"Le rendez-vous critique du Net\",\"potentialAction\":[{\"@type\":\"SearchAction\",\"target\":{\"@type\":\"EntryPoint\",\"urlTemplate\":\"https:\/\/www.nettali.com\/?s={search_term_string}\"},\"query-input\":\"required name=search_term_string\"}],\"inLanguage\":\"fr-FR\"},{\"@type\":\"ImageObject\",\"@id\":\"https:\/\/www.nettali.com\/2023\/08\/24\/en-coulisses-mis-en-examen-pour-viol-ben-yedder-conteste-les-faits\/#primaryimage\",\"inLanguage\":\"fr-FR\",\"url\":\"https:\/\/www.nettali.com\/wp-content\/uploads\/2023\/08\/image-1.jpg\",\"contentUrl\":\"https:\/\/www.nettali.com\/wp-content\/uploads\/2023\/08\/image-1.jpg\",\"width\":885,\"height\":500,\"caption\":\"Monaco's French forward #10 Wissam Ben Yedder is seen during the French L1 football match between AS Monaco and RC Strasbourg at the Louis II Stadium (Stade Louis II) in the Principality of Monaco on August 20, 2023. (Photo by Valery HACHE \/ AFP)\"},{\"@type\":\"WebPage\",\"@id\":\"https:\/\/www.nettali.com\/2023\/08\/24\/en-coulisses-mis-en-examen-pour-viol-ben-yedder-conteste-les-faits\/#webpage\",\"url\":\"https:\/\/www.nettali.com\/2023\/08\/24\/en-coulisses-mis-en-examen-pour-viol-ben-yedder-conteste-les-faits\/\",\"name\":\"EN COULISSES - Mis en examen pour viol, Ben Yedder conteste les faits | Nettali.com\",\"isPartOf\":{\"@id\":\"https:\/\/www.nettali.com\/#website\"},\"primaryImageOfPage\":{\"@id\":\"https:\/\/www.nettali.com\/2023\/08\/24\/en-coulisses-mis-en-examen-pour-viol-ben-yedder-conteste-les-faits\/#primaryimage\"},\"datePublished\":\"2023-08-24T09:55:40+00:00\",\"dateModified\":\"2023-08-24T09:55:40+00:00\",\"author\":{\"@id\":\"https:\/\/www.nettali.com\/#\/schema\/person\/d8ac7b7e27ddad43f1c0d2ef090d7f71\"},\"breadcrumb\":{\"@id\":\"https:\/\/www.nettali.com\/2023\/08\/24\/en-coulisses-mis-en-examen-pour-viol-ben-yedder-conteste-les-faits\/#breadcrumb\"},\"inLanguage\":\"fr-FR\",\"potentialAction\":[{\"@type\":\"ReadAction\",\"target\":[\"https:\/\/www.nettali.com\/2023\/08\/24\/en-coulisses-mis-en-examen-pour-viol-ben-yedder-conteste-les-faits\/\"]}]},{\"@type\":\"BreadcrumbList\",\"@id\":\"https:\/\/www.nettali.com\/2023\/08\/24\/en-coulisses-mis-en-examen-pour-viol-ben-yedder-conteste-les-faits\/#breadcrumb\",\"itemListElement\":[{\"@type\":\"ListItem\",\"position\":1,\"name\":\"Accueil\",\"item\":\"https:\/\/www.nettali.com\/\"},{\"@type\":\"ListItem\",\"position\":2,\"name\":\"EN COULISSES - Mis en examen pour viol, Ben Yedder conteste les faits\"}]},{\"@type\":\"Person\",\"@id\":\"https:\/\/www.nettali.com\/#\/schema\/person\/d8ac7b7e27ddad43f1c0d2ef090d7f71\",\"name\":\"CK\",\"image\":{\"@type\":\"ImageObject\",\"@id\":\"https:\/\/www.nettali.com\/#personlogo\",\"inLanguage\":\"fr-FR\",\"url\":\"https:\/\/secure.gravatar.com\/avatar\/1d8d5118b9327d94da7cd4ce7f17fec2?s=96&d=mm&r=g\",\"contentUrl\":\"https:\/\/secure.gravatar.com\/avatar\/1d8d5118b9327d94da7cd4ce7f17fec2?s=96&d=mm&r=g\",\"caption\":\"CK\"},\"sameAs\":[\"https:\/\/www.nettali.com\"]}]}<\/script>\n<!-- \/ Yoast SEO Premium plugin. -->","yoast_head_json":{"title":"EN COULISSES - Mis en examen pour viol, Ben Yedder conteste les faits | Nettali.com","robots":{"index":"index","follow":"follow","max-snippet":"max-snippet:-1","max-image-preview":"max-image-preview:large","max-video-preview":"max-video-preview:-1"},"canonical":"https:\/\/www.nettali.com\/2023\/08\/24\/en-coulisses-mis-en-examen-pour-viol-ben-yedder-conteste-les-faits\/","og_locale":"fr_FR","og_type":"article","og_title":"EN COULISSES - Mis en examen pour viol, Ben Yedder conteste les faits","og_description":"NETTALI.COM - Wissam Ben Yedder a e\u0301te\u0301 mis en examen pour viol, tentative de viol et agression sexuelle le 11 aou\u0302t dernier, mais continue de porter le maillot de l\u2019AS Monaco. Place\u0301 sous contro\u0302le judiciaire et remis en liberte\u0301 contre une caution de 900 000 euros, il a pu inscrire trois buts lors des deux [&hellip;]","og_url":"https:\/\/www.nettali.com\/2023\/08\/24\/en-coulisses-mis-en-examen-pour-viol-ben-yedder-conteste-les-faits\/","og_site_name":"Nettali.com","article_publisher":"https:\/\/www.facebook.com\/nettalicom","article_published_time":"2023-08-24T09:55:40+00:00","og_image":[{"width":885,"height":500,"url":"https:\/\/www.nettali.com\/wp-content\/uploads\/2023\/08\/image-1.jpg","type":"image\/jpeg"}],"twitter_card":"summary_large_image","twitter_misc":{"\u00c9crit par":"CK","Dur\u00e9e de lecture estim\u00e9e":"1 minute"},"schema":{"@context":"https:\/\/schema.org","@graph":[{"@type":"WebSite","@id":"https:\/\/www.nettali.com\/#website","url":"https:\/\/www.nettali.com\/","name":"Nettali.com","description":"Le rendez-vous critique du Net","potentialAction":[{"@type":"SearchAction","target":{"@type":"EntryPoint","urlTemplate":"https:\/\/www.nettali.com\/?s={search_term_string}"},"query-input":"required name=search_term_string"}],"inLanguage":"fr-FR"},{"@type":"ImageObject","@id":"https:\/\/www.nettali.com\/2023\/08\/24\/en-coulisses-mis-en-examen-pour-viol-ben-yedder-conteste-les-faits\/#primaryimage","inLanguage":"fr-FR","url":"https:\/\/www.nettali.com\/wp-content\/uploads\/2023\/08\/image-1.jpg","contentUrl":"https:\/\/www.nettali.com\/wp-content\/uploads\/2023\/08\/image-1.jpg","width":885,"height":500,"caption":"Monaco's French forward #10 Wissam Ben Yedder is seen during the French L1 football match between AS Monaco and RC Strasbourg at the Louis II Stadium (Stade Louis II) in the Principality of Monaco on August 20, 2023. (Photo by Valery HACHE \/ AFP)"},{"@type":"WebPage","@id":"https:\/\/www.nettali.com\/2023\/08\/24\/en-coulisses-mis-en-examen-pour-viol-ben-yedder-conteste-les-faits\/#webpage","url":"https:\/\/www.nettali.com\/2023\/08\/24\/en-coulisses-mis-en-examen-pour-viol-ben-yedder-conteste-les-faits\/","name":"EN COULISSES - Mis en examen pour viol, Ben Yedder conteste les faits | Nettali.com","isPartOf":{"@id":"https:\/\/www.nettali.com\/#website"},"primaryImageOfPage":{"@id":"https:\/\/www.nettali.com\/2023\/08\/24\/en-coulisses-mis-en-examen-pour-viol-ben-yedder-conteste-les-faits\/#primaryimage"},"datePublished":"2023-08-24T09:55:40+00:00","dateModified":"2023-08-24T09:55:40+00:00","author":{"@id":"https:\/\/www.nettali.com\/#\/schema\/person\/d8ac7b7e27ddad43f1c0d2ef090d7f71"},"breadcrumb":{"@id":"https:\/\/www.nettali.com\/2023\/08\/24\/en-coulisses-mis-en-examen-pour-viol-ben-yedder-conteste-les-faits\/#breadcrumb"},"inLanguage":"fr-FR","potentialAction":[{"@type":"ReadAction","target":["https:\/\/www.nettali.com\/2023\/08\/24\/en-coulisses-mis-en-examen-pour-viol-ben-yedder-conteste-les-faits\/"]}]},{"@type":"BreadcrumbList","@id":"https:\/\/www.nettali.com\/2023\/08\/24\/en-coulisses-mis-en-examen-pour-viol-ben-yedder-conteste-les-faits\/#breadcrumb","itemListElement":[{"@type":"ListItem","position":1,"name":"Accueil","item":"https:\/\/www.nettali.com\/"},{"@type":"ListItem","position":2,"name":"EN COULISSES - Mis en examen pour viol, Ben Yedder conteste les faits"}]},{"@type":"Person","@id":"https:\/\/www.nettali.com\/#\/schema\/person\/d8ac7b7e27ddad43f1c0d2ef090d7f71","name":"CK","image":{"@type":"ImageObject","@id":"https:\/\/www.nettali.com\/#personlogo","inLanguage":"fr-FR","url":"https:\/\/secure.gravatar.com\/avatar\/1d8d5118b9327d94da7cd4ce7f17fec2?s=96&d=mm&r=g","contentUrl":"https:\/\/secure.gravatar.com\/avatar\/1d8d5118b9327d94da7cd4ce7f17fec2?s=96&d=mm&r=g","caption":"CK"},"sameAs":["https:\/\/www.nettali.com"]}]}},"_links":{"self":[{"href":"https:\/\/www.nettali.com\/rest\/wp\/v2\/posts\/116727"}],"collection":[{"href":"https:\/\/www.nettali.com\/rest\/wp\/v2\/posts"}],"about":[{"href":"https:\/\/www.nettali.com\/rest\/wp\/v2\/types\/post"}],"author":[{"embeddable":true,"href":"https:\/\/www.nettali.com\/rest\/wp\/v2\/users\/2"}],"replies":[{"embeddable":true,"href":"https:\/\/www.nettali.com\/rest\/wp\/v2\/comments?post=116727"}],"version-history":[{"count":2,"href":"https:\/\/www.nettali.com\/rest\/wp\/v2\/posts\/116727\/revisions"}],"predecessor-version":[{"id":116729,"href":"https:\/\/www.nettali.com\/rest\/wp\/v2\/posts\/116727\/revisions\/116729"}],"wp:featuredmedia":[{"embeddable":true,"href":"https:\/\/www.nettali.com\/rest\/wp\/v2\/media\/116733"}],"wp:attachment":[{"href":"https:\/\/www.nettali.com\/rest\/wp\/v2\/media?parent=116727"}],"wp:term":[{"taxonomy":"category","embeddable":true,"href":"https:\/\/www.nettali.com\/rest\/wp\/v2\/categories?post=116727"},{"taxonomy":"post_tag","embeddable":true,"href":"https:\/\/www.nettali.com\/rest\/wp\/v2\/tags?post=116727"}],"curies":[{"name":"wp","href":"https:\/\/api.w.org\/{rel}","templated":true}]}}