{"id":116720,"date":"2023-08-24T07:51:02","date_gmt":"2023-08-24T07:51:02","guid":{"rendered":"https:\/\/www.nettali.com\/?p=116720"},"modified":"2023-08-24T07:51:02","modified_gmt":"2023-08-24T07:51:02","slug":"chemin-de-la-liberte-guy-marius-sagna-et-les-19-manifestations-prevues-ce-week-end","status":"publish","type":"post","link":"https:\/\/www.nettali.com\/2023\/08\/24\/chemin-de-la-liberte-guy-marius-sagna-et-les-19-manifestations-prevues-ce-week-end\/","title":{"rendered":"\"CHEMIN DE LA LIBERT\u00c9\" - Guy Marius Sagna et les 19 manifestations pr\u00e9vues ce week-end"},"content":{"rendered":"<p><strong>NETTALI.COM - Les Forces vives rassembl\u00e9es au sein de l\u2019initiative \"Chemin de la Lib\u00e9ration\", lanc\u00e9e par le Frapp, la coalition Yewwi Askan Wi (Yaw, opposition) et des organisations de la soci\u00e9t\u00e9 civile, \u201cpour la lib\u00e9ration des 1062 d\u00e9tenus politiques emprisonn\u00e9s de mani\u00e8re arbitraire dont Ousmane Sonko, principal opposant au Pr\u00e9sident Macky Sall\u201d, reviennent \u00e0 la charge. Ses membres annoncent de nouvelles manifestations.<\/strong><\/p>\n<p>\u201cSuite \u00e0 l\u2019interdiction arbitraire par Macky Sall de six (06) manifestations qui \u00e9taient pr\u00e9vues le samedi 19 ao\u00fbt\u201d, la plateforme signale dans un communiqu\u00e9 avoir \u201cadress\u00e9 des lettres aux pr\u00e9fets de 19 d\u00e9partements du S\u00e9n\u00e9gal\u201d, les informant \u201cde l\u2019organisation de manifestations pacifiques\u201d pr\u00e9vues pour le week-end des 26 et 27 ao\u00fbt 2023.<\/p>\n<p>Guy Marius Sagna et Cie bandent ainsi les muscles\u00a0: <em>\u201cFace aux entraves impos\u00e9es aux manifestations pacifiques par Macky Sall, la seule r\u00e9ponse appropri\u00e9e est de maintenir une mobilisation ferme, de demeurer d\u00e9termin\u00e9s et de d\u00e9montrer aux d\u00e9mocrates du monde entier que c\u2019est Macky Sall lui-m\u00eame, qui installe le chaos en portant atteinte aux droits fondamentaux et aux libert\u00e9s publiques.\u201d<\/em><\/p>\n<p>Ils soulignent que les manifestations dites pacifiques se tiendront dans les d\u00e9partements de Thi\u00e8s, Pikine, Gu\u00e9diawaye, Bignona, Diourbel, S\u00e9dhiou, Dakar, Koungheul, Lingu\u00e8re, Kolda, Saint-Louis, Louga, Tivaouane, K\u00e9b\u00e9mer, Ziguinchor, Rufisque, Goudomp, Dagana, et Foundiougne.<\/p>\n<p>La plateforme r\u00e9clame \u00e9galement <em>\u201cl\u2019arr\u00eat de la pers\u00e9cution des militants du parti Pastef et des membres des mouvements citoyens, ainsi que la fin des actes de torture\u201d<\/em>.<\/p>\n<div class='share-to-whatsapp-wrapper'><div class='share-on-whsp'>PARTAGER SUR : <\/div><a data-text='\"CHEMIN DE LA LIBERT\u00c9\" - Guy Marius Sagna et les 19 manifestations pr\u00e9vues ce week-end' data-link='https:\/\/www.nettali.com\/2023\/08\/24\/chemin-de-la-liberte-guy-marius-sagna-et-les-19-manifestations-prevues-ce-week-end\/' class='whatsapp-button whatsapp-share'>WhatsApp<\/a><div class='clear '><\/div><\/div>","protected":false},"excerpt":{"rendered":"<p>NETTALI.COM - Les Forces vives rassembl\u00e9es au sein de l\u2019initiative \"Chemin de la Lib\u00e9ration\", lanc\u00e9e par le Frapp, la coalition Yewwi Askan Wi (Yaw, opposition) et des organisations de la soci\u00e9t\u00e9 civile, \u201cpour la lib\u00e9ration des 1062 d\u00e9tenus politiques emprisonn\u00e9s de mani\u00e8re arbitraire dont Ousmane Sonko, principal opposant au Pr\u00e9sident Macky Sall\u201d, reviennent \u00e0 la [&hellip;]<\/p>\n","protected":false},"author":4,"featured_media":24434,"comment_status":"open","ping_status":"open","sticky":false,"template":"","format":"standard","meta":{"_et_pb_use_builder":"","_et_pb_old_content":""},"categories":[2],"tags":[],"yoast_head":"<!-- This site is optimized with the Yoast SEO Premium plugin v17.8 (Yoast SEO v17.8) - https:\/\/yoast.com\/wordpress\/plugins\/seo\/ -->\n<title>&quot;CHEMIN DE LA LIBERT\u00c9&quot; - Guy Marius Sagna et les 19 manifestations pr\u00e9vues ce week-end | Nettali.com<\/title>\n<meta name=\"robots\" content=\"index, follow, max-snippet:-1, max-image-preview:large, max-video-preview:-1\" \/>\n<link rel=\"canonical\" href=\"https:\/\/www.nettali.com\/2023\/08\/24\/chemin-de-la-liberte-guy-marius-sagna-et-les-19-manifestations-prevues-ce-week-end\/\" \/>\n<meta property=\"og:locale\" content=\"fr_FR\" \/>\n<meta property=\"og:type\" content=\"article\" \/>\n<meta property=\"og:title\" content=\"&quot;CHEMIN DE LA LIBERT\u00c9&quot; - Guy Marius Sagna et les 19 manifestations pr\u00e9vues ce week-end\" \/>\n<meta property=\"og:description\" content=\"NETTALI.COM - Les Forces vives rassembl\u00e9es au sein de l\u2019initiative &quot;Chemin de la Lib\u00e9ration&quot;, lanc\u00e9e par le Frapp, la coalition Yewwi Askan Wi (Yaw, opposition) et des organisations de la soci\u00e9t\u00e9 civile, \u201cpour la lib\u00e9ration des 1062 d\u00e9tenus politiques emprisonn\u00e9s de mani\u00e8re arbitraire dont Ousmane Sonko, principal opposant au Pr\u00e9sident Macky Sall\u201d, reviennent \u00e0 la [&hellip;]\" \/>\n<meta property=\"og:url\" content=\"https:\/\/www.nettali.com\/2023\/08\/24\/chemin-de-la-liberte-guy-marius-sagna-et-les-19-manifestations-prevues-ce-week-end\/\" \/>\n<meta property=\"og:site_name\" content=\"Nettali.com\" \/>\n<meta property=\"article:publisher\" content=\"https:\/\/www.facebook.com\/nettalicom\" \/>\n<meta property=\"article:published_time\" content=\"2023-08-24T07:51:02+00:00\" \/>\n<meta property=\"og:image\" content=\"https:\/\/www.nettali.com\/wp-content\/uploads\/2019\/12\/guys.png\" \/>\n\t<meta property=\"og:image:width\" content=\"896\" \/>\n\t<meta property=\"og:image:height\" content=\"538\" \/>\n<meta name=\"twitter:card\" content=\"summary_large_image\" \/>\n<meta name=\"twitter:label1\" content=\"\u00c9crit par\" \/>\n\t<meta name=\"twitter:data1\" content=\"Daouda\" \/>\n\t<meta name=\"twitter:label2\" content=\"Dur\u00e9e de lecture estim\u00e9e\" \/>\n\t<meta name=\"twitter:data2\" content=\"2 minutes\" \/>\n<script type=\"application\/ld+json\" class=\"yoast-schema-graph\">{\"@context\":\"https:\/\/schema.org\",\"@graph\":[{\"@type\":\"WebSite\",\"@id\":\"https:\/\/www.nettali.com\/#website\",\"url\":\"https:\/\/www.nettali.com\/\",\"name\":\"Nettali.com\",\"description\":\"Le rendez-vous critique du Net\",\"potentialAction\":[{\"@type\":\"SearchAction\",\"target\":{\"@type\":\"EntryPoint\",\"urlTemplate\":\"https:\/\/www.nettali.com\/?s={search_term_string}\"},\"query-input\":\"required name=search_term_string\"}],\"inLanguage\":\"fr-FR\"},{\"@type\":\"ImageObject\",\"@id\":\"https:\/\/www.nettali.com\/2023\/08\/24\/chemin-de-la-liberte-guy-marius-sagna-et-les-19-manifestations-prevues-ce-week-end\/#primaryimage\",\"inLanguage\":\"fr-FR\",\"url\":\"https:\/\/www.nettali.com\/wp-content\/uploads\/2019\/12\/guys.png\",\"contentUrl\":\"https:\/\/www.nettali.com\/wp-content\/uploads\/2019\/12\/guys.png\",\"width\":896,\"height\":538},{\"@type\":\"WebPage\",\"@id\":\"https:\/\/www.nettali.com\/2023\/08\/24\/chemin-de-la-liberte-guy-marius-sagna-et-les-19-manifestations-prevues-ce-week-end\/#webpage\",\"url\":\"https:\/\/www.nettali.com\/2023\/08\/24\/chemin-de-la-liberte-guy-marius-sagna-et-les-19-manifestations-prevues-ce-week-end\/\",\"name\":\"\\\"CHEMIN DE LA LIBERT\\u00c9\\\" - Guy Marius Sagna et les 19 manifestations pr\\u00e9vues ce week-end | Nettali.com\",\"isPartOf\":{\"@id\":\"https:\/\/www.nettali.com\/#website\"},\"primaryImageOfPage\":{\"@id\":\"https:\/\/www.nettali.com\/2023\/08\/24\/chemin-de-la-liberte-guy-marius-sagna-et-les-19-manifestations-prevues-ce-week-end\/#primaryimage\"},\"datePublished\":\"2023-08-24T07:51:02+00:00\",\"dateModified\":\"2023-08-24T07:51:02+00:00\",\"author\":{\"@id\":\"https:\/\/www.nettali.com\/#\/schema\/person\/3317e0bb3aa1da309fbf7b2780901bf4\"},\"breadcrumb\":{\"@id\":\"https:\/\/www.nettali.com\/2023\/08\/24\/chemin-de-la-liberte-guy-marius-sagna-et-les-19-manifestations-prevues-ce-week-end\/#breadcrumb\"},\"inLanguage\":\"fr-FR\",\"potentialAction\":[{\"@type\":\"ReadAction\",\"target\":[\"https:\/\/www.nettali.com\/2023\/08\/24\/chemin-de-la-liberte-guy-marius-sagna-et-les-19-manifestations-prevues-ce-week-end\/\"]}]},{\"@type\":\"BreadcrumbList\",\"@id\":\"https:\/\/www.nettali.com\/2023\/08\/24\/chemin-de-la-liberte-guy-marius-sagna-et-les-19-manifestations-prevues-ce-week-end\/#breadcrumb\",\"itemListElement\":[{\"@type\":\"ListItem\",\"position\":1,\"name\":\"Accueil\",\"item\":\"https:\/\/www.nettali.com\/\"},{\"@type\":\"ListItem\",\"position\":2,\"name\":\"\\\"CHEMIN DE LA LIBERT\\u00c9\\\" - Guy Marius Sagna et les 19 manifestations pr\\u00e9vues ce week-end\"}]},{\"@type\":\"Person\",\"@id\":\"https:\/\/www.nettali.com\/#\/schema\/person\/3317e0bb3aa1da309fbf7b2780901bf4\",\"name\":\"Daouda\",\"image\":{\"@type\":\"ImageObject\",\"@id\":\"https:\/\/www.nettali.com\/#personlogo\",\"inLanguage\":\"fr-FR\",\"url\":\"https:\/\/secure.gravatar.com\/avatar\/8d143b5a49345098ddcfee1c49c2f47c?s=96&d=mm&r=g\",\"contentUrl\":\"https:\/\/secure.gravatar.com\/avatar\/8d143b5a49345098ddcfee1c49c2f47c?s=96&d=mm&r=g\",\"caption\":\"Daouda\"},\"sameAs\":[\"https:\/\/www.nettali.com\"]}]}<\/script>\n<!-- \/ Yoast SEO Premium plugin. -->","yoast_head_json":{"title":"\"CHEMIN DE LA LIBERT\u00c9\" - Guy Marius Sagna et les 19 manifestations pr\u00e9vues ce week-end | Nettali.com","robots":{"index":"index","follow":"follow","max-snippet":"max-snippet:-1","max-image-preview":"max-image-preview:large","max-video-preview":"max-video-preview:-1"},"canonical":"https:\/\/www.nettali.com\/2023\/08\/24\/chemin-de-la-liberte-guy-marius-sagna-et-les-19-manifestations-prevues-ce-week-end\/","og_locale":"fr_FR","og_type":"article","og_title":"\"CHEMIN DE LA LIBERT\u00c9\" - Guy Marius Sagna et les 19 manifestations pr\u00e9vues ce week-end","og_description":"NETTALI.COM - Les Forces vives rassembl\u00e9es au sein de l\u2019initiative \"Chemin de la Lib\u00e9ration\", lanc\u00e9e par le Frapp, la coalition Yewwi Askan Wi (Yaw, opposition) et des organisations de la soci\u00e9t\u00e9 civile, \u201cpour la lib\u00e9ration des 1062 d\u00e9tenus politiques emprisonn\u00e9s de mani\u00e8re arbitraire dont Ousmane Sonko, principal opposant au Pr\u00e9sident Macky Sall\u201d, reviennent \u00e0 la [&hellip;]","og_url":"https:\/\/www.nettali.com\/2023\/08\/24\/chemin-de-la-liberte-guy-marius-sagna-et-les-19-manifestations-prevues-ce-week-end\/","og_site_name":"Nettali.com","article_publisher":"https:\/\/www.facebook.com\/nettalicom","article_published_time":"2023-08-24T07:51:02+00:00","og_image":[{"width":896,"height":538,"url":"https:\/\/www.nettali.com\/wp-content\/uploads\/2019\/12\/guys.png","type":"image\/png"}],"twitter_card":"summary_large_image","twitter_misc":{"\u00c9crit par":"Daouda","Dur\u00e9e de lecture estim\u00e9e":"2 minutes"},"schema":{"@context":"https:\/\/schema.org","@graph":[{"@type":"WebSite","@id":"https:\/\/www.nettali.com\/#website","url":"https:\/\/www.nettali.com\/","name":"Nettali.com","description":"Le rendez-vous critique du Net","potentialAction":[{"@type":"SearchAction","target":{"@type":"EntryPoint","urlTemplate":"https:\/\/www.nettali.com\/?s={search_term_string}"},"query-input":"required name=search_term_string"}],"inLanguage":"fr-FR"},{"@type":"ImageObject","@id":"https:\/\/www.nettali.com\/2023\/08\/24\/chemin-de-la-liberte-guy-marius-sagna-et-les-19-manifestations-prevues-ce-week-end\/#primaryimage","inLanguage":"fr-FR","url":"https:\/\/www.nettali.com\/wp-content\/uploads\/2019\/12\/guys.png","contentUrl":"https:\/\/www.nettali.com\/wp-content\/uploads\/2019\/12\/guys.png","width":896,"height":538},{"@type":"WebPage","@id":"https:\/\/www.nettali.com\/2023\/08\/24\/chemin-de-la-liberte-guy-marius-sagna-et-les-19-manifestations-prevues-ce-week-end\/#webpage","url":"https:\/\/www.nettali.com\/2023\/08\/24\/chemin-de-la-liberte-guy-marius-sagna-et-les-19-manifestations-prevues-ce-week-end\/","name":"\"CHEMIN DE LA LIBERT\u00c9\" - Guy Marius Sagna et les 19 manifestations pr\u00e9vues ce week-end | Nettali.com","isPartOf":{"@id":"https:\/\/www.nettali.com\/#website"},"primaryImageOfPage":{"@id":"https:\/\/www.nettali.com\/2023\/08\/24\/chemin-de-la-liberte-guy-marius-sagna-et-les-19-manifestations-prevues-ce-week-end\/#primaryimage"},"datePublished":"2023-08-24T07:51:02+00:00","dateModified":"2023-08-24T07:51:02+00:00","author":{"@id":"https:\/\/www.nettali.com\/#\/schema\/person\/3317e0bb3aa1da309fbf7b2780901bf4"},"breadcrumb":{"@id":"https:\/\/www.nettali.com\/2023\/08\/24\/chemin-de-la-liberte-guy-marius-sagna-et-les-19-manifestations-prevues-ce-week-end\/#breadcrumb"},"inLanguage":"fr-FR","potentialAction":[{"@type":"ReadAction","target":["https:\/\/www.nettali.com\/2023\/08\/24\/chemin-de-la-liberte-guy-marius-sagna-et-les-19-manifestations-prevues-ce-week-end\/"]}]},{"@type":"BreadcrumbList","@id":"https:\/\/www.nettali.com\/2023\/08\/24\/chemin-de-la-liberte-guy-marius-sagna-et-les-19-manifestations-prevues-ce-week-end\/#breadcrumb","itemListElement":[{"@type":"ListItem","position":1,"name":"Accueil","item":"https:\/\/www.nettali.com\/"},{"@type":"ListItem","position":2,"name":"\"CHEMIN DE LA LIBERT\u00c9\" - Guy Marius Sagna et les 19 manifestations pr\u00e9vues ce week-end"}]},{"@type":"Person","@id":"https:\/\/www.nettali.com\/#\/schema\/person\/3317e0bb3aa1da309fbf7b2780901bf4","name":"Daouda","image":{"@type":"ImageObject","@id":"https:\/\/www.nettali.com\/#personlogo","inLanguage":"fr-FR","url":"https:\/\/secure.gravatar.com\/avatar\/8d143b5a49345098ddcfee1c49c2f47c?s=96&d=mm&r=g","contentUrl":"https:\/\/secure.gravatar.com\/avatar\/8d143b5a49345098ddcfee1c49c2f47c?s=96&d=mm&r=g","caption":"Daouda"},"sameAs":["https:\/\/www.nettali.com"]}]}},"_links":{"self":[{"href":"https:\/\/www.nettali.com\/rest\/wp\/v2\/posts\/116720"}],"collection":[{"href":"https:\/\/www.nettali.com\/rest\/wp\/v2\/posts"}],"about":[{"href":"https:\/\/www.nettali.com\/rest\/wp\/v2\/types\/post"}],"author":[{"embeddable":true,"href":"https:\/\/www.nettali.com\/rest\/wp\/v2\/users\/4"}],"replies":[{"embeddable":true,"href":"https:\/\/www.nettali.com\/rest\/wp\/v2\/comments?post=116720"}],"version-history":[{"count":1,"href":"https:\/\/www.nettali.com\/rest\/wp\/v2\/posts\/116720\/revisions"}],"predecessor-version":[{"id":116721,"href":"https:\/\/www.nettali.com\/rest\/wp\/v2\/posts\/116720\/revisions\/116721"}],"wp:featuredmedia":[{"embeddable":true,"href":"https:\/\/www.nettali.com\/rest\/wp\/v2\/media\/24434"}],"wp:attachment":[{"href":"https:\/\/www.nettali.com\/rest\/wp\/v2\/media?parent=116720"}],"wp:term":[{"taxonomy":"category","embeddable":true,"href":"https:\/\/www.nettali.com\/rest\/wp\/v2\/categories?post=116720"},{"taxonomy":"post_tag","embeddable":true,"href":"https:\/\/www.nettali.com\/rest\/wp\/v2\/tags?post=116720"}],"curies":[{"name":"wp","href":"https:\/\/api.w.org\/{rel}","templated":true}]}}