{"id":116701,"date":"2023-08-23T17:30:45","date_gmt":"2023-08-23T17:30:45","guid":{"rendered":"https:\/\/www.nettali.com\/?p=116701"},"modified":"2023-08-24T20:16:15","modified_gmt":"2023-08-24T20:16:15","slug":"russie-le-patron-de-wagner-evgueni-prigojine-meurt-dans-un-crash-davion","status":"publish","type":"post","link":"https:\/\/www.nettali.com\/2023\/08\/23\/russie-le-patron-de-wagner-evgueni-prigojine-meurt-dans-un-crash-davion\/","title":{"rendered":"RUSSIE - Le patron de Wagner, Evgueni Prigojine, meurt dans un crash d'avion"},"content":{"rendered":"<p class=\"t-content__chapo\"><strong>NETTALI.COM - Un avion priv\u00e9 avec dix personnes \u00e0 son bord s'est \u00e9cras\u00e9 mercredi 23 ao\u00fbt dans la r\u00e9gion de Tver, en Russie, alors qu'il effectuait une liaison Moscou-Saint-P\u00e9tersbourg, sans laisser de survivant, ont annonc\u00e9 les services de secours. Selon l'agence de presse russe TASS, le patron du groupe Wagner, Evgueni Prigojine, \u00e9tait \u00e0 bord.<\/strong><\/p>\n<p>Selon l'agence de l'aviation civile russe, le nom d'Evgueni Prigojine figure sur la liste des passagers d'un avion qui effectuait la liaison entre Moscou et Saint-P\u00e9tersbourg qui s'est \u00e9cras\u00e9 dans la r\u00e9gion de Tver. Les secours indiquent qu'aucune des personnes \u00e0 bord n'a surv\u00e9cu au crash.<\/p>\n<p>\u00ab\u00a0<em>Il y avait 10 personnes \u00e0 bord, dont trois membres d'\u00e9quipage. Selon les premi\u00e8res informations, toutes les personnes \u00e0 bord sont d\u00e9c\u00e9d\u00e9es<\/em>\u00a0\u00bb, a indiqu\u00e9 sur Telegram le minist\u00e8re russe des Situations d'urgence.<\/p>\n<div class='share-to-whatsapp-wrapper'><div class='share-on-whsp'>PARTAGER SUR : <\/div><a data-text='RUSSIE - Le patron de Wagner, Evgueni Prigojine, meurt dans un crash d'avion' data-link='https:\/\/www.nettali.com\/2023\/08\/23\/russie-le-patron-de-wagner-evgueni-prigojine-meurt-dans-un-crash-davion\/' class='whatsapp-button whatsapp-share'>WhatsApp<\/a><div class='clear '><\/div><\/div>","protected":false},"excerpt":{"rendered":"<p>NETTALI.COM - Un avion priv\u00e9 avec dix personnes \u00e0 son bord s'est \u00e9cras\u00e9 mercredi 23 ao\u00fbt dans la r\u00e9gion de Tver, en Russie, alors qu'il effectuait une liaison Moscou-Saint-P\u00e9tersbourg, sans laisser de survivant, ont annonc\u00e9 les services de secours. Selon l'agence de presse russe TASS, le patron du groupe Wagner, Evgueni Prigojine, \u00e9tait \u00e0 bord. [&hellip;]<\/p>\n","protected":false},"author":4,"featured_media":116702,"comment_status":"open","ping_status":"open","sticky":false,"template":"","format":"standard","meta":{"_et_pb_use_builder":"","_et_pb_old_content":""},"categories":[3],"tags":[],"yoast_head":"<!-- This site is optimized with the Yoast SEO Premium plugin v17.8 (Yoast SEO v17.8) - https:\/\/yoast.com\/wordpress\/plugins\/seo\/ -->\n<title>RUSSIE - Le patron de Wagner, Evgueni Prigojine, meurt dans un crash d&#039;avion | Nettali.com<\/title>\n<meta name=\"robots\" content=\"index, follow, max-snippet:-1, max-image-preview:large, max-video-preview:-1\" \/>\n<link rel=\"canonical\" href=\"https:\/\/www.nettali.com\/2023\/08\/23\/russie-le-patron-de-wagner-evgueni-prigojine-meurt-dans-un-crash-davion\/\" \/>\n<meta property=\"og:locale\" content=\"fr_FR\" \/>\n<meta property=\"og:type\" content=\"article\" \/>\n<meta property=\"og:title\" content=\"RUSSIE - Le patron de Wagner, Evgueni Prigojine, meurt dans un crash d&#039;avion\" \/>\n<meta property=\"og:description\" content=\"NETTALI.COM - Un avion priv\u00e9 avec dix personnes \u00e0 son bord s&#039;est \u00e9cras\u00e9 mercredi 23 ao\u00fbt dans la r\u00e9gion de Tver, en Russie, alors qu&#039;il effectuait une liaison Moscou-Saint-P\u00e9tersbourg, sans laisser de survivant, ont annonc\u00e9 les services de secours. Selon l&#039;agence de presse russe TASS, le patron du groupe Wagner, Evgueni Prigojine, \u00e9tait \u00e0 bord. [&hellip;]\" \/>\n<meta property=\"og:url\" content=\"https:\/\/www.nettali.com\/2023\/08\/23\/russie-le-patron-de-wagner-evgueni-prigojine-meurt-dans-un-crash-davion\/\" \/>\n<meta property=\"og:site_name\" content=\"Nettali.com\" \/>\n<meta property=\"article:publisher\" content=\"https:\/\/www.facebook.com\/nettalicom\" \/>\n<meta property=\"article:published_time\" content=\"2023-08-23T17:30:45+00:00\" \/>\n<meta property=\"article:modified_time\" content=\"2023-08-24T20:16:15+00:00\" \/>\n<meta property=\"og:image\" content=\"https:\/\/www.nettali.com\/wp-content\/uploads\/2023\/08\/Capture-de\u0301cran-2023-08-23-a\u0300-17.29.33.png\" \/>\n\t<meta property=\"og:image:width\" content=\"968\" \/>\n\t<meta property=\"og:image:height\" content=\"539\" \/>\n<meta name=\"twitter:card\" content=\"summary_large_image\" \/>\n<meta name=\"twitter:label1\" content=\"\u00c9crit par\" \/>\n\t<meta name=\"twitter:data1\" content=\"Daouda\" \/>\n\t<meta name=\"twitter:label2\" content=\"Dur\u00e9e de lecture estim\u00e9e\" \/>\n\t<meta name=\"twitter:data2\" content=\"1 minute\" \/>\n<script type=\"application\/ld+json\" class=\"yoast-schema-graph\">{\"@context\":\"https:\/\/schema.org\",\"@graph\":[{\"@type\":\"WebSite\",\"@id\":\"https:\/\/www.nettali.com\/#website\",\"url\":\"https:\/\/www.nettali.com\/\",\"name\":\"Nettali.com\",\"description\":\"Le rendez-vous critique du Net\",\"potentialAction\":[{\"@type\":\"SearchAction\",\"target\":{\"@type\":\"EntryPoint\",\"urlTemplate\":\"https:\/\/www.nettali.com\/?s={search_term_string}\"},\"query-input\":\"required name=search_term_string\"}],\"inLanguage\":\"fr-FR\"},{\"@type\":\"ImageObject\",\"@id\":\"https:\/\/www.nettali.com\/2023\/08\/23\/russie-le-patron-de-wagner-evgueni-prigojine-meurt-dans-un-crash-davion\/#primaryimage\",\"inLanguage\":\"fr-FR\",\"url\":\"https:\/\/www.nettali.com\/wp-content\/uploads\/2023\/08\/Capture-de\\u0301cran-2023-08-23-a\\u0300-17.29.33.png\",\"contentUrl\":\"https:\/\/www.nettali.com\/wp-content\/uploads\/2023\/08\/Capture-de\\u0301cran-2023-08-23-a\\u0300-17.29.33.png\",\"width\":968,\"height\":539},{\"@type\":\"WebPage\",\"@id\":\"https:\/\/www.nettali.com\/2023\/08\/23\/russie-le-patron-de-wagner-evgueni-prigojine-meurt-dans-un-crash-davion\/#webpage\",\"url\":\"https:\/\/www.nettali.com\/2023\/08\/23\/russie-le-patron-de-wagner-evgueni-prigojine-meurt-dans-un-crash-davion\/\",\"name\":\"RUSSIE - Le patron de Wagner, Evgueni Prigojine, meurt dans un crash d'avion | Nettali.com\",\"isPartOf\":{\"@id\":\"https:\/\/www.nettali.com\/#website\"},\"primaryImageOfPage\":{\"@id\":\"https:\/\/www.nettali.com\/2023\/08\/23\/russie-le-patron-de-wagner-evgueni-prigojine-meurt-dans-un-crash-davion\/#primaryimage\"},\"datePublished\":\"2023-08-23T17:30:45+00:00\",\"dateModified\":\"2023-08-24T20:16:15+00:00\",\"author\":{\"@id\":\"https:\/\/www.nettali.com\/#\/schema\/person\/3317e0bb3aa1da309fbf7b2780901bf4\"},\"breadcrumb\":{\"@id\":\"https:\/\/www.nettali.com\/2023\/08\/23\/russie-le-patron-de-wagner-evgueni-prigojine-meurt-dans-un-crash-davion\/#breadcrumb\"},\"inLanguage\":\"fr-FR\",\"potentialAction\":[{\"@type\":\"ReadAction\",\"target\":[\"https:\/\/www.nettali.com\/2023\/08\/23\/russie-le-patron-de-wagner-evgueni-prigojine-meurt-dans-un-crash-davion\/\"]}]},{\"@type\":\"BreadcrumbList\",\"@id\":\"https:\/\/www.nettali.com\/2023\/08\/23\/russie-le-patron-de-wagner-evgueni-prigojine-meurt-dans-un-crash-davion\/#breadcrumb\",\"itemListElement\":[{\"@type\":\"ListItem\",\"position\":1,\"name\":\"Accueil\",\"item\":\"https:\/\/www.nettali.com\/\"},{\"@type\":\"ListItem\",\"position\":2,\"name\":\"RUSSIE - Le patron de Wagner, Evgueni Prigojine, meurt dans un crash d'avion\"}]},{\"@type\":\"Person\",\"@id\":\"https:\/\/www.nettali.com\/#\/schema\/person\/3317e0bb3aa1da309fbf7b2780901bf4\",\"name\":\"Daouda\",\"image\":{\"@type\":\"ImageObject\",\"@id\":\"https:\/\/www.nettali.com\/#personlogo\",\"inLanguage\":\"fr-FR\",\"url\":\"https:\/\/secure.gravatar.com\/avatar\/8d143b5a49345098ddcfee1c49c2f47c?s=96&d=mm&r=g\",\"contentUrl\":\"https:\/\/secure.gravatar.com\/avatar\/8d143b5a49345098ddcfee1c49c2f47c?s=96&d=mm&r=g\",\"caption\":\"Daouda\"},\"sameAs\":[\"https:\/\/www.nettali.com\"]}]}<\/script>\n<!-- \/ Yoast SEO Premium plugin. -->","yoast_head_json":{"title":"RUSSIE - Le patron de Wagner, Evgueni Prigojine, meurt dans un crash d'avion | Nettali.com","robots":{"index":"index","follow":"follow","max-snippet":"max-snippet:-1","max-image-preview":"max-image-preview:large","max-video-preview":"max-video-preview:-1"},"canonical":"https:\/\/www.nettali.com\/2023\/08\/23\/russie-le-patron-de-wagner-evgueni-prigojine-meurt-dans-un-crash-davion\/","og_locale":"fr_FR","og_type":"article","og_title":"RUSSIE - Le patron de Wagner, Evgueni Prigojine, meurt dans un crash d'avion","og_description":"NETTALI.COM - Un avion priv\u00e9 avec dix personnes \u00e0 son bord s'est \u00e9cras\u00e9 mercredi 23 ao\u00fbt dans la r\u00e9gion de Tver, en Russie, alors qu'il effectuait une liaison Moscou-Saint-P\u00e9tersbourg, sans laisser de survivant, ont annonc\u00e9 les services de secours. Selon l'agence de presse russe TASS, le patron du groupe Wagner, Evgueni Prigojine, \u00e9tait \u00e0 bord. [&hellip;]","og_url":"https:\/\/www.nettali.com\/2023\/08\/23\/russie-le-patron-de-wagner-evgueni-prigojine-meurt-dans-un-crash-davion\/","og_site_name":"Nettali.com","article_publisher":"https:\/\/www.facebook.com\/nettalicom","article_published_time":"2023-08-23T17:30:45+00:00","article_modified_time":"2023-08-24T20:16:15+00:00","og_image":[{"width":968,"height":539,"url":"https:\/\/www.nettali.com\/wp-content\/uploads\/2023\/08\/Capture-de\u0301cran-2023-08-23-a\u0300-17.29.33.png","type":"image\/png"}],"twitter_card":"summary_large_image","twitter_misc":{"\u00c9crit par":"Daouda","Dur\u00e9e de lecture estim\u00e9e":"1 minute"},"schema":{"@context":"https:\/\/schema.org","@graph":[{"@type":"WebSite","@id":"https:\/\/www.nettali.com\/#website","url":"https:\/\/www.nettali.com\/","name":"Nettali.com","description":"Le rendez-vous critique du Net","potentialAction":[{"@type":"SearchAction","target":{"@type":"EntryPoint","urlTemplate":"https:\/\/www.nettali.com\/?s={search_term_string}"},"query-input":"required name=search_term_string"}],"inLanguage":"fr-FR"},{"@type":"ImageObject","@id":"https:\/\/www.nettali.com\/2023\/08\/23\/russie-le-patron-de-wagner-evgueni-prigojine-meurt-dans-un-crash-davion\/#primaryimage","inLanguage":"fr-FR","url":"https:\/\/www.nettali.com\/wp-content\/uploads\/2023\/08\/Capture-de\u0301cran-2023-08-23-a\u0300-17.29.33.png","contentUrl":"https:\/\/www.nettali.com\/wp-content\/uploads\/2023\/08\/Capture-de\u0301cran-2023-08-23-a\u0300-17.29.33.png","width":968,"height":539},{"@type":"WebPage","@id":"https:\/\/www.nettali.com\/2023\/08\/23\/russie-le-patron-de-wagner-evgueni-prigojine-meurt-dans-un-crash-davion\/#webpage","url":"https:\/\/www.nettali.com\/2023\/08\/23\/russie-le-patron-de-wagner-evgueni-prigojine-meurt-dans-un-crash-davion\/","name":"RUSSIE - Le patron de Wagner, Evgueni Prigojine, meurt dans un crash d'avion | Nettali.com","isPartOf":{"@id":"https:\/\/www.nettali.com\/#website"},"primaryImageOfPage":{"@id":"https:\/\/www.nettali.com\/2023\/08\/23\/russie-le-patron-de-wagner-evgueni-prigojine-meurt-dans-un-crash-davion\/#primaryimage"},"datePublished":"2023-08-23T17:30:45+00:00","dateModified":"2023-08-24T20:16:15+00:00","author":{"@id":"https:\/\/www.nettali.com\/#\/schema\/person\/3317e0bb3aa1da309fbf7b2780901bf4"},"breadcrumb":{"@id":"https:\/\/www.nettali.com\/2023\/08\/23\/russie-le-patron-de-wagner-evgueni-prigojine-meurt-dans-un-crash-davion\/#breadcrumb"},"inLanguage":"fr-FR","potentialAction":[{"@type":"ReadAction","target":["https:\/\/www.nettali.com\/2023\/08\/23\/russie-le-patron-de-wagner-evgueni-prigojine-meurt-dans-un-crash-davion\/"]}]},{"@type":"BreadcrumbList","@id":"https:\/\/www.nettali.com\/2023\/08\/23\/russie-le-patron-de-wagner-evgueni-prigojine-meurt-dans-un-crash-davion\/#breadcrumb","itemListElement":[{"@type":"ListItem","position":1,"name":"Accueil","item":"https:\/\/www.nettali.com\/"},{"@type":"ListItem","position":2,"name":"RUSSIE - Le patron de Wagner, Evgueni Prigojine, meurt dans un crash d'avion"}]},{"@type":"Person","@id":"https:\/\/www.nettali.com\/#\/schema\/person\/3317e0bb3aa1da309fbf7b2780901bf4","name":"Daouda","image":{"@type":"ImageObject","@id":"https:\/\/www.nettali.com\/#personlogo","inLanguage":"fr-FR","url":"https:\/\/secure.gravatar.com\/avatar\/8d143b5a49345098ddcfee1c49c2f47c?s=96&d=mm&r=g","contentUrl":"https:\/\/secure.gravatar.com\/avatar\/8d143b5a49345098ddcfee1c49c2f47c?s=96&d=mm&r=g","caption":"Daouda"},"sameAs":["https:\/\/www.nettali.com"]}]}},"_links":{"self":[{"href":"https:\/\/www.nettali.com\/rest\/wp\/v2\/posts\/116701"}],"collection":[{"href":"https:\/\/www.nettali.com\/rest\/wp\/v2\/posts"}],"about":[{"href":"https:\/\/www.nettali.com\/rest\/wp\/v2\/types\/post"}],"author":[{"embeddable":true,"href":"https:\/\/www.nettali.com\/rest\/wp\/v2\/users\/4"}],"replies":[{"embeddable":true,"href":"https:\/\/www.nettali.com\/rest\/wp\/v2\/comments?post=116701"}],"version-history":[{"count":1,"href":"https:\/\/www.nettali.com\/rest\/wp\/v2\/posts\/116701\/revisions"}],"predecessor-version":[{"id":116703,"href":"https:\/\/www.nettali.com\/rest\/wp\/v2\/posts\/116701\/revisions\/116703"}],"wp:featuredmedia":[{"embeddable":true,"href":"https:\/\/www.nettali.com\/rest\/wp\/v2\/media\/116702"}],"wp:attachment":[{"href":"https:\/\/www.nettali.com\/rest\/wp\/v2\/media?parent=116701"}],"wp:term":[{"taxonomy":"category","embeddable":true,"href":"https:\/\/www.nettali.com\/rest\/wp\/v2\/categories?post=116701"},{"taxonomy":"post_tag","embeddable":true,"href":"https:\/\/www.nettali.com\/rest\/wp\/v2\/tags?post=116701"}],"curies":[{"name":"wp","href":"https:\/\/api.w.org\/{rel}","templated":true}]}}