{"id":116574,"date":"2023-08-21T23:55:35","date_gmt":"2023-08-21T23:55:35","guid":{"rendered":"https:\/\/www.nettali.com\/?p=116574"},"modified":"2023-08-21T23:55:35","modified_gmt":"2023-08-21T23:55:35","slug":"justice-des-personnalites-de-plusieurs-pays-reclament-la-liberation-dousmane-sonko","status":"publish","type":"post","link":"https:\/\/www.nettali.com\/2023\/08\/21\/justice-des-personnalites-de-plusieurs-pays-reclament-la-liberation-dousmane-sonko\/","title":{"rendered":"JUSTICE - Des personnalit\u00e9s de plusieurs pays r\u00e9clament la lib\u00e9ration d\u2019Ousmane Sonko"},"content":{"rendered":"<p><strong>NETTALI.COM - Cent quarante et une personnalit\u00e9s de divers secteurs d\u2019activit\u00e9 et de plusieurs pays r\u00e9clament au pr\u00e9sident de la R\u00e9publique, Macky Sall, <em>\u00ab la mise en libert\u00e9 d\u2019office de l\u2019opposant Ousmane Sonko \u00bb<\/em> et <em>\u00ab des autres personnes d\u00e9tenues pour [\u2026] leurs opinions \u00bb<\/em>, ainsi que le retrait du d\u00e9cret avec lequel Pastef-Les patriotes a \u00e9t\u00e9 dissous.<\/strong><\/p>\n<p>Ces personnalit\u00e9s, dont des hommes politiques, des universitaires, des avocats, des magistrats, des journalistes, des militants des droits de l\u2019homme et des professionnels d\u2019autres secteurs d\u2019activit\u00e9, ont publi\u00e9 une tribune dans laquelle elles lancent cet appel.<\/p>\n<p><em>\u00ab\u00a0Nous [\u2026] appelons monsieur Macky Sall, pr\u00e9sident de la R\u00e9publique du S\u00e9n\u00e9gal, \u00e0 [\u2026] donner les instructions n\u00e9cessaires \u00e0 son ministre de la Justice, afin que les chefs de parquet mettent en \u0153uvre une proc\u00e9dure d\u2019urgence pour obtenir la mise en libert\u00e9 d\u2019office d\u2019Ousmane Sonko\u00a0\u00bb<\/em>, \u00e9crivent les signataires de la tribune.<\/p>\n<p>Concernant encore l\u2019opposant et maire de Ziguinchor (sud), ils appellent le chef de l\u2019\u00c9tat s\u00e9n\u00e9galais \u00e0 s\u2019\u00e9vertuer \u00e0 <em>\u00ab\u00a0pr\u00e9server sa vie\u00a0\u00bb<\/em> et \u00e0 faire <em>\u00ab\u00a0respecter ses droits civiques\u00a0\u00bb<\/em>.<\/p>\n<p>Les signataires du texte, dont fait partie le professeur Serigne Diop, ancien ministre de la Justice du S\u00e9n\u00e9gal, r\u00e9clament <em>\u00ab\u00a0la mise en libert\u00e9 provisoire des autres personnes d\u00e9tenues pour avoir exprim\u00e9 librement leurs opinions et men\u00e9 des activit\u00e9s politiques, conform\u00e9ment aux droits garantis par la Constitution\u00a0\u00bb.<\/em><\/p>\n<p>Ils appellent Macky Sall \u00e0 <em>\u00ab\u00a0retirer le d\u00e9cret de dissolution de Pastef, pour un retour \u00e0 un ordre constitutionnel garantissant le pluralisme int\u00e9gral\u00a0\u00bb<\/em> au S\u00e9n\u00e9gal.<\/p>\n<p><strong>\u00ab\u00a0Conflits et recul de la d\u00e9mocratie\u00a0\u00bb<\/strong><\/p>\n<p><em>\u00ab\u00a0Nous exhortons le pr\u00e9sident Macky Sall \u00e0 faire mettre en \u0153uvre ces mesures, afin de restaurer la paix, l\u2019unit\u00e9 et la concorde nationale, dans un espace sous-r\u00e9gional marqu\u00e9 par des conflits et le recul de la d\u00e9mocratie\u00a0\u00bb<\/em>, ajoutent M. Diop et ses coauteurs.<\/p>\n<p>Auteurs de la tribune <em>\u00ab\u00a0\u00e0 titre individuel ou au nom de collectifs ou d\u2019associations\u00a0\u00bb<\/em>, ces <em>\u00ab\u00a0citoyens du S\u00e9n\u00e9gal, d\u2019Afrique et du monde entier\u00a0\u00bb<\/em> disent \u00eatre <em>\u00ab\u00a0soucieux de la pr\u00e9servation de l\u2019\u00c9tat de droit et pr\u00e9occup\u00e9s par la d\u00e9gradation du climat politique et social\u00a0\u00bb<\/em> s\u00e9n\u00e9galais.<\/p>\n<p>Ils affirment \u00eatre pr\u00e9occup\u00e9s par les <em>\u00ab\u00a0menaces qui p\u00e8sent sur la concorde civile au S\u00e9n\u00e9gal\u00a0\u00bb<\/em> et <em>\u00ab\u00a0attach\u00e9s \u00e0 la paix, \u00e0 la stabilit\u00e9 et \u00e0 la pr\u00e9servation des acquis d\u00e9mocratiques du pays\u00a0\u00bb.<\/em><\/p>\n<p>Les auteurs de la tribune disent \u00eatre \u00ab\u00a0profond\u00e9ment attach\u00e9s au respect et \u00e0 la protection du droit \u00e0 la vie garantie par la Constitution du S\u00e9n\u00e9gal et les trait\u00e9s internationaux des droits humains\u00a0\u00bb.<\/p>\n<p><em>\u00ab\u00a0Les motifs de son interpellation [et] de son incarc\u00e9ration ont \u00e9volu\u00e9 [\u2026] Il est d\u2019abord accus\u00e9 de vol d\u2019un t\u00e9l\u00e9phone portable,\u2009puis suivent d\u2019autres chefs d\u2019inculpation tr\u00e8s graves\u00a0\u00bb<\/em>, observent-ils en parlant d\u2019Ousmane Sonko.<\/p>\n<p><em>\u00ab\u00a0Son parti [\u2026] a \u00e9t\u00e9 dissous par d\u00e9cret, alors qu\u2019il participe, depuis sa cr\u00e9ation, \u00e0 la vie politique, b\u00e9n\u00e9ficie d\u2019une large repr\u00e9sentation \u00e0 l\u2019Assembl\u00e9e nationale et dirige des dizaines de collectivit\u00e9s territoriales\u00a0\u00bb<\/em>, soulignent les auteurs du texte.<\/p>\n<p>Ils rappellent qu\u2019 <em>\"au moins trois personnes ont \u00e9t\u00e9 tu\u00e9es \u00e0 la suite des manifestations de protestation contre son arrestation, qui ont \u00e9clat\u00e9 [dans] le pays \u00bb. \u00ab Des arrestations massives de militants et sympathisants du parti, dont des \u00e9lus, ont eu lieu et la plupart des personnes interpell\u00e9es sont inculp\u00e9es pour de graves chefs d\u2019infraction et plac\u00e9es en d\u00e9tention. \u00bb<\/em><\/p>\n<p><strong>\u00ab\u00a0Sa sant\u00e9 s\u2019est gravement d\u00e9t\u00e9rior\u00e9e\u00a0\u00bb<\/strong><\/p>\n<p>Ousmane Sonko et plusieurs militants ou sympathisants de Pastef-Les patriotes plac\u00e9s en d\u00e9tention observent une gr\u00e8ve de la faim.<\/p>\n<p><em>\u00ab\u00a0Sa sant\u00e9 s\u2019est gravement d\u00e9t\u00e9rior\u00e9e, et il a \u00e9t\u00e9 admis aux urgences hospitali\u00e8res, dimanche 6 ao\u00fbt 2023\u00a0\u00bb<\/em>, rappellent Serigne Diop et les autres auteurs de la tribune.<\/p>\n<p>Le professeur Alioune Sall, ancien juge international, Mamadou Isma\u00efla Konat\u00e9, avocat et ancien ministre de la Justice du Mali, Reed Brody, avocat au barreau de New York (\u00c9tats-Unis d\u2019Am\u00e9rique), son confr\u00e8re s\u00e9n\u00e9galais Abdoulaye Tine, le Burkinab\u00e8 B\u00e9n\u00e9wend\u00e9 Stanislas Sankara, avocat et ancien ministre, l\u2019ancien procureur Alioune Ndao et l\u2019ancienne Premi\u00e8re ministre du S\u00e9n\u00e9gal Aminata Tour\u00e9 ont sign\u00e9 le texte.<\/p>\n<p>L\u2019ancien ministre gambien Demba Ali Jawo, Issa Ndiaye, ancien ministre de l\u2019\u00c9ducation du Mali, le d\u00e9put\u00e9 ivoirien Michel Gbagbo, Mamadou Lamine Diallo, d\u00e9put\u00e9 et vice-pr\u00e9sident de l\u2019Assembl\u00e9e nationale du S\u00e9n\u00e9gal, les journaliste Ibrahima Lissa Faye et Mame Gor Ngom,\u00a0 le professeur Boubacar Diop, dit Buuba, font partie des auteurs de la tribune.<\/p>\n<p>Ousmane Sonko a \u00e9t\u00e9 arr\u00eat\u00e9 le 28 juillet. Trois jours plus tard, il a \u00e9t\u00e9 inculp\u00e9 d\u2019appel \u00e0 l\u2019insurrection, d\u2019association de malfaiteurs, d\u2019atteinte \u00e0 la s\u00fbret\u00e9 de l\u2019\u00c9tat, de complot contre l\u2019autorit\u00e9 de l\u2019\u00c9tat.<\/p>\n<p>L\u2019opposant plac\u00e9 sous mandat de d\u00e9p\u00f4t le 31 juillet est \u00e9galement accus\u00e9 par le parquet de Dakar d\u2019actes et man\u0153uvres de nature \u00e0 compromettre la s\u00e9curit\u00e9 publique et \u00e0 cr\u00e9er des troubles politiques graves, d\u2019association de malfaiteurs en lien avec une entreprise terroriste et de vol.<\/p>\n<p>Le jour de son inculpation, le ministre de l\u2019Int\u00e9rieur, Antoine Diome, a annonc\u00e9 la dissolution de son parti.<\/p>\n<p><em>\u00ab\u00a0Pastef [\u2026] a fr\u00e9quemment appel\u00e9 ses partisans \u00e0 des mouvements insurrectionnels\u00a0\u00bb<\/em>, a argu\u00e9 M. Diome, ce que les responsables de ladite formation politique et ses militants ne cessent de nier.<\/p>\n<p>M. Sonko est class\u00e9 troisi\u00e8me \u00e0 l\u2019\u00e9lection pr\u00e9sidentielle de 2019, derri\u00e8re l\u2019ancien Premier ministre Idrissa Seck et Macky Sall, qui s\u2019est fait r\u00e9\u00e9lire. Pastef-Les patriotes et ses alli\u00e9s constituent l\u2019un des principaux groupes parlementaires de la l\u00e9gislature \u00e9lue le 31 juillet 2022.<\/p>\n<div class='share-to-whatsapp-wrapper'><div class='share-on-whsp'>PARTAGER SUR : <\/div><a data-text='JUSTICE - Des personnalit\u00e9s de plusieurs pays r\u00e9clament la lib\u00e9ration d\u2019Ousmane Sonko' data-link='https:\/\/www.nettali.com\/2023\/08\/21\/justice-des-personnalites-de-plusieurs-pays-reclament-la-liberation-dousmane-sonko\/' class='whatsapp-button whatsapp-share'>WhatsApp<\/a><div class='clear '><\/div><\/div>","protected":false},"excerpt":{"rendered":"<p>NETTALI.COM - Cent quarante et une personnalit\u00e9s de divers secteurs d\u2019activit\u00e9 et de plusieurs pays r\u00e9clament au pr\u00e9sident de la R\u00e9publique, Macky Sall, \u00ab la mise en libert\u00e9 d\u2019office de l\u2019opposant Ousmane Sonko \u00bb et \u00ab des autres personnes d\u00e9tenues pour [\u2026] leurs opinions \u00bb, ainsi que le retrait du d\u00e9cret avec lequel Pastef-Les patriotes [&hellip;]<\/p>\n","protected":false},"author":4,"featured_media":115681,"comment_status":"open","ping_status":"open","sticky":false,"template":"","format":"standard","meta":{"_et_pb_use_builder":"","_et_pb_old_content":""},"categories":[2],"tags":[],"yoast_head":"<!-- This site is optimized with the Yoast SEO Premium plugin v17.8 (Yoast SEO v17.8) - https:\/\/yoast.com\/wordpress\/plugins\/seo\/ -->\n<title>JUSTICE - Des personnalit\u00e9s de plusieurs pays r\u00e9clament la lib\u00e9ration d\u2019Ousmane Sonko | Nettali.com<\/title>\n<meta name=\"robots\" content=\"index, follow, max-snippet:-1, max-image-preview:large, max-video-preview:-1\" \/>\n<link rel=\"canonical\" href=\"https:\/\/www.nettali.com\/2023\/08\/21\/justice-des-personnalites-de-plusieurs-pays-reclament-la-liberation-dousmane-sonko\/\" \/>\n<meta property=\"og:locale\" content=\"fr_FR\" \/>\n<meta property=\"og:type\" content=\"article\" \/>\n<meta property=\"og:title\" content=\"JUSTICE - Des personnalit\u00e9s de plusieurs pays r\u00e9clament la lib\u00e9ration d\u2019Ousmane Sonko\" \/>\n<meta property=\"og:description\" content=\"NETTALI.COM - Cent quarante et une personnalit\u00e9s de divers secteurs d\u2019activit\u00e9 et de plusieurs pays r\u00e9clament au pr\u00e9sident de la R\u00e9publique, Macky Sall, \u00ab la mise en libert\u00e9 d\u2019office de l\u2019opposant Ousmane Sonko \u00bb et \u00ab des autres personnes d\u00e9tenues pour [\u2026] leurs opinions \u00bb, ainsi que le retrait du d\u00e9cret avec lequel Pastef-Les patriotes [&hellip;]\" \/>\n<meta property=\"og:url\" content=\"https:\/\/www.nettali.com\/2023\/08\/21\/justice-des-personnalites-de-plusieurs-pays-reclament-la-liberation-dousmane-sonko\/\" \/>\n<meta property=\"og:site_name\" content=\"Nettali.com\" \/>\n<meta property=\"article:publisher\" content=\"https:\/\/www.facebook.com\/nettalicom\" \/>\n<meta property=\"article:published_time\" content=\"2023-08-21T23:55:35+00:00\" \/>\n<meta property=\"og:image\" content=\"https:\/\/www.nettali.com\/wp-content\/uploads\/2023\/08\/Ousmane-sonko.jpeg\" \/>\n\t<meta property=\"og:image:width\" content=\"720\" \/>\n\t<meta property=\"og:image:height\" content=\"480\" \/>\n<meta name=\"twitter:card\" content=\"summary_large_image\" \/>\n<meta name=\"twitter:label1\" content=\"\u00c9crit par\" \/>\n\t<meta name=\"twitter:data1\" content=\"Daouda\" \/>\n\t<meta name=\"twitter:label2\" content=\"Dur\u00e9e de lecture estim\u00e9e\" \/>\n\t<meta name=\"twitter:data2\" content=\"5 minutes\" \/>\n<script type=\"application\/ld+json\" class=\"yoast-schema-graph\">{\"@context\":\"https:\/\/schema.org\",\"@graph\":[{\"@type\":\"WebSite\",\"@id\":\"https:\/\/www.nettali.com\/#website\",\"url\":\"https:\/\/www.nettali.com\/\",\"name\":\"Nettali.com\",\"description\":\"Le rendez-vous critique du Net\",\"potentialAction\":[{\"@type\":\"SearchAction\",\"target\":{\"@type\":\"EntryPoint\",\"urlTemplate\":\"https:\/\/www.nettali.com\/?s={search_term_string}\"},\"query-input\":\"required name=search_term_string\"}],\"inLanguage\":\"fr-FR\"},{\"@type\":\"ImageObject\",\"@id\":\"https:\/\/www.nettali.com\/2023\/08\/21\/justice-des-personnalites-de-plusieurs-pays-reclament-la-liberation-dousmane-sonko\/#primaryimage\",\"inLanguage\":\"fr-FR\",\"url\":\"https:\/\/www.nettali.com\/wp-content\/uploads\/2023\/08\/Ousmane-sonko.jpeg\",\"contentUrl\":\"https:\/\/www.nettali.com\/wp-content\/uploads\/2023\/08\/Ousmane-sonko.jpeg\",\"width\":720,\"height\":480},{\"@type\":\"WebPage\",\"@id\":\"https:\/\/www.nettali.com\/2023\/08\/21\/justice-des-personnalites-de-plusieurs-pays-reclament-la-liberation-dousmane-sonko\/#webpage\",\"url\":\"https:\/\/www.nettali.com\/2023\/08\/21\/justice-des-personnalites-de-plusieurs-pays-reclament-la-liberation-dousmane-sonko\/\",\"name\":\"JUSTICE - Des personnalit\\u00e9s de plusieurs pays r\\u00e9clament la lib\\u00e9ration d\\u2019Ousmane Sonko | Nettali.com\",\"isPartOf\":{\"@id\":\"https:\/\/www.nettali.com\/#website\"},\"primaryImageOfPage\":{\"@id\":\"https:\/\/www.nettali.com\/2023\/08\/21\/justice-des-personnalites-de-plusieurs-pays-reclament-la-liberation-dousmane-sonko\/#primaryimage\"},\"datePublished\":\"2023-08-21T23:55:35+00:00\",\"dateModified\":\"2023-08-21T23:55:35+00:00\",\"author\":{\"@id\":\"https:\/\/www.nettali.com\/#\/schema\/person\/3317e0bb3aa1da309fbf7b2780901bf4\"},\"breadcrumb\":{\"@id\":\"https:\/\/www.nettali.com\/2023\/08\/21\/justice-des-personnalites-de-plusieurs-pays-reclament-la-liberation-dousmane-sonko\/#breadcrumb\"},\"inLanguage\":\"fr-FR\",\"potentialAction\":[{\"@type\":\"ReadAction\",\"target\":[\"https:\/\/www.nettali.com\/2023\/08\/21\/justice-des-personnalites-de-plusieurs-pays-reclament-la-liberation-dousmane-sonko\/\"]}]},{\"@type\":\"BreadcrumbList\",\"@id\":\"https:\/\/www.nettali.com\/2023\/08\/21\/justice-des-personnalites-de-plusieurs-pays-reclament-la-liberation-dousmane-sonko\/#breadcrumb\",\"itemListElement\":[{\"@type\":\"ListItem\",\"position\":1,\"name\":\"Accueil\",\"item\":\"https:\/\/www.nettali.com\/\"},{\"@type\":\"ListItem\",\"position\":2,\"name\":\"JUSTICE - Des personnalit\\u00e9s de plusieurs pays r\\u00e9clament la lib\\u00e9ration d\\u2019Ousmane Sonko\"}]},{\"@type\":\"Person\",\"@id\":\"https:\/\/www.nettali.com\/#\/schema\/person\/3317e0bb3aa1da309fbf7b2780901bf4\",\"name\":\"Daouda\",\"image\":{\"@type\":\"ImageObject\",\"@id\":\"https:\/\/www.nettali.com\/#personlogo\",\"inLanguage\":\"fr-FR\",\"url\":\"https:\/\/secure.gravatar.com\/avatar\/8d143b5a49345098ddcfee1c49c2f47c?s=96&d=mm&r=g\",\"contentUrl\":\"https:\/\/secure.gravatar.com\/avatar\/8d143b5a49345098ddcfee1c49c2f47c?s=96&d=mm&r=g\",\"caption\":\"Daouda\"},\"sameAs\":[\"https:\/\/www.nettali.com\"]}]}<\/script>\n<!-- \/ Yoast SEO Premium plugin. -->","yoast_head_json":{"title":"JUSTICE - Des personnalit\u00e9s de plusieurs pays r\u00e9clament la lib\u00e9ration d\u2019Ousmane Sonko | Nettali.com","robots":{"index":"index","follow":"follow","max-snippet":"max-snippet:-1","max-image-preview":"max-image-preview:large","max-video-preview":"max-video-preview:-1"},"canonical":"https:\/\/www.nettali.com\/2023\/08\/21\/justice-des-personnalites-de-plusieurs-pays-reclament-la-liberation-dousmane-sonko\/","og_locale":"fr_FR","og_type":"article","og_title":"JUSTICE - Des personnalit\u00e9s de plusieurs pays r\u00e9clament la lib\u00e9ration d\u2019Ousmane Sonko","og_description":"NETTALI.COM - Cent quarante et une personnalit\u00e9s de divers secteurs d\u2019activit\u00e9 et de plusieurs pays r\u00e9clament au pr\u00e9sident de la R\u00e9publique, Macky Sall, \u00ab la mise en libert\u00e9 d\u2019office de l\u2019opposant Ousmane Sonko \u00bb et \u00ab des autres personnes d\u00e9tenues pour [\u2026] leurs opinions \u00bb, ainsi que le retrait du d\u00e9cret avec lequel Pastef-Les patriotes [&hellip;]","og_url":"https:\/\/www.nettali.com\/2023\/08\/21\/justice-des-personnalites-de-plusieurs-pays-reclament-la-liberation-dousmane-sonko\/","og_site_name":"Nettali.com","article_publisher":"https:\/\/www.facebook.com\/nettalicom","article_published_time":"2023-08-21T23:55:35+00:00","og_image":[{"width":720,"height":480,"url":"https:\/\/www.nettali.com\/wp-content\/uploads\/2023\/08\/Ousmane-sonko.jpeg","type":"image\/jpeg"}],"twitter_card":"summary_large_image","twitter_misc":{"\u00c9crit par":"Daouda","Dur\u00e9e de lecture estim\u00e9e":"5 minutes"},"schema":{"@context":"https:\/\/schema.org","@graph":[{"@type":"WebSite","@id":"https:\/\/www.nettali.com\/#website","url":"https:\/\/www.nettali.com\/","name":"Nettali.com","description":"Le rendez-vous critique du Net","potentialAction":[{"@type":"SearchAction","target":{"@type":"EntryPoint","urlTemplate":"https:\/\/www.nettali.com\/?s={search_term_string}"},"query-input":"required name=search_term_string"}],"inLanguage":"fr-FR"},{"@type":"ImageObject","@id":"https:\/\/www.nettali.com\/2023\/08\/21\/justice-des-personnalites-de-plusieurs-pays-reclament-la-liberation-dousmane-sonko\/#primaryimage","inLanguage":"fr-FR","url":"https:\/\/www.nettali.com\/wp-content\/uploads\/2023\/08\/Ousmane-sonko.jpeg","contentUrl":"https:\/\/www.nettali.com\/wp-content\/uploads\/2023\/08\/Ousmane-sonko.jpeg","width":720,"height":480},{"@type":"WebPage","@id":"https:\/\/www.nettali.com\/2023\/08\/21\/justice-des-personnalites-de-plusieurs-pays-reclament-la-liberation-dousmane-sonko\/#webpage","url":"https:\/\/www.nettali.com\/2023\/08\/21\/justice-des-personnalites-de-plusieurs-pays-reclament-la-liberation-dousmane-sonko\/","name":"JUSTICE - Des personnalit\u00e9s de plusieurs pays r\u00e9clament la lib\u00e9ration d\u2019Ousmane Sonko | Nettali.com","isPartOf":{"@id":"https:\/\/www.nettali.com\/#website"},"primaryImageOfPage":{"@id":"https:\/\/www.nettali.com\/2023\/08\/21\/justice-des-personnalites-de-plusieurs-pays-reclament-la-liberation-dousmane-sonko\/#primaryimage"},"datePublished":"2023-08-21T23:55:35+00:00","dateModified":"2023-08-21T23:55:35+00:00","author":{"@id":"https:\/\/www.nettali.com\/#\/schema\/person\/3317e0bb3aa1da309fbf7b2780901bf4"},"breadcrumb":{"@id":"https:\/\/www.nettali.com\/2023\/08\/21\/justice-des-personnalites-de-plusieurs-pays-reclament-la-liberation-dousmane-sonko\/#breadcrumb"},"inLanguage":"fr-FR","potentialAction":[{"@type":"ReadAction","target":["https:\/\/www.nettali.com\/2023\/08\/21\/justice-des-personnalites-de-plusieurs-pays-reclament-la-liberation-dousmane-sonko\/"]}]},{"@type":"BreadcrumbList","@id":"https:\/\/www.nettali.com\/2023\/08\/21\/justice-des-personnalites-de-plusieurs-pays-reclament-la-liberation-dousmane-sonko\/#breadcrumb","itemListElement":[{"@type":"ListItem","position":1,"name":"Accueil","item":"https:\/\/www.nettali.com\/"},{"@type":"ListItem","position":2,"name":"JUSTICE - Des personnalit\u00e9s de plusieurs pays r\u00e9clament la lib\u00e9ration d\u2019Ousmane Sonko"}]},{"@type":"Person","@id":"https:\/\/www.nettali.com\/#\/schema\/person\/3317e0bb3aa1da309fbf7b2780901bf4","name":"Daouda","image":{"@type":"ImageObject","@id":"https:\/\/www.nettali.com\/#personlogo","inLanguage":"fr-FR","url":"https:\/\/secure.gravatar.com\/avatar\/8d143b5a49345098ddcfee1c49c2f47c?s=96&d=mm&r=g","contentUrl":"https:\/\/secure.gravatar.com\/avatar\/8d143b5a49345098ddcfee1c49c2f47c?s=96&d=mm&r=g","caption":"Daouda"},"sameAs":["https:\/\/www.nettali.com"]}]}},"_links":{"self":[{"href":"https:\/\/www.nettali.com\/rest\/wp\/v2\/posts\/116574"}],"collection":[{"href":"https:\/\/www.nettali.com\/rest\/wp\/v2\/posts"}],"about":[{"href":"https:\/\/www.nettali.com\/rest\/wp\/v2\/types\/post"}],"author":[{"embeddable":true,"href":"https:\/\/www.nettali.com\/rest\/wp\/v2\/users\/4"}],"replies":[{"embeddable":true,"href":"https:\/\/www.nettali.com\/rest\/wp\/v2\/comments?post=116574"}],"version-history":[{"count":1,"href":"https:\/\/www.nettali.com\/rest\/wp\/v2\/posts\/116574\/revisions"}],"predecessor-version":[{"id":116575,"href":"https:\/\/www.nettali.com\/rest\/wp\/v2\/posts\/116574\/revisions\/116575"}],"wp:featuredmedia":[{"embeddable":true,"href":"https:\/\/www.nettali.com\/rest\/wp\/v2\/media\/115681"}],"wp:attachment":[{"href":"https:\/\/www.nettali.com\/rest\/wp\/v2\/media?parent=116574"}],"wp:term":[{"taxonomy":"category","embeddable":true,"href":"https:\/\/www.nettali.com\/rest\/wp\/v2\/categories?post=116574"},{"taxonomy":"post_tag","embeddable":true,"href":"https:\/\/www.nettali.com\/rest\/wp\/v2\/tags?post=116574"}],"curies":[{"name":"wp","href":"https:\/\/api.w.org\/{rel}","templated":true}]}}