{"id":116508,"date":"2023-08-20T15:15:34","date_gmt":"2023-08-20T15:15:34","guid":{"rendered":"https:\/\/www.nettali.com\/?p=116508"},"modified":"2023-08-20T19:49:22","modified_gmt":"2023-08-20T19:49:22","slug":"boubacar-kamara-meme-lhumanite-recommande-que-sonko-retourne-chez-lui","status":"publish","type":"post","link":"https:\/\/www.nettali.com\/2023\/08\/20\/boubacar-kamara-meme-lhumanite-recommande-que-sonko-retourne-chez-lui\/","title":{"rendered":"BOUBACAR KAMARA - \"M\u00eame l'humanit\u00e9 recommande que Sonko retourne chez lui\""},"content":{"rendered":"<p><strong>NETTALI.COM - Invit\u00e9 de l'\u00e9mission Grand Jury de ce dimanche 20 ao\u00fbt, le leader du Parti de la construction et de la solidarit\u00e9\/ Jengu Tabax, Boubacar Kamara, a exprim\u00e9 son inqui\u00e9tude sur la gravit\u00e9 de l\u2019\u00e9tat de sant\u00e9 de l\u2019opposant Ousmane Sonko, qui est \u00e0 son 22\u00e8me jour de gr\u00e8ve de la faim \u00e0 l\u2019h\u00f4pital Principal de Dakar o\u00f9 il est admis en r\u00e9animation.<\/strong><\/p>\n<p>\"<em>C'est triste qu'on en arrive l\u00e0 au S\u00e9n\u00e9gal. C'est \u00e0 dire le pr\u00e9sident Ousmane Sonko, par son combat, a montr\u00e9 la v\u00e9ritable nature du r\u00e9gime qui veut absolument garder le pouvoir. Trois dossiers judiciaires sur une personne avec des incoh\u00e9rences incroyables. Aujourd'hui, m\u00eame l'humanit\u00e9 recommande que Ousmane Sonko retourne chez lui<\/em>\", a dit M. Kamara.<\/p>\n<p>Invit\u00e9 de l\u2019\u00e9mission Grand Jury de la RFM depuis le B\u00e9nin,\u00a0le candidat d\u00e9clar\u00e9 \u00e0 la pr\u00e9sidentielle de 2024 d\u2019ajouter\u00a0:\u00a0\"<em>Un homme qui se bat sur des principes et qui n'a jamais une arme pour taper sur qui que ce soit. Et il en avait les moyens avec la force politique qu'il a, il a choisi de se battre \u00e0 travers les \u00e9lections. Il est malade. M\u00eame s'il n'\u00e9tait pas malade, vous avez vu toutes les pers\u00e9cutions qu'il a re\u00e7ues. Et les gens regardent comme \u00e7a<\/em>\".<\/p>\n<p>M. Karama a d\u00e9nonc\u00e9 l\u2019usage par le r\u00e9gime de Macky Sall, de la r\u00e9pression pour faire taire son adversaire politique. \"<em>On nous parle de gouvernance et de transparence, on travaille pour tout le monde, mais quand les gens soul\u00e8vent les vraies questions qui menacent le pouvoir, maintenant c'est la r\u00e9pression. Ousmane Sonko a ses m\u00e9thodes de combat, \u00e7a l'engage. Mais rien ne justifie qu'on puisse traiter une personne comme \u00e7a. Dans un pays comme le S\u00e9n\u00e9gal, de surcro\u00eet, un pays religieux. Comment on en est arriv\u00e9 l\u00e0 ? Comment on en est arriv\u00e9 \u00e0 cette perte d'humanit\u00e9 dans notre pays. On a touch\u00e9 le fond<\/em>\".<\/p>\n<div class='share-to-whatsapp-wrapper'><div class='share-on-whsp'>PARTAGER SUR : <\/div><a data-text='BOUBACAR KAMARA - \"M\u00eame l'humanit\u00e9 recommande que Sonko retourne chez lui\"' data-link='https:\/\/www.nettali.com\/2023\/08\/20\/boubacar-kamara-meme-lhumanite-recommande-que-sonko-retourne-chez-lui\/' class='whatsapp-button whatsapp-share'>WhatsApp<\/a><div class='clear '><\/div><\/div>","protected":false},"excerpt":{"rendered":"<p>NETTALI.COM - Invit\u00e9 de l'\u00e9mission Grand Jury de ce dimanche 20 ao\u00fbt, le leader du Parti de la construction et de la solidarit\u00e9\/ Jengu Tabax, Boubacar Kamara, a exprim\u00e9 son inqui\u00e9tude sur la gravit\u00e9 de l\u2019\u00e9tat de sant\u00e9 de l\u2019opposant Ousmane Sonko, qui est \u00e0 son 22\u00e8me jour de gr\u00e8ve de la faim \u00e0 l\u2019h\u00f4pital [&hellip;]<\/p>\n","protected":false},"author":5,"featured_media":116509,"comment_status":"open","ping_status":"open","sticky":false,"template":"","format":"standard","meta":{"_et_pb_use_builder":"","_et_pb_old_content":""},"categories":[2],"tags":[],"yoast_head":"<!-- This site is optimized with the Yoast SEO Premium plugin v17.8 (Yoast SEO v17.8) - https:\/\/yoast.com\/wordpress\/plugins\/seo\/ -->\n<title>BOUBACAR KAMARA - &quot;M\u00eame l&#039;humanit\u00e9 recommande que Sonko retourne chez lui&quot; | Nettali.com<\/title>\n<meta name=\"robots\" content=\"index, follow, max-snippet:-1, max-image-preview:large, max-video-preview:-1\" \/>\n<link rel=\"canonical\" href=\"https:\/\/www.nettali.com\/2023\/08\/20\/boubacar-kamara-meme-lhumanite-recommande-que-sonko-retourne-chez-lui\/\" \/>\n<meta property=\"og:locale\" content=\"fr_FR\" \/>\n<meta property=\"og:type\" content=\"article\" \/>\n<meta property=\"og:title\" content=\"BOUBACAR KAMARA - &quot;M\u00eame l&#039;humanit\u00e9 recommande que Sonko retourne chez lui&quot;\" \/>\n<meta property=\"og:description\" content=\"NETTALI.COM - Invit\u00e9 de l&#039;\u00e9mission Grand Jury de ce dimanche 20 ao\u00fbt, le leader du Parti de la construction et de la solidarit\u00e9\/ Jengu Tabax, Boubacar Kamara, a exprim\u00e9 son inqui\u00e9tude sur la gravit\u00e9 de l\u2019\u00e9tat de sant\u00e9 de l\u2019opposant Ousmane Sonko, qui est \u00e0 son 22\u00e8me jour de gr\u00e8ve de la faim \u00e0 l\u2019h\u00f4pital [&hellip;]\" \/>\n<meta property=\"og:url\" content=\"https:\/\/www.nettali.com\/2023\/08\/20\/boubacar-kamara-meme-lhumanite-recommande-que-sonko-retourne-chez-lui\/\" \/>\n<meta property=\"og:site_name\" content=\"Nettali.com\" \/>\n<meta property=\"article:publisher\" content=\"https:\/\/www.facebook.com\/nettalicom\" \/>\n<meta property=\"article:published_time\" content=\"2023-08-20T15:15:34+00:00\" \/>\n<meta property=\"article:modified_time\" content=\"2023-08-20T19:49:22+00:00\" \/>\n<meta property=\"og:image\" content=\"https:\/\/www.nettali.com\/wp-content\/uploads\/2023\/08\/cama.png\" \/>\n\t<meta property=\"og:image:width\" content=\"585\" \/>\n\t<meta property=\"og:image:height\" content=\"405\" \/>\n<meta name=\"twitter:card\" content=\"summary_large_image\" \/>\n<meta name=\"twitter:label1\" content=\"\u00c9crit par\" \/>\n\t<meta name=\"twitter:data1\" content=\"Ibrahima\" \/>\n\t<meta name=\"twitter:label2\" content=\"Dur\u00e9e de lecture estim\u00e9e\" \/>\n\t<meta name=\"twitter:data2\" content=\"2 minutes\" \/>\n<script type=\"application\/ld+json\" class=\"yoast-schema-graph\">{\"@context\":\"https:\/\/schema.org\",\"@graph\":[{\"@type\":\"WebSite\",\"@id\":\"https:\/\/www.nettali.com\/#website\",\"url\":\"https:\/\/www.nettali.com\/\",\"name\":\"Nettali.com\",\"description\":\"Le rendez-vous critique du Net\",\"potentialAction\":[{\"@type\":\"SearchAction\",\"target\":{\"@type\":\"EntryPoint\",\"urlTemplate\":\"https:\/\/www.nettali.com\/?s={search_term_string}\"},\"query-input\":\"required name=search_term_string\"}],\"inLanguage\":\"fr-FR\"},{\"@type\":\"ImageObject\",\"@id\":\"https:\/\/www.nettali.com\/2023\/08\/20\/boubacar-kamara-meme-lhumanite-recommande-que-sonko-retourne-chez-lui\/#primaryimage\",\"inLanguage\":\"fr-FR\",\"url\":\"https:\/\/www.nettali.com\/wp-content\/uploads\/2023\/08\/cama.png\",\"contentUrl\":\"https:\/\/www.nettali.com\/wp-content\/uploads\/2023\/08\/cama.png\",\"width\":585,\"height\":405},{\"@type\":\"WebPage\",\"@id\":\"https:\/\/www.nettali.com\/2023\/08\/20\/boubacar-kamara-meme-lhumanite-recommande-que-sonko-retourne-chez-lui\/#webpage\",\"url\":\"https:\/\/www.nettali.com\/2023\/08\/20\/boubacar-kamara-meme-lhumanite-recommande-que-sonko-retourne-chez-lui\/\",\"name\":\"BOUBACAR KAMARA - \\\"M\\u00eame l'humanit\\u00e9 recommande que Sonko retourne chez lui\\\" | Nettali.com\",\"isPartOf\":{\"@id\":\"https:\/\/www.nettali.com\/#website\"},\"primaryImageOfPage\":{\"@id\":\"https:\/\/www.nettali.com\/2023\/08\/20\/boubacar-kamara-meme-lhumanite-recommande-que-sonko-retourne-chez-lui\/#primaryimage\"},\"datePublished\":\"2023-08-20T15:15:34+00:00\",\"dateModified\":\"2023-08-20T19:49:22+00:00\",\"author\":{\"@id\":\"https:\/\/www.nettali.com\/#\/schema\/person\/bb147657c2986240405a608162b9bb23\"},\"breadcrumb\":{\"@id\":\"https:\/\/www.nettali.com\/2023\/08\/20\/boubacar-kamara-meme-lhumanite-recommande-que-sonko-retourne-chez-lui\/#breadcrumb\"},\"inLanguage\":\"fr-FR\",\"potentialAction\":[{\"@type\":\"ReadAction\",\"target\":[\"https:\/\/www.nettali.com\/2023\/08\/20\/boubacar-kamara-meme-lhumanite-recommande-que-sonko-retourne-chez-lui\/\"]}]},{\"@type\":\"BreadcrumbList\",\"@id\":\"https:\/\/www.nettali.com\/2023\/08\/20\/boubacar-kamara-meme-lhumanite-recommande-que-sonko-retourne-chez-lui\/#breadcrumb\",\"itemListElement\":[{\"@type\":\"ListItem\",\"position\":1,\"name\":\"Accueil\",\"item\":\"https:\/\/www.nettali.com\/\"},{\"@type\":\"ListItem\",\"position\":2,\"name\":\"BOUBACAR KAMARA - \\\"M\\u00eame l'humanit\\u00e9 recommande que Sonko retourne chez lui\\\"\"}]},{\"@type\":\"Person\",\"@id\":\"https:\/\/www.nettali.com\/#\/schema\/person\/bb147657c2986240405a608162b9bb23\",\"name\":\"Ibrahima\",\"image\":{\"@type\":\"ImageObject\",\"@id\":\"https:\/\/www.nettali.com\/#personlogo\",\"inLanguage\":\"fr-FR\",\"url\":\"https:\/\/secure.gravatar.com\/avatar\/26a8a81f09f0dd7624c9d5c36c9ba3a2?s=96&d=mm&r=g\",\"contentUrl\":\"https:\/\/secure.gravatar.com\/avatar\/26a8a81f09f0dd7624c9d5c36c9ba3a2?s=96&d=mm&r=g\",\"caption\":\"Ibrahima\"},\"sameAs\":[\"https:\/\/www.nettali.com\"]}]}<\/script>\n<!-- \/ Yoast SEO Premium plugin. -->","yoast_head_json":{"title":"BOUBACAR KAMARA - \"M\u00eame l'humanit\u00e9 recommande que Sonko retourne chez lui\" | Nettali.com","robots":{"index":"index","follow":"follow","max-snippet":"max-snippet:-1","max-image-preview":"max-image-preview:large","max-video-preview":"max-video-preview:-1"},"canonical":"https:\/\/www.nettali.com\/2023\/08\/20\/boubacar-kamara-meme-lhumanite-recommande-que-sonko-retourne-chez-lui\/","og_locale":"fr_FR","og_type":"article","og_title":"BOUBACAR KAMARA - \"M\u00eame l'humanit\u00e9 recommande que Sonko retourne chez lui\"","og_description":"NETTALI.COM - Invit\u00e9 de l'\u00e9mission Grand Jury de ce dimanche 20 ao\u00fbt, le leader du Parti de la construction et de la solidarit\u00e9\/ Jengu Tabax, Boubacar Kamara, a exprim\u00e9 son inqui\u00e9tude sur la gravit\u00e9 de l\u2019\u00e9tat de sant\u00e9 de l\u2019opposant Ousmane Sonko, qui est \u00e0 son 22\u00e8me jour de gr\u00e8ve de la faim \u00e0 l\u2019h\u00f4pital [&hellip;]","og_url":"https:\/\/www.nettali.com\/2023\/08\/20\/boubacar-kamara-meme-lhumanite-recommande-que-sonko-retourne-chez-lui\/","og_site_name":"Nettali.com","article_publisher":"https:\/\/www.facebook.com\/nettalicom","article_published_time":"2023-08-20T15:15:34+00:00","article_modified_time":"2023-08-20T19:49:22+00:00","og_image":[{"width":585,"height":405,"url":"https:\/\/www.nettali.com\/wp-content\/uploads\/2023\/08\/cama.png","type":"image\/png"}],"twitter_card":"summary_large_image","twitter_misc":{"\u00c9crit par":"Ibrahima","Dur\u00e9e de lecture estim\u00e9e":"2 minutes"},"schema":{"@context":"https:\/\/schema.org","@graph":[{"@type":"WebSite","@id":"https:\/\/www.nettali.com\/#website","url":"https:\/\/www.nettali.com\/","name":"Nettali.com","description":"Le rendez-vous critique du Net","potentialAction":[{"@type":"SearchAction","target":{"@type":"EntryPoint","urlTemplate":"https:\/\/www.nettali.com\/?s={search_term_string}"},"query-input":"required name=search_term_string"}],"inLanguage":"fr-FR"},{"@type":"ImageObject","@id":"https:\/\/www.nettali.com\/2023\/08\/20\/boubacar-kamara-meme-lhumanite-recommande-que-sonko-retourne-chez-lui\/#primaryimage","inLanguage":"fr-FR","url":"https:\/\/www.nettali.com\/wp-content\/uploads\/2023\/08\/cama.png","contentUrl":"https:\/\/www.nettali.com\/wp-content\/uploads\/2023\/08\/cama.png","width":585,"height":405},{"@type":"WebPage","@id":"https:\/\/www.nettali.com\/2023\/08\/20\/boubacar-kamara-meme-lhumanite-recommande-que-sonko-retourne-chez-lui\/#webpage","url":"https:\/\/www.nettali.com\/2023\/08\/20\/boubacar-kamara-meme-lhumanite-recommande-que-sonko-retourne-chez-lui\/","name":"BOUBACAR KAMARA - \"M\u00eame l'humanit\u00e9 recommande que Sonko retourne chez lui\" | Nettali.com","isPartOf":{"@id":"https:\/\/www.nettali.com\/#website"},"primaryImageOfPage":{"@id":"https:\/\/www.nettali.com\/2023\/08\/20\/boubacar-kamara-meme-lhumanite-recommande-que-sonko-retourne-chez-lui\/#primaryimage"},"datePublished":"2023-08-20T15:15:34+00:00","dateModified":"2023-08-20T19:49:22+00:00","author":{"@id":"https:\/\/www.nettali.com\/#\/schema\/person\/bb147657c2986240405a608162b9bb23"},"breadcrumb":{"@id":"https:\/\/www.nettali.com\/2023\/08\/20\/boubacar-kamara-meme-lhumanite-recommande-que-sonko-retourne-chez-lui\/#breadcrumb"},"inLanguage":"fr-FR","potentialAction":[{"@type":"ReadAction","target":["https:\/\/www.nettali.com\/2023\/08\/20\/boubacar-kamara-meme-lhumanite-recommande-que-sonko-retourne-chez-lui\/"]}]},{"@type":"BreadcrumbList","@id":"https:\/\/www.nettali.com\/2023\/08\/20\/boubacar-kamara-meme-lhumanite-recommande-que-sonko-retourne-chez-lui\/#breadcrumb","itemListElement":[{"@type":"ListItem","position":1,"name":"Accueil","item":"https:\/\/www.nettali.com\/"},{"@type":"ListItem","position":2,"name":"BOUBACAR KAMARA - \"M\u00eame l'humanit\u00e9 recommande que Sonko retourne chez lui\""}]},{"@type":"Person","@id":"https:\/\/www.nettali.com\/#\/schema\/person\/bb147657c2986240405a608162b9bb23","name":"Ibrahima","image":{"@type":"ImageObject","@id":"https:\/\/www.nettali.com\/#personlogo","inLanguage":"fr-FR","url":"https:\/\/secure.gravatar.com\/avatar\/26a8a81f09f0dd7624c9d5c36c9ba3a2?s=96&d=mm&r=g","contentUrl":"https:\/\/secure.gravatar.com\/avatar\/26a8a81f09f0dd7624c9d5c36c9ba3a2?s=96&d=mm&r=g","caption":"Ibrahima"},"sameAs":["https:\/\/www.nettali.com"]}]}},"_links":{"self":[{"href":"https:\/\/www.nettali.com\/rest\/wp\/v2\/posts\/116508"}],"collection":[{"href":"https:\/\/www.nettali.com\/rest\/wp\/v2\/posts"}],"about":[{"href":"https:\/\/www.nettali.com\/rest\/wp\/v2\/types\/post"}],"author":[{"embeddable":true,"href":"https:\/\/www.nettali.com\/rest\/wp\/v2\/users\/5"}],"replies":[{"embeddable":true,"href":"https:\/\/www.nettali.com\/rest\/wp\/v2\/comments?post=116508"}],"version-history":[{"count":4,"href":"https:\/\/www.nettali.com\/rest\/wp\/v2\/posts\/116508\/revisions"}],"predecessor-version":[{"id":116515,"href":"https:\/\/www.nettali.com\/rest\/wp\/v2\/posts\/116508\/revisions\/116515"}],"wp:featuredmedia":[{"embeddable":true,"href":"https:\/\/www.nettali.com\/rest\/wp\/v2\/media\/116509"}],"wp:attachment":[{"href":"https:\/\/www.nettali.com\/rest\/wp\/v2\/media?parent=116508"}],"wp:term":[{"taxonomy":"category","embeddable":true,"href":"https:\/\/www.nettali.com\/rest\/wp\/v2\/categories?post=116508"},{"taxonomy":"post_tag","embeddable":true,"href":"https:\/\/www.nettali.com\/rest\/wp\/v2\/tags?post=116508"}],"curies":[{"name":"wp","href":"https:\/\/api.w.org\/{rel}","templated":true}]}}