{"id":116468,"date":"2023-08-20T10:32:02","date_gmt":"2023-08-20T10:32:02","guid":{"rendered":"https:\/\/www.nettali.com\/?p=116468"},"modified":"2023-08-20T10:32:02","modified_gmt":"2023-08-20T10:32:02","slug":"en-coulisses-ismaila-madior-fall-sur-les-cas-ngagne-demba-toure-et-sonko","status":"publish","type":"post","link":"https:\/\/www.nettali.com\/2023\/08\/20\/en-coulisses-ismaila-madior-fall-sur-les-cas-ngagne-demba-toure-et-sonko\/","title":{"rendered":"EN COULISSES - Isma\u00efla Madior Fall sur les cas Ngagne Demba Tour\u00e9 et Sonko"},"content":{"rendered":"<p><strong>NETTALI.COM -<\/strong> Pr\u00e9sent \u00e0 Saly Portudal o\u00f9 se tenait, le samedi 19 Ao\u00fbt, l\u2019Assembl\u00e9e g\u00e9n\u00e9rale extraordinaire de l\u2019Union des Magistrats du S\u00e9n\u00e9gal (UMS), le Ministre de la Justice, Garde des Sceaux a \u00e9t\u00e9 interpell\u00e9 sur l\u2019exil du greffier Me Ngagne Demba Tour\u00e9 et sur l\u2019\u00e9tat de la sant\u00e9 de Ousmane Sonko.<\/p>\n<p>Pour le cas du greffier, Isma\u00efla Madior Fall a \u00e9t\u00e9 tr\u00e8s \u00e9vasif en faisant le commentaire suivant : \"i<em>l s\u2019est absent\u00e9. Qu\u2019est-ce que vous voulez que je vous dise sur \u00e7a ? Il a choisi de s\u2019exiler, je lui souhaite bon vent pour son exil.<\/em>\"<\/p>\n<p>Concernant le cas de Ousmane Sonko, il a d\u00e9clar\u00e9 : \"<em>l\u2019Etat du S\u00e9n\u00e9gal s\u2019assure de sa bonne prise en charge par l\u2019h\u00f4pital Principal dans lequel il se trouve<\/em>\".<\/p>\n<p>&nbsp;<\/p>\n<div class='share-to-whatsapp-wrapper'><div class='share-on-whsp'>PARTAGER SUR : <\/div><a data-text='EN COULISSES - Isma\u00efla Madior Fall sur les cas Ngagne Demba Tour\u00e9 et Sonko' data-link='https:\/\/www.nettali.com\/2023\/08\/20\/en-coulisses-ismaila-madior-fall-sur-les-cas-ngagne-demba-toure-et-sonko\/' class='whatsapp-button whatsapp-share'>WhatsApp<\/a><div class='clear '><\/div><\/div>","protected":false},"excerpt":{"rendered":"<p>NETTALI.COM - Pr\u00e9sent \u00e0 Saly Portudal o\u00f9 se tenait, le samedi 19 Ao\u00fbt, l\u2019Assembl\u00e9e g\u00e9n\u00e9rale extraordinaire de l\u2019Union des Magistrats du S\u00e9n\u00e9gal (UMS), le Ministre de la Justice, Garde des Sceaux a \u00e9t\u00e9 interpell\u00e9 sur l\u2019exil du greffier Me Ngagne Demba Tour\u00e9 et sur l\u2019\u00e9tat de la sant\u00e9 de Ousmane Sonko. Pour le cas du [&hellip;]<\/p>\n","protected":false},"author":2,"featured_media":115700,"comment_status":"open","ping_status":"open","sticky":false,"template":"","format":"standard","meta":{"_et_pb_use_builder":"","_et_pb_old_content":""},"categories":[34945],"tags":[],"yoast_head":"<!-- This site is optimized with the Yoast SEO Premium plugin v17.8 (Yoast SEO v17.8) - https:\/\/yoast.com\/wordpress\/plugins\/seo\/ -->\n<title>EN COULISSES - Isma\u00efla Madior Fall sur les cas Ngagne Demba Tour\u00e9 et Sonko | Nettali.com<\/title>\n<meta name=\"robots\" content=\"index, follow, max-snippet:-1, max-image-preview:large, max-video-preview:-1\" \/>\n<link rel=\"canonical\" href=\"https:\/\/www.nettali.com\/2023\/08\/20\/en-coulisses-ismaila-madior-fall-sur-les-cas-ngagne-demba-toure-et-sonko\/\" \/>\n<meta property=\"og:locale\" content=\"fr_FR\" \/>\n<meta property=\"og:type\" content=\"article\" \/>\n<meta property=\"og:title\" content=\"EN COULISSES - Isma\u00efla Madior Fall sur les cas Ngagne Demba Tour\u00e9 et Sonko\" \/>\n<meta property=\"og:description\" content=\"NETTALI.COM - Pr\u00e9sent \u00e0 Saly Portudal o\u00f9 se tenait, le samedi 19 Ao\u00fbt, l\u2019Assembl\u00e9e g\u00e9n\u00e9rale extraordinaire de l\u2019Union des Magistrats du S\u00e9n\u00e9gal (UMS), le Ministre de la Justice, Garde des Sceaux a \u00e9t\u00e9 interpell\u00e9 sur l\u2019exil du greffier Me Ngagne Demba Tour\u00e9 et sur l\u2019\u00e9tat de la sant\u00e9 de Ousmane Sonko. Pour le cas du [&hellip;]\" \/>\n<meta property=\"og:url\" content=\"https:\/\/www.nettali.com\/2023\/08\/20\/en-coulisses-ismaila-madior-fall-sur-les-cas-ngagne-demba-toure-et-sonko\/\" \/>\n<meta property=\"og:site_name\" content=\"Nettali.com\" \/>\n<meta property=\"article:publisher\" content=\"https:\/\/www.facebook.com\/nettalicom\" \/>\n<meta property=\"article:published_time\" content=\"2023-08-20T10:32:02+00:00\" \/>\n<meta property=\"og:image\" content=\"https:\/\/www.nettali.com\/wp-content\/uploads\/2023\/08\/FrWNJ9zaIAQTBJX.jpeg\" \/>\n\t<meta property=\"og:image:width\" content=\"1280\" \/>\n\t<meta property=\"og:image:height\" content=\"960\" \/>\n<meta name=\"twitter:card\" content=\"summary_large_image\" \/>\n<meta name=\"twitter:label1\" content=\"\u00c9crit par\" \/>\n\t<meta name=\"twitter:data1\" content=\"CK\" \/>\n\t<meta name=\"twitter:label2\" content=\"Dur\u00e9e de lecture estim\u00e9e\" \/>\n\t<meta name=\"twitter:data2\" content=\"1 minute\" \/>\n<script type=\"application\/ld+json\" class=\"yoast-schema-graph\">{\"@context\":\"https:\/\/schema.org\",\"@graph\":[{\"@type\":\"WebSite\",\"@id\":\"https:\/\/www.nettali.com\/#website\",\"url\":\"https:\/\/www.nettali.com\/\",\"name\":\"Nettali.com\",\"description\":\"Le rendez-vous critique du Net\",\"potentialAction\":[{\"@type\":\"SearchAction\",\"target\":{\"@type\":\"EntryPoint\",\"urlTemplate\":\"https:\/\/www.nettali.com\/?s={search_term_string}\"},\"query-input\":\"required name=search_term_string\"}],\"inLanguage\":\"fr-FR\"},{\"@type\":\"ImageObject\",\"@id\":\"https:\/\/www.nettali.com\/2023\/08\/20\/en-coulisses-ismaila-madior-fall-sur-les-cas-ngagne-demba-toure-et-sonko\/#primaryimage\",\"inLanguage\":\"fr-FR\",\"url\":\"https:\/\/www.nettali.com\/wp-content\/uploads\/2023\/08\/FrWNJ9zaIAQTBJX.jpeg\",\"contentUrl\":\"https:\/\/www.nettali.com\/wp-content\/uploads\/2023\/08\/FrWNJ9zaIAQTBJX.jpeg\",\"width\":1280,\"height\":960},{\"@type\":\"WebPage\",\"@id\":\"https:\/\/www.nettali.com\/2023\/08\/20\/en-coulisses-ismaila-madior-fall-sur-les-cas-ngagne-demba-toure-et-sonko\/#webpage\",\"url\":\"https:\/\/www.nettali.com\/2023\/08\/20\/en-coulisses-ismaila-madior-fall-sur-les-cas-ngagne-demba-toure-et-sonko\/\",\"name\":\"EN COULISSES - Isma\\u00efla Madior Fall sur les cas Ngagne Demba Tour\\u00e9 et Sonko | Nettali.com\",\"isPartOf\":{\"@id\":\"https:\/\/www.nettali.com\/#website\"},\"primaryImageOfPage\":{\"@id\":\"https:\/\/www.nettali.com\/2023\/08\/20\/en-coulisses-ismaila-madior-fall-sur-les-cas-ngagne-demba-toure-et-sonko\/#primaryimage\"},\"datePublished\":\"2023-08-20T10:32:02+00:00\",\"dateModified\":\"2023-08-20T10:32:02+00:00\",\"author\":{\"@id\":\"https:\/\/www.nettali.com\/#\/schema\/person\/d8ac7b7e27ddad43f1c0d2ef090d7f71\"},\"breadcrumb\":{\"@id\":\"https:\/\/www.nettali.com\/2023\/08\/20\/en-coulisses-ismaila-madior-fall-sur-les-cas-ngagne-demba-toure-et-sonko\/#breadcrumb\"},\"inLanguage\":\"fr-FR\",\"potentialAction\":[{\"@type\":\"ReadAction\",\"target\":[\"https:\/\/www.nettali.com\/2023\/08\/20\/en-coulisses-ismaila-madior-fall-sur-les-cas-ngagne-demba-toure-et-sonko\/\"]}]},{\"@type\":\"BreadcrumbList\",\"@id\":\"https:\/\/www.nettali.com\/2023\/08\/20\/en-coulisses-ismaila-madior-fall-sur-les-cas-ngagne-demba-toure-et-sonko\/#breadcrumb\",\"itemListElement\":[{\"@type\":\"ListItem\",\"position\":1,\"name\":\"Accueil\",\"item\":\"https:\/\/www.nettali.com\/\"},{\"@type\":\"ListItem\",\"position\":2,\"name\":\"EN COULISSES - Isma\\u00efla Madior Fall sur les cas Ngagne Demba Tour\\u00e9 et Sonko\"}]},{\"@type\":\"Person\",\"@id\":\"https:\/\/www.nettali.com\/#\/schema\/person\/d8ac7b7e27ddad43f1c0d2ef090d7f71\",\"name\":\"CK\",\"image\":{\"@type\":\"ImageObject\",\"@id\":\"https:\/\/www.nettali.com\/#personlogo\",\"inLanguage\":\"fr-FR\",\"url\":\"https:\/\/secure.gravatar.com\/avatar\/1d8d5118b9327d94da7cd4ce7f17fec2?s=96&d=mm&r=g\",\"contentUrl\":\"https:\/\/secure.gravatar.com\/avatar\/1d8d5118b9327d94da7cd4ce7f17fec2?s=96&d=mm&r=g\",\"caption\":\"CK\"},\"sameAs\":[\"https:\/\/www.nettali.com\"]}]}<\/script>\n<!-- \/ Yoast SEO Premium plugin. -->","yoast_head_json":{"title":"EN COULISSES - Isma\u00efla Madior Fall sur les cas Ngagne Demba Tour\u00e9 et Sonko | Nettali.com","robots":{"index":"index","follow":"follow","max-snippet":"max-snippet:-1","max-image-preview":"max-image-preview:large","max-video-preview":"max-video-preview:-1"},"canonical":"https:\/\/www.nettali.com\/2023\/08\/20\/en-coulisses-ismaila-madior-fall-sur-les-cas-ngagne-demba-toure-et-sonko\/","og_locale":"fr_FR","og_type":"article","og_title":"EN COULISSES - Isma\u00efla Madior Fall sur les cas Ngagne Demba Tour\u00e9 et Sonko","og_description":"NETTALI.COM - Pr\u00e9sent \u00e0 Saly Portudal o\u00f9 se tenait, le samedi 19 Ao\u00fbt, l\u2019Assembl\u00e9e g\u00e9n\u00e9rale extraordinaire de l\u2019Union des Magistrats du S\u00e9n\u00e9gal (UMS), le Ministre de la Justice, Garde des Sceaux a \u00e9t\u00e9 interpell\u00e9 sur l\u2019exil du greffier Me Ngagne Demba Tour\u00e9 et sur l\u2019\u00e9tat de la sant\u00e9 de Ousmane Sonko. Pour le cas du [&hellip;]","og_url":"https:\/\/www.nettali.com\/2023\/08\/20\/en-coulisses-ismaila-madior-fall-sur-les-cas-ngagne-demba-toure-et-sonko\/","og_site_name":"Nettali.com","article_publisher":"https:\/\/www.facebook.com\/nettalicom","article_published_time":"2023-08-20T10:32:02+00:00","og_image":[{"width":1280,"height":960,"url":"https:\/\/www.nettali.com\/wp-content\/uploads\/2023\/08\/FrWNJ9zaIAQTBJX.jpeg","type":"image\/jpeg"}],"twitter_card":"summary_large_image","twitter_misc":{"\u00c9crit par":"CK","Dur\u00e9e de lecture estim\u00e9e":"1 minute"},"schema":{"@context":"https:\/\/schema.org","@graph":[{"@type":"WebSite","@id":"https:\/\/www.nettali.com\/#website","url":"https:\/\/www.nettali.com\/","name":"Nettali.com","description":"Le rendez-vous critique du Net","potentialAction":[{"@type":"SearchAction","target":{"@type":"EntryPoint","urlTemplate":"https:\/\/www.nettali.com\/?s={search_term_string}"},"query-input":"required name=search_term_string"}],"inLanguage":"fr-FR"},{"@type":"ImageObject","@id":"https:\/\/www.nettali.com\/2023\/08\/20\/en-coulisses-ismaila-madior-fall-sur-les-cas-ngagne-demba-toure-et-sonko\/#primaryimage","inLanguage":"fr-FR","url":"https:\/\/www.nettali.com\/wp-content\/uploads\/2023\/08\/FrWNJ9zaIAQTBJX.jpeg","contentUrl":"https:\/\/www.nettali.com\/wp-content\/uploads\/2023\/08\/FrWNJ9zaIAQTBJX.jpeg","width":1280,"height":960},{"@type":"WebPage","@id":"https:\/\/www.nettali.com\/2023\/08\/20\/en-coulisses-ismaila-madior-fall-sur-les-cas-ngagne-demba-toure-et-sonko\/#webpage","url":"https:\/\/www.nettali.com\/2023\/08\/20\/en-coulisses-ismaila-madior-fall-sur-les-cas-ngagne-demba-toure-et-sonko\/","name":"EN COULISSES - Isma\u00efla Madior Fall sur les cas Ngagne Demba Tour\u00e9 et Sonko | Nettali.com","isPartOf":{"@id":"https:\/\/www.nettali.com\/#website"},"primaryImageOfPage":{"@id":"https:\/\/www.nettali.com\/2023\/08\/20\/en-coulisses-ismaila-madior-fall-sur-les-cas-ngagne-demba-toure-et-sonko\/#primaryimage"},"datePublished":"2023-08-20T10:32:02+00:00","dateModified":"2023-08-20T10:32:02+00:00","author":{"@id":"https:\/\/www.nettali.com\/#\/schema\/person\/d8ac7b7e27ddad43f1c0d2ef090d7f71"},"breadcrumb":{"@id":"https:\/\/www.nettali.com\/2023\/08\/20\/en-coulisses-ismaila-madior-fall-sur-les-cas-ngagne-demba-toure-et-sonko\/#breadcrumb"},"inLanguage":"fr-FR","potentialAction":[{"@type":"ReadAction","target":["https:\/\/www.nettali.com\/2023\/08\/20\/en-coulisses-ismaila-madior-fall-sur-les-cas-ngagne-demba-toure-et-sonko\/"]}]},{"@type":"BreadcrumbList","@id":"https:\/\/www.nettali.com\/2023\/08\/20\/en-coulisses-ismaila-madior-fall-sur-les-cas-ngagne-demba-toure-et-sonko\/#breadcrumb","itemListElement":[{"@type":"ListItem","position":1,"name":"Accueil","item":"https:\/\/www.nettali.com\/"},{"@type":"ListItem","position":2,"name":"EN COULISSES - Isma\u00efla Madior Fall sur les cas Ngagne Demba Tour\u00e9 et Sonko"}]},{"@type":"Person","@id":"https:\/\/www.nettali.com\/#\/schema\/person\/d8ac7b7e27ddad43f1c0d2ef090d7f71","name":"CK","image":{"@type":"ImageObject","@id":"https:\/\/www.nettali.com\/#personlogo","inLanguage":"fr-FR","url":"https:\/\/secure.gravatar.com\/avatar\/1d8d5118b9327d94da7cd4ce7f17fec2?s=96&d=mm&r=g","contentUrl":"https:\/\/secure.gravatar.com\/avatar\/1d8d5118b9327d94da7cd4ce7f17fec2?s=96&d=mm&r=g","caption":"CK"},"sameAs":["https:\/\/www.nettali.com"]}]}},"_links":{"self":[{"href":"https:\/\/www.nettali.com\/rest\/wp\/v2\/posts\/116468"}],"collection":[{"href":"https:\/\/www.nettali.com\/rest\/wp\/v2\/posts"}],"about":[{"href":"https:\/\/www.nettali.com\/rest\/wp\/v2\/types\/post"}],"author":[{"embeddable":true,"href":"https:\/\/www.nettali.com\/rest\/wp\/v2\/users\/2"}],"replies":[{"embeddable":true,"href":"https:\/\/www.nettali.com\/rest\/wp\/v2\/comments?post=116468"}],"version-history":[{"count":3,"href":"https:\/\/www.nettali.com\/rest\/wp\/v2\/posts\/116468\/revisions"}],"predecessor-version":[{"id":116473,"href":"https:\/\/www.nettali.com\/rest\/wp\/v2\/posts\/116468\/revisions\/116473"}],"wp:featuredmedia":[{"embeddable":true,"href":"https:\/\/www.nettali.com\/rest\/wp\/v2\/media\/115700"}],"wp:attachment":[{"href":"https:\/\/www.nettali.com\/rest\/wp\/v2\/media?parent=116468"}],"wp:term":[{"taxonomy":"category","embeddable":true,"href":"https:\/\/www.nettali.com\/rest\/wp\/v2\/categories?post=116468"},{"taxonomy":"post_tag","embeddable":true,"href":"https:\/\/www.nettali.com\/rest\/wp\/v2\/tags?post=116468"}],"curies":[{"name":"wp","href":"https:\/\/api.w.org\/{rel}","templated":true}]}}