{"id":116322,"date":"2023-08-17T21:31:38","date_gmt":"2023-08-17T21:31:38","guid":{"rendered":"https:\/\/www.nettali.com\/?p=116322"},"modified":"2023-08-18T10:24:26","modified_gmt":"2023-08-18T10:24:26","slug":"perquisition-chez-le-presume-cerveau-de-lattaque-de-lucad-la-surete-urbaine-met-la-main-sur-la-cagoule-du-pyromane","status":"publish","type":"post","link":"https:\/\/www.nettali.com\/2023\/08\/17\/perquisition-chez-le-presume-cerveau-de-lattaque-de-lucad-la-surete-urbaine-met-la-main-sur-la-cagoule-du-pyromane\/","title":{"rendered":"PERQUISITION CHEZ LE PRESUME CERVEAU DE L'ATTAQUE DE L'UCAD - La S\u00fbret\u00e9 urbaine met la main sur la cagoule du pyromane"},"content":{"rendered":"<p><strong>NETTALI.COM - L\u2019\u00e9tudiant Mor Tall, tr\u00e8s agit\u00e9 dans les vid\u00e9os de surveillance exploit\u00e9es par la police, le jour de l\u2019incendie de l\u2019Universit\u00e9 Cheikh Anta Diop de Dakar (Ucad), a \u00e9t\u00e9 arr\u00eat\u00e9 sur les lieux du crime avant-hier mardi 15 Ao\u00fbt. Il \u00e9tait revenu \u00e0 l\u2019Ucad pour participer \u00e0 la comm\u00e9moration de la mort de l\u2019\u00e9tudiant Bassirou Faye.<\/strong><\/p>\n<p>C\u2019est le commissariat du Point E qui a mis la main sur l\u2019\u00e9tudiant Mor Tall d\u00e9crit par \"L<em>e Soleil<\/em>\" dans son \u00e9dition d\u2019hier (mercredi), comme \u00e9tant le cerveau de la bande des pyromanes de l\u2019Universit\u00e9 Cheikh Anta Diop, le 1<sup>er<\/sup> juin suite \u00e0 la condamnation \u00e0 deux ans de prison ferme contre l\u2019opposant politique Ousmane Sonko, pour <em>\u00abcorruption de la jeunesse\u00bb<\/em> dans le contentieux l\u2019opposant \u00e0 la masseuse Adji Sarr.<\/p>\n<p>L\u2019\u00e9tudiant ainsi que d\u2019autres pillards de l\u2019Universit\u00e9 Cheikh Anta Diop, \u00e9taient dans le collimateur des forces de d\u00e9fense et de s\u00e9curit\u00e9 depuis le jour des faits. Car, la police a mis un dispositif sp\u00e9cial pour visionner toutes les vid\u00e9os de surveillance dans l\u2019enceinte de l\u2019Universit\u00e9 comme dans les rues des alentours.<\/p>\n<p>C'est ainsi qu'apr\u00e8s l\u2019exploitation de plusieurs vid\u00e9os, la police a r\u00e9ussi \u00e0 identifier une bonne partie des pyromanes de l\u2019Universit\u00e9 et des biens publics. Cet \u00e9tudiant de la Facult\u00e9 des Lettres et sciences modernes a \u00e9t\u00e9 arr\u00eat\u00e9 \u00e0 l\u2019entr\u00e9e de l\u2019Ucad avant-hier, jour de la comm\u00e9moration de la mort de l\u2019\u00e9tudiant Bassirou Faye.<\/p>\n<p>Des \u00e9l\u00e9ments du commissariat du Point E qui \u00e9taient \u00e0 ses trousses depuis longtemps, l\u2019ont imm\u00e9diatement arr\u00eat\u00e9 en pleine c\u00e9r\u00e9monie. Apr\u00e8s un bref interrogatoire au commissariat du Point E, il a \u00e9t\u00e9 livr\u00e9 \u00e0 la S\u00fbret\u00e9 urbaine qui g\u00e8re l\u2019enqu\u00eate concernant les casses de l\u2019Ucad. Aussit\u00f4t apr\u00e8s, les \u00e9l\u00e9ments de la Su sont descendus chez l\u2019\u00e9tudiant o\u00f9 ils ont d\u00e9couvert des pi\u00e8ces \u00e0 conviction sur son degr\u00e9 d\u2019implication dans les casses.<\/p>\n<p>Mieux, la cagoule qu\u2019il portait dans les images des vid\u00e9os de surveillance a \u00e9t\u00e9 retrouv\u00e9e sur les lieux. Mor Tall qui est poursuivi pour des faits criminels, rejoint les 21 autres personnes poursuivies dans l\u2019incendie de l\u2019Universit\u00e9 Cheikh Anta Diop. Il est en garde \u00e0 vue qui peut durer 96H renouvelables.<\/p>\n<div class='share-to-whatsapp-wrapper'><div class='share-on-whsp'>PARTAGER SUR : <\/div><a data-text='PERQUISITION CHEZ LE PRESUME CERVEAU DE L'ATTAQUE DE L'UCAD - La S\u00fbret\u00e9 urbaine met la main sur la cagoule du pyromane' data-link='https:\/\/www.nettali.com\/2023\/08\/17\/perquisition-chez-le-presume-cerveau-de-lattaque-de-lucad-la-surete-urbaine-met-la-main-sur-la-cagoule-du-pyromane\/' class='whatsapp-button whatsapp-share'>WhatsApp<\/a><div class='clear '><\/div><\/div>","protected":false},"excerpt":{"rendered":"<p>NETTALI.COM - L\u2019\u00e9tudiant Mor Tall, tr\u00e8s agit\u00e9 dans les vid\u00e9os de surveillance exploit\u00e9es par la police, le jour de l\u2019incendie de l\u2019Universit\u00e9 Cheikh Anta Diop de Dakar (Ucad), a \u00e9t\u00e9 arr\u00eat\u00e9 sur les lieux du crime avant-hier mardi 15 Ao\u00fbt. Il \u00e9tait revenu \u00e0 l\u2019Ucad pour participer \u00e0 la comm\u00e9moration de la mort de l\u2019\u00e9tudiant [&hellip;]<\/p>\n","protected":false},"author":4,"featured_media":58483,"comment_status":"open","ping_status":"open","sticky":false,"template":"","format":"standard","meta":{"_et_pb_use_builder":"","_et_pb_old_content":""},"categories":[3],"tags":[],"yoast_head":"<!-- This site is optimized with the Yoast SEO Premium plugin v17.8 (Yoast SEO v17.8) - https:\/\/yoast.com\/wordpress\/plugins\/seo\/ -->\n<title>PERQUISITION CHEZ LE PRESUME CERVEAU DE L&#039;ATTAQUE DE L&#039;UCAD - La S\u00fbret\u00e9 urbaine met la main sur la cagoule du pyromane | Nettali.com<\/title>\n<meta name=\"robots\" content=\"index, follow, max-snippet:-1, max-image-preview:large, max-video-preview:-1\" \/>\n<link rel=\"canonical\" href=\"https:\/\/www.nettali.com\/2023\/08\/17\/perquisition-chez-le-presume-cerveau-de-lattaque-de-lucad-la-surete-urbaine-met-la-main-sur-la-cagoule-du-pyromane\/\" \/>\n<meta property=\"og:locale\" content=\"fr_FR\" \/>\n<meta property=\"og:type\" content=\"article\" \/>\n<meta property=\"og:title\" content=\"PERQUISITION CHEZ LE PRESUME CERVEAU DE L&#039;ATTAQUE DE L&#039;UCAD - La S\u00fbret\u00e9 urbaine met la main sur la cagoule du pyromane\" \/>\n<meta property=\"og:description\" content=\"NETTALI.COM - L\u2019\u00e9tudiant Mor Tall, tr\u00e8s agit\u00e9 dans les vid\u00e9os de surveillance exploit\u00e9es par la police, le jour de l\u2019incendie de l\u2019Universit\u00e9 Cheikh Anta Diop de Dakar (Ucad), a \u00e9t\u00e9 arr\u00eat\u00e9 sur les lieux du crime avant-hier mardi 15 Ao\u00fbt. Il \u00e9tait revenu \u00e0 l\u2019Ucad pour participer \u00e0 la comm\u00e9moration de la mort de l\u2019\u00e9tudiant [&hellip;]\" \/>\n<meta property=\"og:url\" content=\"https:\/\/www.nettali.com\/2023\/08\/17\/perquisition-chez-le-presume-cerveau-de-lattaque-de-lucad-la-surete-urbaine-met-la-main-sur-la-cagoule-du-pyromane\/\" \/>\n<meta property=\"og:site_name\" content=\"Nettali.com\" \/>\n<meta property=\"article:publisher\" content=\"https:\/\/www.facebook.com\/nettalicom\" \/>\n<meta property=\"article:published_time\" content=\"2023-08-17T21:31:38+00:00\" \/>\n<meta property=\"article:modified_time\" content=\"2023-08-18T10:24:26+00:00\" \/>\n<meta property=\"og:image\" content=\"https:\/\/www.nettali.com\/wp-content\/uploads\/2021\/02\/police-centrale-de-Dakar.jpg\" \/>\n\t<meta property=\"og:image:width\" content=\"900\" \/>\n\t<meta property=\"og:image:height\" content=\"595\" \/>\n<meta name=\"twitter:card\" content=\"summary_large_image\" \/>\n<meta name=\"twitter:label1\" content=\"\u00c9crit par\" \/>\n\t<meta name=\"twitter:data1\" content=\"Daouda\" \/>\n\t<meta name=\"twitter:label2\" content=\"Dur\u00e9e de lecture estim\u00e9e\" \/>\n\t<meta name=\"twitter:data2\" content=\"2 minutes\" \/>\n<script type=\"application\/ld+json\" class=\"yoast-schema-graph\">{\"@context\":\"https:\/\/schema.org\",\"@graph\":[{\"@type\":\"WebSite\",\"@id\":\"https:\/\/www.nettali.com\/#website\",\"url\":\"https:\/\/www.nettali.com\/\",\"name\":\"Nettali.com\",\"description\":\"Le rendez-vous critique du Net\",\"potentialAction\":[{\"@type\":\"SearchAction\",\"target\":{\"@type\":\"EntryPoint\",\"urlTemplate\":\"https:\/\/www.nettali.com\/?s={search_term_string}\"},\"query-input\":\"required name=search_term_string\"}],\"inLanguage\":\"fr-FR\"},{\"@type\":\"ImageObject\",\"@id\":\"https:\/\/www.nettali.com\/2023\/08\/17\/perquisition-chez-le-presume-cerveau-de-lattaque-de-lucad-la-surete-urbaine-met-la-main-sur-la-cagoule-du-pyromane\/#primaryimage\",\"inLanguage\":\"fr-FR\",\"url\":\"https:\/\/www.nettali.com\/wp-content\/uploads\/2021\/02\/police-centrale-de-Dakar.jpg\",\"contentUrl\":\"https:\/\/www.nettali.com\/wp-content\/uploads\/2021\/02\/police-centrale-de-Dakar.jpg\",\"width\":900,\"height\":595},{\"@type\":\"WebPage\",\"@id\":\"https:\/\/www.nettali.com\/2023\/08\/17\/perquisition-chez-le-presume-cerveau-de-lattaque-de-lucad-la-surete-urbaine-met-la-main-sur-la-cagoule-du-pyromane\/#webpage\",\"url\":\"https:\/\/www.nettali.com\/2023\/08\/17\/perquisition-chez-le-presume-cerveau-de-lattaque-de-lucad-la-surete-urbaine-met-la-main-sur-la-cagoule-du-pyromane\/\",\"name\":\"PERQUISITION CHEZ LE PRESUME CERVEAU DE L'ATTAQUE DE L'UCAD - La S\\u00fbret\\u00e9 urbaine met la main sur la cagoule du pyromane | Nettali.com\",\"isPartOf\":{\"@id\":\"https:\/\/www.nettali.com\/#website\"},\"primaryImageOfPage\":{\"@id\":\"https:\/\/www.nettali.com\/2023\/08\/17\/perquisition-chez-le-presume-cerveau-de-lattaque-de-lucad-la-surete-urbaine-met-la-main-sur-la-cagoule-du-pyromane\/#primaryimage\"},\"datePublished\":\"2023-08-17T21:31:38+00:00\",\"dateModified\":\"2023-08-18T10:24:26+00:00\",\"author\":{\"@id\":\"https:\/\/www.nettali.com\/#\/schema\/person\/3317e0bb3aa1da309fbf7b2780901bf4\"},\"breadcrumb\":{\"@id\":\"https:\/\/www.nettali.com\/2023\/08\/17\/perquisition-chez-le-presume-cerveau-de-lattaque-de-lucad-la-surete-urbaine-met-la-main-sur-la-cagoule-du-pyromane\/#breadcrumb\"},\"inLanguage\":\"fr-FR\",\"potentialAction\":[{\"@type\":\"ReadAction\",\"target\":[\"https:\/\/www.nettali.com\/2023\/08\/17\/perquisition-chez-le-presume-cerveau-de-lattaque-de-lucad-la-surete-urbaine-met-la-main-sur-la-cagoule-du-pyromane\/\"]}]},{\"@type\":\"BreadcrumbList\",\"@id\":\"https:\/\/www.nettali.com\/2023\/08\/17\/perquisition-chez-le-presume-cerveau-de-lattaque-de-lucad-la-surete-urbaine-met-la-main-sur-la-cagoule-du-pyromane\/#breadcrumb\",\"itemListElement\":[{\"@type\":\"ListItem\",\"position\":1,\"name\":\"Accueil\",\"item\":\"https:\/\/www.nettali.com\/\"},{\"@type\":\"ListItem\",\"position\":2,\"name\":\"PERQUISITION CHEZ LE PRESUME CERVEAU DE L'ATTAQUE DE L'UCAD - La S\\u00fbret\\u00e9 urbaine met la main sur la cagoule du pyromane\"}]},{\"@type\":\"Person\",\"@id\":\"https:\/\/www.nettali.com\/#\/schema\/person\/3317e0bb3aa1da309fbf7b2780901bf4\",\"name\":\"Daouda\",\"image\":{\"@type\":\"ImageObject\",\"@id\":\"https:\/\/www.nettali.com\/#personlogo\",\"inLanguage\":\"fr-FR\",\"url\":\"https:\/\/secure.gravatar.com\/avatar\/8d143b5a49345098ddcfee1c49c2f47c?s=96&d=mm&r=g\",\"contentUrl\":\"https:\/\/secure.gravatar.com\/avatar\/8d143b5a49345098ddcfee1c49c2f47c?s=96&d=mm&r=g\",\"caption\":\"Daouda\"},\"sameAs\":[\"https:\/\/www.nettali.com\"]}]}<\/script>\n<!-- \/ Yoast SEO Premium plugin. -->","yoast_head_json":{"title":"PERQUISITION CHEZ LE PRESUME CERVEAU DE L'ATTAQUE DE L'UCAD - La S\u00fbret\u00e9 urbaine met la main sur la cagoule du pyromane | Nettali.com","robots":{"index":"index","follow":"follow","max-snippet":"max-snippet:-1","max-image-preview":"max-image-preview:large","max-video-preview":"max-video-preview:-1"},"canonical":"https:\/\/www.nettali.com\/2023\/08\/17\/perquisition-chez-le-presume-cerveau-de-lattaque-de-lucad-la-surete-urbaine-met-la-main-sur-la-cagoule-du-pyromane\/","og_locale":"fr_FR","og_type":"article","og_title":"PERQUISITION CHEZ LE PRESUME CERVEAU DE L'ATTAQUE DE L'UCAD - La S\u00fbret\u00e9 urbaine met la main sur la cagoule du pyromane","og_description":"NETTALI.COM - L\u2019\u00e9tudiant Mor Tall, tr\u00e8s agit\u00e9 dans les vid\u00e9os de surveillance exploit\u00e9es par la police, le jour de l\u2019incendie de l\u2019Universit\u00e9 Cheikh Anta Diop de Dakar (Ucad), a \u00e9t\u00e9 arr\u00eat\u00e9 sur les lieux du crime avant-hier mardi 15 Ao\u00fbt. Il \u00e9tait revenu \u00e0 l\u2019Ucad pour participer \u00e0 la comm\u00e9moration de la mort de l\u2019\u00e9tudiant [&hellip;]","og_url":"https:\/\/www.nettali.com\/2023\/08\/17\/perquisition-chez-le-presume-cerveau-de-lattaque-de-lucad-la-surete-urbaine-met-la-main-sur-la-cagoule-du-pyromane\/","og_site_name":"Nettali.com","article_publisher":"https:\/\/www.facebook.com\/nettalicom","article_published_time":"2023-08-17T21:31:38+00:00","article_modified_time":"2023-08-18T10:24:26+00:00","og_image":[{"width":900,"height":595,"url":"https:\/\/www.nettali.com\/wp-content\/uploads\/2021\/02\/police-centrale-de-Dakar.jpg","type":"image\/jpeg"}],"twitter_card":"summary_large_image","twitter_misc":{"\u00c9crit par":"Daouda","Dur\u00e9e de lecture estim\u00e9e":"2 minutes"},"schema":{"@context":"https:\/\/schema.org","@graph":[{"@type":"WebSite","@id":"https:\/\/www.nettali.com\/#website","url":"https:\/\/www.nettali.com\/","name":"Nettali.com","description":"Le rendez-vous critique du Net","potentialAction":[{"@type":"SearchAction","target":{"@type":"EntryPoint","urlTemplate":"https:\/\/www.nettali.com\/?s={search_term_string}"},"query-input":"required name=search_term_string"}],"inLanguage":"fr-FR"},{"@type":"ImageObject","@id":"https:\/\/www.nettali.com\/2023\/08\/17\/perquisition-chez-le-presume-cerveau-de-lattaque-de-lucad-la-surete-urbaine-met-la-main-sur-la-cagoule-du-pyromane\/#primaryimage","inLanguage":"fr-FR","url":"https:\/\/www.nettali.com\/wp-content\/uploads\/2021\/02\/police-centrale-de-Dakar.jpg","contentUrl":"https:\/\/www.nettali.com\/wp-content\/uploads\/2021\/02\/police-centrale-de-Dakar.jpg","width":900,"height":595},{"@type":"WebPage","@id":"https:\/\/www.nettali.com\/2023\/08\/17\/perquisition-chez-le-presume-cerveau-de-lattaque-de-lucad-la-surete-urbaine-met-la-main-sur-la-cagoule-du-pyromane\/#webpage","url":"https:\/\/www.nettali.com\/2023\/08\/17\/perquisition-chez-le-presume-cerveau-de-lattaque-de-lucad-la-surete-urbaine-met-la-main-sur-la-cagoule-du-pyromane\/","name":"PERQUISITION CHEZ LE PRESUME CERVEAU DE L'ATTAQUE DE L'UCAD - La S\u00fbret\u00e9 urbaine met la main sur la cagoule du pyromane | Nettali.com","isPartOf":{"@id":"https:\/\/www.nettali.com\/#website"},"primaryImageOfPage":{"@id":"https:\/\/www.nettali.com\/2023\/08\/17\/perquisition-chez-le-presume-cerveau-de-lattaque-de-lucad-la-surete-urbaine-met-la-main-sur-la-cagoule-du-pyromane\/#primaryimage"},"datePublished":"2023-08-17T21:31:38+00:00","dateModified":"2023-08-18T10:24:26+00:00","author":{"@id":"https:\/\/www.nettali.com\/#\/schema\/person\/3317e0bb3aa1da309fbf7b2780901bf4"},"breadcrumb":{"@id":"https:\/\/www.nettali.com\/2023\/08\/17\/perquisition-chez-le-presume-cerveau-de-lattaque-de-lucad-la-surete-urbaine-met-la-main-sur-la-cagoule-du-pyromane\/#breadcrumb"},"inLanguage":"fr-FR","potentialAction":[{"@type":"ReadAction","target":["https:\/\/www.nettali.com\/2023\/08\/17\/perquisition-chez-le-presume-cerveau-de-lattaque-de-lucad-la-surete-urbaine-met-la-main-sur-la-cagoule-du-pyromane\/"]}]},{"@type":"BreadcrumbList","@id":"https:\/\/www.nettali.com\/2023\/08\/17\/perquisition-chez-le-presume-cerveau-de-lattaque-de-lucad-la-surete-urbaine-met-la-main-sur-la-cagoule-du-pyromane\/#breadcrumb","itemListElement":[{"@type":"ListItem","position":1,"name":"Accueil","item":"https:\/\/www.nettali.com\/"},{"@type":"ListItem","position":2,"name":"PERQUISITION CHEZ LE PRESUME CERVEAU DE L'ATTAQUE DE L'UCAD - La S\u00fbret\u00e9 urbaine met la main sur la cagoule du pyromane"}]},{"@type":"Person","@id":"https:\/\/www.nettali.com\/#\/schema\/person\/3317e0bb3aa1da309fbf7b2780901bf4","name":"Daouda","image":{"@type":"ImageObject","@id":"https:\/\/www.nettali.com\/#personlogo","inLanguage":"fr-FR","url":"https:\/\/secure.gravatar.com\/avatar\/8d143b5a49345098ddcfee1c49c2f47c?s=96&d=mm&r=g","contentUrl":"https:\/\/secure.gravatar.com\/avatar\/8d143b5a49345098ddcfee1c49c2f47c?s=96&d=mm&r=g","caption":"Daouda"},"sameAs":["https:\/\/www.nettali.com"]}]}},"_links":{"self":[{"href":"https:\/\/www.nettali.com\/rest\/wp\/v2\/posts\/116322"}],"collection":[{"href":"https:\/\/www.nettali.com\/rest\/wp\/v2\/posts"}],"about":[{"href":"https:\/\/www.nettali.com\/rest\/wp\/v2\/types\/post"}],"author":[{"embeddable":true,"href":"https:\/\/www.nettali.com\/rest\/wp\/v2\/users\/4"}],"replies":[{"embeddable":true,"href":"https:\/\/www.nettali.com\/rest\/wp\/v2\/comments?post=116322"}],"version-history":[{"count":3,"href":"https:\/\/www.nettali.com\/rest\/wp\/v2\/posts\/116322\/revisions"}],"predecessor-version":[{"id":116344,"href":"https:\/\/www.nettali.com\/rest\/wp\/v2\/posts\/116322\/revisions\/116344"}],"wp:featuredmedia":[{"embeddable":true,"href":"https:\/\/www.nettali.com\/rest\/wp\/v2\/media\/58483"}],"wp:attachment":[{"href":"https:\/\/www.nettali.com\/rest\/wp\/v2\/media?parent=116322"}],"wp:term":[{"taxonomy":"category","embeddable":true,"href":"https:\/\/www.nettali.com\/rest\/wp\/v2\/categories?post=116322"},{"taxonomy":"post_tag","embeddable":true,"href":"https:\/\/www.nettali.com\/rest\/wp\/v2\/tags?post=116322"}],"curies":[{"name":"wp","href":"https:\/\/api.w.org\/{rel}","templated":true}]}}