{"id":116256,"date":"2023-08-16T20:38:27","date_gmt":"2023-08-16T20:38:27","guid":{"rendered":"https:\/\/www.nettali.com\/?p=116256"},"modified":"2023-08-18T09:07:17","modified_gmt":"2023-08-18T09:07:17","slug":"mahammed-boun-abdallah-dionne-si-je-suis-choisi-candidat-de-bennoo-bokk-yaakaar","status":"publish","type":"post","link":"https:\/\/www.nettali.com\/2023\/08\/16\/mahammed-boun-abdallah-dionne-si-je-suis-choisi-candidat-de-bennoo-bokk-yaakaar\/","title":{"rendered":"EN COULISSES - \"Si je suis choisi candidat de Bennoo...\""},"content":{"rendered":"<p><strong>NETTALI.COM - L\u2019ancien Premier ministre, Mahammed Boun Abdallah Dionne, a d\u00e9pos\u00e9 sa candidature \u00e0 la candidature de Benno Bokk Yaakaar. S\u2019il est choisi par le pr\u00e9sident de la R\u00e9publique, Macky Sall, pour porter le flambeau de Benno Bokk Yaakaar, il promet une victoire \u00e9clatante au soir de l\u2019\u00e9lection pr\u00e9sidentielle de f\u00e9vrier 2024.<\/strong><\/p>\n<p><em>\"Il y a un mois, je confirmais ma candidature \u00e0 la candidature de Benno Bokk Yaakaar aupr\u00e8s du Pr\u00e9sident Moustapha Niasse. D\u00e9sign\u00e9 \u00e0 cet effet par le Pr\u00e9sident Macky Sall, Chef de l\u2019Etat, Pr\u00e9sident de l\u2019APR et de BBY. Dans cette perspective, j\u2019ai eu de nombreux \u00e9changes avec la presque totalit\u00e9 des candidats \u00e0 la candidature. Ma conviction profonde est que c\u2019est en bloc soud\u00e9 autour du Pr\u00e9sident Macky Sall, de son parti et de Benno que la victoire de 2024 sera assur\u00e9e\"<\/em>, \u00e9crit l\u2019ancien Premier ministre dans une note.<\/p>\n<p>Il jure qu\u2019\u00e0 l\u2019\u00e9tape du choix, sa d\u00e9marche a \u00e9t\u00e9 de mettre \u00e0 l\u2019aise le Pr\u00e9sident Macky Sall dans le rassemblement de toute sa famille politique pour ex\u00e9cuter le mandat qui lui a \u00e9t\u00e9 d\u00e9livr\u00e9 par la Conf\u00e9rence des Leaders de Benno. \"C<em>\u2019est bien comme cela que nous \u00e9viterons tout clivage entre candidats \u00e0 la candidature de BBY. Ainsi, nous r\u00e9serverons nos forces et nos strat\u00e9gies \u00e0 la campagne \u00e0 venir qui nous opposera \u00e0 d\u2019autres et non entre nous\",<\/em> laisse-t-il entendre.<\/p>\n<p>Il s\u2019engage, si la coalition Benno Bokk Yaakaar \u00a0lui accorde sa confiance pour porter le brassard de l\u2019\u00e9quipe, de ramener, comme il l\u2019a d\u00e9j\u00e0 fait en d\u2019autres temps lors d\u2019\u00e9lections nationales, \"<em>une victoire \u00e9clatante \u00e0 l\u2019\u00e9lection pr\u00e9sidentielle de f\u00e9vrier 2024<\/em>\". \"<em>Cette victoire, nous l\u2019obtiendrons gr\u00e2ce au concours de la Team Benno et de nos compatriotes qui partagent avec nous, dans le contexte pr\u00e9sent du p\u00e9trole et du gaz, la volont\u00e9 de poursuivre le projet politique du Pr\u00e9sident Macky Sall, d\u2019un S\u00e9n\u00e9gal de tous, un S\u00e9n\u00e9gal pour tous<\/em>\", promet-il.<\/p>\n<p>&nbsp;<\/p>\n<div class='share-to-whatsapp-wrapper'><div class='share-on-whsp'>PARTAGER SUR : <\/div><a data-text='EN COULISSES - \"Si je suis choisi candidat de Bennoo...\"' data-link='https:\/\/www.nettali.com\/2023\/08\/16\/mahammed-boun-abdallah-dionne-si-je-suis-choisi-candidat-de-bennoo-bokk-yaakaar\/' class='whatsapp-button whatsapp-share'>WhatsApp<\/a><div class='clear '><\/div><\/div>","protected":false},"excerpt":{"rendered":"<p>NETTALI.COM - L\u2019ancien Premier ministre, Mahammed Boun Abdallah Dionne, a d\u00e9pos\u00e9 sa candidature \u00e0 la candidature de Benno Bokk Yaakaar. S\u2019il est choisi par le pr\u00e9sident de la R\u00e9publique, Macky Sall, pour porter le flambeau de Benno Bokk Yaakaar, il promet une victoire \u00e9clatante au soir de l\u2019\u00e9lection pr\u00e9sidentielle de f\u00e9vrier 2024. \"Il y a [&hellip;]<\/p>\n","protected":false},"author":4,"featured_media":114135,"comment_status":"open","ping_status":"open","sticky":false,"template":"","format":"standard","meta":{"_et_pb_use_builder":"","_et_pb_old_content":""},"categories":[34945],"tags":[],"yoast_head":"<!-- This site is optimized with the Yoast SEO Premium plugin v17.8 (Yoast SEO v17.8) - https:\/\/yoast.com\/wordpress\/plugins\/seo\/ -->\n<title>EN COULISSES - &quot;Si je suis choisi candidat de Bennoo...&quot; | Nettali.com<\/title>\n<meta name=\"robots\" content=\"index, follow, max-snippet:-1, max-image-preview:large, max-video-preview:-1\" \/>\n<link rel=\"canonical\" href=\"https:\/\/www.nettali.com\/2023\/08\/16\/mahammed-boun-abdallah-dionne-si-je-suis-choisi-candidat-de-bennoo-bokk-yaakaar\/\" \/>\n<meta property=\"og:locale\" content=\"fr_FR\" \/>\n<meta property=\"og:type\" content=\"article\" \/>\n<meta property=\"og:title\" content=\"EN COULISSES - &quot;Si je suis choisi candidat de Bennoo...&quot;\" \/>\n<meta property=\"og:description\" content=\"NETTALI.COM - L\u2019ancien Premier ministre, Mahammed Boun Abdallah Dionne, a d\u00e9pos\u00e9 sa candidature \u00e0 la candidature de Benno Bokk Yaakaar. S\u2019il est choisi par le pr\u00e9sident de la R\u00e9publique, Macky Sall, pour porter le flambeau de Benno Bokk Yaakaar, il promet une victoire \u00e9clatante au soir de l\u2019\u00e9lection pr\u00e9sidentielle de f\u00e9vrier 2024. &quot;Il y a [&hellip;]\" \/>\n<meta property=\"og:url\" content=\"https:\/\/www.nettali.com\/2023\/08\/16\/mahammed-boun-abdallah-dionne-si-je-suis-choisi-candidat-de-bennoo-bokk-yaakaar\/\" \/>\n<meta property=\"og:site_name\" content=\"Nettali.com\" \/>\n<meta property=\"article:publisher\" content=\"https:\/\/www.facebook.com\/nettalicom\" \/>\n<meta property=\"article:published_time\" content=\"2023-08-16T20:38:27+00:00\" \/>\n<meta property=\"article:modified_time\" content=\"2023-08-18T09:07:17+00:00\" \/>\n<meta property=\"og:image\" content=\"https:\/\/www.nettali.com\/wp-content\/uploads\/2023\/07\/boun-abdallah-dionne.jpeg\" \/>\n\t<meta property=\"og:image:width\" content=\"720\" \/>\n\t<meta property=\"og:image:height\" content=\"481\" \/>\n<meta name=\"twitter:card\" content=\"summary_large_image\" \/>\n<meta name=\"twitter:label1\" content=\"\u00c9crit par\" \/>\n\t<meta name=\"twitter:data1\" content=\"Daouda\" \/>\n\t<meta name=\"twitter:label2\" content=\"Dur\u00e9e de lecture estim\u00e9e\" \/>\n\t<meta name=\"twitter:data2\" content=\"2 minutes\" \/>\n<script type=\"application\/ld+json\" class=\"yoast-schema-graph\">{\"@context\":\"https:\/\/schema.org\",\"@graph\":[{\"@type\":\"WebSite\",\"@id\":\"https:\/\/www.nettali.com\/#website\",\"url\":\"https:\/\/www.nettali.com\/\",\"name\":\"Nettali.com\",\"description\":\"Le rendez-vous critique du Net\",\"potentialAction\":[{\"@type\":\"SearchAction\",\"target\":{\"@type\":\"EntryPoint\",\"urlTemplate\":\"https:\/\/www.nettali.com\/?s={search_term_string}\"},\"query-input\":\"required name=search_term_string\"}],\"inLanguage\":\"fr-FR\"},{\"@type\":\"ImageObject\",\"@id\":\"https:\/\/www.nettali.com\/2023\/08\/16\/mahammed-boun-abdallah-dionne-si-je-suis-choisi-candidat-de-bennoo-bokk-yaakaar\/#primaryimage\",\"inLanguage\":\"fr-FR\",\"url\":\"https:\/\/www.nettali.com\/wp-content\/uploads\/2023\/07\/boun-abdallah-dionne.jpeg\",\"contentUrl\":\"https:\/\/www.nettali.com\/wp-content\/uploads\/2023\/07\/boun-abdallah-dionne.jpeg\",\"width\":720,\"height\":481},{\"@type\":\"WebPage\",\"@id\":\"https:\/\/www.nettali.com\/2023\/08\/16\/mahammed-boun-abdallah-dionne-si-je-suis-choisi-candidat-de-bennoo-bokk-yaakaar\/#webpage\",\"url\":\"https:\/\/www.nettali.com\/2023\/08\/16\/mahammed-boun-abdallah-dionne-si-je-suis-choisi-candidat-de-bennoo-bokk-yaakaar\/\",\"name\":\"EN COULISSES - \\\"Si je suis choisi candidat de Bennoo...\\\" | Nettali.com\",\"isPartOf\":{\"@id\":\"https:\/\/www.nettali.com\/#website\"},\"primaryImageOfPage\":{\"@id\":\"https:\/\/www.nettali.com\/2023\/08\/16\/mahammed-boun-abdallah-dionne-si-je-suis-choisi-candidat-de-bennoo-bokk-yaakaar\/#primaryimage\"},\"datePublished\":\"2023-08-16T20:38:27+00:00\",\"dateModified\":\"2023-08-18T09:07:17+00:00\",\"author\":{\"@id\":\"https:\/\/www.nettali.com\/#\/schema\/person\/3317e0bb3aa1da309fbf7b2780901bf4\"},\"breadcrumb\":{\"@id\":\"https:\/\/www.nettali.com\/2023\/08\/16\/mahammed-boun-abdallah-dionne-si-je-suis-choisi-candidat-de-bennoo-bokk-yaakaar\/#breadcrumb\"},\"inLanguage\":\"fr-FR\",\"potentialAction\":[{\"@type\":\"ReadAction\",\"target\":[\"https:\/\/www.nettali.com\/2023\/08\/16\/mahammed-boun-abdallah-dionne-si-je-suis-choisi-candidat-de-bennoo-bokk-yaakaar\/\"]}]},{\"@type\":\"BreadcrumbList\",\"@id\":\"https:\/\/www.nettali.com\/2023\/08\/16\/mahammed-boun-abdallah-dionne-si-je-suis-choisi-candidat-de-bennoo-bokk-yaakaar\/#breadcrumb\",\"itemListElement\":[{\"@type\":\"ListItem\",\"position\":1,\"name\":\"Accueil\",\"item\":\"https:\/\/www.nettali.com\/\"},{\"@type\":\"ListItem\",\"position\":2,\"name\":\"EN COULISSES - \\\"Si je suis choisi candidat de Bennoo...\\\"\"}]},{\"@type\":\"Person\",\"@id\":\"https:\/\/www.nettali.com\/#\/schema\/person\/3317e0bb3aa1da309fbf7b2780901bf4\",\"name\":\"Daouda\",\"image\":{\"@type\":\"ImageObject\",\"@id\":\"https:\/\/www.nettali.com\/#personlogo\",\"inLanguage\":\"fr-FR\",\"url\":\"https:\/\/secure.gravatar.com\/avatar\/8d143b5a49345098ddcfee1c49c2f47c?s=96&d=mm&r=g\",\"contentUrl\":\"https:\/\/secure.gravatar.com\/avatar\/8d143b5a49345098ddcfee1c49c2f47c?s=96&d=mm&r=g\",\"caption\":\"Daouda\"},\"sameAs\":[\"https:\/\/www.nettali.com\"]}]}<\/script>\n<!-- \/ Yoast SEO Premium plugin. -->","yoast_head_json":{"title":"EN COULISSES - \"Si je suis choisi candidat de Bennoo...\" | Nettali.com","robots":{"index":"index","follow":"follow","max-snippet":"max-snippet:-1","max-image-preview":"max-image-preview:large","max-video-preview":"max-video-preview:-1"},"canonical":"https:\/\/www.nettali.com\/2023\/08\/16\/mahammed-boun-abdallah-dionne-si-je-suis-choisi-candidat-de-bennoo-bokk-yaakaar\/","og_locale":"fr_FR","og_type":"article","og_title":"EN COULISSES - \"Si je suis choisi candidat de Bennoo...\"","og_description":"NETTALI.COM - L\u2019ancien Premier ministre, Mahammed Boun Abdallah Dionne, a d\u00e9pos\u00e9 sa candidature \u00e0 la candidature de Benno Bokk Yaakaar. S\u2019il est choisi par le pr\u00e9sident de la R\u00e9publique, Macky Sall, pour porter le flambeau de Benno Bokk Yaakaar, il promet une victoire \u00e9clatante au soir de l\u2019\u00e9lection pr\u00e9sidentielle de f\u00e9vrier 2024. \"Il y a [&hellip;]","og_url":"https:\/\/www.nettali.com\/2023\/08\/16\/mahammed-boun-abdallah-dionne-si-je-suis-choisi-candidat-de-bennoo-bokk-yaakaar\/","og_site_name":"Nettali.com","article_publisher":"https:\/\/www.facebook.com\/nettalicom","article_published_time":"2023-08-16T20:38:27+00:00","article_modified_time":"2023-08-18T09:07:17+00:00","og_image":[{"width":720,"height":481,"url":"https:\/\/www.nettali.com\/wp-content\/uploads\/2023\/07\/boun-abdallah-dionne.jpeg","type":"image\/jpeg"}],"twitter_card":"summary_large_image","twitter_misc":{"\u00c9crit par":"Daouda","Dur\u00e9e de lecture estim\u00e9e":"2 minutes"},"schema":{"@context":"https:\/\/schema.org","@graph":[{"@type":"WebSite","@id":"https:\/\/www.nettali.com\/#website","url":"https:\/\/www.nettali.com\/","name":"Nettali.com","description":"Le rendez-vous critique du Net","potentialAction":[{"@type":"SearchAction","target":{"@type":"EntryPoint","urlTemplate":"https:\/\/www.nettali.com\/?s={search_term_string}"},"query-input":"required name=search_term_string"}],"inLanguage":"fr-FR"},{"@type":"ImageObject","@id":"https:\/\/www.nettali.com\/2023\/08\/16\/mahammed-boun-abdallah-dionne-si-je-suis-choisi-candidat-de-bennoo-bokk-yaakaar\/#primaryimage","inLanguage":"fr-FR","url":"https:\/\/www.nettali.com\/wp-content\/uploads\/2023\/07\/boun-abdallah-dionne.jpeg","contentUrl":"https:\/\/www.nettali.com\/wp-content\/uploads\/2023\/07\/boun-abdallah-dionne.jpeg","width":720,"height":481},{"@type":"WebPage","@id":"https:\/\/www.nettali.com\/2023\/08\/16\/mahammed-boun-abdallah-dionne-si-je-suis-choisi-candidat-de-bennoo-bokk-yaakaar\/#webpage","url":"https:\/\/www.nettali.com\/2023\/08\/16\/mahammed-boun-abdallah-dionne-si-je-suis-choisi-candidat-de-bennoo-bokk-yaakaar\/","name":"EN COULISSES - \"Si je suis choisi candidat de Bennoo...\" | Nettali.com","isPartOf":{"@id":"https:\/\/www.nettali.com\/#website"},"primaryImageOfPage":{"@id":"https:\/\/www.nettali.com\/2023\/08\/16\/mahammed-boun-abdallah-dionne-si-je-suis-choisi-candidat-de-bennoo-bokk-yaakaar\/#primaryimage"},"datePublished":"2023-08-16T20:38:27+00:00","dateModified":"2023-08-18T09:07:17+00:00","author":{"@id":"https:\/\/www.nettali.com\/#\/schema\/person\/3317e0bb3aa1da309fbf7b2780901bf4"},"breadcrumb":{"@id":"https:\/\/www.nettali.com\/2023\/08\/16\/mahammed-boun-abdallah-dionne-si-je-suis-choisi-candidat-de-bennoo-bokk-yaakaar\/#breadcrumb"},"inLanguage":"fr-FR","potentialAction":[{"@type":"ReadAction","target":["https:\/\/www.nettali.com\/2023\/08\/16\/mahammed-boun-abdallah-dionne-si-je-suis-choisi-candidat-de-bennoo-bokk-yaakaar\/"]}]},{"@type":"BreadcrumbList","@id":"https:\/\/www.nettali.com\/2023\/08\/16\/mahammed-boun-abdallah-dionne-si-je-suis-choisi-candidat-de-bennoo-bokk-yaakaar\/#breadcrumb","itemListElement":[{"@type":"ListItem","position":1,"name":"Accueil","item":"https:\/\/www.nettali.com\/"},{"@type":"ListItem","position":2,"name":"EN COULISSES - \"Si je suis choisi candidat de Bennoo...\""}]},{"@type":"Person","@id":"https:\/\/www.nettali.com\/#\/schema\/person\/3317e0bb3aa1da309fbf7b2780901bf4","name":"Daouda","image":{"@type":"ImageObject","@id":"https:\/\/www.nettali.com\/#personlogo","inLanguage":"fr-FR","url":"https:\/\/secure.gravatar.com\/avatar\/8d143b5a49345098ddcfee1c49c2f47c?s=96&d=mm&r=g","contentUrl":"https:\/\/secure.gravatar.com\/avatar\/8d143b5a49345098ddcfee1c49c2f47c?s=96&d=mm&r=g","caption":"Daouda"},"sameAs":["https:\/\/www.nettali.com"]}]}},"_links":{"self":[{"href":"https:\/\/www.nettali.com\/rest\/wp\/v2\/posts\/116256"}],"collection":[{"href":"https:\/\/www.nettali.com\/rest\/wp\/v2\/posts"}],"about":[{"href":"https:\/\/www.nettali.com\/rest\/wp\/v2\/types\/post"}],"author":[{"embeddable":true,"href":"https:\/\/www.nettali.com\/rest\/wp\/v2\/users\/4"}],"replies":[{"embeddable":true,"href":"https:\/\/www.nettali.com\/rest\/wp\/v2\/comments?post=116256"}],"version-history":[{"count":6,"href":"https:\/\/www.nettali.com\/rest\/wp\/v2\/posts\/116256\/revisions"}],"predecessor-version":[{"id":116350,"href":"https:\/\/www.nettali.com\/rest\/wp\/v2\/posts\/116256\/revisions\/116350"}],"wp:featuredmedia":[{"embeddable":true,"href":"https:\/\/www.nettali.com\/rest\/wp\/v2\/media\/114135"}],"wp:attachment":[{"href":"https:\/\/www.nettali.com\/rest\/wp\/v2\/media?parent=116256"}],"wp:term":[{"taxonomy":"category","embeddable":true,"href":"https:\/\/www.nettali.com\/rest\/wp\/v2\/categories?post=116256"},{"taxonomy":"post_tag","embeddable":true,"href":"https:\/\/www.nettali.com\/rest\/wp\/v2\/tags?post=116256"}],"curies":[{"name":"wp","href":"https:\/\/api.w.org\/{rel}","templated":true}]}}