{"id":116240,"date":"2023-08-16T18:39:20","date_gmt":"2023-08-16T18:39:20","guid":{"rendered":"https:\/\/www.nettali.com\/?p=116240"},"modified":"2023-08-18T13:54:06","modified_gmt":"2023-08-18T13:54:06","slug":"agression-du-littoral-sos-littoral-hausse-le-ton-et-initie-la-promenade-des-mamelles","status":"publish","type":"post","link":"https:\/\/www.nettali.com\/2023\/08\/16\/agression-du-littoral-sos-littoral-hausse-le-ton-et-initie-la-promenade-des-mamelles\/","title":{"rendered":"AGRESSION DU LITTORAL - SOS Littoral hausse le ton et initie la \"promenade des Mamelles\""},"content":{"rendered":"<p><strong>NETTALI.COM - Le pr\u00e9sident de l\u2019association pour la d\u00e9fense du littoral (SOS Littoral) Omar Ngalla Diagne, a proc\u00e9d\u00e9, ce lundi 14 ao\u00fbt, \u00e0 la pose de la premi\u00e8re pierre du projet \"<em>la promenade des Mamelles<\/em>\" qui se veut une alternative \u00e0 la \"<em>pression fonci\u00e8re<\/em>\" sur le littoral dakarois.<\/strong><\/p>\n<p>Le collectif pour la protection du littoral s\u00e9n\u00e9galais d\u00e9nomm\u00e9 SOS littoral a fait face \u00e0 la presse pour d\u00e9noncer la destruction d\u2019un rocher en bordure de mer \u00e0 c\u00f4t\u00e9 du phare des Mamelles \u00e0 Ouakam. Le pr\u00e9sident dudit collectif, Omar Ngala Diagne est d\u2019avis que les terres du littoral sont le 6e cancer de Dakar. \"<em>Dans cette zone, il y a une in\u00e9galit\u00e9 end\u00e9mique. Un S\u00e9n\u00e9galais s\u2019arroge le droit de d\u00e9truire ce site en cassant le rocher sans aucune norme, \u00e0 savoir le code de la g\u00e9ologie, celui de l\u2019environnement, etc<\/em>\",regrette-t-il. Et de poursuivre : \"<em>Il a d\u00e9j\u00e0 un arr\u00eat\u00e9 du ministre des Finances et du Budget et il veut faire un remblai sur 50 ou 100 m\u00e8tres dans la mer pour avoir du foncier et \u00e9videmment n\u00e9gocier avec des partenaires \u00e9trangers ou le vendre au prix de 3 millions F CFA le m\u00e8tre-carr\u00e9<\/em>\".<\/p>\n<p>Ainsi pour faire face \u00e0 ce qu'ils appellent \"<em>forfaiture<\/em>\", Omar Ngalla Diagne et Cie ont d\u00e9voil\u00e9 leur projet qui consiste \u00e0 construire un pont avec des passages pi\u00e9ton et v\u00e9lo sur le long du littoral de Dakar.<\/p>\n<p>\"<em>Nous avons imagin\u00e9 la promenade des <\/em><em>Mamelles comme voie de contournement maritime de quatre voies, avec une piste cyclable, qui permettra de d\u00e9sengorger la route de Ngor, mais aussi de booster le <\/em><em>tourisme avec surtout la grotte de la lumi\u00e8re<\/em>\", a indiqu\u00e9 Omar Diagne, en marge de la c\u00e9r\u00e9monie de pose de la premi\u00e8re pierre.<\/p>\n<p>Outre des membres de l\u2019association, des autorit\u00e9s municipales et coutumi\u00e8res de la localit\u00e9 ont pris part \u00e0 la c\u00e9r\u00e9monie.<br \/>\n\"<em>La nature ayant horreur du vide, nous <\/em><em>allons planter des arbres sur ce segment et nous envisageons la construction d\u2019un pont \u00e0 l\u2019image de celui de Brooklyn (Etats unis)<\/em>\", a laiss\u00e9 entendre le pr\u00e9sident de SOS littoral.<\/p>\n<p>Il a \u00e9galement plaid\u00e9 pour que \"<em>les plans d\u2019am\u00e9nagement du littoral de la Corniche Ouest puissent \u00eatre \u00e9tendus jusqu\u2019\u00e0 cette place d\u00e9nomm\u00e9e Jean Lefevre<\/em>\".<br \/>\nL\u2019adjointe au maire de la commune deOuakam, Seynabou Gu\u00e8ye, s\u2019est dite \u00eatre en \"<em>phase avec SOS littoral et toutes les <\/em><br \/>\n<em>personnes qui peuvent aider sauvegarder le littoral qui est sauvagement agress\u00e9<\/em>\".<\/p>\n<p>\"<em>Tout le littoral de Dakar est b\u00e9tonn\u00e9. Nous lan\u00e7ons un cri du c\u0153ur aux autorit\u00e9s \u00e9tatiques, plus pr\u00e9cis\u00e9ment le pr\u00e9sident de la R\u00e9publique et le ministre en charge de l\u2019Urbanisme de nous aider \u00e0 sauvegarder ce petit segment qui nous reste<\/em>\", a-t-elle martel\u00e9.<\/p>\n<div class='share-to-whatsapp-wrapper'><div class='share-on-whsp'>PARTAGER SUR : <\/div><a data-text='AGRESSION DU LITTORAL - SOS Littoral hausse le ton et initie la \"promenade des Mamelles\"' data-link='https:\/\/www.nettali.com\/2023\/08\/16\/agression-du-littoral-sos-littoral-hausse-le-ton-et-initie-la-promenade-des-mamelles\/' class='whatsapp-button whatsapp-share'>WhatsApp<\/a><div class='clear '><\/div><\/div>","protected":false},"excerpt":{"rendered":"<p>NETTALI.COM - Le pr\u00e9sident de l\u2019association pour la d\u00e9fense du littoral (SOS Littoral) Omar Ngalla Diagne, a proc\u00e9d\u00e9, ce lundi 14 ao\u00fbt, \u00e0 la pose de la premi\u00e8re pierre du projet \"la promenade des Mamelles\" qui se veut une alternative \u00e0 la \"pression fonci\u00e8re\" sur le littoral dakarois. Le collectif pour la protection du littoral [&hellip;]<\/p>\n","protected":false},"author":5,"featured_media":116241,"comment_status":"open","ping_status":"open","sticky":false,"template":"","format":"standard","meta":{"_et_pb_use_builder":"","_et_pb_old_content":""},"categories":[3],"tags":[],"yoast_head":"<!-- This site is optimized with the Yoast SEO Premium plugin v17.8 (Yoast SEO v17.8) - https:\/\/yoast.com\/wordpress\/plugins\/seo\/ -->\n<title>AGRESSION DU LITTORAL - SOS Littoral hausse le ton et initie la &quot;promenade des Mamelles&quot; | Nettali.com<\/title>\n<meta name=\"robots\" content=\"index, follow, max-snippet:-1, max-image-preview:large, max-video-preview:-1\" \/>\n<link rel=\"canonical\" href=\"https:\/\/www.nettali.com\/2023\/08\/16\/agression-du-littoral-sos-littoral-hausse-le-ton-et-initie-la-promenade-des-mamelles\/\" \/>\n<meta property=\"og:locale\" content=\"fr_FR\" \/>\n<meta property=\"og:type\" content=\"article\" \/>\n<meta property=\"og:title\" content=\"AGRESSION DU LITTORAL - SOS Littoral hausse le ton et initie la &quot;promenade des Mamelles&quot;\" \/>\n<meta property=\"og:description\" content=\"NETTALI.COM - Le pr\u00e9sident de l\u2019association pour la d\u00e9fense du littoral (SOS Littoral) Omar Ngalla Diagne, a proc\u00e9d\u00e9, ce lundi 14 ao\u00fbt, \u00e0 la pose de la premi\u00e8re pierre du projet &quot;la promenade des Mamelles&quot; qui se veut une alternative \u00e0 la &quot;pression fonci\u00e8re&quot; sur le littoral dakarois. Le collectif pour la protection du littoral [&hellip;]\" \/>\n<meta property=\"og:url\" content=\"https:\/\/www.nettali.com\/2023\/08\/16\/agression-du-littoral-sos-littoral-hausse-le-ton-et-initie-la-promenade-des-mamelles\/\" \/>\n<meta property=\"og:site_name\" content=\"Nettali.com\" \/>\n<meta property=\"article:publisher\" content=\"https:\/\/www.facebook.com\/nettalicom\" \/>\n<meta property=\"article:published_time\" content=\"2023-08-16T18:39:20+00:00\" \/>\n<meta property=\"article:modified_time\" content=\"2023-08-18T13:54:06+00:00\" \/>\n<meta property=\"og:image\" content=\"https:\/\/www.nettali.com\/wp-content\/uploads\/2023\/08\/capture-decran-2020-06-05-a-15.00.48.png\" \/>\n\t<meta property=\"og:image:width\" content=\"654\" \/>\n\t<meta property=\"og:image:height\" content=\"370\" \/>\n<meta name=\"twitter:card\" content=\"summary_large_image\" \/>\n<meta name=\"twitter:label1\" content=\"\u00c9crit par\" \/>\n\t<meta name=\"twitter:data1\" content=\"Ibrahima\" \/>\n\t<meta name=\"twitter:label2\" content=\"Dur\u00e9e de lecture estim\u00e9e\" \/>\n\t<meta name=\"twitter:data2\" content=\"3 minutes\" \/>\n<script type=\"application\/ld+json\" class=\"yoast-schema-graph\">{\"@context\":\"https:\/\/schema.org\",\"@graph\":[{\"@type\":\"WebSite\",\"@id\":\"https:\/\/www.nettali.com\/#website\",\"url\":\"https:\/\/www.nettali.com\/\",\"name\":\"Nettali.com\",\"description\":\"Le rendez-vous critique du Net\",\"potentialAction\":[{\"@type\":\"SearchAction\",\"target\":{\"@type\":\"EntryPoint\",\"urlTemplate\":\"https:\/\/www.nettali.com\/?s={search_term_string}\"},\"query-input\":\"required name=search_term_string\"}],\"inLanguage\":\"fr-FR\"},{\"@type\":\"ImageObject\",\"@id\":\"https:\/\/www.nettali.com\/2023\/08\/16\/agression-du-littoral-sos-littoral-hausse-le-ton-et-initie-la-promenade-des-mamelles\/#primaryimage\",\"inLanguage\":\"fr-FR\",\"url\":\"https:\/\/www.nettali.com\/wp-content\/uploads\/2023\/08\/capture-decran-2020-06-05-a-15.00.48.png\",\"contentUrl\":\"https:\/\/www.nettali.com\/wp-content\/uploads\/2023\/08\/capture-decran-2020-06-05-a-15.00.48.png\",\"width\":654,\"height\":370},{\"@type\":\"WebPage\",\"@id\":\"https:\/\/www.nettali.com\/2023\/08\/16\/agression-du-littoral-sos-littoral-hausse-le-ton-et-initie-la-promenade-des-mamelles\/#webpage\",\"url\":\"https:\/\/www.nettali.com\/2023\/08\/16\/agression-du-littoral-sos-littoral-hausse-le-ton-et-initie-la-promenade-des-mamelles\/\",\"name\":\"AGRESSION DU LITTORAL - SOS Littoral hausse le ton et initie la \\\"promenade des Mamelles\\\" | Nettali.com\",\"isPartOf\":{\"@id\":\"https:\/\/www.nettali.com\/#website\"},\"primaryImageOfPage\":{\"@id\":\"https:\/\/www.nettali.com\/2023\/08\/16\/agression-du-littoral-sos-littoral-hausse-le-ton-et-initie-la-promenade-des-mamelles\/#primaryimage\"},\"datePublished\":\"2023-08-16T18:39:20+00:00\",\"dateModified\":\"2023-08-18T13:54:06+00:00\",\"author\":{\"@id\":\"https:\/\/www.nettali.com\/#\/schema\/person\/bb147657c2986240405a608162b9bb23\"},\"breadcrumb\":{\"@id\":\"https:\/\/www.nettali.com\/2023\/08\/16\/agression-du-littoral-sos-littoral-hausse-le-ton-et-initie-la-promenade-des-mamelles\/#breadcrumb\"},\"inLanguage\":\"fr-FR\",\"potentialAction\":[{\"@type\":\"ReadAction\",\"target\":[\"https:\/\/www.nettali.com\/2023\/08\/16\/agression-du-littoral-sos-littoral-hausse-le-ton-et-initie-la-promenade-des-mamelles\/\"]}]},{\"@type\":\"BreadcrumbList\",\"@id\":\"https:\/\/www.nettali.com\/2023\/08\/16\/agression-du-littoral-sos-littoral-hausse-le-ton-et-initie-la-promenade-des-mamelles\/#breadcrumb\",\"itemListElement\":[{\"@type\":\"ListItem\",\"position\":1,\"name\":\"Accueil\",\"item\":\"https:\/\/www.nettali.com\/\"},{\"@type\":\"ListItem\",\"position\":2,\"name\":\"AGRESSION DU LITTORAL - SOS Littoral hausse le ton et initie la \\\"promenade des Mamelles\\\"\"}]},{\"@type\":\"Person\",\"@id\":\"https:\/\/www.nettali.com\/#\/schema\/person\/bb147657c2986240405a608162b9bb23\",\"name\":\"Ibrahima\",\"image\":{\"@type\":\"ImageObject\",\"@id\":\"https:\/\/www.nettali.com\/#personlogo\",\"inLanguage\":\"fr-FR\",\"url\":\"https:\/\/secure.gravatar.com\/avatar\/26a8a81f09f0dd7624c9d5c36c9ba3a2?s=96&d=mm&r=g\",\"contentUrl\":\"https:\/\/secure.gravatar.com\/avatar\/26a8a81f09f0dd7624c9d5c36c9ba3a2?s=96&d=mm&r=g\",\"caption\":\"Ibrahima\"},\"sameAs\":[\"https:\/\/www.nettali.com\"]}]}<\/script>\n<!-- \/ Yoast SEO Premium plugin. -->","yoast_head_json":{"title":"AGRESSION DU LITTORAL - SOS Littoral hausse le ton et initie la \"promenade des Mamelles\" | Nettali.com","robots":{"index":"index","follow":"follow","max-snippet":"max-snippet:-1","max-image-preview":"max-image-preview:large","max-video-preview":"max-video-preview:-1"},"canonical":"https:\/\/www.nettali.com\/2023\/08\/16\/agression-du-littoral-sos-littoral-hausse-le-ton-et-initie-la-promenade-des-mamelles\/","og_locale":"fr_FR","og_type":"article","og_title":"AGRESSION DU LITTORAL - SOS Littoral hausse le ton et initie la \"promenade des Mamelles\"","og_description":"NETTALI.COM - Le pr\u00e9sident de l\u2019association pour la d\u00e9fense du littoral (SOS Littoral) Omar Ngalla Diagne, a proc\u00e9d\u00e9, ce lundi 14 ao\u00fbt, \u00e0 la pose de la premi\u00e8re pierre du projet \"la promenade des Mamelles\" qui se veut une alternative \u00e0 la \"pression fonci\u00e8re\" sur le littoral dakarois. Le collectif pour la protection du littoral [&hellip;]","og_url":"https:\/\/www.nettali.com\/2023\/08\/16\/agression-du-littoral-sos-littoral-hausse-le-ton-et-initie-la-promenade-des-mamelles\/","og_site_name":"Nettali.com","article_publisher":"https:\/\/www.facebook.com\/nettalicom","article_published_time":"2023-08-16T18:39:20+00:00","article_modified_time":"2023-08-18T13:54:06+00:00","og_image":[{"width":654,"height":370,"url":"https:\/\/www.nettali.com\/wp-content\/uploads\/2023\/08\/capture-decran-2020-06-05-a-15.00.48.png","type":"image\/png"}],"twitter_card":"summary_large_image","twitter_misc":{"\u00c9crit par":"Ibrahima","Dur\u00e9e de lecture estim\u00e9e":"3 minutes"},"schema":{"@context":"https:\/\/schema.org","@graph":[{"@type":"WebSite","@id":"https:\/\/www.nettali.com\/#website","url":"https:\/\/www.nettali.com\/","name":"Nettali.com","description":"Le rendez-vous critique du Net","potentialAction":[{"@type":"SearchAction","target":{"@type":"EntryPoint","urlTemplate":"https:\/\/www.nettali.com\/?s={search_term_string}"},"query-input":"required name=search_term_string"}],"inLanguage":"fr-FR"},{"@type":"ImageObject","@id":"https:\/\/www.nettali.com\/2023\/08\/16\/agression-du-littoral-sos-littoral-hausse-le-ton-et-initie-la-promenade-des-mamelles\/#primaryimage","inLanguage":"fr-FR","url":"https:\/\/www.nettali.com\/wp-content\/uploads\/2023\/08\/capture-decran-2020-06-05-a-15.00.48.png","contentUrl":"https:\/\/www.nettali.com\/wp-content\/uploads\/2023\/08\/capture-decran-2020-06-05-a-15.00.48.png","width":654,"height":370},{"@type":"WebPage","@id":"https:\/\/www.nettali.com\/2023\/08\/16\/agression-du-littoral-sos-littoral-hausse-le-ton-et-initie-la-promenade-des-mamelles\/#webpage","url":"https:\/\/www.nettali.com\/2023\/08\/16\/agression-du-littoral-sos-littoral-hausse-le-ton-et-initie-la-promenade-des-mamelles\/","name":"AGRESSION DU LITTORAL - SOS Littoral hausse le ton et initie la \"promenade des Mamelles\" | Nettali.com","isPartOf":{"@id":"https:\/\/www.nettali.com\/#website"},"primaryImageOfPage":{"@id":"https:\/\/www.nettali.com\/2023\/08\/16\/agression-du-littoral-sos-littoral-hausse-le-ton-et-initie-la-promenade-des-mamelles\/#primaryimage"},"datePublished":"2023-08-16T18:39:20+00:00","dateModified":"2023-08-18T13:54:06+00:00","author":{"@id":"https:\/\/www.nettali.com\/#\/schema\/person\/bb147657c2986240405a608162b9bb23"},"breadcrumb":{"@id":"https:\/\/www.nettali.com\/2023\/08\/16\/agression-du-littoral-sos-littoral-hausse-le-ton-et-initie-la-promenade-des-mamelles\/#breadcrumb"},"inLanguage":"fr-FR","potentialAction":[{"@type":"ReadAction","target":["https:\/\/www.nettali.com\/2023\/08\/16\/agression-du-littoral-sos-littoral-hausse-le-ton-et-initie-la-promenade-des-mamelles\/"]}]},{"@type":"BreadcrumbList","@id":"https:\/\/www.nettali.com\/2023\/08\/16\/agression-du-littoral-sos-littoral-hausse-le-ton-et-initie-la-promenade-des-mamelles\/#breadcrumb","itemListElement":[{"@type":"ListItem","position":1,"name":"Accueil","item":"https:\/\/www.nettali.com\/"},{"@type":"ListItem","position":2,"name":"AGRESSION DU LITTORAL - SOS Littoral hausse le ton et initie la \"promenade des Mamelles\""}]},{"@type":"Person","@id":"https:\/\/www.nettali.com\/#\/schema\/person\/bb147657c2986240405a608162b9bb23","name":"Ibrahima","image":{"@type":"ImageObject","@id":"https:\/\/www.nettali.com\/#personlogo","inLanguage":"fr-FR","url":"https:\/\/secure.gravatar.com\/avatar\/26a8a81f09f0dd7624c9d5c36c9ba3a2?s=96&d=mm&r=g","contentUrl":"https:\/\/secure.gravatar.com\/avatar\/26a8a81f09f0dd7624c9d5c36c9ba3a2?s=96&d=mm&r=g","caption":"Ibrahima"},"sameAs":["https:\/\/www.nettali.com"]}]}},"_links":{"self":[{"href":"https:\/\/www.nettali.com\/rest\/wp\/v2\/posts\/116240"}],"collection":[{"href":"https:\/\/www.nettali.com\/rest\/wp\/v2\/posts"}],"about":[{"href":"https:\/\/www.nettali.com\/rest\/wp\/v2\/types\/post"}],"author":[{"embeddable":true,"href":"https:\/\/www.nettali.com\/rest\/wp\/v2\/users\/5"}],"replies":[{"embeddable":true,"href":"https:\/\/www.nettali.com\/rest\/wp\/v2\/comments?post=116240"}],"version-history":[{"count":5,"href":"https:\/\/www.nettali.com\/rest\/wp\/v2\/posts\/116240\/revisions"}],"predecessor-version":[{"id":116385,"href":"https:\/\/www.nettali.com\/rest\/wp\/v2\/posts\/116240\/revisions\/116385"}],"wp:featuredmedia":[{"embeddable":true,"href":"https:\/\/www.nettali.com\/rest\/wp\/v2\/media\/116241"}],"wp:attachment":[{"href":"https:\/\/www.nettali.com\/rest\/wp\/v2\/media?parent=116240"}],"wp:term":[{"taxonomy":"category","embeddable":true,"href":"https:\/\/www.nettali.com\/rest\/wp\/v2\/categories?post=116240"},{"taxonomy":"post_tag","embeddable":true,"href":"https:\/\/www.nettali.com\/rest\/wp\/v2\/tags?post=116240"}],"curies":[{"name":"wp","href":"https:\/\/api.w.org\/{rel}","templated":true}]}}