{"id":116233,"date":"2023-08-16T13:09:20","date_gmt":"2023-08-16T13:09:20","guid":{"rendered":"https:\/\/www.nettali.com\/?p=116233"},"modified":"2023-08-16T13:09:20","modified_gmt":"2023-08-16T13:09:20","slug":"affaire-de-la-pirogue-de-fass-boye-le-message-khalifa-sall-aux-jeunes","status":"publish","type":"post","link":"https:\/\/www.nettali.com\/2023\/08\/16\/affaire-de-la-pirogue-de-fass-boye-le-message-khalifa-sall-aux-jeunes\/","title":{"rendered":"AFFAIRE DE LA PIROGUE DE FASS BOYE - Le message Khalifa Sall aux jeunes"},"content":{"rendered":"<p style=\"font-weight: 400;\"><strong>NETTALI.COM - Le leader du mouvement Taxawu Senegaal, Khalifa Sall s\u2019est exprim\u00e9 sur l'affaire du naufrage de la pirogue de Fass Boye, secourue aux larges des c\u00f4tes capverdiennes ce 15 ao\u00fbt 2023.\u00a0<\/strong><\/p>\n<p style=\"font-weight: 400;\">L\u2019ancien maire de Dakar est touch\u00e9 par la disparition, au large du Cap-Vert, de migrants en provenance du S\u00e9n\u00e9gal, \u00e0 destination de l\u2019Europe, \u00e0 la qu\u00eate d\u2019un avenir meilleur.\u00a0 \u00ab <em>La recrudescence de l\u2019\u00e9migration clandestine par voie maritime interpelle notre responsabilit\u00e9 de mani\u00e8re g\u00e9n\u00e9rale, celle de l\u2019\u00c9tat en particulier<\/em> \u00bb exprime-t-il dans un twitte<\/p>\n<p style=\"font-weight: 400;\">Pour le candidat d\u00e9clar\u00e9 \u00e0 la pr\u00e9sidentielle de 2024 candidat \u00ab <em>na\u00eetre, grandir et r\u00e9ussir chez soi est possible<\/em> \u00bb.<\/p>\n<p style=\"font-weight: 400;\">Pour rappel, une pirogue transportant des migrants s\u00e9n\u00e9galais a \u00e9t\u00e9 secourue aux larges des c\u00f4tes capverdiennes le 15 ao\u00fbt.\u00a0 Cette embarcation a quitt\u00e9 la localit\u00e9 de Fass Boye, dans la r\u00e9gion de Thi\u00e8s, le 10 juillet dernier avec 101 passagers \u00e0 son bord avec \u00e0 bord 101 candidats. Les rescap\u00e9s sont au nombre de 38.<\/p>\n<div class='share-to-whatsapp-wrapper'><div class='share-on-whsp'>PARTAGER SUR : <\/div><a data-text='AFFAIRE DE LA PIROGUE DE FASS BOYE - Le message Khalifa Sall aux jeunes' data-link='https:\/\/www.nettali.com\/2023\/08\/16\/affaire-de-la-pirogue-de-fass-boye-le-message-khalifa-sall-aux-jeunes\/' class='whatsapp-button whatsapp-share'>WhatsApp<\/a><div class='clear '><\/div><\/div>","protected":false},"excerpt":{"rendered":"<p>NETTALI.COM - Le leader du mouvement Taxawu Senegaal, Khalifa Sall s\u2019est exprim\u00e9 sur l'affaire du naufrage de la pirogue de Fass Boye, secourue aux larges des c\u00f4tes capverdiennes ce 15 ao\u00fbt 2023.\u00a0 L\u2019ancien maire de Dakar est touch\u00e9 par la disparition, au large du Cap-Vert, de migrants en provenance du S\u00e9n\u00e9gal, \u00e0 destination de l\u2019Europe, [&hellip;]<\/p>\n","protected":false},"author":6,"featured_media":54274,"comment_status":"open","ping_status":"open","sticky":false,"template":"","format":"standard","meta":{"_et_pb_use_builder":"","_et_pb_old_content":""},"categories":[3],"tags":[],"yoast_head":"<!-- This site is optimized with the Yoast SEO Premium plugin v17.8 (Yoast SEO v17.8) - https:\/\/yoast.com\/wordpress\/plugins\/seo\/ -->\n<title>AFFAIRE DE LA PIROGUE DE FASS BOYE - Le message Khalifa Sall aux jeunes | Nettali.com<\/title>\n<meta name=\"robots\" content=\"index, follow, max-snippet:-1, max-image-preview:large, max-video-preview:-1\" \/>\n<link rel=\"canonical\" href=\"https:\/\/www.nettali.com\/2023\/08\/16\/affaire-de-la-pirogue-de-fass-boye-le-message-khalifa-sall-aux-jeunes\/\" \/>\n<meta property=\"og:locale\" content=\"fr_FR\" \/>\n<meta property=\"og:type\" content=\"article\" \/>\n<meta property=\"og:title\" content=\"AFFAIRE DE LA PIROGUE DE FASS BOYE - Le message Khalifa Sall aux jeunes\" \/>\n<meta property=\"og:description\" content=\"NETTALI.COM - Le leader du mouvement Taxawu Senegaal, Khalifa Sall s\u2019est exprim\u00e9 sur l&#039;affaire du naufrage de la pirogue de Fass Boye, secourue aux larges des c\u00f4tes capverdiennes ce 15 ao\u00fbt 2023.\u00a0 L\u2019ancien maire de Dakar est touch\u00e9 par la disparition, au large du Cap-Vert, de migrants en provenance du S\u00e9n\u00e9gal, \u00e0 destination de l\u2019Europe, [&hellip;]\" \/>\n<meta property=\"og:url\" content=\"https:\/\/www.nettali.com\/2023\/08\/16\/affaire-de-la-pirogue-de-fass-boye-le-message-khalifa-sall-aux-jeunes\/\" \/>\n<meta property=\"og:site_name\" content=\"Nettali.com\" \/>\n<meta property=\"article:publisher\" content=\"https:\/\/www.facebook.com\/nettalicom\" \/>\n<meta property=\"article:published_time\" content=\"2023-08-16T13:09:20+00:00\" \/>\n<meta property=\"og:image\" content=\"https:\/\/www.nettali.com\/wp-content\/uploads\/2020\/12\/khalifa-sall-1.jpg\" \/>\n\t<meta property=\"og:image:width\" content=\"600\" \/>\n\t<meta property=\"og:image:height\" content=\"521\" \/>\n<meta name=\"twitter:card\" content=\"summary_large_image\" \/>\n<meta name=\"twitter:label1\" content=\"\u00c9crit par\" \/>\n\t<meta name=\"twitter:data1\" content=\"Fatou\" \/>\n\t<meta name=\"twitter:label2\" content=\"Dur\u00e9e de lecture estim\u00e9e\" \/>\n\t<meta name=\"twitter:data2\" content=\"1 minute\" \/>\n<script type=\"application\/ld+json\" class=\"yoast-schema-graph\">{\"@context\":\"https:\/\/schema.org\",\"@graph\":[{\"@type\":\"WebSite\",\"@id\":\"https:\/\/www.nettali.com\/#website\",\"url\":\"https:\/\/www.nettali.com\/\",\"name\":\"Nettali.com\",\"description\":\"Le rendez-vous critique du Net\",\"potentialAction\":[{\"@type\":\"SearchAction\",\"target\":{\"@type\":\"EntryPoint\",\"urlTemplate\":\"https:\/\/www.nettali.com\/?s={search_term_string}\"},\"query-input\":\"required name=search_term_string\"}],\"inLanguage\":\"fr-FR\"},{\"@type\":\"ImageObject\",\"@id\":\"https:\/\/www.nettali.com\/2023\/08\/16\/affaire-de-la-pirogue-de-fass-boye-le-message-khalifa-sall-aux-jeunes\/#primaryimage\",\"inLanguage\":\"fr-FR\",\"url\":\"https:\/\/www.nettali.com\/wp-content\/uploads\/2020\/12\/khalifa-sall-1.jpg\",\"contentUrl\":\"https:\/\/www.nettali.com\/wp-content\/uploads\/2020\/12\/khalifa-sall-1.jpg\",\"width\":600,\"height\":521},{\"@type\":\"WebPage\",\"@id\":\"https:\/\/www.nettali.com\/2023\/08\/16\/affaire-de-la-pirogue-de-fass-boye-le-message-khalifa-sall-aux-jeunes\/#webpage\",\"url\":\"https:\/\/www.nettali.com\/2023\/08\/16\/affaire-de-la-pirogue-de-fass-boye-le-message-khalifa-sall-aux-jeunes\/\",\"name\":\"AFFAIRE DE LA PIROGUE DE FASS BOYE - Le message Khalifa Sall aux jeunes | Nettali.com\",\"isPartOf\":{\"@id\":\"https:\/\/www.nettali.com\/#website\"},\"primaryImageOfPage\":{\"@id\":\"https:\/\/www.nettali.com\/2023\/08\/16\/affaire-de-la-pirogue-de-fass-boye-le-message-khalifa-sall-aux-jeunes\/#primaryimage\"},\"datePublished\":\"2023-08-16T13:09:20+00:00\",\"dateModified\":\"2023-08-16T13:09:20+00:00\",\"author\":{\"@id\":\"https:\/\/www.nettali.com\/#\/schema\/person\/418274a86bdf87caff7a3ef476bd0bbf\"},\"breadcrumb\":{\"@id\":\"https:\/\/www.nettali.com\/2023\/08\/16\/affaire-de-la-pirogue-de-fass-boye-le-message-khalifa-sall-aux-jeunes\/#breadcrumb\"},\"inLanguage\":\"fr-FR\",\"potentialAction\":[{\"@type\":\"ReadAction\",\"target\":[\"https:\/\/www.nettali.com\/2023\/08\/16\/affaire-de-la-pirogue-de-fass-boye-le-message-khalifa-sall-aux-jeunes\/\"]}]},{\"@type\":\"BreadcrumbList\",\"@id\":\"https:\/\/www.nettali.com\/2023\/08\/16\/affaire-de-la-pirogue-de-fass-boye-le-message-khalifa-sall-aux-jeunes\/#breadcrumb\",\"itemListElement\":[{\"@type\":\"ListItem\",\"position\":1,\"name\":\"Accueil\",\"item\":\"https:\/\/www.nettali.com\/\"},{\"@type\":\"ListItem\",\"position\":2,\"name\":\"AFFAIRE DE LA PIROGUE DE FASS BOYE - Le message Khalifa Sall aux jeunes\"}]},{\"@type\":\"Person\",\"@id\":\"https:\/\/www.nettali.com\/#\/schema\/person\/418274a86bdf87caff7a3ef476bd0bbf\",\"name\":\"Fatou\",\"image\":{\"@type\":\"ImageObject\",\"@id\":\"https:\/\/www.nettali.com\/#personlogo\",\"inLanguage\":\"fr-FR\",\"url\":\"https:\/\/secure.gravatar.com\/avatar\/5a9442a2bee7b4dcf167cab035858e9a?s=96&d=mm&r=g\",\"contentUrl\":\"https:\/\/secure.gravatar.com\/avatar\/5a9442a2bee7b4dcf167cab035858e9a?s=96&d=mm&r=g\",\"caption\":\"Fatou\"},\"sameAs\":[\"https:\/\/www.nettali.com\"]}]}<\/script>\n<!-- \/ Yoast SEO Premium plugin. -->","yoast_head_json":{"title":"AFFAIRE DE LA PIROGUE DE FASS BOYE - Le message Khalifa Sall aux jeunes | Nettali.com","robots":{"index":"index","follow":"follow","max-snippet":"max-snippet:-1","max-image-preview":"max-image-preview:large","max-video-preview":"max-video-preview:-1"},"canonical":"https:\/\/www.nettali.com\/2023\/08\/16\/affaire-de-la-pirogue-de-fass-boye-le-message-khalifa-sall-aux-jeunes\/","og_locale":"fr_FR","og_type":"article","og_title":"AFFAIRE DE LA PIROGUE DE FASS BOYE - Le message Khalifa Sall aux jeunes","og_description":"NETTALI.COM - Le leader du mouvement Taxawu Senegaal, Khalifa Sall s\u2019est exprim\u00e9 sur l'affaire du naufrage de la pirogue de Fass Boye, secourue aux larges des c\u00f4tes capverdiennes ce 15 ao\u00fbt 2023.\u00a0 L\u2019ancien maire de Dakar est touch\u00e9 par la disparition, au large du Cap-Vert, de migrants en provenance du S\u00e9n\u00e9gal, \u00e0 destination de l\u2019Europe, [&hellip;]","og_url":"https:\/\/www.nettali.com\/2023\/08\/16\/affaire-de-la-pirogue-de-fass-boye-le-message-khalifa-sall-aux-jeunes\/","og_site_name":"Nettali.com","article_publisher":"https:\/\/www.facebook.com\/nettalicom","article_published_time":"2023-08-16T13:09:20+00:00","og_image":[{"width":600,"height":521,"url":"https:\/\/www.nettali.com\/wp-content\/uploads\/2020\/12\/khalifa-sall-1.jpg","type":"image\/jpeg"}],"twitter_card":"summary_large_image","twitter_misc":{"\u00c9crit par":"Fatou","Dur\u00e9e de lecture estim\u00e9e":"1 minute"},"schema":{"@context":"https:\/\/schema.org","@graph":[{"@type":"WebSite","@id":"https:\/\/www.nettali.com\/#website","url":"https:\/\/www.nettali.com\/","name":"Nettali.com","description":"Le rendez-vous critique du Net","potentialAction":[{"@type":"SearchAction","target":{"@type":"EntryPoint","urlTemplate":"https:\/\/www.nettali.com\/?s={search_term_string}"},"query-input":"required name=search_term_string"}],"inLanguage":"fr-FR"},{"@type":"ImageObject","@id":"https:\/\/www.nettali.com\/2023\/08\/16\/affaire-de-la-pirogue-de-fass-boye-le-message-khalifa-sall-aux-jeunes\/#primaryimage","inLanguage":"fr-FR","url":"https:\/\/www.nettali.com\/wp-content\/uploads\/2020\/12\/khalifa-sall-1.jpg","contentUrl":"https:\/\/www.nettali.com\/wp-content\/uploads\/2020\/12\/khalifa-sall-1.jpg","width":600,"height":521},{"@type":"WebPage","@id":"https:\/\/www.nettali.com\/2023\/08\/16\/affaire-de-la-pirogue-de-fass-boye-le-message-khalifa-sall-aux-jeunes\/#webpage","url":"https:\/\/www.nettali.com\/2023\/08\/16\/affaire-de-la-pirogue-de-fass-boye-le-message-khalifa-sall-aux-jeunes\/","name":"AFFAIRE DE LA PIROGUE DE FASS BOYE - Le message Khalifa Sall aux jeunes | Nettali.com","isPartOf":{"@id":"https:\/\/www.nettali.com\/#website"},"primaryImageOfPage":{"@id":"https:\/\/www.nettali.com\/2023\/08\/16\/affaire-de-la-pirogue-de-fass-boye-le-message-khalifa-sall-aux-jeunes\/#primaryimage"},"datePublished":"2023-08-16T13:09:20+00:00","dateModified":"2023-08-16T13:09:20+00:00","author":{"@id":"https:\/\/www.nettali.com\/#\/schema\/person\/418274a86bdf87caff7a3ef476bd0bbf"},"breadcrumb":{"@id":"https:\/\/www.nettali.com\/2023\/08\/16\/affaire-de-la-pirogue-de-fass-boye-le-message-khalifa-sall-aux-jeunes\/#breadcrumb"},"inLanguage":"fr-FR","potentialAction":[{"@type":"ReadAction","target":["https:\/\/www.nettali.com\/2023\/08\/16\/affaire-de-la-pirogue-de-fass-boye-le-message-khalifa-sall-aux-jeunes\/"]}]},{"@type":"BreadcrumbList","@id":"https:\/\/www.nettali.com\/2023\/08\/16\/affaire-de-la-pirogue-de-fass-boye-le-message-khalifa-sall-aux-jeunes\/#breadcrumb","itemListElement":[{"@type":"ListItem","position":1,"name":"Accueil","item":"https:\/\/www.nettali.com\/"},{"@type":"ListItem","position":2,"name":"AFFAIRE DE LA PIROGUE DE FASS BOYE - Le message Khalifa Sall aux jeunes"}]},{"@type":"Person","@id":"https:\/\/www.nettali.com\/#\/schema\/person\/418274a86bdf87caff7a3ef476bd0bbf","name":"Fatou","image":{"@type":"ImageObject","@id":"https:\/\/www.nettali.com\/#personlogo","inLanguage":"fr-FR","url":"https:\/\/secure.gravatar.com\/avatar\/5a9442a2bee7b4dcf167cab035858e9a?s=96&d=mm&r=g","contentUrl":"https:\/\/secure.gravatar.com\/avatar\/5a9442a2bee7b4dcf167cab035858e9a?s=96&d=mm&r=g","caption":"Fatou"},"sameAs":["https:\/\/www.nettali.com"]}]}},"_links":{"self":[{"href":"https:\/\/www.nettali.com\/rest\/wp\/v2\/posts\/116233"}],"collection":[{"href":"https:\/\/www.nettali.com\/rest\/wp\/v2\/posts"}],"about":[{"href":"https:\/\/www.nettali.com\/rest\/wp\/v2\/types\/post"}],"author":[{"embeddable":true,"href":"https:\/\/www.nettali.com\/rest\/wp\/v2\/users\/6"}],"replies":[{"embeddable":true,"href":"https:\/\/www.nettali.com\/rest\/wp\/v2\/comments?post=116233"}],"version-history":[{"count":1,"href":"https:\/\/www.nettali.com\/rest\/wp\/v2\/posts\/116233\/revisions"}],"predecessor-version":[{"id":116234,"href":"https:\/\/www.nettali.com\/rest\/wp\/v2\/posts\/116233\/revisions\/116234"}],"wp:featuredmedia":[{"embeddable":true,"href":"https:\/\/www.nettali.com\/rest\/wp\/v2\/media\/54274"}],"wp:attachment":[{"href":"https:\/\/www.nettali.com\/rest\/wp\/v2\/media?parent=116233"}],"wp:term":[{"taxonomy":"category","embeddable":true,"href":"https:\/\/www.nettali.com\/rest\/wp\/v2\/categories?post=116233"},{"taxonomy":"post_tag","embeddable":true,"href":"https:\/\/www.nettali.com\/rest\/wp\/v2\/tags?post=116233"}],"curies":[{"name":"wp","href":"https:\/\/api.w.org\/{rel}","templated":true}]}}