{"id":116119,"date":"2023-08-14T09:07:44","date_gmt":"2023-08-14T09:07:44","guid":{"rendered":"https:\/\/www.nettali.com\/?p=116119"},"modified":"2023-08-14T09:34:53","modified_gmt":"2023-08-14T09:34:53","slug":"en-coulisses-les-amis-de-diouf-sarr-donnent-carte-blanche-a-leur-mentor","status":"publish","type":"post","link":"https:\/\/www.nettali.com\/2023\/08\/14\/en-coulisses-les-amis-de-diouf-sarr-donnent-carte-blanche-a-leur-mentor\/","title":{"rendered":"EN COULISSES - \"Les amis de Diouf Sarr\" donnent carte blanche \u00e0 leur mentor"},"content":{"rendered":"<div class=\"page\" title=\"Page 3\">\n<div class=\"layoutArea\">\n<div class=\"column\">\n<p><strong>NETTALI.COM - <\/strong>Alors que le peuple de Benno Book Yaakaar est toujours dans l'expectative pour conna\u00eetre son candidat \u00e0 la pr\u00e9sidentielle, la plateforme \u00ab les amis de Diouf Sarr \u00bb est monte\u0301e au front pour donner carte blanche a\u0300 l\u2019ancien ministre pour poursuivre le processus d\u00e9j\u00e0 enclenche\u0301. C'\u00e9tait \u00e0 la suite d'une rencontre tenue a\u0300 Yoff, ce week-end, avec une forte affluence not\u00e9e de\u00a0 ses amis et sympathisants issus des diffe\u0301rentes localite\u0301s du Se\u0301ne\u0301gal et de la Diaspora.<\/p>\n<p>\u00ab <em>Nous fe\u0301licitons notre Mentor, ami et leader pour le courage et la transparence dont il a fait montre en se de\u0301clarant candidat a\u0300 la candidature de BBY. Nous sommes convaincus que, le leadership, le parcours et la posture du Coordonnateur de la Contribution CCR font naturellement de lui, le profil ide\u0301al pour poursuivre les nombreuses re\u0301alisations structurantes dans tous les domaines ainsi que la consolidation du pro- cessus d'e\u0301mergence de\u0301ja\u0300 enclenche\u0301 par son Excellence Monsieur le Pre\u0301sident Macky Sall<\/em> \u00bb, ont-ils d\u00e9clar\u00e9.<\/p>\n<\/div>\n<\/div>\n<\/div>\n<div class='share-to-whatsapp-wrapper'><div class='share-on-whsp'>PARTAGER SUR : <\/div><a data-text='EN COULISSES - \"Les amis de Diouf Sarr\" donnent carte blanche \u00e0 leur mentor' data-link='https:\/\/www.nettali.com\/2023\/08\/14\/en-coulisses-les-amis-de-diouf-sarr-donnent-carte-blanche-a-leur-mentor\/' class='whatsapp-button whatsapp-share'>WhatsApp<\/a><div class='clear '><\/div><\/div>","protected":false},"excerpt":{"rendered":"<p>NETTALI.COM - Alors que le peuple de Benno Book Yaakaar est toujours dans l'expectative pour conna\u00eetre son candidat \u00e0 la pr\u00e9sidentielle, la plateforme \u00ab les amis de Diouf Sarr \u00bb est monte\u0301e au front pour donner carte blanche a\u0300 l\u2019ancien ministre pour poursuivre le processus d\u00e9j\u00e0 enclenche\u0301. C'\u00e9tait \u00e0 la suite d'une rencontre tenue a\u0300 [&hellip;]<\/p>\n","protected":false},"author":2,"featured_media":116124,"comment_status":"open","ping_status":"open","sticky":false,"template":"","format":"standard","meta":{"_et_pb_use_builder":"","_et_pb_old_content":""},"categories":[34945],"tags":[],"yoast_head":"<!-- This site is optimized with the Yoast SEO Premium plugin v17.8 (Yoast SEO v17.8) - https:\/\/yoast.com\/wordpress\/plugins\/seo\/ -->\n<title>EN COULISSES - &quot;Les amis de Diouf Sarr&quot; donnent carte blanche \u00e0 leur mentor | Nettali.com<\/title>\n<meta name=\"robots\" content=\"index, follow, max-snippet:-1, max-image-preview:large, max-video-preview:-1\" \/>\n<link rel=\"canonical\" href=\"https:\/\/www.nettali.com\/2023\/08\/14\/en-coulisses-les-amis-de-diouf-sarr-donnent-carte-blanche-a-leur-mentor\/\" \/>\n<meta property=\"og:locale\" content=\"fr_FR\" \/>\n<meta property=\"og:type\" content=\"article\" \/>\n<meta property=\"og:title\" content=\"EN COULISSES - &quot;Les amis de Diouf Sarr&quot; donnent carte blanche \u00e0 leur mentor\" \/>\n<meta property=\"og:description\" content=\"NETTALI.COM - Alors que le peuple de Benno Book Yaakaar est toujours dans l&#039;expectative pour conna\u00eetre son candidat \u00e0 la pr\u00e9sidentielle, la plateforme \u00ab les amis de Diouf Sarr \u00bb est monte\u0301e au front pour donner carte blanche a\u0300 l\u2019ancien ministre pour poursuivre le processus d\u00e9j\u00e0 enclenche\u0301. C&#039;\u00e9tait \u00e0 la suite d&#039;une rencontre tenue a\u0300 [&hellip;]\" \/>\n<meta property=\"og:url\" content=\"https:\/\/www.nettali.com\/2023\/08\/14\/en-coulisses-les-amis-de-diouf-sarr-donnent-carte-blanche-a-leur-mentor\/\" \/>\n<meta property=\"og:site_name\" content=\"Nettali.com\" \/>\n<meta property=\"article:publisher\" content=\"https:\/\/www.facebook.com\/nettalicom\" \/>\n<meta property=\"article:published_time\" content=\"2023-08-14T09:07:44+00:00\" \/>\n<meta property=\"article:modified_time\" content=\"2023-08-14T09:34:53+00:00\" \/>\n<meta property=\"og:image\" content=\"https:\/\/www.nettali.com\/wp-content\/uploads\/2023\/08\/64901513-46428615.jpg\" \/>\n\t<meta property=\"og:image:width\" content=\"1024\" \/>\n\t<meta property=\"og:image:height\" content=\"683\" \/>\n<meta name=\"twitter:card\" content=\"summary_large_image\" \/>\n<meta name=\"twitter:label1\" content=\"\u00c9crit par\" \/>\n\t<meta name=\"twitter:data1\" content=\"CK\" \/>\n\t<meta name=\"twitter:label2\" content=\"Dur\u00e9e de lecture estim\u00e9e\" \/>\n\t<meta name=\"twitter:data2\" content=\"1 minute\" \/>\n<script type=\"application\/ld+json\" class=\"yoast-schema-graph\">{\"@context\":\"https:\/\/schema.org\",\"@graph\":[{\"@type\":\"WebSite\",\"@id\":\"https:\/\/www.nettali.com\/#website\",\"url\":\"https:\/\/www.nettali.com\/\",\"name\":\"Nettali.com\",\"description\":\"Le rendez-vous critique du Net\",\"potentialAction\":[{\"@type\":\"SearchAction\",\"target\":{\"@type\":\"EntryPoint\",\"urlTemplate\":\"https:\/\/www.nettali.com\/?s={search_term_string}\"},\"query-input\":\"required name=search_term_string\"}],\"inLanguage\":\"fr-FR\"},{\"@type\":\"ImageObject\",\"@id\":\"https:\/\/www.nettali.com\/2023\/08\/14\/en-coulisses-les-amis-de-diouf-sarr-donnent-carte-blanche-a-leur-mentor\/#primaryimage\",\"inLanguage\":\"fr-FR\",\"url\":\"https:\/\/www.nettali.com\/wp-content\/uploads\/2023\/08\/64901513-46428615.jpg\",\"contentUrl\":\"https:\/\/www.nettali.com\/wp-content\/uploads\/2023\/08\/64901513-46428615.jpg\",\"width\":1024,\"height\":683},{\"@type\":\"WebPage\",\"@id\":\"https:\/\/www.nettali.com\/2023\/08\/14\/en-coulisses-les-amis-de-diouf-sarr-donnent-carte-blanche-a-leur-mentor\/#webpage\",\"url\":\"https:\/\/www.nettali.com\/2023\/08\/14\/en-coulisses-les-amis-de-diouf-sarr-donnent-carte-blanche-a-leur-mentor\/\",\"name\":\"EN COULISSES - \\\"Les amis de Diouf Sarr\\\" donnent carte blanche \\u00e0 leur mentor | Nettali.com\",\"isPartOf\":{\"@id\":\"https:\/\/www.nettali.com\/#website\"},\"primaryImageOfPage\":{\"@id\":\"https:\/\/www.nettali.com\/2023\/08\/14\/en-coulisses-les-amis-de-diouf-sarr-donnent-carte-blanche-a-leur-mentor\/#primaryimage\"},\"datePublished\":\"2023-08-14T09:07:44+00:00\",\"dateModified\":\"2023-08-14T09:34:53+00:00\",\"author\":{\"@id\":\"https:\/\/www.nettali.com\/#\/schema\/person\/d8ac7b7e27ddad43f1c0d2ef090d7f71\"},\"breadcrumb\":{\"@id\":\"https:\/\/www.nettali.com\/2023\/08\/14\/en-coulisses-les-amis-de-diouf-sarr-donnent-carte-blanche-a-leur-mentor\/#breadcrumb\"},\"inLanguage\":\"fr-FR\",\"potentialAction\":[{\"@type\":\"ReadAction\",\"target\":[\"https:\/\/www.nettali.com\/2023\/08\/14\/en-coulisses-les-amis-de-diouf-sarr-donnent-carte-blanche-a-leur-mentor\/\"]}]},{\"@type\":\"BreadcrumbList\",\"@id\":\"https:\/\/www.nettali.com\/2023\/08\/14\/en-coulisses-les-amis-de-diouf-sarr-donnent-carte-blanche-a-leur-mentor\/#breadcrumb\",\"itemListElement\":[{\"@type\":\"ListItem\",\"position\":1,\"name\":\"Accueil\",\"item\":\"https:\/\/www.nettali.com\/\"},{\"@type\":\"ListItem\",\"position\":2,\"name\":\"EN COULISSES - \\\"Les amis de Diouf Sarr\\\" donnent carte blanche \\u00e0 leur mentor\"}]},{\"@type\":\"Person\",\"@id\":\"https:\/\/www.nettali.com\/#\/schema\/person\/d8ac7b7e27ddad43f1c0d2ef090d7f71\",\"name\":\"CK\",\"image\":{\"@type\":\"ImageObject\",\"@id\":\"https:\/\/www.nettali.com\/#personlogo\",\"inLanguage\":\"fr-FR\",\"url\":\"https:\/\/secure.gravatar.com\/avatar\/1d8d5118b9327d94da7cd4ce7f17fec2?s=96&d=mm&r=g\",\"contentUrl\":\"https:\/\/secure.gravatar.com\/avatar\/1d8d5118b9327d94da7cd4ce7f17fec2?s=96&d=mm&r=g\",\"caption\":\"CK\"},\"sameAs\":[\"https:\/\/www.nettali.com\"]}]}<\/script>\n<!-- \/ Yoast SEO Premium plugin. -->","yoast_head_json":{"title":"EN COULISSES - \"Les amis de Diouf Sarr\" donnent carte blanche \u00e0 leur mentor | Nettali.com","robots":{"index":"index","follow":"follow","max-snippet":"max-snippet:-1","max-image-preview":"max-image-preview:large","max-video-preview":"max-video-preview:-1"},"canonical":"https:\/\/www.nettali.com\/2023\/08\/14\/en-coulisses-les-amis-de-diouf-sarr-donnent-carte-blanche-a-leur-mentor\/","og_locale":"fr_FR","og_type":"article","og_title":"EN COULISSES - \"Les amis de Diouf Sarr\" donnent carte blanche \u00e0 leur mentor","og_description":"NETTALI.COM - Alors que le peuple de Benno Book Yaakaar est toujours dans l'expectative pour conna\u00eetre son candidat \u00e0 la pr\u00e9sidentielle, la plateforme \u00ab les amis de Diouf Sarr \u00bb est monte\u0301e au front pour donner carte blanche a\u0300 l\u2019ancien ministre pour poursuivre le processus d\u00e9j\u00e0 enclenche\u0301. C'\u00e9tait \u00e0 la suite d'une rencontre tenue a\u0300 [&hellip;]","og_url":"https:\/\/www.nettali.com\/2023\/08\/14\/en-coulisses-les-amis-de-diouf-sarr-donnent-carte-blanche-a-leur-mentor\/","og_site_name":"Nettali.com","article_publisher":"https:\/\/www.facebook.com\/nettalicom","article_published_time":"2023-08-14T09:07:44+00:00","article_modified_time":"2023-08-14T09:34:53+00:00","og_image":[{"width":1024,"height":683,"url":"https:\/\/www.nettali.com\/wp-content\/uploads\/2023\/08\/64901513-46428615.jpg","type":"image\/jpeg"}],"twitter_card":"summary_large_image","twitter_misc":{"\u00c9crit par":"CK","Dur\u00e9e de lecture estim\u00e9e":"1 minute"},"schema":{"@context":"https:\/\/schema.org","@graph":[{"@type":"WebSite","@id":"https:\/\/www.nettali.com\/#website","url":"https:\/\/www.nettali.com\/","name":"Nettali.com","description":"Le rendez-vous critique du Net","potentialAction":[{"@type":"SearchAction","target":{"@type":"EntryPoint","urlTemplate":"https:\/\/www.nettali.com\/?s={search_term_string}"},"query-input":"required name=search_term_string"}],"inLanguage":"fr-FR"},{"@type":"ImageObject","@id":"https:\/\/www.nettali.com\/2023\/08\/14\/en-coulisses-les-amis-de-diouf-sarr-donnent-carte-blanche-a-leur-mentor\/#primaryimage","inLanguage":"fr-FR","url":"https:\/\/www.nettali.com\/wp-content\/uploads\/2023\/08\/64901513-46428615.jpg","contentUrl":"https:\/\/www.nettali.com\/wp-content\/uploads\/2023\/08\/64901513-46428615.jpg","width":1024,"height":683},{"@type":"WebPage","@id":"https:\/\/www.nettali.com\/2023\/08\/14\/en-coulisses-les-amis-de-diouf-sarr-donnent-carte-blanche-a-leur-mentor\/#webpage","url":"https:\/\/www.nettali.com\/2023\/08\/14\/en-coulisses-les-amis-de-diouf-sarr-donnent-carte-blanche-a-leur-mentor\/","name":"EN COULISSES - \"Les amis de Diouf Sarr\" donnent carte blanche \u00e0 leur mentor | Nettali.com","isPartOf":{"@id":"https:\/\/www.nettali.com\/#website"},"primaryImageOfPage":{"@id":"https:\/\/www.nettali.com\/2023\/08\/14\/en-coulisses-les-amis-de-diouf-sarr-donnent-carte-blanche-a-leur-mentor\/#primaryimage"},"datePublished":"2023-08-14T09:07:44+00:00","dateModified":"2023-08-14T09:34:53+00:00","author":{"@id":"https:\/\/www.nettali.com\/#\/schema\/person\/d8ac7b7e27ddad43f1c0d2ef090d7f71"},"breadcrumb":{"@id":"https:\/\/www.nettali.com\/2023\/08\/14\/en-coulisses-les-amis-de-diouf-sarr-donnent-carte-blanche-a-leur-mentor\/#breadcrumb"},"inLanguage":"fr-FR","potentialAction":[{"@type":"ReadAction","target":["https:\/\/www.nettali.com\/2023\/08\/14\/en-coulisses-les-amis-de-diouf-sarr-donnent-carte-blanche-a-leur-mentor\/"]}]},{"@type":"BreadcrumbList","@id":"https:\/\/www.nettali.com\/2023\/08\/14\/en-coulisses-les-amis-de-diouf-sarr-donnent-carte-blanche-a-leur-mentor\/#breadcrumb","itemListElement":[{"@type":"ListItem","position":1,"name":"Accueil","item":"https:\/\/www.nettali.com\/"},{"@type":"ListItem","position":2,"name":"EN COULISSES - \"Les amis de Diouf Sarr\" donnent carte blanche \u00e0 leur mentor"}]},{"@type":"Person","@id":"https:\/\/www.nettali.com\/#\/schema\/person\/d8ac7b7e27ddad43f1c0d2ef090d7f71","name":"CK","image":{"@type":"ImageObject","@id":"https:\/\/www.nettali.com\/#personlogo","inLanguage":"fr-FR","url":"https:\/\/secure.gravatar.com\/avatar\/1d8d5118b9327d94da7cd4ce7f17fec2?s=96&d=mm&r=g","contentUrl":"https:\/\/secure.gravatar.com\/avatar\/1d8d5118b9327d94da7cd4ce7f17fec2?s=96&d=mm&r=g","caption":"CK"},"sameAs":["https:\/\/www.nettali.com"]}]}},"_links":{"self":[{"href":"https:\/\/www.nettali.com\/rest\/wp\/v2\/posts\/116119"}],"collection":[{"href":"https:\/\/www.nettali.com\/rest\/wp\/v2\/posts"}],"about":[{"href":"https:\/\/www.nettali.com\/rest\/wp\/v2\/types\/post"}],"author":[{"embeddable":true,"href":"https:\/\/www.nettali.com\/rest\/wp\/v2\/users\/2"}],"replies":[{"embeddable":true,"href":"https:\/\/www.nettali.com\/rest\/wp\/v2\/comments?post=116119"}],"version-history":[{"count":2,"href":"https:\/\/www.nettali.com\/rest\/wp\/v2\/posts\/116119\/revisions"}],"predecessor-version":[{"id":116123,"href":"https:\/\/www.nettali.com\/rest\/wp\/v2\/posts\/116119\/revisions\/116123"}],"wp:featuredmedia":[{"embeddable":true,"href":"https:\/\/www.nettali.com\/rest\/wp\/v2\/media\/116124"}],"wp:attachment":[{"href":"https:\/\/www.nettali.com\/rest\/wp\/v2\/media?parent=116119"}],"wp:term":[{"taxonomy":"category","embeddable":true,"href":"https:\/\/www.nettali.com\/rest\/wp\/v2\/categories?post=116119"},{"taxonomy":"post_tag","embeddable":true,"href":"https:\/\/www.nettali.com\/rest\/wp\/v2\/tags?post=116119"}],"curies":[{"name":"wp","href":"https:\/\/api.w.org\/{rel}","templated":true}]}}