{"id":116024,"date":"2023-08-12T08:58:25","date_gmt":"2023-08-12T08:58:25","guid":{"rendered":"https:\/\/www.nettali.com\/?p=116024"},"modified":"2023-08-12T08:58:25","modified_gmt":"2023-08-12T08:58:25","slug":"quand-le-journal-le-monde-se-fourvoie-sur-macky-sall","status":"publish","type":"post","link":"https:\/\/www.nettali.com\/2023\/08\/12\/quand-le-journal-le-monde-se-fourvoie-sur-macky-sall\/","title":{"rendered":"Quand le Journal Le Monde se fourvoie...sur Macky Sall"},"content":{"rendered":"<div class=\"page\" title=\"Page 9\">\n<div class=\"layoutArea\">\n<div class=\"column\"><strong>CONTRIBUTION -<\/strong> Consacrer un E\u0301ditorial au Se\u0301ne\u0301gal et a\u0300 son Pre\u0301sident, non personnellement signe\u0301, donc endosse\u0301 par le Groupe Le Monde, est une premie\u0300re. Nous savons que c\u2019est sous la dicte\u0301e du Quai d\u2019Orsay corrige\u0301e par les re-lecteurs de la Cellule Afrique au 2, Rue de l\u2019E\u0301lyse\u0301e, que cette litte\u0301rature mondaine anti Macky Sall a e\u0301te\u0301 publie\u0301e. Et, ce n\u2019est pas a\u0300 l\u2019honneur de cette belle et historique cre\u0301ature de Hubert Beuve- Mery, il y a 79 ans, en 1944, avec de talentueux directeurs de publication comme Louis Dreyfus et Je\u0301ro\u0302me Fenoglio.<\/div>\n<div><\/div>\n<div class=\"column\">La France officielle a pris du temps pour comprendre enfin que l\u2019Afrique a change\u0301. Hollande semblait avoir compris et il est a\u0300 fe\u0301liciter pour avoir secouru tre\u0300s vite, en 2013, le Mali. Macron, jeune Pre\u0301sident inexpe\u0301rimente\u0301, pre\u0301tentieux et obse\u0301quieux s\u2019est vite plante\u0301. \u201c <em>Il n\u2019y a plus de politique africaine de la France\u201d, avait-il proclame\u0301! Il multiplie les de\u0301placements en Afrique, tente de ridiculiser les pays africains francophones en imposant une Secre\u0301taire ge\u0301ne\u0301rale de la Francophonie venant d\u2019un pays dont le franc\u0327ais n\u2019est pas la langue officielle a\u0300 des fins purement nationales de rapprochement bilate\u0301ral, snobe le Maroc, force un rapprochement avec l\u2019Alge\u0301rie accuse\u0301e de jouer sur la \u201crente me\u0301morielle<\/em>\u201d, organise un Sommet Afrique\/France a\u0300 Montpellier sans les Chefs d\u2019Etat africains ainsi humilie\u0301s, etc.<\/div>\n<div><\/div>\n<div class=\"column\">Le Monde a manque\u0301 l\u2019occasion de questionner la France officielle sur ses e\u0301checs en Afrique au lieu de s\u2019attaquer a\u0300 un Chef d\u2019Etat e\u0301me\u0301rite qui s\u2019est entie\u0300rement consacre\u0301 a\u0300 son pays, le Se\u0301ne\u0301gal, et a\u0300 son Continent, l\u2019Afrique, durant ses deux mandats constitutionnels.<\/div>\n<div class=\"column\">\n<div class=\"page\" title=\"Page 9\">\n<div class=\"layoutArea\">\n<div class=\"column\">\n<div class=\"page\" title=\"Page 9\">\n<div class=\"layoutArea\">\n<div class=\"column\">\n<p>A la te\u0302te du NEPAD de 2013a\u0300 2017, le Pre\u0301sident Sall a grandement contribue\u0301 a\u0300 promouvoir le de\u0301veloppement inte\u0301gre\u0301 de l\u2019Afrique par les infrastructures avec le Programme de De\u0301veloppement des Infrastructures en Afrique(PIDA) dont la BAD est l\u2019organe d\u2019exe\u0301cution, avec un focus sur le transport, l\u2019e\u0301nergie, l\u2019eau, les te\u0301le\u0301communications et les TIC.<\/p>\n<p>Durant sa pre\u0301sidence de l\u2019Union Africaine en 2022, le Pre\u0301sident Sall s\u2019est beaucoup investi pour porter les causes africaines et repositionner le Continent dans la ge\u0301opolitique mondiale. On lui doit l\u2019obtention de ce sie\u0300ge de l\u2019Afrique au G20. Il s\u2019est battu pour une re\u0301forme de\u0301mocratique du Conseil de Se\u0301curite\u0301 des Nations Unies pour une gouvernance mondiale plus inclusive. Co-initiateur du Forum International de Dakar pour la paix et la Se\u0301curite\u0301 en Afrique depuis 2014, le Pre\u0301sident Sall s\u2019est impose\u0301 comme un leader engage\u0301 dans la lutte contre le terrorisme et l\u2019extre\u0301misme violent en Afrique et dans le monde.<\/p>\n<\/div>\n<\/div>\n<\/div>\n<\/div>\n<\/div>\n<\/div>\n<\/div>\n<\/div>\n<div class=\"layoutArea\">\n<div class=\"column\">\n<div class=\"page\" title=\"Page 9\">\n<div class=\"layoutArea\">\n<div class=\"column\">\n<p>Au plan national, il a grandement contribue\u0301 aux avance\u0301es de\u0301mocratiques et a\u0300 la lutte contre la corruption et les ine\u0301galite\u0301s en promouvant un syste\u0300me d\u2019e\u0301quite\u0301 territoriale et sociale a\u0300 travers une politique de redistribution des revenus jamais connue e dans le pays et en Afrique.<\/p>\n<p>Parlant de la de\u0301mocratie et de l\u2019e\u0301tat de droit, quelles avance\u0301es depuis 2012 ! Avance\u0301es que la dissolution du Parti de M. Ousmane Sonko ne saurait ane\u0301antir. Et Le Monde doit respecter la le\u0301gislation se\u0301ne\u0301galaise. En France, des Organisations sont dissoutes aussi, conforme\u0301ment a\u0300 la loi. Que Me\u0301lenchon appelle a\u0300 l\u2019insurrection, qu\u2019aurait fait le Gouvernement franc\u0327ais? Qu\u2019aurait e\u0301crit Le Monde?<\/p>\n<p>La France et Le Monde doivent comprendre, une fois pour toutes, que l\u2019Afrique a change\u0301. Le Se\u0301ne\u0301gal a change\u0301. Le Pre\u0301sident Macky Sall est un grand intellectuel, inge\u0301nieur de formation, homme de gauche et homme de son e\u0301poque, attache\u0301 a\u0300 son pays et a\u0300 son Afrique. Il a toujours entretenu les meilleures relations avec le Pre\u0301sident Macron qui a manque\u0301 d\u2019e\u0301le\u0301gance diplomatique a\u0300 son e\u0301gard en de\u0301pe\u0302chant a\u0300 Dakar un de ses conseillers pour rencontrer M. Sonko: une be\u0302tise diplomatique impardonnable. A-t-il oublie\u0301 que Macky Sall est le Pre\u0301sident d\u2019un Etat souverain qui de\u0301finit ses choix et orientations de politique e\u0301trange\u0300re librement, sans injonction? En recourant au Monde pour mettre la pression sur le Pre\u0301sident Sall et ses prises de position audacieuses sur la guerre russo-ukrainienne, la France officielle de Macron se fourvoie. Le Monde se fourvoie aussi et trahit l\u2019ide\u0301al de son illustre fondateur, Hubert.<\/p>\n<p>Apre\u0300s ses cuisants e\u0301checs au Mali, au Burkina Faso et maintenant Niger, il aurait e\u0301te\u0301 plus inspire\u0301 pour la France officielle de Macron de ne pas fragiliser le Se\u0301ne\u0301gal en tentant de fragiliser son Pre\u0301sident. Les peuples franc\u0327ais et se\u0301ne\u0301galais sont amis depuis des sie\u0300cles.<\/p>\n<div class=\"page\" title=\"Page 9\">\n<div class=\"layoutArea\">\n<div class=\"column\">\n<p>Les insucce\u0300s diplomatiques de la politique africaine de la France officielle du pr\u00e9sident Macron s\u2019expliqueraient certainement par le mauvais choix de son e\u0301quipe- cellule africaine dont le Chef n\u2019a jamais vraiment connu et pratique\u0301 l\u2019Afrique et les Africains. Le Monde doit reprendre ses esprits.<\/p>\n<\/div>\n<div class=\"column\">\n<p><strong>PAR NICOLE BADJI, LYON, FRANCE.<\/strong><\/p>\n<\/div>\n<\/div>\n<\/div>\n<\/div>\n<\/div>\n<\/div>\n<\/div>\n<\/div>\n<\/div>\n<div class='share-to-whatsapp-wrapper'><div class='share-on-whsp'>PARTAGER SUR : <\/div><a data-text='Quand le Journal Le Monde se fourvoie...sur Macky Sall' data-link='https:\/\/www.nettali.com\/2023\/08\/12\/quand-le-journal-le-monde-se-fourvoie-sur-macky-sall\/' class='whatsapp-button whatsapp-share'>WhatsApp<\/a><div class='clear '><\/div><\/div>","protected":false},"excerpt":{"rendered":"<p>CONTRIBUTION - Consacrer un E\u0301ditorial au Se\u0301ne\u0301gal et a\u0300 son Pre\u0301sident, non personnellement signe\u0301, donc endosse\u0301 par le Groupe Le Monde, est une premie\u0300re. Nous savons que c\u2019est sous la dicte\u0301e du Quai d\u2019Orsay corrige\u0301e par les re-lecteurs de la Cellule Afrique au 2, Rue de l\u2019E\u0301lyse\u0301e, que cette litte\u0301rature mondaine anti Macky Sall a [&hellip;]<\/p>\n","protected":false},"author":2,"featured_media":115296,"comment_status":"open","ping_status":"open","sticky":false,"template":"","format":"standard","meta":{"_et_pb_use_builder":"","_et_pb_old_content":""},"categories":[2],"tags":[],"yoast_head":"<!-- This site is optimized with the Yoast SEO Premium plugin v17.8 (Yoast SEO v17.8) - https:\/\/yoast.com\/wordpress\/plugins\/seo\/ -->\n<title>Quand le Journal Le Monde se fourvoie...sur Macky Sall | Nettali.com<\/title>\n<meta name=\"robots\" content=\"index, follow, max-snippet:-1, max-image-preview:large, max-video-preview:-1\" \/>\n<link rel=\"canonical\" href=\"https:\/\/www.nettali.com\/2023\/08\/12\/quand-le-journal-le-monde-se-fourvoie-sur-macky-sall\/\" \/>\n<meta property=\"og:locale\" content=\"fr_FR\" \/>\n<meta property=\"og:type\" content=\"article\" \/>\n<meta property=\"og:title\" content=\"Quand le Journal Le Monde se fourvoie...sur Macky Sall\" \/>\n<meta property=\"og:description\" content=\"CONTRIBUTION - Consacrer un E\u0301ditorial au Se\u0301ne\u0301gal et a\u0300 son Pre\u0301sident, non personnellement signe\u0301, donc endosse\u0301 par le Groupe Le Monde, est une premie\u0300re. Nous savons que c\u2019est sous la dicte\u0301e du Quai d\u2019Orsay corrige\u0301e par les re-lecteurs de la Cellule Afrique au 2, Rue de l\u2019E\u0301lyse\u0301e, que cette litte\u0301rature mondaine anti Macky Sall a [&hellip;]\" \/>\n<meta property=\"og:url\" content=\"https:\/\/www.nettali.com\/2023\/08\/12\/quand-le-journal-le-monde-se-fourvoie-sur-macky-sall\/\" \/>\n<meta property=\"og:site_name\" content=\"Nettali.com\" \/>\n<meta property=\"article:publisher\" content=\"https:\/\/www.facebook.com\/nettalicom\" \/>\n<meta property=\"article:published_time\" content=\"2023-08-12T08:58:25+00:00\" \/>\n<meta property=\"og:image\" content=\"https:\/\/www.nettali.com\/wp-content\/uploads\/2023\/08\/Capture-de\u0301cran-2023-08-01-a\u0300-15.57.19.png\" \/>\n\t<meta property=\"og:image:width\" content=\"671\" \/>\n\t<meta property=\"og:image:height\" content=\"413\" \/>\n<meta name=\"twitter:card\" content=\"summary_large_image\" \/>\n<meta name=\"twitter:label1\" content=\"\u00c9crit par\" \/>\n\t<meta name=\"twitter:data1\" content=\"CK\" \/>\n\t<meta name=\"twitter:label2\" content=\"Dur\u00e9e de lecture estim\u00e9e\" \/>\n\t<meta name=\"twitter:data2\" content=\"4 minutes\" \/>\n<script type=\"application\/ld+json\" class=\"yoast-schema-graph\">{\"@context\":\"https:\/\/schema.org\",\"@graph\":[{\"@type\":\"WebSite\",\"@id\":\"https:\/\/www.nettali.com\/#website\",\"url\":\"https:\/\/www.nettali.com\/\",\"name\":\"Nettali.com\",\"description\":\"Le rendez-vous critique du Net\",\"potentialAction\":[{\"@type\":\"SearchAction\",\"target\":{\"@type\":\"EntryPoint\",\"urlTemplate\":\"https:\/\/www.nettali.com\/?s={search_term_string}\"},\"query-input\":\"required name=search_term_string\"}],\"inLanguage\":\"fr-FR\"},{\"@type\":\"ImageObject\",\"@id\":\"https:\/\/www.nettali.com\/2023\/08\/12\/quand-le-journal-le-monde-se-fourvoie-sur-macky-sall\/#primaryimage\",\"inLanguage\":\"fr-FR\",\"url\":\"https:\/\/www.nettali.com\/wp-content\/uploads\/2023\/08\/Capture-de\\u0301cran-2023-08-01-a\\u0300-15.57.19.png\",\"contentUrl\":\"https:\/\/www.nettali.com\/wp-content\/uploads\/2023\/08\/Capture-de\\u0301cran-2023-08-01-a\\u0300-15.57.19.png\",\"width\":671,\"height\":413},{\"@type\":\"WebPage\",\"@id\":\"https:\/\/www.nettali.com\/2023\/08\/12\/quand-le-journal-le-monde-se-fourvoie-sur-macky-sall\/#webpage\",\"url\":\"https:\/\/www.nettali.com\/2023\/08\/12\/quand-le-journal-le-monde-se-fourvoie-sur-macky-sall\/\",\"name\":\"Quand le Journal Le Monde se fourvoie...sur Macky Sall | Nettali.com\",\"isPartOf\":{\"@id\":\"https:\/\/www.nettali.com\/#website\"},\"primaryImageOfPage\":{\"@id\":\"https:\/\/www.nettali.com\/2023\/08\/12\/quand-le-journal-le-monde-se-fourvoie-sur-macky-sall\/#primaryimage\"},\"datePublished\":\"2023-08-12T08:58:25+00:00\",\"dateModified\":\"2023-08-12T08:58:25+00:00\",\"author\":{\"@id\":\"https:\/\/www.nettali.com\/#\/schema\/person\/d8ac7b7e27ddad43f1c0d2ef090d7f71\"},\"breadcrumb\":{\"@id\":\"https:\/\/www.nettali.com\/2023\/08\/12\/quand-le-journal-le-monde-se-fourvoie-sur-macky-sall\/#breadcrumb\"},\"inLanguage\":\"fr-FR\",\"potentialAction\":[{\"@type\":\"ReadAction\",\"target\":[\"https:\/\/www.nettali.com\/2023\/08\/12\/quand-le-journal-le-monde-se-fourvoie-sur-macky-sall\/\"]}]},{\"@type\":\"BreadcrumbList\",\"@id\":\"https:\/\/www.nettali.com\/2023\/08\/12\/quand-le-journal-le-monde-se-fourvoie-sur-macky-sall\/#breadcrumb\",\"itemListElement\":[{\"@type\":\"ListItem\",\"position\":1,\"name\":\"Accueil\",\"item\":\"https:\/\/www.nettali.com\/\"},{\"@type\":\"ListItem\",\"position\":2,\"name\":\"Quand le Journal Le Monde se fourvoie...sur Macky Sall\"}]},{\"@type\":\"Person\",\"@id\":\"https:\/\/www.nettali.com\/#\/schema\/person\/d8ac7b7e27ddad43f1c0d2ef090d7f71\",\"name\":\"CK\",\"image\":{\"@type\":\"ImageObject\",\"@id\":\"https:\/\/www.nettali.com\/#personlogo\",\"inLanguage\":\"fr-FR\",\"url\":\"https:\/\/secure.gravatar.com\/avatar\/1d8d5118b9327d94da7cd4ce7f17fec2?s=96&d=mm&r=g\",\"contentUrl\":\"https:\/\/secure.gravatar.com\/avatar\/1d8d5118b9327d94da7cd4ce7f17fec2?s=96&d=mm&r=g\",\"caption\":\"CK\"},\"sameAs\":[\"https:\/\/www.nettali.com\"]}]}<\/script>\n<!-- \/ Yoast SEO Premium plugin. -->","yoast_head_json":{"title":"Quand le Journal Le Monde se fourvoie...sur Macky Sall | Nettali.com","robots":{"index":"index","follow":"follow","max-snippet":"max-snippet:-1","max-image-preview":"max-image-preview:large","max-video-preview":"max-video-preview:-1"},"canonical":"https:\/\/www.nettali.com\/2023\/08\/12\/quand-le-journal-le-monde-se-fourvoie-sur-macky-sall\/","og_locale":"fr_FR","og_type":"article","og_title":"Quand le Journal Le Monde se fourvoie...sur Macky Sall","og_description":"CONTRIBUTION - Consacrer un E\u0301ditorial au Se\u0301ne\u0301gal et a\u0300 son Pre\u0301sident, non personnellement signe\u0301, donc endosse\u0301 par le Groupe Le Monde, est une premie\u0300re. Nous savons que c\u2019est sous la dicte\u0301e du Quai d\u2019Orsay corrige\u0301e par les re-lecteurs de la Cellule Afrique au 2, Rue de l\u2019E\u0301lyse\u0301e, que cette litte\u0301rature mondaine anti Macky Sall a [&hellip;]","og_url":"https:\/\/www.nettali.com\/2023\/08\/12\/quand-le-journal-le-monde-se-fourvoie-sur-macky-sall\/","og_site_name":"Nettali.com","article_publisher":"https:\/\/www.facebook.com\/nettalicom","article_published_time":"2023-08-12T08:58:25+00:00","og_image":[{"width":671,"height":413,"url":"https:\/\/www.nettali.com\/wp-content\/uploads\/2023\/08\/Capture-de\u0301cran-2023-08-01-a\u0300-15.57.19.png","type":"image\/png"}],"twitter_card":"summary_large_image","twitter_misc":{"\u00c9crit par":"CK","Dur\u00e9e de lecture estim\u00e9e":"4 minutes"},"schema":{"@context":"https:\/\/schema.org","@graph":[{"@type":"WebSite","@id":"https:\/\/www.nettali.com\/#website","url":"https:\/\/www.nettali.com\/","name":"Nettali.com","description":"Le rendez-vous critique du Net","potentialAction":[{"@type":"SearchAction","target":{"@type":"EntryPoint","urlTemplate":"https:\/\/www.nettali.com\/?s={search_term_string}"},"query-input":"required name=search_term_string"}],"inLanguage":"fr-FR"},{"@type":"ImageObject","@id":"https:\/\/www.nettali.com\/2023\/08\/12\/quand-le-journal-le-monde-se-fourvoie-sur-macky-sall\/#primaryimage","inLanguage":"fr-FR","url":"https:\/\/www.nettali.com\/wp-content\/uploads\/2023\/08\/Capture-de\u0301cran-2023-08-01-a\u0300-15.57.19.png","contentUrl":"https:\/\/www.nettali.com\/wp-content\/uploads\/2023\/08\/Capture-de\u0301cran-2023-08-01-a\u0300-15.57.19.png","width":671,"height":413},{"@type":"WebPage","@id":"https:\/\/www.nettali.com\/2023\/08\/12\/quand-le-journal-le-monde-se-fourvoie-sur-macky-sall\/#webpage","url":"https:\/\/www.nettali.com\/2023\/08\/12\/quand-le-journal-le-monde-se-fourvoie-sur-macky-sall\/","name":"Quand le Journal Le Monde se fourvoie...sur Macky Sall | Nettali.com","isPartOf":{"@id":"https:\/\/www.nettali.com\/#website"},"primaryImageOfPage":{"@id":"https:\/\/www.nettali.com\/2023\/08\/12\/quand-le-journal-le-monde-se-fourvoie-sur-macky-sall\/#primaryimage"},"datePublished":"2023-08-12T08:58:25+00:00","dateModified":"2023-08-12T08:58:25+00:00","author":{"@id":"https:\/\/www.nettali.com\/#\/schema\/person\/d8ac7b7e27ddad43f1c0d2ef090d7f71"},"breadcrumb":{"@id":"https:\/\/www.nettali.com\/2023\/08\/12\/quand-le-journal-le-monde-se-fourvoie-sur-macky-sall\/#breadcrumb"},"inLanguage":"fr-FR","potentialAction":[{"@type":"ReadAction","target":["https:\/\/www.nettali.com\/2023\/08\/12\/quand-le-journal-le-monde-se-fourvoie-sur-macky-sall\/"]}]},{"@type":"BreadcrumbList","@id":"https:\/\/www.nettali.com\/2023\/08\/12\/quand-le-journal-le-monde-se-fourvoie-sur-macky-sall\/#breadcrumb","itemListElement":[{"@type":"ListItem","position":1,"name":"Accueil","item":"https:\/\/www.nettali.com\/"},{"@type":"ListItem","position":2,"name":"Quand le Journal Le Monde se fourvoie...sur Macky Sall"}]},{"@type":"Person","@id":"https:\/\/www.nettali.com\/#\/schema\/person\/d8ac7b7e27ddad43f1c0d2ef090d7f71","name":"CK","image":{"@type":"ImageObject","@id":"https:\/\/www.nettali.com\/#personlogo","inLanguage":"fr-FR","url":"https:\/\/secure.gravatar.com\/avatar\/1d8d5118b9327d94da7cd4ce7f17fec2?s=96&d=mm&r=g","contentUrl":"https:\/\/secure.gravatar.com\/avatar\/1d8d5118b9327d94da7cd4ce7f17fec2?s=96&d=mm&r=g","caption":"CK"},"sameAs":["https:\/\/www.nettali.com"]}]}},"_links":{"self":[{"href":"https:\/\/www.nettali.com\/rest\/wp\/v2\/posts\/116024"}],"collection":[{"href":"https:\/\/www.nettali.com\/rest\/wp\/v2\/posts"}],"about":[{"href":"https:\/\/www.nettali.com\/rest\/wp\/v2\/types\/post"}],"author":[{"embeddable":true,"href":"https:\/\/www.nettali.com\/rest\/wp\/v2\/users\/2"}],"replies":[{"embeddable":true,"href":"https:\/\/www.nettali.com\/rest\/wp\/v2\/comments?post=116024"}],"version-history":[{"count":2,"href":"https:\/\/www.nettali.com\/rest\/wp\/v2\/posts\/116024\/revisions"}],"predecessor-version":[{"id":116026,"href":"https:\/\/www.nettali.com\/rest\/wp\/v2\/posts\/116024\/revisions\/116026"}],"wp:featuredmedia":[{"embeddable":true,"href":"https:\/\/www.nettali.com\/rest\/wp\/v2\/media\/115296"}],"wp:attachment":[{"href":"https:\/\/www.nettali.com\/rest\/wp\/v2\/media?parent=116024"}],"wp:term":[{"taxonomy":"category","embeddable":true,"href":"https:\/\/www.nettali.com\/rest\/wp\/v2\/categories?post=116024"},{"taxonomy":"post_tag","embeddable":true,"href":"https:\/\/www.nettali.com\/rest\/wp\/v2\/tags?post=116024"}],"curies":[{"name":"wp","href":"https:\/\/api.w.org\/{rel}","templated":true}]}}