{"id":116008,"date":"2023-08-11T20:14:18","date_gmt":"2023-08-11T20:14:18","guid":{"rendered":"https:\/\/www.nettali.com\/?p=116008"},"modified":"2023-08-11T20:14:18","modified_gmt":"2023-08-11T20:14:18","slug":"crise-au-niger-rencontre-des-chefs-detat-major-des-armees-des-pays-de-la-cedeao-ce-samedi","status":"publish","type":"post","link":"https:\/\/www.nettali.com\/2023\/08\/11\/crise-au-niger-rencontre-des-chefs-detat-major-des-armees-des-pays-de-la-cedeao-ce-samedi\/","title":{"rendered":"CRISE AU NIGER - Rencontre des chefs d\u2019\u00e9tat-major des arm\u00e9es des pays de la CEDEAO ce samedi"},"content":{"rendered":"<p><strong>NETTALI.COM - Les chefs d\u2019\u00e9tat-major des arm\u00e9es des pays de la CEDEAO se retrouvent samedi \u00e0 Accra au Ghana pour peaufiner une strat\u00e9gie en vue \"d\u2019activer et d\u00e9ployer sans d\u00e9lai\u2019\u2019 la d\u00e9cision de l\u2019instance sous-r\u00e9gionale en faveur de la restauration l\u2019ordre institutionnel au Niger, a rapport\u00e9 le site de Radio France internationale.<\/strong><\/p>\n<p>Cette r\u00e9union fait suite aux recommandations des chefs d\u2019\u00c9tat et de gouvernement de la Communaut\u00e9 \u00e9conomique des Etats de l\u2019Afrique de l\u2019ouest lors d\u2019un sommet extraordinaire organis\u00e9e jeudi\u00a0 \u00e0 Abuja, la capitale du Nigeria.<\/p>\n<p><em>\"La consigne qu\u2019on nous a donn\u00e9 est claire\u2019\u2019<\/em>, a expliqu\u00e9 un haut grad\u00e9 d\u2019une arm\u00e9e ouest-africaine. Celui-ci, cit\u00e9 par la source, justifie la tenue de cette rencontre par le caract\u00e8re urgent de la d\u00e9cision des autorit\u00e9s d\u2019\u2019activer et d\u00e9ployer sans d\u00e9lai\u2019\u2019 la force d\u2019attente de la CEDEAO.<\/p>\n<p>Les chefs d\u2019\u00c9tats de la CEDEAO ont d\u00e9cid\u00e9, jeudi \u00e0 Abuja, d\u2019activer et de d\u00e9ployer \u2018\u2019la force en attente\u2019\u2019 de l\u2019instance r\u00e9gionale pour la restauration de l\u2019ordre constitutionnel au Niger.<\/p>\n<p>Lors d\u2019un sommet extraordinaire, le deuxi\u00e8me sur la situation au Niger depuis le renversement de Mohamed Bazoum, les chefs d\u2019Etat ont toutefois gard\u00e9 sur la table toutes les options pour \u2018\u2019la r\u00e9solution pacifique\u2019\u2019 de la crise.<\/p>\n<p>Ils ont \u00e9galement d\u00e9cid\u00e9 que tout \u00c9tat membre de l\u2019organisation sous-r\u00e9gionale, qui entraverait, directement ou indirectement le r\u00e8glement de la crise au Niger, devra r\u00e9pondre de ses actes.<\/p>\n<div class='share-to-whatsapp-wrapper'><div class='share-on-whsp'>PARTAGER SUR : <\/div><a data-text='CRISE AU NIGER - Rencontre des chefs d\u2019\u00e9tat-major des arm\u00e9es des pays de la CEDEAO ce samedi' data-link='https:\/\/www.nettali.com\/2023\/08\/11\/crise-au-niger-rencontre-des-chefs-detat-major-des-armees-des-pays-de-la-cedeao-ce-samedi\/' class='whatsapp-button whatsapp-share'>WhatsApp<\/a><div class='clear '><\/div><\/div>","protected":false},"excerpt":{"rendered":"<p>NETTALI.COM - Les chefs d\u2019\u00e9tat-major des arm\u00e9es des pays de la CEDEAO se retrouvent samedi \u00e0 Accra au Ghana pour peaufiner une strat\u00e9gie en vue \"d\u2019activer et d\u00e9ployer sans d\u00e9lai\u2019\u2019 la d\u00e9cision de l\u2019instance sous-r\u00e9gionale en faveur de la restauration l\u2019ordre institutionnel au Niger, a rapport\u00e9 le site de Radio France internationale. Cette r\u00e9union fait [&hellip;]<\/p>\n","protected":false},"author":4,"featured_media":115561,"comment_status":"open","ping_status":"open","sticky":false,"template":"","format":"standard","meta":{"_et_pb_use_builder":"","_et_pb_old_content":""},"categories":[3],"tags":[],"yoast_head":"<!-- This site is optimized with the Yoast SEO Premium plugin v17.8 (Yoast SEO v17.8) - https:\/\/yoast.com\/wordpress\/plugins\/seo\/ -->\n<title>CRISE AU NIGER - Rencontre des chefs d\u2019\u00e9tat-major des arm\u00e9es des pays de la CEDEAO ce samedi | Nettali.com<\/title>\n<meta name=\"robots\" content=\"index, follow, max-snippet:-1, max-image-preview:large, max-video-preview:-1\" \/>\n<link rel=\"canonical\" href=\"https:\/\/www.nettali.com\/2023\/08\/11\/crise-au-niger-rencontre-des-chefs-detat-major-des-armees-des-pays-de-la-cedeao-ce-samedi\/\" \/>\n<meta property=\"og:locale\" content=\"fr_FR\" \/>\n<meta property=\"og:type\" content=\"article\" \/>\n<meta property=\"og:title\" content=\"CRISE AU NIGER - Rencontre des chefs d\u2019\u00e9tat-major des arm\u00e9es des pays de la CEDEAO ce samedi\" \/>\n<meta property=\"og:description\" content=\"NETTALI.COM - Les chefs d\u2019\u00e9tat-major des arm\u00e9es des pays de la CEDEAO se retrouvent samedi \u00e0 Accra au Ghana pour peaufiner une strat\u00e9gie en vue &quot;d\u2019activer et d\u00e9ployer sans d\u00e9lai\u2019\u2019 la d\u00e9cision de l\u2019instance sous-r\u00e9gionale en faveur de la restauration l\u2019ordre institutionnel au Niger, a rapport\u00e9 le site de Radio France internationale. Cette r\u00e9union fait [&hellip;]\" \/>\n<meta property=\"og:url\" content=\"https:\/\/www.nettali.com\/2023\/08\/11\/crise-au-niger-rencontre-des-chefs-detat-major-des-armees-des-pays-de-la-cedeao-ce-samedi\/\" \/>\n<meta property=\"og:site_name\" content=\"Nettali.com\" \/>\n<meta property=\"article:publisher\" content=\"https:\/\/www.facebook.com\/nettalicom\" \/>\n<meta property=\"article:published_time\" content=\"2023-08-11T20:14:18+00:00\" \/>\n<meta property=\"og:image\" content=\"https:\/\/www.nettali.com\/wp-content\/uploads\/2023\/08\/tchiani-okok-1024x559-1.png\" \/>\n\t<meta property=\"og:image:width\" content=\"1024\" \/>\n\t<meta property=\"og:image:height\" content=\"559\" \/>\n<meta name=\"twitter:card\" content=\"summary_large_image\" \/>\n<meta name=\"twitter:label1\" content=\"\u00c9crit par\" \/>\n\t<meta name=\"twitter:data1\" content=\"Daouda\" \/>\n\t<meta name=\"twitter:label2\" content=\"Dur\u00e9e de lecture estim\u00e9e\" \/>\n\t<meta name=\"twitter:data2\" content=\"2 minutes\" \/>\n<script type=\"application\/ld+json\" class=\"yoast-schema-graph\">{\"@context\":\"https:\/\/schema.org\",\"@graph\":[{\"@type\":\"WebSite\",\"@id\":\"https:\/\/www.nettali.com\/#website\",\"url\":\"https:\/\/www.nettali.com\/\",\"name\":\"Nettali.com\",\"description\":\"Le rendez-vous critique du Net\",\"potentialAction\":[{\"@type\":\"SearchAction\",\"target\":{\"@type\":\"EntryPoint\",\"urlTemplate\":\"https:\/\/www.nettali.com\/?s={search_term_string}\"},\"query-input\":\"required name=search_term_string\"}],\"inLanguage\":\"fr-FR\"},{\"@type\":\"ImageObject\",\"@id\":\"https:\/\/www.nettali.com\/2023\/08\/11\/crise-au-niger-rencontre-des-chefs-detat-major-des-armees-des-pays-de-la-cedeao-ce-samedi\/#primaryimage\",\"inLanguage\":\"fr-FR\",\"url\":\"https:\/\/www.nettali.com\/wp-content\/uploads\/2023\/08\/tchiani-okok-1024x559-1.png\",\"contentUrl\":\"https:\/\/www.nettali.com\/wp-content\/uploads\/2023\/08\/tchiani-okok-1024x559-1.png\",\"width\":1024,\"height\":559},{\"@type\":\"WebPage\",\"@id\":\"https:\/\/www.nettali.com\/2023\/08\/11\/crise-au-niger-rencontre-des-chefs-detat-major-des-armees-des-pays-de-la-cedeao-ce-samedi\/#webpage\",\"url\":\"https:\/\/www.nettali.com\/2023\/08\/11\/crise-au-niger-rencontre-des-chefs-detat-major-des-armees-des-pays-de-la-cedeao-ce-samedi\/\",\"name\":\"CRISE AU NIGER - Rencontre des chefs d\\u2019\\u00e9tat-major des arm\\u00e9es des pays de la CEDEAO ce samedi | Nettali.com\",\"isPartOf\":{\"@id\":\"https:\/\/www.nettali.com\/#website\"},\"primaryImageOfPage\":{\"@id\":\"https:\/\/www.nettali.com\/2023\/08\/11\/crise-au-niger-rencontre-des-chefs-detat-major-des-armees-des-pays-de-la-cedeao-ce-samedi\/#primaryimage\"},\"datePublished\":\"2023-08-11T20:14:18+00:00\",\"dateModified\":\"2023-08-11T20:14:18+00:00\",\"author\":{\"@id\":\"https:\/\/www.nettali.com\/#\/schema\/person\/3317e0bb3aa1da309fbf7b2780901bf4\"},\"breadcrumb\":{\"@id\":\"https:\/\/www.nettali.com\/2023\/08\/11\/crise-au-niger-rencontre-des-chefs-detat-major-des-armees-des-pays-de-la-cedeao-ce-samedi\/#breadcrumb\"},\"inLanguage\":\"fr-FR\",\"potentialAction\":[{\"@type\":\"ReadAction\",\"target\":[\"https:\/\/www.nettali.com\/2023\/08\/11\/crise-au-niger-rencontre-des-chefs-detat-major-des-armees-des-pays-de-la-cedeao-ce-samedi\/\"]}]},{\"@type\":\"BreadcrumbList\",\"@id\":\"https:\/\/www.nettali.com\/2023\/08\/11\/crise-au-niger-rencontre-des-chefs-detat-major-des-armees-des-pays-de-la-cedeao-ce-samedi\/#breadcrumb\",\"itemListElement\":[{\"@type\":\"ListItem\",\"position\":1,\"name\":\"Accueil\",\"item\":\"https:\/\/www.nettali.com\/\"},{\"@type\":\"ListItem\",\"position\":2,\"name\":\"CRISE AU NIGER - Rencontre des chefs d\\u2019\\u00e9tat-major des arm\\u00e9es des pays de la CEDEAO ce samedi\"}]},{\"@type\":\"Person\",\"@id\":\"https:\/\/www.nettali.com\/#\/schema\/person\/3317e0bb3aa1da309fbf7b2780901bf4\",\"name\":\"Daouda\",\"image\":{\"@type\":\"ImageObject\",\"@id\":\"https:\/\/www.nettali.com\/#personlogo\",\"inLanguage\":\"fr-FR\",\"url\":\"https:\/\/secure.gravatar.com\/avatar\/8d143b5a49345098ddcfee1c49c2f47c?s=96&d=mm&r=g\",\"contentUrl\":\"https:\/\/secure.gravatar.com\/avatar\/8d143b5a49345098ddcfee1c49c2f47c?s=96&d=mm&r=g\",\"caption\":\"Daouda\"},\"sameAs\":[\"https:\/\/www.nettali.com\"]}]}<\/script>\n<!-- \/ Yoast SEO Premium plugin. -->","yoast_head_json":{"title":"CRISE AU NIGER - Rencontre des chefs d\u2019\u00e9tat-major des arm\u00e9es des pays de la CEDEAO ce samedi | Nettali.com","robots":{"index":"index","follow":"follow","max-snippet":"max-snippet:-1","max-image-preview":"max-image-preview:large","max-video-preview":"max-video-preview:-1"},"canonical":"https:\/\/www.nettali.com\/2023\/08\/11\/crise-au-niger-rencontre-des-chefs-detat-major-des-armees-des-pays-de-la-cedeao-ce-samedi\/","og_locale":"fr_FR","og_type":"article","og_title":"CRISE AU NIGER - Rencontre des chefs d\u2019\u00e9tat-major des arm\u00e9es des pays de la CEDEAO ce samedi","og_description":"NETTALI.COM - Les chefs d\u2019\u00e9tat-major des arm\u00e9es des pays de la CEDEAO se retrouvent samedi \u00e0 Accra au Ghana pour peaufiner une strat\u00e9gie en vue \"d\u2019activer et d\u00e9ployer sans d\u00e9lai\u2019\u2019 la d\u00e9cision de l\u2019instance sous-r\u00e9gionale en faveur de la restauration l\u2019ordre institutionnel au Niger, a rapport\u00e9 le site de Radio France internationale. Cette r\u00e9union fait [&hellip;]","og_url":"https:\/\/www.nettali.com\/2023\/08\/11\/crise-au-niger-rencontre-des-chefs-detat-major-des-armees-des-pays-de-la-cedeao-ce-samedi\/","og_site_name":"Nettali.com","article_publisher":"https:\/\/www.facebook.com\/nettalicom","article_published_time":"2023-08-11T20:14:18+00:00","og_image":[{"width":1024,"height":559,"url":"https:\/\/www.nettali.com\/wp-content\/uploads\/2023\/08\/tchiani-okok-1024x559-1.png","type":"image\/png"}],"twitter_card":"summary_large_image","twitter_misc":{"\u00c9crit par":"Daouda","Dur\u00e9e de lecture estim\u00e9e":"2 minutes"},"schema":{"@context":"https:\/\/schema.org","@graph":[{"@type":"WebSite","@id":"https:\/\/www.nettali.com\/#website","url":"https:\/\/www.nettali.com\/","name":"Nettali.com","description":"Le rendez-vous critique du Net","potentialAction":[{"@type":"SearchAction","target":{"@type":"EntryPoint","urlTemplate":"https:\/\/www.nettali.com\/?s={search_term_string}"},"query-input":"required name=search_term_string"}],"inLanguage":"fr-FR"},{"@type":"ImageObject","@id":"https:\/\/www.nettali.com\/2023\/08\/11\/crise-au-niger-rencontre-des-chefs-detat-major-des-armees-des-pays-de-la-cedeao-ce-samedi\/#primaryimage","inLanguage":"fr-FR","url":"https:\/\/www.nettali.com\/wp-content\/uploads\/2023\/08\/tchiani-okok-1024x559-1.png","contentUrl":"https:\/\/www.nettali.com\/wp-content\/uploads\/2023\/08\/tchiani-okok-1024x559-1.png","width":1024,"height":559},{"@type":"WebPage","@id":"https:\/\/www.nettali.com\/2023\/08\/11\/crise-au-niger-rencontre-des-chefs-detat-major-des-armees-des-pays-de-la-cedeao-ce-samedi\/#webpage","url":"https:\/\/www.nettali.com\/2023\/08\/11\/crise-au-niger-rencontre-des-chefs-detat-major-des-armees-des-pays-de-la-cedeao-ce-samedi\/","name":"CRISE AU NIGER - Rencontre des chefs d\u2019\u00e9tat-major des arm\u00e9es des pays de la CEDEAO ce samedi | Nettali.com","isPartOf":{"@id":"https:\/\/www.nettali.com\/#website"},"primaryImageOfPage":{"@id":"https:\/\/www.nettali.com\/2023\/08\/11\/crise-au-niger-rencontre-des-chefs-detat-major-des-armees-des-pays-de-la-cedeao-ce-samedi\/#primaryimage"},"datePublished":"2023-08-11T20:14:18+00:00","dateModified":"2023-08-11T20:14:18+00:00","author":{"@id":"https:\/\/www.nettali.com\/#\/schema\/person\/3317e0bb3aa1da309fbf7b2780901bf4"},"breadcrumb":{"@id":"https:\/\/www.nettali.com\/2023\/08\/11\/crise-au-niger-rencontre-des-chefs-detat-major-des-armees-des-pays-de-la-cedeao-ce-samedi\/#breadcrumb"},"inLanguage":"fr-FR","potentialAction":[{"@type":"ReadAction","target":["https:\/\/www.nettali.com\/2023\/08\/11\/crise-au-niger-rencontre-des-chefs-detat-major-des-armees-des-pays-de-la-cedeao-ce-samedi\/"]}]},{"@type":"BreadcrumbList","@id":"https:\/\/www.nettali.com\/2023\/08\/11\/crise-au-niger-rencontre-des-chefs-detat-major-des-armees-des-pays-de-la-cedeao-ce-samedi\/#breadcrumb","itemListElement":[{"@type":"ListItem","position":1,"name":"Accueil","item":"https:\/\/www.nettali.com\/"},{"@type":"ListItem","position":2,"name":"CRISE AU NIGER - Rencontre des chefs d\u2019\u00e9tat-major des arm\u00e9es des pays de la CEDEAO ce samedi"}]},{"@type":"Person","@id":"https:\/\/www.nettali.com\/#\/schema\/person\/3317e0bb3aa1da309fbf7b2780901bf4","name":"Daouda","image":{"@type":"ImageObject","@id":"https:\/\/www.nettali.com\/#personlogo","inLanguage":"fr-FR","url":"https:\/\/secure.gravatar.com\/avatar\/8d143b5a49345098ddcfee1c49c2f47c?s=96&d=mm&r=g","contentUrl":"https:\/\/secure.gravatar.com\/avatar\/8d143b5a49345098ddcfee1c49c2f47c?s=96&d=mm&r=g","caption":"Daouda"},"sameAs":["https:\/\/www.nettali.com"]}]}},"_links":{"self":[{"href":"https:\/\/www.nettali.com\/rest\/wp\/v2\/posts\/116008"}],"collection":[{"href":"https:\/\/www.nettali.com\/rest\/wp\/v2\/posts"}],"about":[{"href":"https:\/\/www.nettali.com\/rest\/wp\/v2\/types\/post"}],"author":[{"embeddable":true,"href":"https:\/\/www.nettali.com\/rest\/wp\/v2\/users\/4"}],"replies":[{"embeddable":true,"href":"https:\/\/www.nettali.com\/rest\/wp\/v2\/comments?post=116008"}],"version-history":[{"count":1,"href":"https:\/\/www.nettali.com\/rest\/wp\/v2\/posts\/116008\/revisions"}],"predecessor-version":[{"id":116009,"href":"https:\/\/www.nettali.com\/rest\/wp\/v2\/posts\/116008\/revisions\/116009"}],"wp:featuredmedia":[{"embeddable":true,"href":"https:\/\/www.nettali.com\/rest\/wp\/v2\/media\/115561"}],"wp:attachment":[{"href":"https:\/\/www.nettali.com\/rest\/wp\/v2\/media?parent=116008"}],"wp:term":[{"taxonomy":"category","embeddable":true,"href":"https:\/\/www.nettali.com\/rest\/wp\/v2\/categories?post=116008"},{"taxonomy":"post_tag","embeddable":true,"href":"https:\/\/www.nettali.com\/rest\/wp\/v2\/tags?post=116008"}],"curies":[{"name":"wp","href":"https:\/\/api.w.org\/{rel}","templated":true}]}}