{"id":115948,"date":"2023-08-11T09:27:45","date_gmt":"2023-08-11T09:27:45","guid":{"rendered":"https:\/\/www.nettali.com\/?p=115948"},"modified":"2023-08-11T09:27:45","modified_gmt":"2023-08-11T09:27:45","slug":"en-coulisses-la-replique-du-garde-des-sceaux-au-batonnier","status":"publish","type":"post","link":"https:\/\/www.nettali.com\/2023\/08\/11\/en-coulisses-la-replique-du-garde-des-sceaux-au-batonnier\/","title":{"rendered":"EN COULISSES - La r\u00e9plique du Garde des Sceaux au b\u00e2tonnier"},"content":{"rendered":"<p><strong>NETTALI.COM - <\/strong>La r\u00e9plique de l'ordre des avocats du S\u00e9n\u00e9gal au ministre de la Justice, suite \u00e0 sa sortie sur l'affaire\u00a0 Me Babacar Ndiaye a encore fait encore r\u00e9agir le Garde des Sceaux. Celui-ci, \u00e0 travers un communiqu\u00e9 a tenu \u00e0 r\u00e9pondre via un communiqu\u00e9.<\/p>\n<p>L'arrestation de Me Babacar Ndiaye a \u00e9t\u00e9 bien r\u00e9guli\u00e8re. C'est du moins c'est la r\u00e9ponse\u00a0 du minist\u00e8re de la Justice qui r\u00e9fute les arguments du B\u00e2tonnier selon lesquels \" <em>la d\u00e9marche initi\u00e9e par le Procureur g\u00e9n\u00e9ral m\u00e9connait la formalit\u00e9 de la consultation pr\u00e9vue par l\u2019alin\u00e9a 2 de l\u2019article 6 du R\u00e8glement n\u00b005\/CM\/UEMOA du 25 septembre 2014 relatif \u00e0 l\u2019harmonisation des r\u00e8gles r\u00e9gissant la profession d\u2019avocat dans l\u2019espace UEMOA<\/em>\".<\/p>\n<p>Dans le cas d\u2019esp\u00e8ce, pr\u00e9cise Isma\u00efla Madior Fall, \" <em>par une lettre du 03 ao\u00fbt 2023, le Procureur g\u00e9n\u00e9ral a bien saisi le B\u00e2tonnier, l\u2019avisant qu\u2019il \u00ab entend \u00bb ordonner l\u2019ouverture d\u2019une enqu\u00eate <\/em><em>contre un avocat \u00e0 la Cour pour des faits susceptibles d\u2019\u00eatre qualifi\u00e9s de recel de malfaiteurs<\/em>\" .<\/p>\n<p>Par cons\u00e9quent, le Garde des Sceaux estime que la teneur de cette lettre laisse apparaitre la r\u00e9alisation des exigences pos\u00e9es par l\u2019alin\u00e9a 2 de l\u2019article 6 du R\u00e8glement de l\u2019UEMOA. Car, argue le communiqu\u00e9, \" <em>premi\u00e8rement, le Procureur g\u00e9n\u00e9ral, en indiquant que \u00ab son Parquet g\u00e9n\u00e9ral entend ordonner <\/em><em>l\u2019ouverture d\u2019une enqu\u00eate\u2026 \u00bb a invit\u00e9 le B\u00e2tonnier \u00e0 lui donner son avis sur la proc\u00e9dure envisag\u00e9e. Par cons\u00e9quent, le Procureur g\u00e9n\u00e9ral a bien consult\u00e9 le B\u00e2tonnier \u00e0 travers cette lettre<\/em>\".<\/p>\n<p>Deuxi\u00e8mement, poursuit la note, \" le <em>Procureur g\u00e9n\u00e9ral a pr\u00e9cis\u00e9 dans sa lettre les faits reproch\u00e9s \u00e0 l\u2019avocat <\/em><em>susceptibles d\u2019\u00eatre qualifi\u00e9s de recel de malfaiteurs\".<\/em><\/p>\n<p>\" <em>Troisi\u00e8mement, le Procureur g\u00e9n\u00e9ral a adress\u00e9 la lettre le 03 ao\u00fbt 2023, en laissant ainsi, au B\u00e2tonnier un d\u00e9lai pour r\u00e9pondre. Ce n\u2019est que le 04 ao\u00fbt 2023, apr\u00e8s un d\u00e9lai de 24 heures, sans r\u00e9ponse du B\u00e2tonnier, que le Procureur g\u00e9n\u00e9ral s\u2019est r\u00e9solu \u00e0 engager des poursuites<\/em>\" .<\/p>\n<p>Autant d'arguments qui font dire au ministre de la Justice que \" <em>le Procureur g\u00e9n\u00e9ral a respect\u00e9 les conditions pos\u00e9es l\u2019article 6 pr\u00e9cis\u00e9 par l\u2019avis n\u00b002\/2020 du 07 juillet 2020 de la Cour de justice de l\u2019UEMOA<\/em>\".<\/p>\n<p>&nbsp;<\/p>\n<div class='share-to-whatsapp-wrapper'><div class='share-on-whsp'>PARTAGER SUR : <\/div><a data-text='EN COULISSES - La r\u00e9plique du Garde des Sceaux au b\u00e2tonnier' data-link='https:\/\/www.nettali.com\/2023\/08\/11\/en-coulisses-la-replique-du-garde-des-sceaux-au-batonnier\/' class='whatsapp-button whatsapp-share'>WhatsApp<\/a><div class='clear '><\/div><\/div>","protected":false},"excerpt":{"rendered":"<p>NETTALI.COM - La r\u00e9plique de l'ordre des avocats du S\u00e9n\u00e9gal au ministre de la Justice, suite \u00e0 sa sortie sur l'affaire\u00a0 Me Babacar Ndiaye a encore fait encore r\u00e9agir le Garde des Sceaux. Celui-ci, \u00e0 travers un communiqu\u00e9 a tenu \u00e0 r\u00e9pondre via un communiqu\u00e9. L'arrestation de Me Babacar Ndiaye a \u00e9t\u00e9 bien r\u00e9guli\u00e8re. C'est [&hellip;]<\/p>\n","protected":false},"author":6,"featured_media":115975,"comment_status":"open","ping_status":"open","sticky":false,"template":"","format":"standard","meta":{"_et_pb_use_builder":"","_et_pb_old_content":""},"categories":[34945],"tags":[],"yoast_head":"<!-- This site is optimized with the Yoast SEO Premium plugin v17.8 (Yoast SEO v17.8) - https:\/\/yoast.com\/wordpress\/plugins\/seo\/ -->\n<title>EN COULISSES - La r\u00e9plique du Garde des Sceaux au b\u00e2tonnier | Nettali.com<\/title>\n<meta name=\"robots\" content=\"index, follow, max-snippet:-1, max-image-preview:large, max-video-preview:-1\" \/>\n<link rel=\"canonical\" href=\"https:\/\/www.nettali.com\/2023\/08\/11\/en-coulisses-la-replique-du-garde-des-sceaux-au-batonnier\/\" \/>\n<meta property=\"og:locale\" content=\"fr_FR\" \/>\n<meta property=\"og:type\" content=\"article\" \/>\n<meta property=\"og:title\" content=\"EN COULISSES - La r\u00e9plique du Garde des Sceaux au b\u00e2tonnier\" \/>\n<meta property=\"og:description\" content=\"NETTALI.COM - La r\u00e9plique de l&#039;ordre des avocats du S\u00e9n\u00e9gal au ministre de la Justice, suite \u00e0 sa sortie sur l&#039;affaire\u00a0 Me Babacar Ndiaye a encore fait encore r\u00e9agir le Garde des Sceaux. Celui-ci, \u00e0 travers un communiqu\u00e9 a tenu \u00e0 r\u00e9pondre via un communiqu\u00e9. L&#039;arrestation de Me Babacar Ndiaye a \u00e9t\u00e9 bien r\u00e9guli\u00e8re. C&#039;est [&hellip;]\" \/>\n<meta property=\"og:url\" content=\"https:\/\/www.nettali.com\/2023\/08\/11\/en-coulisses-la-replique-du-garde-des-sceaux-au-batonnier\/\" \/>\n<meta property=\"og:site_name\" content=\"Nettali.com\" \/>\n<meta property=\"article:publisher\" content=\"https:\/\/www.facebook.com\/nettalicom\" \/>\n<meta property=\"article:published_time\" content=\"2023-08-11T09:27:45+00:00\" \/>\n<meta property=\"og:image\" content=\"https:\/\/www.nettali.com\/wp-content\/uploads\/2023\/08\/1664441218795.jpeg\" \/>\n\t<meta property=\"og:image:width\" content=\"800\" \/>\n\t<meta property=\"og:image:height\" content=\"800\" \/>\n<meta name=\"twitter:card\" content=\"summary_large_image\" \/>\n<meta name=\"twitter:label1\" content=\"\u00c9crit par\" \/>\n\t<meta name=\"twitter:data1\" content=\"Fatou\" \/>\n\t<meta name=\"twitter:label2\" content=\"Dur\u00e9e de lecture estim\u00e9e\" \/>\n\t<meta name=\"twitter:data2\" content=\"2 minutes\" \/>\n<script type=\"application\/ld+json\" class=\"yoast-schema-graph\">{\"@context\":\"https:\/\/schema.org\",\"@graph\":[{\"@type\":\"WebSite\",\"@id\":\"https:\/\/www.nettali.com\/#website\",\"url\":\"https:\/\/www.nettali.com\/\",\"name\":\"Nettali.com\",\"description\":\"Le rendez-vous critique du Net\",\"potentialAction\":[{\"@type\":\"SearchAction\",\"target\":{\"@type\":\"EntryPoint\",\"urlTemplate\":\"https:\/\/www.nettali.com\/?s={search_term_string}\"},\"query-input\":\"required name=search_term_string\"}],\"inLanguage\":\"fr-FR\"},{\"@type\":\"ImageObject\",\"@id\":\"https:\/\/www.nettali.com\/2023\/08\/11\/en-coulisses-la-replique-du-garde-des-sceaux-au-batonnier\/#primaryimage\",\"inLanguage\":\"fr-FR\",\"url\":\"https:\/\/www.nettali.com\/wp-content\/uploads\/2023\/08\/1664441218795.jpeg\",\"contentUrl\":\"https:\/\/www.nettali.com\/wp-content\/uploads\/2023\/08\/1664441218795.jpeg\",\"width\":800,\"height\":800},{\"@type\":\"WebPage\",\"@id\":\"https:\/\/www.nettali.com\/2023\/08\/11\/en-coulisses-la-replique-du-garde-des-sceaux-au-batonnier\/#webpage\",\"url\":\"https:\/\/www.nettali.com\/2023\/08\/11\/en-coulisses-la-replique-du-garde-des-sceaux-au-batonnier\/\",\"name\":\"EN COULISSES - La r\\u00e9plique du Garde des Sceaux au b\\u00e2tonnier | Nettali.com\",\"isPartOf\":{\"@id\":\"https:\/\/www.nettali.com\/#website\"},\"primaryImageOfPage\":{\"@id\":\"https:\/\/www.nettali.com\/2023\/08\/11\/en-coulisses-la-replique-du-garde-des-sceaux-au-batonnier\/#primaryimage\"},\"datePublished\":\"2023-08-11T09:27:45+00:00\",\"dateModified\":\"2023-08-11T09:27:45+00:00\",\"author\":{\"@id\":\"https:\/\/www.nettali.com\/#\/schema\/person\/418274a86bdf87caff7a3ef476bd0bbf\"},\"breadcrumb\":{\"@id\":\"https:\/\/www.nettali.com\/2023\/08\/11\/en-coulisses-la-replique-du-garde-des-sceaux-au-batonnier\/#breadcrumb\"},\"inLanguage\":\"fr-FR\",\"potentialAction\":[{\"@type\":\"ReadAction\",\"target\":[\"https:\/\/www.nettali.com\/2023\/08\/11\/en-coulisses-la-replique-du-garde-des-sceaux-au-batonnier\/\"]}]},{\"@type\":\"BreadcrumbList\",\"@id\":\"https:\/\/www.nettali.com\/2023\/08\/11\/en-coulisses-la-replique-du-garde-des-sceaux-au-batonnier\/#breadcrumb\",\"itemListElement\":[{\"@type\":\"ListItem\",\"position\":1,\"name\":\"Accueil\",\"item\":\"https:\/\/www.nettali.com\/\"},{\"@type\":\"ListItem\",\"position\":2,\"name\":\"EN COULISSES - La r\\u00e9plique du Garde des Sceaux au b\\u00e2tonnier\"}]},{\"@type\":\"Person\",\"@id\":\"https:\/\/www.nettali.com\/#\/schema\/person\/418274a86bdf87caff7a3ef476bd0bbf\",\"name\":\"Fatou\",\"image\":{\"@type\":\"ImageObject\",\"@id\":\"https:\/\/www.nettali.com\/#personlogo\",\"inLanguage\":\"fr-FR\",\"url\":\"https:\/\/secure.gravatar.com\/avatar\/5a9442a2bee7b4dcf167cab035858e9a?s=96&d=mm&r=g\",\"contentUrl\":\"https:\/\/secure.gravatar.com\/avatar\/5a9442a2bee7b4dcf167cab035858e9a?s=96&d=mm&r=g\",\"caption\":\"Fatou\"},\"sameAs\":[\"https:\/\/www.nettali.com\"]}]}<\/script>\n<!-- \/ Yoast SEO Premium plugin. -->","yoast_head_json":{"title":"EN COULISSES - La r\u00e9plique du Garde des Sceaux au b\u00e2tonnier | Nettali.com","robots":{"index":"index","follow":"follow","max-snippet":"max-snippet:-1","max-image-preview":"max-image-preview:large","max-video-preview":"max-video-preview:-1"},"canonical":"https:\/\/www.nettali.com\/2023\/08\/11\/en-coulisses-la-replique-du-garde-des-sceaux-au-batonnier\/","og_locale":"fr_FR","og_type":"article","og_title":"EN COULISSES - La r\u00e9plique du Garde des Sceaux au b\u00e2tonnier","og_description":"NETTALI.COM - La r\u00e9plique de l'ordre des avocats du S\u00e9n\u00e9gal au ministre de la Justice, suite \u00e0 sa sortie sur l'affaire\u00a0 Me Babacar Ndiaye a encore fait encore r\u00e9agir le Garde des Sceaux. Celui-ci, \u00e0 travers un communiqu\u00e9 a tenu \u00e0 r\u00e9pondre via un communiqu\u00e9. L'arrestation de Me Babacar Ndiaye a \u00e9t\u00e9 bien r\u00e9guli\u00e8re. C'est [&hellip;]","og_url":"https:\/\/www.nettali.com\/2023\/08\/11\/en-coulisses-la-replique-du-garde-des-sceaux-au-batonnier\/","og_site_name":"Nettali.com","article_publisher":"https:\/\/www.facebook.com\/nettalicom","article_published_time":"2023-08-11T09:27:45+00:00","og_image":[{"width":800,"height":800,"url":"https:\/\/www.nettali.com\/wp-content\/uploads\/2023\/08\/1664441218795.jpeg","type":"image\/jpeg"}],"twitter_card":"summary_large_image","twitter_misc":{"\u00c9crit par":"Fatou","Dur\u00e9e de lecture estim\u00e9e":"2 minutes"},"schema":{"@context":"https:\/\/schema.org","@graph":[{"@type":"WebSite","@id":"https:\/\/www.nettali.com\/#website","url":"https:\/\/www.nettali.com\/","name":"Nettali.com","description":"Le rendez-vous critique du Net","potentialAction":[{"@type":"SearchAction","target":{"@type":"EntryPoint","urlTemplate":"https:\/\/www.nettali.com\/?s={search_term_string}"},"query-input":"required name=search_term_string"}],"inLanguage":"fr-FR"},{"@type":"ImageObject","@id":"https:\/\/www.nettali.com\/2023\/08\/11\/en-coulisses-la-replique-du-garde-des-sceaux-au-batonnier\/#primaryimage","inLanguage":"fr-FR","url":"https:\/\/www.nettali.com\/wp-content\/uploads\/2023\/08\/1664441218795.jpeg","contentUrl":"https:\/\/www.nettali.com\/wp-content\/uploads\/2023\/08\/1664441218795.jpeg","width":800,"height":800},{"@type":"WebPage","@id":"https:\/\/www.nettali.com\/2023\/08\/11\/en-coulisses-la-replique-du-garde-des-sceaux-au-batonnier\/#webpage","url":"https:\/\/www.nettali.com\/2023\/08\/11\/en-coulisses-la-replique-du-garde-des-sceaux-au-batonnier\/","name":"EN COULISSES - La r\u00e9plique du Garde des Sceaux au b\u00e2tonnier | Nettali.com","isPartOf":{"@id":"https:\/\/www.nettali.com\/#website"},"primaryImageOfPage":{"@id":"https:\/\/www.nettali.com\/2023\/08\/11\/en-coulisses-la-replique-du-garde-des-sceaux-au-batonnier\/#primaryimage"},"datePublished":"2023-08-11T09:27:45+00:00","dateModified":"2023-08-11T09:27:45+00:00","author":{"@id":"https:\/\/www.nettali.com\/#\/schema\/person\/418274a86bdf87caff7a3ef476bd0bbf"},"breadcrumb":{"@id":"https:\/\/www.nettali.com\/2023\/08\/11\/en-coulisses-la-replique-du-garde-des-sceaux-au-batonnier\/#breadcrumb"},"inLanguage":"fr-FR","potentialAction":[{"@type":"ReadAction","target":["https:\/\/www.nettali.com\/2023\/08\/11\/en-coulisses-la-replique-du-garde-des-sceaux-au-batonnier\/"]}]},{"@type":"BreadcrumbList","@id":"https:\/\/www.nettali.com\/2023\/08\/11\/en-coulisses-la-replique-du-garde-des-sceaux-au-batonnier\/#breadcrumb","itemListElement":[{"@type":"ListItem","position":1,"name":"Accueil","item":"https:\/\/www.nettali.com\/"},{"@type":"ListItem","position":2,"name":"EN COULISSES - La r\u00e9plique du Garde des Sceaux au b\u00e2tonnier"}]},{"@type":"Person","@id":"https:\/\/www.nettali.com\/#\/schema\/person\/418274a86bdf87caff7a3ef476bd0bbf","name":"Fatou","image":{"@type":"ImageObject","@id":"https:\/\/www.nettali.com\/#personlogo","inLanguage":"fr-FR","url":"https:\/\/secure.gravatar.com\/avatar\/5a9442a2bee7b4dcf167cab035858e9a?s=96&d=mm&r=g","contentUrl":"https:\/\/secure.gravatar.com\/avatar\/5a9442a2bee7b4dcf167cab035858e9a?s=96&d=mm&r=g","caption":"Fatou"},"sameAs":["https:\/\/www.nettali.com"]}]}},"_links":{"self":[{"href":"https:\/\/www.nettali.com\/rest\/wp\/v2\/posts\/115948"}],"collection":[{"href":"https:\/\/www.nettali.com\/rest\/wp\/v2\/posts"}],"about":[{"href":"https:\/\/www.nettali.com\/rest\/wp\/v2\/types\/post"}],"author":[{"embeddable":true,"href":"https:\/\/www.nettali.com\/rest\/wp\/v2\/users\/6"}],"replies":[{"embeddable":true,"href":"https:\/\/www.nettali.com\/rest\/wp\/v2\/comments?post=115948"}],"version-history":[{"count":8,"href":"https:\/\/www.nettali.com\/rest\/wp\/v2\/posts\/115948\/revisions"}],"predecessor-version":[{"id":115967,"href":"https:\/\/www.nettali.com\/rest\/wp\/v2\/posts\/115948\/revisions\/115967"}],"wp:featuredmedia":[{"embeddable":true,"href":"https:\/\/www.nettali.com\/rest\/wp\/v2\/media\/115975"}],"wp:attachment":[{"href":"https:\/\/www.nettali.com\/rest\/wp\/v2\/media?parent=115948"}],"wp:term":[{"taxonomy":"category","embeddable":true,"href":"https:\/\/www.nettali.com\/rest\/wp\/v2\/categories?post=115948"},{"taxonomy":"post_tag","embeddable":true,"href":"https:\/\/www.nettali.com\/rest\/wp\/v2\/tags?post=115948"}],"curies":[{"name":"wp","href":"https:\/\/api.w.org\/{rel}","templated":true}]}}