{"id":115943,"date":"2023-08-11T09:29:25","date_gmt":"2023-08-11T09:29:25","guid":{"rendered":"https:\/\/www.nettali.com\/?p=115943"},"modified":"2023-08-11T09:29:25","modified_gmt":"2023-08-11T09:29:25","slug":"en-coulisses-ce-quils-vivent-nous-lavons-vecu-avant-eux","status":"publish","type":"post","link":"https:\/\/www.nettali.com\/2023\/08\/11\/en-coulisses-ce-quils-vivent-nous-lavons-vecu-avant-eux\/","title":{"rendered":"EN COULISSES - \"Ce qu'ils vivent, nous l'avons v\u00e9cu avant eux...\""},"content":{"rendered":"<p><strong>NETTALI.COM - <\/strong>Certains membres de la coalition Yewwi Askan Wi consid\u00e8rent Khalifa Ababacar Sall comme un tra\u00eetre allant m\u00eame jusqu\u2019\u00e0 l'exclure la coalition \"Taxawu S\u00e9n\u00e9gal\" de la coalition Yewwi Askan Wi. En conf\u00e9rence, le jeudi 10 ao\u00fbt, le maire de Dakar, Barth\u00e9l\u00e9my Dias a promis qu\u2019il ne pol\u00e9miquera avec personne. Mais, il donne sa d\u00e9finition du mot \"<em>tra\u00eetre<\/em>\".<\/p>\n<p>\"<em>Le traitre c\u2019est celui avec lequel vous vous \u00eates battus, celui avec lequel vous avez chemin\u00e9 et qui a dit devant tous les S\u00e9n\u00e9galais qu\u2019il fera tout pour que vous soyez candidat \u00e0 l\u2019\u00e9lection pr\u00e9sidentielle. Il l\u2019a m\u00eame inscrit dans la charte et subitement cette personne d\u00e9cide de changer d\u2019avis. Lors du vote de loi pour la r\u00e9habilitation de Khalifa Sall, les traites d\u00e9cident d\u2019introduire un recours parce qu\u2019ils viennent de d\u00e9couvrir l\u2019injustice politique<\/em>\", a d\u00e9clar\u00e9 le maire de Dakar.<\/p>\n<p>\"<em>Ce qu\u2019ils vivent, nous l\u2019avons v\u00e9cu avant eux, mais dans la dignit\u00e9. Ils oublient que c\u2019est parce qu\u2019on nous a mis \u00e0 l\u2019\u00e9cart qu\u2019ils ont pu se faire une place. Ce n\u2019est pas parce qu\u2019aujourd\u2019hui votre candidature est compromise que tous ceux qui ne sont pas avec vous sont des tra\u00eetres. Nous n\u2019avons pas les m\u00eames d\u00e9marches. Vous avez choisi le gatsa-gatsa et nous avons opt\u00e9 pour le dialogue. La seule voie d\u2019acc\u00e9der au pouvoir au S\u00e9n\u00e9gal c\u2019est les \u00e9lections parce que le S\u00e9n\u00e9gal est une R\u00e9publique. Il faut \u00eatre \u00e9l\u00e9gant quelles que soient les \u00e9preuves<\/em>\", a l\u00e2ch\u00e9 Dias fils.<\/p>\n<p>&nbsp;<\/p>\n<div class='share-to-whatsapp-wrapper'><div class='share-on-whsp'>PARTAGER SUR : <\/div><a data-text='EN COULISSES - \"Ce qu'ils vivent, nous l'avons v\u00e9cu avant eux...\"' data-link='https:\/\/www.nettali.com\/2023\/08\/11\/en-coulisses-ce-quils-vivent-nous-lavons-vecu-avant-eux\/' class='whatsapp-button whatsapp-share'>WhatsApp<\/a><div class='clear '><\/div><\/div>","protected":false},"excerpt":{"rendered":"<p>NETTALI.COM - Certains membres de la coalition Yewwi Askan Wi consid\u00e8rent Khalifa Ababacar Sall comme un tra\u00eetre allant m\u00eame jusqu\u2019\u00e0 l'exclure la coalition \"Taxawu S\u00e9n\u00e9gal\" de la coalition Yewwi Askan Wi. En conf\u00e9rence, le jeudi 10 ao\u00fbt, le maire de Dakar, Barth\u00e9l\u00e9my Dias a promis qu\u2019il ne pol\u00e9miquera avec personne. Mais, il donne sa d\u00e9finition [&hellip;]<\/p>\n","protected":false},"author":5,"featured_media":115944,"comment_status":"open","ping_status":"open","sticky":false,"template":"","format":"standard","meta":{"_et_pb_use_builder":"","_et_pb_old_content":""},"categories":[34945],"tags":[],"yoast_head":"<!-- This site is optimized with the Yoast SEO Premium plugin v17.8 (Yoast SEO v17.8) - https:\/\/yoast.com\/wordpress\/plugins\/seo\/ -->\n<title>EN COULISSES - &quot;Ce qu&#039;ils vivent, nous l&#039;avons v\u00e9cu avant eux...&quot; | Nettali.com<\/title>\n<meta name=\"robots\" content=\"index, follow, max-snippet:-1, max-image-preview:large, max-video-preview:-1\" \/>\n<link rel=\"canonical\" href=\"https:\/\/www.nettali.com\/2023\/08\/11\/en-coulisses-ce-quils-vivent-nous-lavons-vecu-avant-eux\/\" \/>\n<meta property=\"og:locale\" content=\"fr_FR\" \/>\n<meta property=\"og:type\" content=\"article\" \/>\n<meta property=\"og:title\" content=\"EN COULISSES - &quot;Ce qu&#039;ils vivent, nous l&#039;avons v\u00e9cu avant eux...&quot;\" \/>\n<meta property=\"og:description\" content=\"NETTALI.COM - Certains membres de la coalition Yewwi Askan Wi consid\u00e8rent Khalifa Ababacar Sall comme un tra\u00eetre allant m\u00eame jusqu\u2019\u00e0 l&#039;exclure la coalition &quot;Taxawu S\u00e9n\u00e9gal&quot; de la coalition Yewwi Askan Wi. En conf\u00e9rence, le jeudi 10 ao\u00fbt, le maire de Dakar, Barth\u00e9l\u00e9my Dias a promis qu\u2019il ne pol\u00e9miquera avec personne. Mais, il donne sa d\u00e9finition [&hellip;]\" \/>\n<meta property=\"og:url\" content=\"https:\/\/www.nettali.com\/2023\/08\/11\/en-coulisses-ce-quils-vivent-nous-lavons-vecu-avant-eux\/\" \/>\n<meta property=\"og:site_name\" content=\"Nettali.com\" \/>\n<meta property=\"article:publisher\" content=\"https:\/\/www.facebook.com\/nettalicom\" \/>\n<meta property=\"article:published_time\" content=\"2023-08-11T09:29:25+00:00\" \/>\n<meta property=\"og:image\" content=\"https:\/\/www.nettali.com\/wp-content\/uploads\/2023\/08\/barth_diaz_4.jpg\" \/>\n\t<meta property=\"og:image:width\" content=\"800\" \/>\n\t<meta property=\"og:image:height\" content=\"550\" \/>\n<meta name=\"twitter:card\" content=\"summary_large_image\" \/>\n<meta name=\"twitter:label1\" content=\"\u00c9crit par\" \/>\n\t<meta name=\"twitter:data1\" content=\"Ibrahima\" \/>\n\t<meta name=\"twitter:label2\" content=\"Dur\u00e9e de lecture estim\u00e9e\" \/>\n\t<meta name=\"twitter:data2\" content=\"2 minutes\" \/>\n<script type=\"application\/ld+json\" class=\"yoast-schema-graph\">{\"@context\":\"https:\/\/schema.org\",\"@graph\":[{\"@type\":\"WebSite\",\"@id\":\"https:\/\/www.nettali.com\/#website\",\"url\":\"https:\/\/www.nettali.com\/\",\"name\":\"Nettali.com\",\"description\":\"Le rendez-vous critique du Net\",\"potentialAction\":[{\"@type\":\"SearchAction\",\"target\":{\"@type\":\"EntryPoint\",\"urlTemplate\":\"https:\/\/www.nettali.com\/?s={search_term_string}\"},\"query-input\":\"required name=search_term_string\"}],\"inLanguage\":\"fr-FR\"},{\"@type\":\"ImageObject\",\"@id\":\"https:\/\/www.nettali.com\/2023\/08\/11\/en-coulisses-ce-quils-vivent-nous-lavons-vecu-avant-eux\/#primaryimage\",\"inLanguage\":\"fr-FR\",\"url\":\"https:\/\/www.nettali.com\/wp-content\/uploads\/2023\/08\/barth_diaz_4.jpg\",\"contentUrl\":\"https:\/\/www.nettali.com\/wp-content\/uploads\/2023\/08\/barth_diaz_4.jpg\",\"width\":800,\"height\":550},{\"@type\":\"WebPage\",\"@id\":\"https:\/\/www.nettali.com\/2023\/08\/11\/en-coulisses-ce-quils-vivent-nous-lavons-vecu-avant-eux\/#webpage\",\"url\":\"https:\/\/www.nettali.com\/2023\/08\/11\/en-coulisses-ce-quils-vivent-nous-lavons-vecu-avant-eux\/\",\"name\":\"EN COULISSES - \\\"Ce qu'ils vivent, nous l'avons v\\u00e9cu avant eux...\\\" | Nettali.com\",\"isPartOf\":{\"@id\":\"https:\/\/www.nettali.com\/#website\"},\"primaryImageOfPage\":{\"@id\":\"https:\/\/www.nettali.com\/2023\/08\/11\/en-coulisses-ce-quils-vivent-nous-lavons-vecu-avant-eux\/#primaryimage\"},\"datePublished\":\"2023-08-11T09:29:25+00:00\",\"dateModified\":\"2023-08-11T09:29:25+00:00\",\"author\":{\"@id\":\"https:\/\/www.nettali.com\/#\/schema\/person\/bb147657c2986240405a608162b9bb23\"},\"breadcrumb\":{\"@id\":\"https:\/\/www.nettali.com\/2023\/08\/11\/en-coulisses-ce-quils-vivent-nous-lavons-vecu-avant-eux\/#breadcrumb\"},\"inLanguage\":\"fr-FR\",\"potentialAction\":[{\"@type\":\"ReadAction\",\"target\":[\"https:\/\/www.nettali.com\/2023\/08\/11\/en-coulisses-ce-quils-vivent-nous-lavons-vecu-avant-eux\/\"]}]},{\"@type\":\"BreadcrumbList\",\"@id\":\"https:\/\/www.nettali.com\/2023\/08\/11\/en-coulisses-ce-quils-vivent-nous-lavons-vecu-avant-eux\/#breadcrumb\",\"itemListElement\":[{\"@type\":\"ListItem\",\"position\":1,\"name\":\"Accueil\",\"item\":\"https:\/\/www.nettali.com\/\"},{\"@type\":\"ListItem\",\"position\":2,\"name\":\"EN COULISSES - \\\"Ce qu'ils vivent, nous l'avons v\\u00e9cu avant eux...\\\"\"}]},{\"@type\":\"Person\",\"@id\":\"https:\/\/www.nettali.com\/#\/schema\/person\/bb147657c2986240405a608162b9bb23\",\"name\":\"Ibrahima\",\"image\":{\"@type\":\"ImageObject\",\"@id\":\"https:\/\/www.nettali.com\/#personlogo\",\"inLanguage\":\"fr-FR\",\"url\":\"https:\/\/secure.gravatar.com\/avatar\/26a8a81f09f0dd7624c9d5c36c9ba3a2?s=96&d=mm&r=g\",\"contentUrl\":\"https:\/\/secure.gravatar.com\/avatar\/26a8a81f09f0dd7624c9d5c36c9ba3a2?s=96&d=mm&r=g\",\"caption\":\"Ibrahima\"},\"sameAs\":[\"https:\/\/www.nettali.com\"]}]}<\/script>\n<!-- \/ Yoast SEO Premium plugin. -->","yoast_head_json":{"title":"EN COULISSES - \"Ce qu'ils vivent, nous l'avons v\u00e9cu avant eux...\" | Nettali.com","robots":{"index":"index","follow":"follow","max-snippet":"max-snippet:-1","max-image-preview":"max-image-preview:large","max-video-preview":"max-video-preview:-1"},"canonical":"https:\/\/www.nettali.com\/2023\/08\/11\/en-coulisses-ce-quils-vivent-nous-lavons-vecu-avant-eux\/","og_locale":"fr_FR","og_type":"article","og_title":"EN COULISSES - \"Ce qu'ils vivent, nous l'avons v\u00e9cu avant eux...\"","og_description":"NETTALI.COM - Certains membres de la coalition Yewwi Askan Wi consid\u00e8rent Khalifa Ababacar Sall comme un tra\u00eetre allant m\u00eame jusqu\u2019\u00e0 l'exclure la coalition \"Taxawu S\u00e9n\u00e9gal\" de la coalition Yewwi Askan Wi. En conf\u00e9rence, le jeudi 10 ao\u00fbt, le maire de Dakar, Barth\u00e9l\u00e9my Dias a promis qu\u2019il ne pol\u00e9miquera avec personne. Mais, il donne sa d\u00e9finition [&hellip;]","og_url":"https:\/\/www.nettali.com\/2023\/08\/11\/en-coulisses-ce-quils-vivent-nous-lavons-vecu-avant-eux\/","og_site_name":"Nettali.com","article_publisher":"https:\/\/www.facebook.com\/nettalicom","article_published_time":"2023-08-11T09:29:25+00:00","og_image":[{"width":800,"height":550,"url":"https:\/\/www.nettali.com\/wp-content\/uploads\/2023\/08\/barth_diaz_4.jpg","type":"image\/jpeg"}],"twitter_card":"summary_large_image","twitter_misc":{"\u00c9crit par":"Ibrahima","Dur\u00e9e de lecture estim\u00e9e":"2 minutes"},"schema":{"@context":"https:\/\/schema.org","@graph":[{"@type":"WebSite","@id":"https:\/\/www.nettali.com\/#website","url":"https:\/\/www.nettali.com\/","name":"Nettali.com","description":"Le rendez-vous critique du Net","potentialAction":[{"@type":"SearchAction","target":{"@type":"EntryPoint","urlTemplate":"https:\/\/www.nettali.com\/?s={search_term_string}"},"query-input":"required name=search_term_string"}],"inLanguage":"fr-FR"},{"@type":"ImageObject","@id":"https:\/\/www.nettali.com\/2023\/08\/11\/en-coulisses-ce-quils-vivent-nous-lavons-vecu-avant-eux\/#primaryimage","inLanguage":"fr-FR","url":"https:\/\/www.nettali.com\/wp-content\/uploads\/2023\/08\/barth_diaz_4.jpg","contentUrl":"https:\/\/www.nettali.com\/wp-content\/uploads\/2023\/08\/barth_diaz_4.jpg","width":800,"height":550},{"@type":"WebPage","@id":"https:\/\/www.nettali.com\/2023\/08\/11\/en-coulisses-ce-quils-vivent-nous-lavons-vecu-avant-eux\/#webpage","url":"https:\/\/www.nettali.com\/2023\/08\/11\/en-coulisses-ce-quils-vivent-nous-lavons-vecu-avant-eux\/","name":"EN COULISSES - \"Ce qu'ils vivent, nous l'avons v\u00e9cu avant eux...\" | Nettali.com","isPartOf":{"@id":"https:\/\/www.nettali.com\/#website"},"primaryImageOfPage":{"@id":"https:\/\/www.nettali.com\/2023\/08\/11\/en-coulisses-ce-quils-vivent-nous-lavons-vecu-avant-eux\/#primaryimage"},"datePublished":"2023-08-11T09:29:25+00:00","dateModified":"2023-08-11T09:29:25+00:00","author":{"@id":"https:\/\/www.nettali.com\/#\/schema\/person\/bb147657c2986240405a608162b9bb23"},"breadcrumb":{"@id":"https:\/\/www.nettali.com\/2023\/08\/11\/en-coulisses-ce-quils-vivent-nous-lavons-vecu-avant-eux\/#breadcrumb"},"inLanguage":"fr-FR","potentialAction":[{"@type":"ReadAction","target":["https:\/\/www.nettali.com\/2023\/08\/11\/en-coulisses-ce-quils-vivent-nous-lavons-vecu-avant-eux\/"]}]},{"@type":"BreadcrumbList","@id":"https:\/\/www.nettali.com\/2023\/08\/11\/en-coulisses-ce-quils-vivent-nous-lavons-vecu-avant-eux\/#breadcrumb","itemListElement":[{"@type":"ListItem","position":1,"name":"Accueil","item":"https:\/\/www.nettali.com\/"},{"@type":"ListItem","position":2,"name":"EN COULISSES - \"Ce qu'ils vivent, nous l'avons v\u00e9cu avant eux...\""}]},{"@type":"Person","@id":"https:\/\/www.nettali.com\/#\/schema\/person\/bb147657c2986240405a608162b9bb23","name":"Ibrahima","image":{"@type":"ImageObject","@id":"https:\/\/www.nettali.com\/#personlogo","inLanguage":"fr-FR","url":"https:\/\/secure.gravatar.com\/avatar\/26a8a81f09f0dd7624c9d5c36c9ba3a2?s=96&d=mm&r=g","contentUrl":"https:\/\/secure.gravatar.com\/avatar\/26a8a81f09f0dd7624c9d5c36c9ba3a2?s=96&d=mm&r=g","caption":"Ibrahima"},"sameAs":["https:\/\/www.nettali.com"]}]}},"_links":{"self":[{"href":"https:\/\/www.nettali.com\/rest\/wp\/v2\/posts\/115943"}],"collection":[{"href":"https:\/\/www.nettali.com\/rest\/wp\/v2\/posts"}],"about":[{"href":"https:\/\/www.nettali.com\/rest\/wp\/v2\/types\/post"}],"author":[{"embeddable":true,"href":"https:\/\/www.nettali.com\/rest\/wp\/v2\/users\/5"}],"replies":[{"embeddable":true,"href":"https:\/\/www.nettali.com\/rest\/wp\/v2\/comments?post=115943"}],"version-history":[{"count":3,"href":"https:\/\/www.nettali.com\/rest\/wp\/v2\/posts\/115943\/revisions"}],"predecessor-version":[{"id":115959,"href":"https:\/\/www.nettali.com\/rest\/wp\/v2\/posts\/115943\/revisions\/115959"}],"wp:featuredmedia":[{"embeddable":true,"href":"https:\/\/www.nettali.com\/rest\/wp\/v2\/media\/115944"}],"wp:attachment":[{"href":"https:\/\/www.nettali.com\/rest\/wp\/v2\/media?parent=115943"}],"wp:term":[{"taxonomy":"category","embeddable":true,"href":"https:\/\/www.nettali.com\/rest\/wp\/v2\/categories?post=115943"},{"taxonomy":"post_tag","embeddable":true,"href":"https:\/\/www.nettali.com\/rest\/wp\/v2\/tags?post=115943"}],"curies":[{"name":"wp","href":"https:\/\/api.w.org\/{rel}","templated":true}]}}