{"id":115899,"date":"2023-08-10T13:46:31","date_gmt":"2023-08-10T13:46:31","guid":{"rendered":"https:\/\/www.nettali.com\/?p=115899"},"modified":"2023-08-10T13:46:31","modified_gmt":"2023-08-10T13:46:31","slug":"radiation-de-ousmane-sonko-pastef-annonce-une-riposte-appropriee","status":"publish","type":"post","link":"https:\/\/www.nettali.com\/2023\/08\/10\/radiation-de-ousmane-sonko-pastef-annonce-une-riposte-appropriee\/","title":{"rendered":"RADIATION DE OUSMANE SONKO \u2013 Pastef annonce une riposte appropri\u00e9e"},"content":{"rendered":"<p><strong>NETTALI.COM-\u00a0<\/strong><strong>Le leader du Parti Pastef est radi\u00e9 des listes \u00e9lectorales apr\u00e8s sa condamnation par contumace dans l\u2019affaire suite beaut\u00e9. Le porte-parole du Parti Me Abdoulaye Tall furieux, annonce d\u00e9j\u00e0 une riposte appropri\u00e9e d\u00e8s que la notification sera effectu\u00e9e\u00a0 au concern\u00e9.<\/strong><\/p>\n<p>Le leader du Pastef sera radi\u00e9 des listes \u00e9lectorales si on en croit certaines sources. \u00a0La d\u00e9cision est d\u00e9j\u00e0 en cours de notification au concern\u00e9.\u00a0 Une situation que d\u00e9nonce avec la derni\u00e8re rigueur ledit parti dissout. Son porte-parole Me Abdoulaye Tall parle de \u00e9ni\u00e8me forfaiture. Il parle d\u2019acharnement de pers\u00e9cution qui selon lui, est \u00a0inacceptable dans un \u00e9tat de droit . \u00ab <em>Ousmane Sonko voyait d\u00e9j\u00e0 venir. Il avait inform\u00e9 sur l\u2019entreprise concoct\u00e9 par l\u2019\u00c9tat pour effectivement le radier des listes \u00e9lectorales. C\u2019est de la com\u00e9die.\u00a0 Comment quelqu\u2019un qui est condamn\u00e9 par contumace, qui a \u00e9t\u00e9 arr\u00eat\u00e9 et d\u00e9j\u00e0 emprisonn\u00e9 et qui avait \u00e9crit au greffe de la juridiction du tribunal qui l\u2019avait condamn\u00e9 par contumace une lettre de non acquiescement peut se trouver dans cette situation<\/em> \u00bb s\u2019interroge-t-il.<\/p>\n<p>Me Tall d\u2019indiquer que la loi m\u00eame dit que le contumax arr\u00eat\u00e9, s\u2019il se constitue prisonnier\u00a0 \u00e0 moins qu\u2019il acquiesce alors que tel n\u2019est pas le cas avec Sonko, le jugement est an\u00e9anti de plein droit et doit \u00eatre\u00a0 jug\u00e9 sans d\u00e9lai et dans les m\u00eame formes pr\u00e9c\u00e9dentes. Ainsi une riposte appropri\u00e9e sera apport\u00e9e \u00e0 cette situation selon le porte-parole du Parti. \u00ab <em>Ousmane Sonko, sa constitution dans les listes \u00e9lectorales est bien r\u00e9guli\u00e8re. Ousmane Sonko est \u00e9ligible et il est \u00e9lecteur. Quant \u00e0 une administration qui doit se charger de prot\u00e9ger les citoyens, de garantir les citoyens, c\u2019est cette m\u00eame administration qui viole le droit des citoyens, nous ne faisons que prendre acte et \u00e9galement apporter la riposte appropri\u00e9<\/em> \u00bb soutient-il pour s\u2019en d\u00e9soler.<\/p>\n<p>Dans cette lanc\u00e9e, il affirme que le bureau politique du Pastef va se r\u00e9unir. \u00ab <em>Nous attendons que la notification soit effectu\u00e9e pour d\u00e9gager une strat\u00e9gie. Cela est inacceptable<\/em> \u00bb dit-il. Non sans s\u2019interroger de comment on peut radier quelqu\u2019un d\u2019une liste alors que la proc\u00e9dure le concernant est toujours pendante devant les juridictions s\u00e9n\u00e9galaises. \u00ab <em>On ne peut pas dire que l\u2019affaire Sonko Adji Sarr est d\u00e9finitive d\u2019autant plus que Ousmane Sonko qui a \u00e9t\u00e9 condamn\u00e9 a \u00e9t\u00e9 arr\u00eat\u00e9 sur une autre affaire. D\u00e8s l\u2019instant que le contumax est arr\u00eat\u00e9, la proc\u00e9dure est an\u00e9antie<\/em> \u00bb note Me Tall .<\/p>\n<div class='share-to-whatsapp-wrapper'><div class='share-on-whsp'>PARTAGER SUR : <\/div><a data-text='RADIATION DE OUSMANE SONKO \u2013 Pastef annonce une riposte appropri\u00e9e' data-link='https:\/\/www.nettali.com\/2023\/08\/10\/radiation-de-ousmane-sonko-pastef-annonce-une-riposte-appropriee\/' class='whatsapp-button whatsapp-share'>WhatsApp<\/a><div class='clear '><\/div><\/div>","protected":false},"excerpt":{"rendered":"<p>NETTALI.COM-\u00a0Le leader du Parti Pastef est radi\u00e9 des listes \u00e9lectorales apr\u00e8s sa condamnation par contumace dans l\u2019affaire suite beaut\u00e9. Le porte-parole du Parti Me Abdoulaye Tall furieux, annonce d\u00e9j\u00e0 une riposte appropri\u00e9e d\u00e8s que la notification sera effectu\u00e9e\u00a0 au concern\u00e9. Le leader du Pastef sera radi\u00e9 des listes \u00e9lectorales si on en croit certaines sources. [&hellip;]<\/p>\n","protected":false},"author":6,"featured_media":112225,"comment_status":"open","ping_status":"open","sticky":false,"template":"","format":"standard","meta":{"_et_pb_use_builder":"","_et_pb_old_content":""},"categories":[2],"tags":[],"yoast_head":"<!-- This site is optimized with the Yoast SEO Premium plugin v17.8 (Yoast SEO v17.8) - https:\/\/yoast.com\/wordpress\/plugins\/seo\/ -->\n<title>RADIATION DE OUSMANE SONKO \u2013 Pastef annonce une riposte appropri\u00e9e | Nettali.com<\/title>\n<meta name=\"robots\" content=\"index, follow, max-snippet:-1, max-image-preview:large, max-video-preview:-1\" \/>\n<link rel=\"canonical\" href=\"https:\/\/www.nettali.com\/2023\/08\/10\/radiation-de-ousmane-sonko-pastef-annonce-une-riposte-appropriee\/\" \/>\n<meta property=\"og:locale\" content=\"fr_FR\" \/>\n<meta property=\"og:type\" content=\"article\" \/>\n<meta property=\"og:title\" content=\"RADIATION DE OUSMANE SONKO \u2013 Pastef annonce une riposte appropri\u00e9e\" \/>\n<meta property=\"og:description\" content=\"NETTALI.COM-\u00a0Le leader du Parti Pastef est radi\u00e9 des listes \u00e9lectorales apr\u00e8s sa condamnation par contumace dans l\u2019affaire suite beaut\u00e9. Le porte-parole du Parti Me Abdoulaye Tall furieux, annonce d\u00e9j\u00e0 une riposte appropri\u00e9e d\u00e8s que la notification sera effectu\u00e9e\u00a0 au concern\u00e9. Le leader du Pastef sera radi\u00e9 des listes \u00e9lectorales si on en croit certaines sources. [&hellip;]\" \/>\n<meta property=\"og:url\" content=\"https:\/\/www.nettali.com\/2023\/08\/10\/radiation-de-ousmane-sonko-pastef-annonce-une-riposte-appropriee\/\" \/>\n<meta property=\"og:site_name\" content=\"Nettali.com\" \/>\n<meta property=\"article:publisher\" content=\"https:\/\/www.facebook.com\/nettalicom\" \/>\n<meta property=\"article:published_time\" content=\"2023-08-10T13:46:31+00:00\" \/>\n<meta property=\"og:image\" content=\"https:\/\/www.nettali.com\/wp-content\/uploads\/2023\/06\/Pastef.jpg\" \/>\n\t<meta property=\"og:image:width\" content=\"640\" \/>\n\t<meta property=\"og:image:height\" content=\"377\" \/>\n<meta name=\"twitter:card\" content=\"summary_large_image\" \/>\n<meta name=\"twitter:label1\" content=\"\u00c9crit par\" \/>\n\t<meta name=\"twitter:data1\" content=\"Fatou\" \/>\n\t<meta name=\"twitter:label2\" content=\"Dur\u00e9e de lecture estim\u00e9e\" \/>\n\t<meta name=\"twitter:data2\" content=\"2 minutes\" \/>\n<script type=\"application\/ld+json\" class=\"yoast-schema-graph\">{\"@context\":\"https:\/\/schema.org\",\"@graph\":[{\"@type\":\"WebSite\",\"@id\":\"https:\/\/www.nettali.com\/#website\",\"url\":\"https:\/\/www.nettali.com\/\",\"name\":\"Nettali.com\",\"description\":\"Le rendez-vous critique du Net\",\"potentialAction\":[{\"@type\":\"SearchAction\",\"target\":{\"@type\":\"EntryPoint\",\"urlTemplate\":\"https:\/\/www.nettali.com\/?s={search_term_string}\"},\"query-input\":\"required name=search_term_string\"}],\"inLanguage\":\"fr-FR\"},{\"@type\":\"ImageObject\",\"@id\":\"https:\/\/www.nettali.com\/2023\/08\/10\/radiation-de-ousmane-sonko-pastef-annonce-une-riposte-appropriee\/#primaryimage\",\"inLanguage\":\"fr-FR\",\"url\":\"https:\/\/www.nettali.com\/wp-content\/uploads\/2023\/06\/Pastef.jpg\",\"contentUrl\":\"https:\/\/www.nettali.com\/wp-content\/uploads\/2023\/06\/Pastef.jpg\",\"width\":640,\"height\":377},{\"@type\":\"WebPage\",\"@id\":\"https:\/\/www.nettali.com\/2023\/08\/10\/radiation-de-ousmane-sonko-pastef-annonce-une-riposte-appropriee\/#webpage\",\"url\":\"https:\/\/www.nettali.com\/2023\/08\/10\/radiation-de-ousmane-sonko-pastef-annonce-une-riposte-appropriee\/\",\"name\":\"RADIATION DE OUSMANE SONKO \\u2013 Pastef annonce une riposte appropri\\u00e9e | Nettali.com\",\"isPartOf\":{\"@id\":\"https:\/\/www.nettali.com\/#website\"},\"primaryImageOfPage\":{\"@id\":\"https:\/\/www.nettali.com\/2023\/08\/10\/radiation-de-ousmane-sonko-pastef-annonce-une-riposte-appropriee\/#primaryimage\"},\"datePublished\":\"2023-08-10T13:46:31+00:00\",\"dateModified\":\"2023-08-10T13:46:31+00:00\",\"author\":{\"@id\":\"https:\/\/www.nettali.com\/#\/schema\/person\/418274a86bdf87caff7a3ef476bd0bbf\"},\"breadcrumb\":{\"@id\":\"https:\/\/www.nettali.com\/2023\/08\/10\/radiation-de-ousmane-sonko-pastef-annonce-une-riposte-appropriee\/#breadcrumb\"},\"inLanguage\":\"fr-FR\",\"potentialAction\":[{\"@type\":\"ReadAction\",\"target\":[\"https:\/\/www.nettali.com\/2023\/08\/10\/radiation-de-ousmane-sonko-pastef-annonce-une-riposte-appropriee\/\"]}]},{\"@type\":\"BreadcrumbList\",\"@id\":\"https:\/\/www.nettali.com\/2023\/08\/10\/radiation-de-ousmane-sonko-pastef-annonce-une-riposte-appropriee\/#breadcrumb\",\"itemListElement\":[{\"@type\":\"ListItem\",\"position\":1,\"name\":\"Accueil\",\"item\":\"https:\/\/www.nettali.com\/\"},{\"@type\":\"ListItem\",\"position\":2,\"name\":\"RADIATION DE OUSMANE SONKO \\u2013 Pastef annonce une riposte appropri\\u00e9e\"}]},{\"@type\":\"Person\",\"@id\":\"https:\/\/www.nettali.com\/#\/schema\/person\/418274a86bdf87caff7a3ef476bd0bbf\",\"name\":\"Fatou\",\"image\":{\"@type\":\"ImageObject\",\"@id\":\"https:\/\/www.nettali.com\/#personlogo\",\"inLanguage\":\"fr-FR\",\"url\":\"https:\/\/secure.gravatar.com\/avatar\/5a9442a2bee7b4dcf167cab035858e9a?s=96&d=mm&r=g\",\"contentUrl\":\"https:\/\/secure.gravatar.com\/avatar\/5a9442a2bee7b4dcf167cab035858e9a?s=96&d=mm&r=g\",\"caption\":\"Fatou\"},\"sameAs\":[\"https:\/\/www.nettali.com\"]}]}<\/script>\n<!-- \/ Yoast SEO Premium plugin. -->","yoast_head_json":{"title":"RADIATION DE OUSMANE SONKO \u2013 Pastef annonce une riposte appropri\u00e9e | Nettali.com","robots":{"index":"index","follow":"follow","max-snippet":"max-snippet:-1","max-image-preview":"max-image-preview:large","max-video-preview":"max-video-preview:-1"},"canonical":"https:\/\/www.nettali.com\/2023\/08\/10\/radiation-de-ousmane-sonko-pastef-annonce-une-riposte-appropriee\/","og_locale":"fr_FR","og_type":"article","og_title":"RADIATION DE OUSMANE SONKO \u2013 Pastef annonce une riposte appropri\u00e9e","og_description":"NETTALI.COM-\u00a0Le leader du Parti Pastef est radi\u00e9 des listes \u00e9lectorales apr\u00e8s sa condamnation par contumace dans l\u2019affaire suite beaut\u00e9. Le porte-parole du Parti Me Abdoulaye Tall furieux, annonce d\u00e9j\u00e0 une riposte appropri\u00e9e d\u00e8s que la notification sera effectu\u00e9e\u00a0 au concern\u00e9. Le leader du Pastef sera radi\u00e9 des listes \u00e9lectorales si on en croit certaines sources. [&hellip;]","og_url":"https:\/\/www.nettali.com\/2023\/08\/10\/radiation-de-ousmane-sonko-pastef-annonce-une-riposte-appropriee\/","og_site_name":"Nettali.com","article_publisher":"https:\/\/www.facebook.com\/nettalicom","article_published_time":"2023-08-10T13:46:31+00:00","og_image":[{"width":640,"height":377,"url":"https:\/\/www.nettali.com\/wp-content\/uploads\/2023\/06\/Pastef.jpg","type":"image\/jpeg"}],"twitter_card":"summary_large_image","twitter_misc":{"\u00c9crit par":"Fatou","Dur\u00e9e de lecture estim\u00e9e":"2 minutes"},"schema":{"@context":"https:\/\/schema.org","@graph":[{"@type":"WebSite","@id":"https:\/\/www.nettali.com\/#website","url":"https:\/\/www.nettali.com\/","name":"Nettali.com","description":"Le rendez-vous critique du Net","potentialAction":[{"@type":"SearchAction","target":{"@type":"EntryPoint","urlTemplate":"https:\/\/www.nettali.com\/?s={search_term_string}"},"query-input":"required name=search_term_string"}],"inLanguage":"fr-FR"},{"@type":"ImageObject","@id":"https:\/\/www.nettali.com\/2023\/08\/10\/radiation-de-ousmane-sonko-pastef-annonce-une-riposte-appropriee\/#primaryimage","inLanguage":"fr-FR","url":"https:\/\/www.nettali.com\/wp-content\/uploads\/2023\/06\/Pastef.jpg","contentUrl":"https:\/\/www.nettali.com\/wp-content\/uploads\/2023\/06\/Pastef.jpg","width":640,"height":377},{"@type":"WebPage","@id":"https:\/\/www.nettali.com\/2023\/08\/10\/radiation-de-ousmane-sonko-pastef-annonce-une-riposte-appropriee\/#webpage","url":"https:\/\/www.nettali.com\/2023\/08\/10\/radiation-de-ousmane-sonko-pastef-annonce-une-riposte-appropriee\/","name":"RADIATION DE OUSMANE SONKO \u2013 Pastef annonce une riposte appropri\u00e9e | Nettali.com","isPartOf":{"@id":"https:\/\/www.nettali.com\/#website"},"primaryImageOfPage":{"@id":"https:\/\/www.nettali.com\/2023\/08\/10\/radiation-de-ousmane-sonko-pastef-annonce-une-riposte-appropriee\/#primaryimage"},"datePublished":"2023-08-10T13:46:31+00:00","dateModified":"2023-08-10T13:46:31+00:00","author":{"@id":"https:\/\/www.nettali.com\/#\/schema\/person\/418274a86bdf87caff7a3ef476bd0bbf"},"breadcrumb":{"@id":"https:\/\/www.nettali.com\/2023\/08\/10\/radiation-de-ousmane-sonko-pastef-annonce-une-riposte-appropriee\/#breadcrumb"},"inLanguage":"fr-FR","potentialAction":[{"@type":"ReadAction","target":["https:\/\/www.nettali.com\/2023\/08\/10\/radiation-de-ousmane-sonko-pastef-annonce-une-riposte-appropriee\/"]}]},{"@type":"BreadcrumbList","@id":"https:\/\/www.nettali.com\/2023\/08\/10\/radiation-de-ousmane-sonko-pastef-annonce-une-riposte-appropriee\/#breadcrumb","itemListElement":[{"@type":"ListItem","position":1,"name":"Accueil","item":"https:\/\/www.nettali.com\/"},{"@type":"ListItem","position":2,"name":"RADIATION DE OUSMANE SONKO \u2013 Pastef annonce une riposte appropri\u00e9e"}]},{"@type":"Person","@id":"https:\/\/www.nettali.com\/#\/schema\/person\/418274a86bdf87caff7a3ef476bd0bbf","name":"Fatou","image":{"@type":"ImageObject","@id":"https:\/\/www.nettali.com\/#personlogo","inLanguage":"fr-FR","url":"https:\/\/secure.gravatar.com\/avatar\/5a9442a2bee7b4dcf167cab035858e9a?s=96&d=mm&r=g","contentUrl":"https:\/\/secure.gravatar.com\/avatar\/5a9442a2bee7b4dcf167cab035858e9a?s=96&d=mm&r=g","caption":"Fatou"},"sameAs":["https:\/\/www.nettali.com"]}]}},"_links":{"self":[{"href":"https:\/\/www.nettali.com\/rest\/wp\/v2\/posts\/115899"}],"collection":[{"href":"https:\/\/www.nettali.com\/rest\/wp\/v2\/posts"}],"about":[{"href":"https:\/\/www.nettali.com\/rest\/wp\/v2\/types\/post"}],"author":[{"embeddable":true,"href":"https:\/\/www.nettali.com\/rest\/wp\/v2\/users\/6"}],"replies":[{"embeddable":true,"href":"https:\/\/www.nettali.com\/rest\/wp\/v2\/comments?post=115899"}],"version-history":[{"count":1,"href":"https:\/\/www.nettali.com\/rest\/wp\/v2\/posts\/115899\/revisions"}],"predecessor-version":[{"id":115900,"href":"https:\/\/www.nettali.com\/rest\/wp\/v2\/posts\/115899\/revisions\/115900"}],"wp:featuredmedia":[{"embeddable":true,"href":"https:\/\/www.nettali.com\/rest\/wp\/v2\/media\/112225"}],"wp:attachment":[{"href":"https:\/\/www.nettali.com\/rest\/wp\/v2\/media?parent=115899"}],"wp:term":[{"taxonomy":"category","embeddable":true,"href":"https:\/\/www.nettali.com\/rest\/wp\/v2\/categories?post=115899"},{"taxonomy":"post_tag","embeddable":true,"href":"https:\/\/www.nettali.com\/rest\/wp\/v2\/tags?post=115899"}],"curies":[{"name":"wp","href":"https:\/\/api.w.org\/{rel}","templated":true}]}}