{"id":115895,"date":"2023-08-10T14:43:03","date_gmt":"2023-08-10T14:43:03","guid":{"rendered":"https:\/\/www.nettali.com\/?p=115895"},"modified":"2023-08-10T14:43:03","modified_gmt":"2023-08-10T14:43:03","slug":"real-madrid-thibault-courtois-out-pour-plusieurs-mois","status":"publish","type":"post","link":"https:\/\/www.nettali.com\/2023\/08\/10\/real-madrid-thibault-courtois-out-pour-plusieurs-mois\/","title":{"rendered":"REAL MADRID - Thibault Courtois out pour plusieurs mois"},"content":{"rendered":"<p><strong>NETTALI.COM - \u00c9norme tuile pour Thibault Courtois. Tr\u00e8s mauvaise nouvelle pour le Real Madrid \u00e9galement ! Ce jeudi 10 ao\u00fbt, le gardien international belge a \u00e9t\u00e9 \u00e9vacu\u00e9 sur une civi\u00e8re lors de l'entra\u00eenement des Merengue en raison d'une s\u00e9rieuse blessure au genou gauche.<\/strong><\/p>\n<p>En larmes au moment de quitter le terrain, Thibault Courtois souffre d'une rupture du ligament crois\u00e9 ant\u00e9rieur, selon un communiqu\u00e9 officiel de la Maison Blanche. Op\u00e9r\u00e9 dans les prochains jours, Courtois va conna\u00eetre une absence de plusieurs mois et l'entra\u00eeneur madril\u00e8ne Carlo Ancelotti va devoir se reposer sur Andriy Lunin en attendant une potentielle arriv\u00e9e \u00e0 ce poste sur ce mercato...<\/p>\n<div class='share-to-whatsapp-wrapper'><div class='share-on-whsp'>PARTAGER SUR : <\/div><a data-text='REAL MADRID - Thibault Courtois out pour plusieurs mois' data-link='https:\/\/www.nettali.com\/2023\/08\/10\/real-madrid-thibault-courtois-out-pour-plusieurs-mois\/' class='whatsapp-button whatsapp-share'>WhatsApp<\/a><div class='clear '><\/div><\/div>","protected":false},"excerpt":{"rendered":"<p>NETTALI.COM - \u00c9norme tuile pour Thibault Courtois. Tr\u00e8s mauvaise nouvelle pour le Real Madrid \u00e9galement ! Ce jeudi 10 ao\u00fbt, le gardien international belge a \u00e9t\u00e9 \u00e9vacu\u00e9 sur une civi\u00e8re lors de l'entra\u00eenement des Merengue en raison d'une s\u00e9rieuse blessure au genou gauche. En larmes au moment de quitter le terrain, Thibault Courtois souffre d'une [&hellip;]<\/p>\n","protected":false},"author":5,"featured_media":115896,"comment_status":"open","ping_status":"open","sticky":false,"template":"","format":"standard","meta":{"_et_pb_use_builder":"","_et_pb_old_content":""},"categories":[6],"tags":[],"yoast_head":"<!-- This site is optimized with the Yoast SEO Premium plugin v17.8 (Yoast SEO v17.8) - https:\/\/yoast.com\/wordpress\/plugins\/seo\/ -->\n<title>REAL MADRID - Thibault Courtois out pour plusieurs mois | Nettali.com<\/title>\n<meta name=\"robots\" content=\"index, follow, max-snippet:-1, max-image-preview:large, max-video-preview:-1\" \/>\n<link rel=\"canonical\" href=\"https:\/\/www.nettali.com\/2023\/08\/10\/real-madrid-thibault-courtois-out-pour-plusieurs-mois\/\" \/>\n<meta property=\"og:locale\" content=\"fr_FR\" \/>\n<meta property=\"og:type\" content=\"article\" \/>\n<meta property=\"og:title\" content=\"REAL MADRID - Thibault Courtois out pour plusieurs mois\" \/>\n<meta property=\"og:description\" content=\"NETTALI.COM - \u00c9norme tuile pour Thibault Courtois. Tr\u00e8s mauvaise nouvelle pour le Real Madrid \u00e9galement ! Ce jeudi 10 ao\u00fbt, le gardien international belge a \u00e9t\u00e9 \u00e9vacu\u00e9 sur une civi\u00e8re lors de l&#039;entra\u00eenement des Merengue en raison d&#039;une s\u00e9rieuse blessure au genou gauche. En larmes au moment de quitter le terrain, Thibault Courtois souffre d&#039;une [&hellip;]\" \/>\n<meta property=\"og:url\" content=\"https:\/\/www.nettali.com\/2023\/08\/10\/real-madrid-thibault-courtois-out-pour-plusieurs-mois\/\" \/>\n<meta property=\"og:site_name\" content=\"Nettali.com\" \/>\n<meta property=\"article:publisher\" content=\"https:\/\/www.facebook.com\/nettalicom\" \/>\n<meta property=\"article:published_time\" content=\"2023-08-10T14:43:03+00:00\" \/>\n<meta property=\"og:image\" content=\"https:\/\/www.nettali.com\/wp-content\/uploads\/2023\/08\/B9728768188Z.1_20211024190408_000GLBJ6V2U4.2-0.jpg\" \/>\n\t<meta property=\"og:image:width\" content=\"864\" \/>\n\t<meta property=\"og:image:height\" content=\"486\" \/>\n<meta name=\"twitter:card\" content=\"summary_large_image\" \/>\n<meta name=\"twitter:label1\" content=\"\u00c9crit par\" \/>\n\t<meta name=\"twitter:data1\" content=\"Ibrahima\" \/>\n\t<meta name=\"twitter:label2\" content=\"Dur\u00e9e de lecture estim\u00e9e\" \/>\n\t<meta name=\"twitter:data2\" content=\"1 minute\" \/>\n<script type=\"application\/ld+json\" class=\"yoast-schema-graph\">{\"@context\":\"https:\/\/schema.org\",\"@graph\":[{\"@type\":\"WebSite\",\"@id\":\"https:\/\/www.nettali.com\/#website\",\"url\":\"https:\/\/www.nettali.com\/\",\"name\":\"Nettali.com\",\"description\":\"Le rendez-vous critique du Net\",\"potentialAction\":[{\"@type\":\"SearchAction\",\"target\":{\"@type\":\"EntryPoint\",\"urlTemplate\":\"https:\/\/www.nettali.com\/?s={search_term_string}\"},\"query-input\":\"required name=search_term_string\"}],\"inLanguage\":\"fr-FR\"},{\"@type\":\"ImageObject\",\"@id\":\"https:\/\/www.nettali.com\/2023\/08\/10\/real-madrid-thibault-courtois-out-pour-plusieurs-mois\/#primaryimage\",\"inLanguage\":\"fr-FR\",\"url\":\"https:\/\/www.nettali.com\/wp-content\/uploads\/2023\/08\/B9728768188Z.1_20211024190408_000GLBJ6V2U4.2-0.jpg\",\"contentUrl\":\"https:\/\/www.nettali.com\/wp-content\/uploads\/2023\/08\/B9728768188Z.1_20211024190408_000GLBJ6V2U4.2-0.jpg\",\"width\":864,\"height\":486},{\"@type\":\"WebPage\",\"@id\":\"https:\/\/www.nettali.com\/2023\/08\/10\/real-madrid-thibault-courtois-out-pour-plusieurs-mois\/#webpage\",\"url\":\"https:\/\/www.nettali.com\/2023\/08\/10\/real-madrid-thibault-courtois-out-pour-plusieurs-mois\/\",\"name\":\"REAL MADRID - Thibault Courtois out pour plusieurs mois | Nettali.com\",\"isPartOf\":{\"@id\":\"https:\/\/www.nettali.com\/#website\"},\"primaryImageOfPage\":{\"@id\":\"https:\/\/www.nettali.com\/2023\/08\/10\/real-madrid-thibault-courtois-out-pour-plusieurs-mois\/#primaryimage\"},\"datePublished\":\"2023-08-10T14:43:03+00:00\",\"dateModified\":\"2023-08-10T14:43:03+00:00\",\"author\":{\"@id\":\"https:\/\/www.nettali.com\/#\/schema\/person\/bb147657c2986240405a608162b9bb23\"},\"breadcrumb\":{\"@id\":\"https:\/\/www.nettali.com\/2023\/08\/10\/real-madrid-thibault-courtois-out-pour-plusieurs-mois\/#breadcrumb\"},\"inLanguage\":\"fr-FR\",\"potentialAction\":[{\"@type\":\"ReadAction\",\"target\":[\"https:\/\/www.nettali.com\/2023\/08\/10\/real-madrid-thibault-courtois-out-pour-plusieurs-mois\/\"]}]},{\"@type\":\"BreadcrumbList\",\"@id\":\"https:\/\/www.nettali.com\/2023\/08\/10\/real-madrid-thibault-courtois-out-pour-plusieurs-mois\/#breadcrumb\",\"itemListElement\":[{\"@type\":\"ListItem\",\"position\":1,\"name\":\"Accueil\",\"item\":\"https:\/\/www.nettali.com\/\"},{\"@type\":\"ListItem\",\"position\":2,\"name\":\"REAL MADRID - Thibault Courtois out pour plusieurs mois\"}]},{\"@type\":\"Person\",\"@id\":\"https:\/\/www.nettali.com\/#\/schema\/person\/bb147657c2986240405a608162b9bb23\",\"name\":\"Ibrahima\",\"image\":{\"@type\":\"ImageObject\",\"@id\":\"https:\/\/www.nettali.com\/#personlogo\",\"inLanguage\":\"fr-FR\",\"url\":\"https:\/\/secure.gravatar.com\/avatar\/26a8a81f09f0dd7624c9d5c36c9ba3a2?s=96&d=mm&r=g\",\"contentUrl\":\"https:\/\/secure.gravatar.com\/avatar\/26a8a81f09f0dd7624c9d5c36c9ba3a2?s=96&d=mm&r=g\",\"caption\":\"Ibrahima\"},\"sameAs\":[\"https:\/\/www.nettali.com\"]}]}<\/script>\n<!-- \/ Yoast SEO Premium plugin. -->","yoast_head_json":{"title":"REAL MADRID - Thibault Courtois out pour plusieurs mois | Nettali.com","robots":{"index":"index","follow":"follow","max-snippet":"max-snippet:-1","max-image-preview":"max-image-preview:large","max-video-preview":"max-video-preview:-1"},"canonical":"https:\/\/www.nettali.com\/2023\/08\/10\/real-madrid-thibault-courtois-out-pour-plusieurs-mois\/","og_locale":"fr_FR","og_type":"article","og_title":"REAL MADRID - Thibault Courtois out pour plusieurs mois","og_description":"NETTALI.COM - \u00c9norme tuile pour Thibault Courtois. Tr\u00e8s mauvaise nouvelle pour le Real Madrid \u00e9galement ! Ce jeudi 10 ao\u00fbt, le gardien international belge a \u00e9t\u00e9 \u00e9vacu\u00e9 sur une civi\u00e8re lors de l'entra\u00eenement des Merengue en raison d'une s\u00e9rieuse blessure au genou gauche. En larmes au moment de quitter le terrain, Thibault Courtois souffre d'une [&hellip;]","og_url":"https:\/\/www.nettali.com\/2023\/08\/10\/real-madrid-thibault-courtois-out-pour-plusieurs-mois\/","og_site_name":"Nettali.com","article_publisher":"https:\/\/www.facebook.com\/nettalicom","article_published_time":"2023-08-10T14:43:03+00:00","og_image":[{"width":864,"height":486,"url":"https:\/\/www.nettali.com\/wp-content\/uploads\/2023\/08\/B9728768188Z.1_20211024190408_000GLBJ6V2U4.2-0.jpg","type":"image\/jpeg"}],"twitter_card":"summary_large_image","twitter_misc":{"\u00c9crit par":"Ibrahima","Dur\u00e9e de lecture estim\u00e9e":"1 minute"},"schema":{"@context":"https:\/\/schema.org","@graph":[{"@type":"WebSite","@id":"https:\/\/www.nettali.com\/#website","url":"https:\/\/www.nettali.com\/","name":"Nettali.com","description":"Le rendez-vous critique du Net","potentialAction":[{"@type":"SearchAction","target":{"@type":"EntryPoint","urlTemplate":"https:\/\/www.nettali.com\/?s={search_term_string}"},"query-input":"required name=search_term_string"}],"inLanguage":"fr-FR"},{"@type":"ImageObject","@id":"https:\/\/www.nettali.com\/2023\/08\/10\/real-madrid-thibault-courtois-out-pour-plusieurs-mois\/#primaryimage","inLanguage":"fr-FR","url":"https:\/\/www.nettali.com\/wp-content\/uploads\/2023\/08\/B9728768188Z.1_20211024190408_000GLBJ6V2U4.2-0.jpg","contentUrl":"https:\/\/www.nettali.com\/wp-content\/uploads\/2023\/08\/B9728768188Z.1_20211024190408_000GLBJ6V2U4.2-0.jpg","width":864,"height":486},{"@type":"WebPage","@id":"https:\/\/www.nettali.com\/2023\/08\/10\/real-madrid-thibault-courtois-out-pour-plusieurs-mois\/#webpage","url":"https:\/\/www.nettali.com\/2023\/08\/10\/real-madrid-thibault-courtois-out-pour-plusieurs-mois\/","name":"REAL MADRID - Thibault Courtois out pour plusieurs mois | Nettali.com","isPartOf":{"@id":"https:\/\/www.nettali.com\/#website"},"primaryImageOfPage":{"@id":"https:\/\/www.nettali.com\/2023\/08\/10\/real-madrid-thibault-courtois-out-pour-plusieurs-mois\/#primaryimage"},"datePublished":"2023-08-10T14:43:03+00:00","dateModified":"2023-08-10T14:43:03+00:00","author":{"@id":"https:\/\/www.nettali.com\/#\/schema\/person\/bb147657c2986240405a608162b9bb23"},"breadcrumb":{"@id":"https:\/\/www.nettali.com\/2023\/08\/10\/real-madrid-thibault-courtois-out-pour-plusieurs-mois\/#breadcrumb"},"inLanguage":"fr-FR","potentialAction":[{"@type":"ReadAction","target":["https:\/\/www.nettali.com\/2023\/08\/10\/real-madrid-thibault-courtois-out-pour-plusieurs-mois\/"]}]},{"@type":"BreadcrumbList","@id":"https:\/\/www.nettali.com\/2023\/08\/10\/real-madrid-thibault-courtois-out-pour-plusieurs-mois\/#breadcrumb","itemListElement":[{"@type":"ListItem","position":1,"name":"Accueil","item":"https:\/\/www.nettali.com\/"},{"@type":"ListItem","position":2,"name":"REAL MADRID - Thibault Courtois out pour plusieurs mois"}]},{"@type":"Person","@id":"https:\/\/www.nettali.com\/#\/schema\/person\/bb147657c2986240405a608162b9bb23","name":"Ibrahima","image":{"@type":"ImageObject","@id":"https:\/\/www.nettali.com\/#personlogo","inLanguage":"fr-FR","url":"https:\/\/secure.gravatar.com\/avatar\/26a8a81f09f0dd7624c9d5c36c9ba3a2?s=96&d=mm&r=g","contentUrl":"https:\/\/secure.gravatar.com\/avatar\/26a8a81f09f0dd7624c9d5c36c9ba3a2?s=96&d=mm&r=g","caption":"Ibrahima"},"sameAs":["https:\/\/www.nettali.com"]}]}},"_links":{"self":[{"href":"https:\/\/www.nettali.com\/rest\/wp\/v2\/posts\/115895"}],"collection":[{"href":"https:\/\/www.nettali.com\/rest\/wp\/v2\/posts"}],"about":[{"href":"https:\/\/www.nettali.com\/rest\/wp\/v2\/types\/post"}],"author":[{"embeddable":true,"href":"https:\/\/www.nettali.com\/rest\/wp\/v2\/users\/5"}],"replies":[{"embeddable":true,"href":"https:\/\/www.nettali.com\/rest\/wp\/v2\/comments?post=115895"}],"version-history":[{"count":1,"href":"https:\/\/www.nettali.com\/rest\/wp\/v2\/posts\/115895\/revisions"}],"predecessor-version":[{"id":115897,"href":"https:\/\/www.nettali.com\/rest\/wp\/v2\/posts\/115895\/revisions\/115897"}],"wp:featuredmedia":[{"embeddable":true,"href":"https:\/\/www.nettali.com\/rest\/wp\/v2\/media\/115896"}],"wp:attachment":[{"href":"https:\/\/www.nettali.com\/rest\/wp\/v2\/media?parent=115895"}],"wp:term":[{"taxonomy":"category","embeddable":true,"href":"https:\/\/www.nettali.com\/rest\/wp\/v2\/categories?post=115895"},{"taxonomy":"post_tag","embeddable":true,"href":"https:\/\/www.nettali.com\/rest\/wp\/v2\/tags?post=115895"}],"curies":[{"name":"wp","href":"https:\/\/api.w.org\/{rel}","templated":true}]}}