{"id":115878,"date":"2023-08-10T10:05:06","date_gmt":"2023-08-10T10:05:06","guid":{"rendered":"https:\/\/www.nettali.com\/?p=115878"},"modified":"2023-08-10T10:05:06","modified_gmt":"2023-08-10T10:05:06","slug":"attaque-incendiaire-de-la-station-rts-de-kolda-la-cap-exprime-son-indignation","status":"publish","type":"post","link":"https:\/\/www.nettali.com\/2023\/08\/10\/attaque-incendiaire-de-la-station-rts-de-kolda-la-cap-exprime-son-indignation\/","title":{"rendered":"ATTAQUE INCENDIAIRE DE LA STATION RTS DE KOLDA - La Cap exprime son indignation"},"content":{"rendered":"<p><strong>NETTALI.COM - La Coordination des Associations de Presse (CAP) a condamn\u00e9 mercredi l\u2019attaque incendiaire contre la station de la Radio T\u00e9l\u00e9vision S\u00e9n\u00e9galaise (RTS) \u00e0 Kolda, d\u00e9non\u00e7ant\u00a0 <em>\"un acte ignoble qui aurait pu attenter \u00e0 la vie d\u2019innocents agents\".<\/em><\/strong><\/p>\n<p>Dans un communiqu\u00e9, la CAP dit avoir\u00a0 <em>\"appris avec consternation l\u2019attaque incendiaire contre la station de la Radio T\u00e9l\u00e9vision S\u00e9n\u00e9galaise (RTS) \u00e0 Kolda. Cet acte ignoble aurait pu attenter \u00e0 la vie d\u2019innocents agents de cette antenne \u00bb.<\/em><\/p>\n<p>La CAP\u00a0 <em>\"condamne fermement cette attaque ignoble \u00bb<\/em>, survenue, mardi, et\u00a0 <em>\"t\u00e9moigne toute sa solidarit\u00e9 \u00e0 cette entreprise de presse qui est et doit rester un patrimoine de tous les S\u00e9n\u00e9galais sans exception \u00bb<\/em>.<\/p>\n<p>Elle a rappel\u00e9 aux S\u00e9n\u00e9galais que\u00a0 <em>\"quelles que soient leurs appartenances politiques et religieuses, les professionnels des m\u00e9dias et les entreprises de presse ne sont pas leurs adversaires \u00bb<\/em>.<\/p>\n<p>La CAP signale aussi que \"<em>les portes du CORED sont largement ouvertes \u00e0 tous compatriote et h\u00f4te du S\u00e9n\u00e9gal de toutes les ob\u00e9diences pour recevoir leurs plaintes afin d\u2019\u00e9viter un recours \u00e0 la violence aux cons\u00e9quences dommageables \u00bb<\/em>.<\/p>\n<div class='share-to-whatsapp-wrapper'><div class='share-on-whsp'>PARTAGER SUR : <\/div><a data-text='ATTAQUE INCENDIAIRE DE LA STATION RTS DE KOLDA - La Cap exprime son indignation' data-link='https:\/\/www.nettali.com\/2023\/08\/10\/attaque-incendiaire-de-la-station-rts-de-kolda-la-cap-exprime-son-indignation\/' class='whatsapp-button whatsapp-share'>WhatsApp<\/a><div class='clear '><\/div><\/div>","protected":false},"excerpt":{"rendered":"<p>NETTALI.COM - La Coordination des Associations de Presse (CAP) a condamn\u00e9 mercredi l\u2019attaque incendiaire contre la station de la Radio T\u00e9l\u00e9vision S\u00e9n\u00e9galaise (RTS) \u00e0 Kolda, d\u00e9non\u00e7ant\u00a0 \"un acte ignoble qui aurait pu attenter \u00e0 la vie d\u2019innocents agents\". Dans un communiqu\u00e9, la CAP dit avoir\u00a0 \"appris avec consternation l\u2019attaque incendiaire contre la station de la [&hellip;]<\/p>\n","protected":false},"author":4,"featured_media":111993,"comment_status":"open","ping_status":"open","sticky":false,"template":"","format":"standard","meta":{"_et_pb_use_builder":"","_et_pb_old_content":""},"categories":[3],"tags":[],"yoast_head":"<!-- This site is optimized with the Yoast SEO Premium plugin v17.8 (Yoast SEO v17.8) - https:\/\/yoast.com\/wordpress\/plugins\/seo\/ -->\n<title>ATTAQUE INCENDIAIRE DE LA STATION RTS DE KOLDA - La Cap exprime son indignation | Nettali.com<\/title>\n<meta name=\"robots\" content=\"index, follow, max-snippet:-1, max-image-preview:large, max-video-preview:-1\" \/>\n<link rel=\"canonical\" href=\"https:\/\/www.nettali.com\/2023\/08\/10\/attaque-incendiaire-de-la-station-rts-de-kolda-la-cap-exprime-son-indignation\/\" \/>\n<meta property=\"og:locale\" content=\"fr_FR\" \/>\n<meta property=\"og:type\" content=\"article\" \/>\n<meta property=\"og:title\" content=\"ATTAQUE INCENDIAIRE DE LA STATION RTS DE KOLDA - La Cap exprime son indignation\" \/>\n<meta property=\"og:description\" content=\"NETTALI.COM - La Coordination des Associations de Presse (CAP) a condamn\u00e9 mercredi l\u2019attaque incendiaire contre la station de la Radio T\u00e9l\u00e9vision S\u00e9n\u00e9galaise (RTS) \u00e0 Kolda, d\u00e9non\u00e7ant\u00a0 &quot;un acte ignoble qui aurait pu attenter \u00e0 la vie d\u2019innocents agents&quot;. Dans un communiqu\u00e9, la CAP dit avoir\u00a0 &quot;appris avec consternation l\u2019attaque incendiaire contre la station de la [&hellip;]\" \/>\n<meta property=\"og:url\" content=\"https:\/\/www.nettali.com\/2023\/08\/10\/attaque-incendiaire-de-la-station-rts-de-kolda-la-cap-exprime-son-indignation\/\" \/>\n<meta property=\"og:site_name\" content=\"Nettali.com\" \/>\n<meta property=\"article:publisher\" content=\"https:\/\/www.facebook.com\/nettalicom\" \/>\n<meta property=\"article:published_time\" content=\"2023-08-10T10:05:06+00:00\" \/>\n<meta property=\"og:image\" content=\"https:\/\/www.nettali.com\/wp-content\/uploads\/2023\/06\/cap.jpeg\" \/>\n\t<meta property=\"og:image:width\" content=\"612\" \/>\n\t<meta property=\"og:image:height\" content=\"298\" \/>\n<meta name=\"twitter:card\" content=\"summary_large_image\" \/>\n<meta name=\"twitter:label1\" content=\"\u00c9crit par\" \/>\n\t<meta name=\"twitter:data1\" content=\"Daouda\" \/>\n\t<meta name=\"twitter:label2\" content=\"Dur\u00e9e de lecture estim\u00e9e\" \/>\n\t<meta name=\"twitter:data2\" content=\"1 minute\" \/>\n<script type=\"application\/ld+json\" class=\"yoast-schema-graph\">{\"@context\":\"https:\/\/schema.org\",\"@graph\":[{\"@type\":\"WebSite\",\"@id\":\"https:\/\/www.nettali.com\/#website\",\"url\":\"https:\/\/www.nettali.com\/\",\"name\":\"Nettali.com\",\"description\":\"Le rendez-vous critique du Net\",\"potentialAction\":[{\"@type\":\"SearchAction\",\"target\":{\"@type\":\"EntryPoint\",\"urlTemplate\":\"https:\/\/www.nettali.com\/?s={search_term_string}\"},\"query-input\":\"required name=search_term_string\"}],\"inLanguage\":\"fr-FR\"},{\"@type\":\"ImageObject\",\"@id\":\"https:\/\/www.nettali.com\/2023\/08\/10\/attaque-incendiaire-de-la-station-rts-de-kolda-la-cap-exprime-son-indignation\/#primaryimage\",\"inLanguage\":\"fr-FR\",\"url\":\"https:\/\/www.nettali.com\/wp-content\/uploads\/2023\/06\/cap.jpeg\",\"contentUrl\":\"https:\/\/www.nettali.com\/wp-content\/uploads\/2023\/06\/cap.jpeg\",\"width\":612,\"height\":298},{\"@type\":\"WebPage\",\"@id\":\"https:\/\/www.nettali.com\/2023\/08\/10\/attaque-incendiaire-de-la-station-rts-de-kolda-la-cap-exprime-son-indignation\/#webpage\",\"url\":\"https:\/\/www.nettali.com\/2023\/08\/10\/attaque-incendiaire-de-la-station-rts-de-kolda-la-cap-exprime-son-indignation\/\",\"name\":\"ATTAQUE INCENDIAIRE DE LA STATION RTS DE KOLDA - La Cap exprime son indignation | Nettali.com\",\"isPartOf\":{\"@id\":\"https:\/\/www.nettali.com\/#website\"},\"primaryImageOfPage\":{\"@id\":\"https:\/\/www.nettali.com\/2023\/08\/10\/attaque-incendiaire-de-la-station-rts-de-kolda-la-cap-exprime-son-indignation\/#primaryimage\"},\"datePublished\":\"2023-08-10T10:05:06+00:00\",\"dateModified\":\"2023-08-10T10:05:06+00:00\",\"author\":{\"@id\":\"https:\/\/www.nettali.com\/#\/schema\/person\/3317e0bb3aa1da309fbf7b2780901bf4\"},\"breadcrumb\":{\"@id\":\"https:\/\/www.nettali.com\/2023\/08\/10\/attaque-incendiaire-de-la-station-rts-de-kolda-la-cap-exprime-son-indignation\/#breadcrumb\"},\"inLanguage\":\"fr-FR\",\"potentialAction\":[{\"@type\":\"ReadAction\",\"target\":[\"https:\/\/www.nettali.com\/2023\/08\/10\/attaque-incendiaire-de-la-station-rts-de-kolda-la-cap-exprime-son-indignation\/\"]}]},{\"@type\":\"BreadcrumbList\",\"@id\":\"https:\/\/www.nettali.com\/2023\/08\/10\/attaque-incendiaire-de-la-station-rts-de-kolda-la-cap-exprime-son-indignation\/#breadcrumb\",\"itemListElement\":[{\"@type\":\"ListItem\",\"position\":1,\"name\":\"Accueil\",\"item\":\"https:\/\/www.nettali.com\/\"},{\"@type\":\"ListItem\",\"position\":2,\"name\":\"ATTAQUE INCENDIAIRE DE LA STATION RTS DE KOLDA - La Cap exprime son indignation\"}]},{\"@type\":\"Person\",\"@id\":\"https:\/\/www.nettali.com\/#\/schema\/person\/3317e0bb3aa1da309fbf7b2780901bf4\",\"name\":\"Daouda\",\"image\":{\"@type\":\"ImageObject\",\"@id\":\"https:\/\/www.nettali.com\/#personlogo\",\"inLanguage\":\"fr-FR\",\"url\":\"https:\/\/secure.gravatar.com\/avatar\/8d143b5a49345098ddcfee1c49c2f47c?s=96&d=mm&r=g\",\"contentUrl\":\"https:\/\/secure.gravatar.com\/avatar\/8d143b5a49345098ddcfee1c49c2f47c?s=96&d=mm&r=g\",\"caption\":\"Daouda\"},\"sameAs\":[\"https:\/\/www.nettali.com\"]}]}<\/script>\n<!-- \/ Yoast SEO Premium plugin. -->","yoast_head_json":{"title":"ATTAQUE INCENDIAIRE DE LA STATION RTS DE KOLDA - La Cap exprime son indignation | Nettali.com","robots":{"index":"index","follow":"follow","max-snippet":"max-snippet:-1","max-image-preview":"max-image-preview:large","max-video-preview":"max-video-preview:-1"},"canonical":"https:\/\/www.nettali.com\/2023\/08\/10\/attaque-incendiaire-de-la-station-rts-de-kolda-la-cap-exprime-son-indignation\/","og_locale":"fr_FR","og_type":"article","og_title":"ATTAQUE INCENDIAIRE DE LA STATION RTS DE KOLDA - La Cap exprime son indignation","og_description":"NETTALI.COM - La Coordination des Associations de Presse (CAP) a condamn\u00e9 mercredi l\u2019attaque incendiaire contre la station de la Radio T\u00e9l\u00e9vision S\u00e9n\u00e9galaise (RTS) \u00e0 Kolda, d\u00e9non\u00e7ant\u00a0 \"un acte ignoble qui aurait pu attenter \u00e0 la vie d\u2019innocents agents\". Dans un communiqu\u00e9, la CAP dit avoir\u00a0 \"appris avec consternation l\u2019attaque incendiaire contre la station de la [&hellip;]","og_url":"https:\/\/www.nettali.com\/2023\/08\/10\/attaque-incendiaire-de-la-station-rts-de-kolda-la-cap-exprime-son-indignation\/","og_site_name":"Nettali.com","article_publisher":"https:\/\/www.facebook.com\/nettalicom","article_published_time":"2023-08-10T10:05:06+00:00","og_image":[{"width":612,"height":298,"url":"https:\/\/www.nettali.com\/wp-content\/uploads\/2023\/06\/cap.jpeg","type":"image\/jpeg"}],"twitter_card":"summary_large_image","twitter_misc":{"\u00c9crit par":"Daouda","Dur\u00e9e de lecture estim\u00e9e":"1 minute"},"schema":{"@context":"https:\/\/schema.org","@graph":[{"@type":"WebSite","@id":"https:\/\/www.nettali.com\/#website","url":"https:\/\/www.nettali.com\/","name":"Nettali.com","description":"Le rendez-vous critique du Net","potentialAction":[{"@type":"SearchAction","target":{"@type":"EntryPoint","urlTemplate":"https:\/\/www.nettali.com\/?s={search_term_string}"},"query-input":"required name=search_term_string"}],"inLanguage":"fr-FR"},{"@type":"ImageObject","@id":"https:\/\/www.nettali.com\/2023\/08\/10\/attaque-incendiaire-de-la-station-rts-de-kolda-la-cap-exprime-son-indignation\/#primaryimage","inLanguage":"fr-FR","url":"https:\/\/www.nettali.com\/wp-content\/uploads\/2023\/06\/cap.jpeg","contentUrl":"https:\/\/www.nettali.com\/wp-content\/uploads\/2023\/06\/cap.jpeg","width":612,"height":298},{"@type":"WebPage","@id":"https:\/\/www.nettali.com\/2023\/08\/10\/attaque-incendiaire-de-la-station-rts-de-kolda-la-cap-exprime-son-indignation\/#webpage","url":"https:\/\/www.nettali.com\/2023\/08\/10\/attaque-incendiaire-de-la-station-rts-de-kolda-la-cap-exprime-son-indignation\/","name":"ATTAQUE INCENDIAIRE DE LA STATION RTS DE KOLDA - La Cap exprime son indignation | Nettali.com","isPartOf":{"@id":"https:\/\/www.nettali.com\/#website"},"primaryImageOfPage":{"@id":"https:\/\/www.nettali.com\/2023\/08\/10\/attaque-incendiaire-de-la-station-rts-de-kolda-la-cap-exprime-son-indignation\/#primaryimage"},"datePublished":"2023-08-10T10:05:06+00:00","dateModified":"2023-08-10T10:05:06+00:00","author":{"@id":"https:\/\/www.nettali.com\/#\/schema\/person\/3317e0bb3aa1da309fbf7b2780901bf4"},"breadcrumb":{"@id":"https:\/\/www.nettali.com\/2023\/08\/10\/attaque-incendiaire-de-la-station-rts-de-kolda-la-cap-exprime-son-indignation\/#breadcrumb"},"inLanguage":"fr-FR","potentialAction":[{"@type":"ReadAction","target":["https:\/\/www.nettali.com\/2023\/08\/10\/attaque-incendiaire-de-la-station-rts-de-kolda-la-cap-exprime-son-indignation\/"]}]},{"@type":"BreadcrumbList","@id":"https:\/\/www.nettali.com\/2023\/08\/10\/attaque-incendiaire-de-la-station-rts-de-kolda-la-cap-exprime-son-indignation\/#breadcrumb","itemListElement":[{"@type":"ListItem","position":1,"name":"Accueil","item":"https:\/\/www.nettali.com\/"},{"@type":"ListItem","position":2,"name":"ATTAQUE INCENDIAIRE DE LA STATION RTS DE KOLDA - La Cap exprime son indignation"}]},{"@type":"Person","@id":"https:\/\/www.nettali.com\/#\/schema\/person\/3317e0bb3aa1da309fbf7b2780901bf4","name":"Daouda","image":{"@type":"ImageObject","@id":"https:\/\/www.nettali.com\/#personlogo","inLanguage":"fr-FR","url":"https:\/\/secure.gravatar.com\/avatar\/8d143b5a49345098ddcfee1c49c2f47c?s=96&d=mm&r=g","contentUrl":"https:\/\/secure.gravatar.com\/avatar\/8d143b5a49345098ddcfee1c49c2f47c?s=96&d=mm&r=g","caption":"Daouda"},"sameAs":["https:\/\/www.nettali.com"]}]}},"_links":{"self":[{"href":"https:\/\/www.nettali.com\/rest\/wp\/v2\/posts\/115878"}],"collection":[{"href":"https:\/\/www.nettali.com\/rest\/wp\/v2\/posts"}],"about":[{"href":"https:\/\/www.nettali.com\/rest\/wp\/v2\/types\/post"}],"author":[{"embeddable":true,"href":"https:\/\/www.nettali.com\/rest\/wp\/v2\/users\/4"}],"replies":[{"embeddable":true,"href":"https:\/\/www.nettali.com\/rest\/wp\/v2\/comments?post=115878"}],"version-history":[{"count":1,"href":"https:\/\/www.nettali.com\/rest\/wp\/v2\/posts\/115878\/revisions"}],"predecessor-version":[{"id":115879,"href":"https:\/\/www.nettali.com\/rest\/wp\/v2\/posts\/115878\/revisions\/115879"}],"wp:featuredmedia":[{"embeddable":true,"href":"https:\/\/www.nettali.com\/rest\/wp\/v2\/media\/111993"}],"wp:attachment":[{"href":"https:\/\/www.nettali.com\/rest\/wp\/v2\/media?parent=115878"}],"wp:term":[{"taxonomy":"category","embeddable":true,"href":"https:\/\/www.nettali.com\/rest\/wp\/v2\/categories?post=115878"},{"taxonomy":"post_tag","embeddable":true,"href":"https:\/\/www.nettali.com\/rest\/wp\/v2\/tags?post=115878"}],"curies":[{"name":"wp","href":"https:\/\/api.w.org\/{rel}","templated":true}]}}