{"id":115876,"date":"2023-08-10T09:56:13","date_gmt":"2023-08-10T09:56:13","guid":{"rendered":"https:\/\/www.nettali.com\/?p=115876"},"modified":"2023-08-11T09:17:08","modified_gmt":"2023-08-11T09:17:08","slug":"perte-de-ses-droits-civiques-ousmane-sonko-radie-des-listes-electotale","status":"publish","type":"post","link":"https:\/\/www.nettali.com\/2023\/08\/10\/perte-de-ses-droits-civiques-ousmane-sonko-radie-des-listes-electotale\/","title":{"rendered":"PERTE DE SES DROITS CIVIQUES - Ousmane Sonko radi\u00e9 des listes \u00e9lectotales"},"content":{"rendered":"<p><strong>NETTALI.COM - L\u2019information est donn\u00e9e par le journal \u00abL\u2019Observateur\u00bb.\u00a0 Le ministre de la Justice aurait transmis \u00e0 son homologue de l\u2019Int\u00e9rieur une liste de personnes dont les noms doivent \u00eatre radi\u00e9s des listes \u00e9lectorales pour avoir perdu leurs droits civiques. Le pr\u00e9sident de Pastef \u00a0ferait partie de cette liste et aurait \u00e9t\u00e9 radi\u00e9 des listes \u00e9lectorales pour sa condamnation par contumace dans l\u2019affaire Sweet Beaut\u00e9, note \u00abL\u2019Observateur \u00bb.<\/strong><\/p>\n<p>Condamn\u00e9 \u00e0 2 ans de prison par contumace par la chambre criminelle de Dakar dans l\u2019affaire sweet beaut\u00e9, Ousmane Sonko serait radi\u00e9 des listes \u00e9lectorales.<\/p>\n<p>D\u2019apr\u00e8s L\u2019Observateur, qui donne l\u2019information dans son \u00e9dition de ce jeudi, le minist\u00e8re de la Justice a transmis au d\u00e9partement de l\u2019Int\u00e9rieur, il y a trois semaines, la liste de personnes dont la condamnation a entra\u00een\u00e9 la perte de leurs droits civiques. Et, souligne le journal, le nom de Ousmane Sonko figure \u00absur le bordereau\u00bb du document envoy\u00e9 par la Chancellerie.<\/p>\n<p>L\u2019Observateur rapporte que la proc\u00e9dure de notification de la d\u00e9cision au concern\u00e9 est en cours. Elle est conduite par le sous-pr\u00e9fet des Almadies.<\/p>\n<p>Dans une correspondance dat\u00e9e du 3 ao\u00fbt, ce dernier avait saisi en ce sens le commissaire de Dieuppeul, le chargeant de remettre la notification, \u00aben main propre\u00bb, au concern\u00e9. Mais Sonko \u00e9tant incarc\u00e9r\u00e9 \u00e0 la prison de S\u00e9bikotane, pour une autre proc\u00e9dure, le pli a \u00e9t\u00e9 retourn\u00e9 \u00e0 l\u2019autorit\u00e9 administrative, selon le journal. La m\u00eame source renseigne que le sous-pr\u00e9fet pourrait saisir l\u2019administration p\u00e9nitentiaire pour la transmission de la notification au leader de Pastef.<\/p>\n<p>L\u2019Observateur parie que la radiation de Sonko \u00abouvre une bataille judiciaire en raison des contradictions dans l\u2019interpr\u00e9tation des textes\u00bb invoqu\u00e9s pour justifier la d\u00e9cision. Le procureur de la R\u00e9publique consid\u00e8re que l\u2019incarc\u00e9ration du Patriote en chef, pour une autre affaire, n\u2019\u00e9teint pas sa condamnation par contumace dans le dossier Sweet Beaut\u00e9. Par cons\u00e9quent, sugg\u00e8re-t-on du c\u00f4t\u00e9 de la Chancellerie, sa radiation des listes \u00e9lectorales, suivant l\u2019article L29 du Code \u00e9lectoral, s\u2019av\u00e8re juste.<\/p>\n<p>Les avocats de Ousmane Sonko d\u00e9fendent le contraire. Ils estiment que leur client conserve ses droits civiques car, consid\u00e8rent-ils, son arrestation an\u00e9antit d\u2019office sa condamnation par contumace.<\/p>\n<p>\u00c9tant sur la m\u00eame longueur d\u2019onde que ses conseils, le maire de Ziguinchor, depuis la prison de S\u00e9bikotane, a saisi le greffier en chef du tribunal de grande instance hors classe de Dakar d\u2019un acte de non acquiescement de son jugement par contumace.<\/p>\n<div class='share-to-whatsapp-wrapper'><div class='share-on-whsp'>PARTAGER SUR : <\/div><a data-text='PERTE DE SES DROITS CIVIQUES - Ousmane Sonko radi\u00e9 des listes \u00e9lectotales' data-link='https:\/\/www.nettali.com\/2023\/08\/10\/perte-de-ses-droits-civiques-ousmane-sonko-radie-des-listes-electotale\/' class='whatsapp-button whatsapp-share'>WhatsApp<\/a><div class='clear '><\/div><\/div>","protected":false},"excerpt":{"rendered":"<p>NETTALI.COM - L\u2019information est donn\u00e9e par le journal \u00abL\u2019Observateur\u00bb.\u00a0 Le ministre de la Justice aurait transmis \u00e0 son homologue de l\u2019Int\u00e9rieur une liste de personnes dont les noms doivent \u00eatre radi\u00e9s des listes \u00e9lectorales pour avoir perdu leurs droits civiques. Le pr\u00e9sident de Pastef \u00a0ferait partie de cette liste et aurait \u00e9t\u00e9 radi\u00e9 des listes [&hellip;]<\/p>\n","protected":false},"author":4,"featured_media":115681,"comment_status":"open","ping_status":"open","sticky":false,"template":"","format":"standard","meta":{"_et_pb_use_builder":"","_et_pb_old_content":""},"categories":[2],"tags":[],"yoast_head":"<!-- This site is optimized with the Yoast SEO Premium plugin v17.8 (Yoast SEO v17.8) - https:\/\/yoast.com\/wordpress\/plugins\/seo\/ -->\n<title>PERTE DE SES DROITS CIVIQUES - Ousmane Sonko radi\u00e9 des listes \u00e9lectotales | Nettali.com<\/title>\n<meta name=\"robots\" content=\"index, follow, max-snippet:-1, max-image-preview:large, max-video-preview:-1\" \/>\n<link rel=\"canonical\" href=\"https:\/\/www.nettali.com\/2023\/08\/10\/perte-de-ses-droits-civiques-ousmane-sonko-radie-des-listes-electotale\/\" \/>\n<meta property=\"og:locale\" content=\"fr_FR\" \/>\n<meta property=\"og:type\" content=\"article\" \/>\n<meta property=\"og:title\" content=\"PERTE DE SES DROITS CIVIQUES - Ousmane Sonko radi\u00e9 des listes \u00e9lectotales\" \/>\n<meta property=\"og:description\" content=\"NETTALI.COM - L\u2019information est donn\u00e9e par le journal \u00abL\u2019Observateur\u00bb.\u00a0 Le ministre de la Justice aurait transmis \u00e0 son homologue de l\u2019Int\u00e9rieur une liste de personnes dont les noms doivent \u00eatre radi\u00e9s des listes \u00e9lectorales pour avoir perdu leurs droits civiques. Le pr\u00e9sident de Pastef \u00a0ferait partie de cette liste et aurait \u00e9t\u00e9 radi\u00e9 des listes [&hellip;]\" \/>\n<meta property=\"og:url\" content=\"https:\/\/www.nettali.com\/2023\/08\/10\/perte-de-ses-droits-civiques-ousmane-sonko-radie-des-listes-electotale\/\" \/>\n<meta property=\"og:site_name\" content=\"Nettali.com\" \/>\n<meta property=\"article:publisher\" content=\"https:\/\/www.facebook.com\/nettalicom\" \/>\n<meta property=\"article:published_time\" content=\"2023-08-10T09:56:13+00:00\" \/>\n<meta property=\"article:modified_time\" content=\"2023-08-11T09:17:08+00:00\" \/>\n<meta property=\"og:image\" content=\"https:\/\/www.nettali.com\/wp-content\/uploads\/2023\/08\/Ousmane-sonko.jpeg\" \/>\n\t<meta property=\"og:image:width\" content=\"720\" \/>\n\t<meta property=\"og:image:height\" content=\"480\" \/>\n<meta name=\"twitter:card\" content=\"summary_large_image\" \/>\n<meta name=\"twitter:label1\" content=\"\u00c9crit par\" \/>\n\t<meta name=\"twitter:data1\" content=\"Daouda\" \/>\n\t<meta name=\"twitter:label2\" content=\"Dur\u00e9e de lecture estim\u00e9e\" \/>\n\t<meta name=\"twitter:data2\" content=\"3 minutes\" \/>\n<script type=\"application\/ld+json\" class=\"yoast-schema-graph\">{\"@context\":\"https:\/\/schema.org\",\"@graph\":[{\"@type\":\"WebSite\",\"@id\":\"https:\/\/www.nettali.com\/#website\",\"url\":\"https:\/\/www.nettali.com\/\",\"name\":\"Nettali.com\",\"description\":\"Le rendez-vous critique du Net\",\"potentialAction\":[{\"@type\":\"SearchAction\",\"target\":{\"@type\":\"EntryPoint\",\"urlTemplate\":\"https:\/\/www.nettali.com\/?s={search_term_string}\"},\"query-input\":\"required name=search_term_string\"}],\"inLanguage\":\"fr-FR\"},{\"@type\":\"ImageObject\",\"@id\":\"https:\/\/www.nettali.com\/2023\/08\/10\/perte-de-ses-droits-civiques-ousmane-sonko-radie-des-listes-electotale\/#primaryimage\",\"inLanguage\":\"fr-FR\",\"url\":\"https:\/\/www.nettali.com\/wp-content\/uploads\/2023\/08\/Ousmane-sonko.jpeg\",\"contentUrl\":\"https:\/\/www.nettali.com\/wp-content\/uploads\/2023\/08\/Ousmane-sonko.jpeg\",\"width\":720,\"height\":480},{\"@type\":\"WebPage\",\"@id\":\"https:\/\/www.nettali.com\/2023\/08\/10\/perte-de-ses-droits-civiques-ousmane-sonko-radie-des-listes-electotale\/#webpage\",\"url\":\"https:\/\/www.nettali.com\/2023\/08\/10\/perte-de-ses-droits-civiques-ousmane-sonko-radie-des-listes-electotale\/\",\"name\":\"PERTE DE SES DROITS CIVIQUES - Ousmane Sonko radi\\u00e9 des listes \\u00e9lectotales | Nettali.com\",\"isPartOf\":{\"@id\":\"https:\/\/www.nettali.com\/#website\"},\"primaryImageOfPage\":{\"@id\":\"https:\/\/www.nettali.com\/2023\/08\/10\/perte-de-ses-droits-civiques-ousmane-sonko-radie-des-listes-electotale\/#primaryimage\"},\"datePublished\":\"2023-08-10T09:56:13+00:00\",\"dateModified\":\"2023-08-11T09:17:08+00:00\",\"author\":{\"@id\":\"https:\/\/www.nettali.com\/#\/schema\/person\/3317e0bb3aa1da309fbf7b2780901bf4\"},\"breadcrumb\":{\"@id\":\"https:\/\/www.nettali.com\/2023\/08\/10\/perte-de-ses-droits-civiques-ousmane-sonko-radie-des-listes-electotale\/#breadcrumb\"},\"inLanguage\":\"fr-FR\",\"potentialAction\":[{\"@type\":\"ReadAction\",\"target\":[\"https:\/\/www.nettali.com\/2023\/08\/10\/perte-de-ses-droits-civiques-ousmane-sonko-radie-des-listes-electotale\/\"]}]},{\"@type\":\"BreadcrumbList\",\"@id\":\"https:\/\/www.nettali.com\/2023\/08\/10\/perte-de-ses-droits-civiques-ousmane-sonko-radie-des-listes-electotale\/#breadcrumb\",\"itemListElement\":[{\"@type\":\"ListItem\",\"position\":1,\"name\":\"Accueil\",\"item\":\"https:\/\/www.nettali.com\/\"},{\"@type\":\"ListItem\",\"position\":2,\"name\":\"PERTE DE SES DROITS CIVIQUES - Ousmane Sonko radi\\u00e9 des listes \\u00e9lectotales\"}]},{\"@type\":\"Person\",\"@id\":\"https:\/\/www.nettali.com\/#\/schema\/person\/3317e0bb3aa1da309fbf7b2780901bf4\",\"name\":\"Daouda\",\"image\":{\"@type\":\"ImageObject\",\"@id\":\"https:\/\/www.nettali.com\/#personlogo\",\"inLanguage\":\"fr-FR\",\"url\":\"https:\/\/secure.gravatar.com\/avatar\/8d143b5a49345098ddcfee1c49c2f47c?s=96&d=mm&r=g\",\"contentUrl\":\"https:\/\/secure.gravatar.com\/avatar\/8d143b5a49345098ddcfee1c49c2f47c?s=96&d=mm&r=g\",\"caption\":\"Daouda\"},\"sameAs\":[\"https:\/\/www.nettali.com\"]}]}<\/script>\n<!-- \/ Yoast SEO Premium plugin. -->","yoast_head_json":{"title":"PERTE DE SES DROITS CIVIQUES - Ousmane Sonko radi\u00e9 des listes \u00e9lectotales | Nettali.com","robots":{"index":"index","follow":"follow","max-snippet":"max-snippet:-1","max-image-preview":"max-image-preview:large","max-video-preview":"max-video-preview:-1"},"canonical":"https:\/\/www.nettali.com\/2023\/08\/10\/perte-de-ses-droits-civiques-ousmane-sonko-radie-des-listes-electotale\/","og_locale":"fr_FR","og_type":"article","og_title":"PERTE DE SES DROITS CIVIQUES - Ousmane Sonko radi\u00e9 des listes \u00e9lectotales","og_description":"NETTALI.COM - L\u2019information est donn\u00e9e par le journal \u00abL\u2019Observateur\u00bb.\u00a0 Le ministre de la Justice aurait transmis \u00e0 son homologue de l\u2019Int\u00e9rieur une liste de personnes dont les noms doivent \u00eatre radi\u00e9s des listes \u00e9lectorales pour avoir perdu leurs droits civiques. Le pr\u00e9sident de Pastef \u00a0ferait partie de cette liste et aurait \u00e9t\u00e9 radi\u00e9 des listes [&hellip;]","og_url":"https:\/\/www.nettali.com\/2023\/08\/10\/perte-de-ses-droits-civiques-ousmane-sonko-radie-des-listes-electotale\/","og_site_name":"Nettali.com","article_publisher":"https:\/\/www.facebook.com\/nettalicom","article_published_time":"2023-08-10T09:56:13+00:00","article_modified_time":"2023-08-11T09:17:08+00:00","og_image":[{"width":720,"height":480,"url":"https:\/\/www.nettali.com\/wp-content\/uploads\/2023\/08\/Ousmane-sonko.jpeg","type":"image\/jpeg"}],"twitter_card":"summary_large_image","twitter_misc":{"\u00c9crit par":"Daouda","Dur\u00e9e de lecture estim\u00e9e":"3 minutes"},"schema":{"@context":"https:\/\/schema.org","@graph":[{"@type":"WebSite","@id":"https:\/\/www.nettali.com\/#website","url":"https:\/\/www.nettali.com\/","name":"Nettali.com","description":"Le rendez-vous critique du Net","potentialAction":[{"@type":"SearchAction","target":{"@type":"EntryPoint","urlTemplate":"https:\/\/www.nettali.com\/?s={search_term_string}"},"query-input":"required name=search_term_string"}],"inLanguage":"fr-FR"},{"@type":"ImageObject","@id":"https:\/\/www.nettali.com\/2023\/08\/10\/perte-de-ses-droits-civiques-ousmane-sonko-radie-des-listes-electotale\/#primaryimage","inLanguage":"fr-FR","url":"https:\/\/www.nettali.com\/wp-content\/uploads\/2023\/08\/Ousmane-sonko.jpeg","contentUrl":"https:\/\/www.nettali.com\/wp-content\/uploads\/2023\/08\/Ousmane-sonko.jpeg","width":720,"height":480},{"@type":"WebPage","@id":"https:\/\/www.nettali.com\/2023\/08\/10\/perte-de-ses-droits-civiques-ousmane-sonko-radie-des-listes-electotale\/#webpage","url":"https:\/\/www.nettali.com\/2023\/08\/10\/perte-de-ses-droits-civiques-ousmane-sonko-radie-des-listes-electotale\/","name":"PERTE DE SES DROITS CIVIQUES - Ousmane Sonko radi\u00e9 des listes \u00e9lectotales | Nettali.com","isPartOf":{"@id":"https:\/\/www.nettali.com\/#website"},"primaryImageOfPage":{"@id":"https:\/\/www.nettali.com\/2023\/08\/10\/perte-de-ses-droits-civiques-ousmane-sonko-radie-des-listes-electotale\/#primaryimage"},"datePublished":"2023-08-10T09:56:13+00:00","dateModified":"2023-08-11T09:17:08+00:00","author":{"@id":"https:\/\/www.nettali.com\/#\/schema\/person\/3317e0bb3aa1da309fbf7b2780901bf4"},"breadcrumb":{"@id":"https:\/\/www.nettali.com\/2023\/08\/10\/perte-de-ses-droits-civiques-ousmane-sonko-radie-des-listes-electotale\/#breadcrumb"},"inLanguage":"fr-FR","potentialAction":[{"@type":"ReadAction","target":["https:\/\/www.nettali.com\/2023\/08\/10\/perte-de-ses-droits-civiques-ousmane-sonko-radie-des-listes-electotale\/"]}]},{"@type":"BreadcrumbList","@id":"https:\/\/www.nettali.com\/2023\/08\/10\/perte-de-ses-droits-civiques-ousmane-sonko-radie-des-listes-electotale\/#breadcrumb","itemListElement":[{"@type":"ListItem","position":1,"name":"Accueil","item":"https:\/\/www.nettali.com\/"},{"@type":"ListItem","position":2,"name":"PERTE DE SES DROITS CIVIQUES - Ousmane Sonko radi\u00e9 des listes \u00e9lectotales"}]},{"@type":"Person","@id":"https:\/\/www.nettali.com\/#\/schema\/person\/3317e0bb3aa1da309fbf7b2780901bf4","name":"Daouda","image":{"@type":"ImageObject","@id":"https:\/\/www.nettali.com\/#personlogo","inLanguage":"fr-FR","url":"https:\/\/secure.gravatar.com\/avatar\/8d143b5a49345098ddcfee1c49c2f47c?s=96&d=mm&r=g","contentUrl":"https:\/\/secure.gravatar.com\/avatar\/8d143b5a49345098ddcfee1c49c2f47c?s=96&d=mm&r=g","caption":"Daouda"},"sameAs":["https:\/\/www.nettali.com"]}]}},"_links":{"self":[{"href":"https:\/\/www.nettali.com\/rest\/wp\/v2\/posts\/115876"}],"collection":[{"href":"https:\/\/www.nettali.com\/rest\/wp\/v2\/posts"}],"about":[{"href":"https:\/\/www.nettali.com\/rest\/wp\/v2\/types\/post"}],"author":[{"embeddable":true,"href":"https:\/\/www.nettali.com\/rest\/wp\/v2\/users\/4"}],"replies":[{"embeddable":true,"href":"https:\/\/www.nettali.com\/rest\/wp\/v2\/comments?post=115876"}],"version-history":[{"count":2,"href":"https:\/\/www.nettali.com\/rest\/wp\/v2\/posts\/115876\/revisions"}],"predecessor-version":[{"id":115885,"href":"https:\/\/www.nettali.com\/rest\/wp\/v2\/posts\/115876\/revisions\/115885"}],"wp:featuredmedia":[{"embeddable":true,"href":"https:\/\/www.nettali.com\/rest\/wp\/v2\/media\/115681"}],"wp:attachment":[{"href":"https:\/\/www.nettali.com\/rest\/wp\/v2\/media?parent=115876"}],"wp:term":[{"taxonomy":"category","embeddable":true,"href":"https:\/\/www.nettali.com\/rest\/wp\/v2\/categories?post=115876"},{"taxonomy":"post_tag","embeddable":true,"href":"https:\/\/www.nettali.com\/rest\/wp\/v2\/tags?post=115876"}],"curies":[{"name":"wp","href":"https:\/\/api.w.org\/{rel}","templated":true}]}}