{"id":115875,"date":"2023-08-10T10:06:57","date_gmt":"2023-08-10T10:06:57","guid":{"rendered":"https:\/\/www.nettali.com\/?p=115875"},"modified":"2023-08-17T16:58:39","modified_gmt":"2023-08-17T16:58:39","slug":"idiovisuel-branco-ou-lobsession-du-spectacle-et-du-coup-declat","status":"publish","type":"post","link":"https:\/\/www.nettali.com\/2023\/08\/10\/idiovisuel-branco-ou-lobsession-du-spectacle-et-du-coup-declat\/","title":{"rendered":"IDIOVISUEL - Branco : l\u2019obsession du spectaculaire et du coup d\u2019\u00e9clat\u00a0!"},"content":{"rendered":"<p><strong>NETTALI.COM - Le feuilleton Branco, du nom de cet avocat-activiste fran\u00e7ais qui a fait les choux gras de la presse, ces derniers temps, a bien pollu\u00e9 le ciel s\u00e9n\u00e9galais, renfor\u00e7ant au passage les clivages noy\u00e9s dans la soci\u00e9t\u00e9 s\u00e9n\u00e9galaise depuis l\u2019\u00e9clatement du dossier Ousmane Sonko-Adji Sarr. Il n\u2019a en tout cas pas laiss\u00e9 indiff\u00e9rents ces S\u00e9n\u00e9galais, si friands de buzz, mais avec toujours et toujours les \u00e9motions \u00e0 fleur de peau. <\/strong><\/p>\n<p><em>\u00a0Dans cette affaire, t<\/em><em>rois <\/em><em>logiques s\u2019affrontent<\/em><em> quant \u00e0 la mani\u00e8re dont elle est appr\u00e9ci\u00e9e<\/em><em>\u00a0: <\/em><em>Une premi\u00e8re logique, <\/em><em>celle de S\u00e9n\u00e9galais qui <\/em><em>ont <\/em><em>adoub<\/em><em>\u00e9<\/em><em> l\u2019avocat fran\u00e7ais en <\/em><em>le <\/em><em>pr\u00e9sentant comme un messie qui a ridiculis\u00e9 nos autorit\u00e9s,<\/em><em> du fait de son entr\u00e9e clandestine sur le territoire jusqu\u2019\u00e0 cette intrusion \u00e0 cette conf\u00e9rence de presse et sa sortie du pays <\/em><em>\u00a0; u<\/em><em>ne deuxi\u00e8me logique, <\/em><em>celle de S\u00e9n\u00e9galais qui pensent que l\u2019Etat aurait d\u00fb<\/em><em> juger <\/em><em>Juan Branco au S\u00e9n\u00e9gal au lieu de le placer sous contr\u00f4le judiciaire\u00a0et de l\u2019expulser vers la France ; et une troisi\u00e8me logique<\/em><em>, celle <\/em><em>\u00a0qui consiste \u00e0 ne pas faire <\/em><em>de cette affaire un<\/em><em> \u00e9v\u00e8nement, jugeant qu'elle <\/em><em>ne m\u00e9rite pas qu\u2019on lui <\/em><em>ait accord\u00e9 autant d'<\/em><em>importance.<\/em><\/p>\n<p><em>Entre autres r\u00e9actions li\u00e9es \u00e0 cet \u00e9v\u00e8nement, ce sont celles d'une certaine presse<\/em><em> et des<\/em><em> S\u00e9n\u00e9galais si enclins \u00e0 essaimer les r\u00e9seaux sociaux, qui ont ouvert le bal pour railler les autorit\u00e9s, encensant au passage l<\/em><em>\u2019avocat. Certains parlant de pied de nez \u00e0 nos autoris\u00e9s, l\u00e0 o\u00f9 d\u2019autres consid\u00e8rent l\u2019avocat comme t\u00e9m\u00e9raire pour<\/em><em> avoir os\u00e9 venir jusque dans nos murs, ridiculiser nos gouvernants<\/em><em>. L\u2019on a bien compris en effet que<\/em> <em>cette atmosph\u00e8re de contestations, d\u2019hostilit\u00e9s<\/em><em>, de bravades et <\/em><em>de r\u00e9volte contre les autorit\u00e9s gouvernementales<\/em><em>, n\u2019est pas \u00e9trang\u00e8re \u00e0 une telle posture de S\u00e9n\u00e9galais,\u00a0 tr\u00e8s remont\u00e9s contre le pouvoir en place, suite \u00e0 l\u2019emprisonnement d\u2019Ousmane Sonko. En particulier ses partisans et sympathisants et certainement ces S\u00e9n\u00e9galais qui y voient de l'injustice. \u00a0<\/em><\/p>\n<p><em>\u00a0A l'oppos\u00e9e <\/em><em>des personnages tels que <\/em><em>Me<\/em><em> Mame Adama Gu\u00e8ye, confr\u00e8re de Juan Branco, ont vu l\u2019affaire d\u2019un mauvais \u0153il. Celui-ci a ainsi pens\u00e9, ni plus, ni moins que \u00abcette mesure bafoue l\u2019honneur et la dignit\u00e9 de notre pays \u00bb, estimant que \u00ab Monsieur Branco nous a nargu\u00e9s. \u00bb apr\u00e8s \u00eatre \u00a0venu au S\u00e9n\u00e9gal, \u00ab exploiter la notori\u00e9t\u00e9 de Ousmane Sonko pour se vendre. \u00bb Gu\u00e8ye pense tout simplement qu\u2019\u00ab il a insult\u00e9 les magistrats, manqu\u00e9 de respect \u00e0 nos Institutions, snob\u00e9 les enqu\u00eateurs et le juge d\u2019instruction en refusant de r\u00e9pondre \u00e0 leurs questions. \u00bb. L\u2019avocat ne manque d\u2019ailleurs pas de se d\u00e9soler, consid\u00e9rant que \u00ab malgr\u00e9 tout, il obtient une d\u00e9cision d\u2019office de contr\u00f4le judiciaire et de lib\u00e9ration sans avoir \u00e9t\u00e9 interrog\u00e9 sur le fond \u00bb, pr\u00e9cisant que \u00ab les mesures de lib\u00e9ration doivent \u00eatre cons\u00e9cutives \u00e0 une interrogation au fond et \u00e0 une demande de libert\u00e9 provisoire\u00bb<\/em>.<\/p>\n<p>Selon ce dernier, il aurait d\u00fb \u00eatre jug\u00e9 sur le sol S\u00e9n\u00e9galais au m\u00eame titre que ses pr\u00e9sum\u00e9s complices. Il pense m\u00eame que le S\u00e9n\u00e9gal a manqu\u00e9 de mettre en \u0153uvre sa souverainet\u00e9 nationale, concluant que\"n<em>\u2019importe quel citoyen doit respecter nos lois et r\u00e8glements<\/em>\", a-t-il d\u00e9fendu.<\/p>\n<p>Autre appr\u00e9ciation de cette affaire, celle de s\u00e9n\u00e9galais, tels que l\u2019analyste Ibou Fall. Celui-ci avait d\u00e9j\u00e0, d\u00e8s le 1<sup>er<\/sup> Ao\u00fbt, annonc\u00e9 la couleur\u00a0 face \u00e0 DJ Boups sur I-Radio. Il avait ainsi consid\u00e9r\u00e9 qu\u2019il ne fallait pas accorder plus d\u2019importance \u00e0 cette affaire. Tout au plus, avait-il estim\u00e9 que l\u2019avocat ne m\u00e9rite pas qu\u2019on d\u00e9pense l\u2019argent du contribuable pour sa poursuite. Il fallait juste l\u2019arr\u00eater et l\u2019expulser, pensait-il \u00a0pour ne pas lui donner plus de buzz. Ibou Fall face \u00e0 Boups avait m\u00eame trait\u00e9 l\u2019avocat fran\u00e7ais de \u00ab rigolo \u00bb, de gosse de riches qui s\u2019ennuie en France et qui \u00ab<em>s\u2019amuse \u00e0 se faire peur chez les n\u00e8gres<\/em>\u00a0\u00bb puisque \u00ab<em>\u00a0rien n\u2019allait lui arriver\u00a0<\/em>\u00bb<\/p>\n<p>A entendre l\u2019avocat Mame Adama Gu\u00e8ye s\u2019insurger contre la lib\u00e9ration, suivie de l'expulsion de l'avocat fran\u00e7ais, Juan Branco, l\u2019on a du mal \u00e0 ne pas \u00eatre d\u2019accord avec lui. L\u2019avocat, pardon l\u2019activiste, pour ne pas se tromper sur tout ce qu\u2019il est vraiment, en se comportant comme il l\u2019a fait, s\u2019est sans doute cru en terrain conquis, tel ces colons d\u2019un autre temps qui n\u2019en ont cure des lois africaines.<\/p>\n<p>L\u2019avocat s\u00e9n\u00e9galais Mame Adama Gu\u00e8ye en arrive m\u00eame d'ailleurs \u00e0 douter des propos du ministre de la Justice, Isma\u00efla Madior Fall, qui, face \u00e0 la presse, a garanti que l'avocat de Ousmane Sonko <em>\u00abpourrait \u00eatre jug\u00e9 et condamn\u00e9 \u00e0 une peine qui serait ex\u00e9cut\u00e9e gr\u00e2ce \u00e0 la collaboration judiciaire entre le S\u00e9n\u00e9gal et la France\u00bb<\/em>.<\/p>\n<p>Et \u00e0 lire certains titres de la presse quotidienne, au lendemain de son expulsion, parler de \u00ab\u00a0<em>patate chaude fil\u00e9e \u00e0 Paris\u00a0<\/em>\u00bb, l\u2019on ne peut manquer de se poser des questions.<\/p>\n<p>Mais ce qui est sid\u00e9rant dans cette affaire, c\u2019est de voir certains m\u00e9dias s\u00e9n\u00e9galais et des S\u00e9n\u00e9galais sur les r\u00e9seaux sociaux encenser l\u2019avocat-activiste, le pr\u00e9sentant comme un messie, arguant que l\u2019avocat a\u00a0 ridiculis\u00e9 le S\u00e9n\u00e9gal. Il y a vraiment \u00e0 se poser des questions sur leur niveau de patriotisme. A l\u2019endroit de ceux-l\u00e0 qui mettent en cause nos renseignements, ils doivent se rendre \u00e0 l\u2019\u00e9vidence qu\u2019aucune fronti\u00e8re au monde ne peut \u00eatre \u00e0 un point herm\u00e9tique pour emp\u00eacher des clandestins d\u2019y p\u00e9n\u00e9trer. La preuve par les Etats-Unis qui ont intercept\u00e9 1,5 millions \u00a0de personnes \u00e0 la fronti\u00e8re mexicaine entre Octobre 2020 et Ao\u00fbt 2021. Combien y sont entr\u00e9s clandestinement dans le m\u00eame temps ? Qu\u2019est-ce qui a pouss\u00e9 Donald Trump \u00e0 \u00e9riger un mur ? Combien d\u2019Africains sont entr\u00e9s irr\u00e9guli\u00e8rement en Europe depuis que le vieux continent parle de combat contre l'immigration irr\u00e9guli\u00e8re ? Qu\u2019on ne nous parle surtout pas de la fronti\u00e8re s\u00e9n\u00e9galaise m\u00eame si l\u2019on doit davantage la prot\u00e9ger.<\/p>\n<p>Ce qu\u2019il convient de relever, est que le spectacle offert par l\u2019activiste fran\u00e7ais, est tout simplement irrespectueux et les applaudissements de S\u00e9n\u00e9galais, affligeants. De trouver des S\u00e9n\u00e9galais pour l\u2019aider, lui frayer le chemin et l\u2019applaudir, t\u00e9moigne d\u2019une servilit\u00e9 et d'une indignit\u00e9 \u00e9videntes. Comment peut-on se solidariser de la sorte avec un \u00e9tranger, fut-il un avocat de la d\u00e9fense qui vient fouler \u00e0 ce point les r\u00e8gles de courtoisie d'un pays ? Comment ont-ils os\u00e9 le d\u00e9fendre en parlant de pied de nez \u00e0 nos institutions, avec autant de d\u00e9sinvolture et de fiert\u00e9 ?<\/p>\n<p>Comment ont-ils pu soutenir un avocat qui a commis des actes aussi d\u00e9plac\u00e9s, fut-il celui d\u2019Ousmane Sonko ? Un avocat qui n\u2019avait, comme seule option, que de ridiculiser les autorit\u00e9s du pays. Quel que soit \u00e0 la v\u00e9rit\u00e9, ce qu\u2019on puisse penser de nos autorit\u00e9s et quel que soit le niveau d\u2019hostilit\u00e9s vis-\u00e0-vis du pouvoir en place, l\u2019on ne peut prendre fait et cause pour un \u00e9tranger qui bafoue les lois du pays. Il y va en effet de l\u2019honneur et de la dignit\u00e9 de la nation. On ne peut un jour d\u00e9noncer la nature de nos rapports avec la France et se retourner un autre jour pour cautionner de tels actes aussi condescendants de la part d'un Fran\u00e7ais sur notre terre !<\/p>\n<p>Ce qui est d'ailleurs d\u2019autant plus sid\u00e9rant, c\u2019est de se rendre compte \u00e0 quel point Juan Branco a perturb\u00e9 et vampiris\u00e9 la conf\u00e9rence de presse des avocats d\u2019Ousmane Sonko, en cassant non seulement le fil conducteur du face \u00e0 face avec la presse, mais aussi en \u00e9clipsant le message des avocats. Une prestation qui a \u00e9t\u00e9 plus de l\u2019ordre du spectacle et de l\u2019enfantillage, qu\u2019une volont\u00e9 de d\u00e9fendre le leader patriotique emp\u00eatr\u00e9 dans des ennuis judiciaires. Difficile d'ailleurs de savoir \u00e0 partir de quel moment Juan Branco commencera enfin \u00e0 parler de droit au lieu de passer son temps \u00e0 \u00eatre sous le feu des projecteurs. Un vrai concurrent finalement pour Ousmane Sonko \u00e0 qui il finit par ravir la vedette.<\/p>\n<p>Les avocats pr\u00e9sents \u00e0 cette conf\u00e9rence avaient tous abond\u00e9 dans le sens d\u2019apporter des arguments de droit pour relever ce qu\u2019ils consid\u00e8rent comme des d\u00e9fauts de proc\u00e9dures et de l\u2019injustice faite au leader patriotique par la justice. Juan Branco a lui choisi un agenda personnel. Le show et le coup d'\u00e9clat. Il semble m\u00eame, \u00e0 y regarder de plus pr\u00e8s qu'il est pris par une sorte de m\u00e9galomanie sans borne, qu\u2019il a du mal lui-m\u00eame \u00e0 ma\u00eetriser. Comme lors de sa conf\u00e9rence de presse de Paris du mardi 8 Ao\u00fbt o\u00f9 il nous a appris avoir vers\u00e9 des larmes en quittant la prison de Rebeuss, alors que de jeunes d\u00e9tenus lui t\u00e9moignaient leur sympathie et reconnaissance. Que nous apprend Branco en nous disant qu\u2019il a vu des centaines de jeunes entass\u00e9s par centaines \u00e0 la prison de Rebeuss ? Comme si les s\u00e9n\u00e9galais venaient de d\u00e9couvrir les conditions de d\u00e9tention d\u2019un autre \u00e2ge, du fait d\u2019une surpopulation carc\u00e9rale mainte fois d\u00e9nonc\u00e9e.<\/p>\n<p>La question que l\u2019on peut raisonnablement au fond se poser, est de savoir ce que son acte a apport\u00e9 au leader patriotique comme b\u00e9n\u00e9fice, si ce n'est d\u2019avoir \u00e9clips\u00e9 le contenu de la conf\u00e9rence en prenant le dessus sur les arguments des avocats. Juan Branco a fait le buzz \u00e0 la place de cette conf\u00e9rence ainsi que l\u2019attestent les partages du discours de l\u2019avocat sur les r\u00e9seaux sociaux, \u00e0 cause en plus de cette f\u00e2cheuse tendance des reporters \u00e0 privil\u00e9gier le buzz dans un monde hant\u00e9 par le nombre de vus sur les r\u00e9seaux sociaux.<\/p>\n<p>D\u2019ailleurs dans la salle o\u00f9 avait lieu la conf\u00e9rence de presse, le malaise \u00e9tait perceptible chez bon nombre d\u2019avocats pr\u00e9sents, en particulier Me Demba Cir\u00e9 Bathily qui a fini par se mettre \u00e0 l\u2019\u00e9cart du pr\u00e9sidium comme s\u2019il cherchait \u00e0 se d\u00e9solidariser du spectacle qui venait de se d\u00e9rouler sous les yeux m\u00e9dus\u00e9s de certains. Branco, est-il meilleur proc\u00e9durier que Me Cir\u00e9 Cl\u00e9dor Ly, \u00a0Demba Cir\u00e9 Bathily ou Bamba Ciss\u00e9 dont les talents sont reconnus jusqu\u2019au-del\u00e0 de nos fronti\u00e8res ? Assur\u00e9ment non. C\u2019est la raison pour laquelle ces derniers n\u2019auraient jamais d\u00fb permettre \u00e0 cet l\u2019avocat fran\u00e7ais, quoique celui d\u2019Ousmane Sonko au m\u00eame titre que les autres d\u2019ailleurs dans l\u2019assistance, de venir juste pour faire son show et dispara\u00eetre, quelques minutes plus trad, question de r\u00e9gler des comptes. Encore qu\u2019il n\u2019avait m\u00eame pas eu la courtoisie de signaler sa pr\u00e9sence \u00e0 ses confr\u00e8res, organisateurs de la conf\u00e9rence de presse.<\/p>\n<p>Dans une tribune, l\u2019ancien d\u00e9put\u00e9 et pr\u00e9sident du mouvement Thierno Bocoum du mouvement \"Agir\" rel\u00e8ve le m\u00e9pris de Branco vis-\u00e0-vis des avocats s\u00e9n\u00e9galais. \u00ab\u00a0<em>A\u0300 l\u2019e\u0301preuve des faits, Juan a donc choisi une de\u0301fense compose\u0301e d\u2019avocats franc\u0327ais qu\u2019il semble avoir constitue\u0301s a\u0300 l\u2019avance, a\u0300 une de\u0301fense compose\u0301e d\u2019avocats se\u0301ne\u0301galais qu\u2019il interdit, pour l\u2019instant, d\u2019intervenir<\/em>\", fait savoir M. Bocoum. Une attitude de Juan Branco qu\u2019il juge condescendante et qui ne surprend pas. Ses faits et gestes vis-a\u0300-vis de ses confre\u0300res se\u0301ne\u0301galais, croit-il savoir, le de\u0301montrent alle\u0300grement.<\/p>\n<p>Pour Bocoum, pire, \u00ab\u00a0<em>il fait preuve d\u2019un activisme primaire qui couvre et parasite les arguments de droit que ses confre\u0300res tentent de faire valoir devant l\u2019opinion nationale et internationale. Mai\u0302tre Juan Branco a en outre de\u0301fie\u0301 les institutions de la Re\u0301publique se\u0301ne\u0301galaise. Un pied de nez qui ne doit pas e\u0302tre laisse\u0301 impuni.<\/em> <em>Il a pousse\u0301 la provocation jusqu\u2019a\u0300 entrer dans notre pays de manie\u0300re clandestine en violant les re\u0300gles d\u2019entre\u0301e et de se\u0301jour des e\u0301trangers au Se\u0301ne\u0301gal et se sachant e\u0302tre sous mandat d\u2019arre\u0302t international dans le but manifeste de ridiculiser nos forces de de\u0301fense et rendre virale sa de\u0301fiance.<\/em> <em>L\u2019Etat du Se\u0301ne\u0301gal doit prendre toutes ses responsabilite\u0301s. Qu\u2019il ne se laisse aucunement <\/em><em>intimider<\/em><em>. C\u2019est une question de souverainete\u0301 nationale.<\/em>\", pense-t-il.<\/p>\n<p>Ce qui est d\u2019autant plus g\u00eanant et qui prouve que l\u2019avocat fran\u00e7ais cherchait \u00e0 se singulariser, est qu\u2019il n\u2019\u00e9tait pas le seul avocat \u00e9tranger commis dans la d\u00e9fense d\u2019Ousmane Sonko, qui compte pourtant un avocat Burkinab\u00e9 et un autre Comorien. Si ceux-l\u00e0 n\u2019ont pas eu de probl\u00e8mes avec la justice s\u00e9n\u00e9galaise, c\u2019est bien parce qu\u2019ils ont fait preuve de retenue et de courtoisie \u00e0 leur arriv\u00e9e sur le sol s\u00e9n\u00e9galais.<\/p>\n<p>Ces d\u00e9clarations qui ont valu \u00e0 Juan Branco d\u2019\u00eatre refoul\u00e9 chez lui, \u00e9taient irrespectueuses vis-\u00e0-vis de nos autorit\u00e9s et institutions. C\u2019est s\u00fbr. \u00a0Peut-on traiter un pr\u00e9sident \u00e9tranger de dictateur et vouloir se voir d\u00e9rouler le tapis rouge dans ce m\u00eame pays ? Tout cela vient en r\u00e9alit\u00e9 prouver que sa r\u00e9cente exp\u00e9dition, appara\u00eet plus finalement comme une revanche vis-\u00e0-vis des autorit\u00e9s s\u00e9n\u00e9galaises. Pire que cela des enfantillages pour un avocat qui n\u2019a que le souci de son image et de sa r\u00e9putation qu\u2019il cherche \u00e0 faire luire tous les jours.<\/p>\n<p>Juan Branco aurait pu \u00eatre utile \u00e0 la d\u00e9fense d\u2019Ousmane Sonko dans une logique d\u2019internationalisation d\u2019une affaire judiciaire, mais celle-ci n\u2019aura finalement \u00e9t\u00e9 qu\u2019un feu de paille. Car difficile de savoir, dans cette suppos\u00e9e proc\u00e9dure devant la cour p\u00e9nale internationale, comment des noms de journalistes ou celui du chef d\u2019\u00c9tat-major g\u00e9n\u00e9ral des Arm\u00e9es, fra\u00eechement nomm\u00e9, ont pu se retrouver dans une telle liste, au point de les impliquer dans d\u2019\u00e9ventuels et possibles crimes contre l\u2019humanit\u00e9. Une liste fourre-tout au finish. Ce qui enl\u00e8ve toute cr\u00e9dibilit\u00e9 \u00e0 la plainte, car l\u2019on peut aussi se poser la question du sort des forces de d\u00e9fense et de s\u00e9curit\u00e9 qui ont trouv\u00e9 la mort lors des diff\u00e9rents \u00e9v\u00e8nements ! A qui doit-on pouvoir imputer leur mort ? Qui porte la responsabilit\u00e9 de la mort de cet agent de la mairie de la M\u00e9dina, lynch\u00e9, et qui a succomb\u00e9 \u00e0 ses blessures ? Au pouvoir ?\u00a0 La logique voudrait que lorsqu\u2019on monte un dossier, que l\u2019on soit un minimum objectif et exhaustif.<\/p>\n<p>En ces temps de r\u00e9\u00e9quilibrage des rapports entre les pays de l\u2019espace francophone avec l\u2019ancienne puissance colonisatrice, il y a lieu pour certains S\u00e9n\u00e9galais de comprendre que l\u2019\u00e9poque du complexe du blanc est r\u00e9volu. Tout \u00e9tranger pr\u00e9sent sur le sol s\u00e9n\u00e9galais, fut-il un avocat fran\u00e7ais qui vient d\u00e9fendre son client au S\u00e9n\u00e9gal, doit ob\u00e9ir aux r\u00e8gles de courtoisie en respectant le pays qui l\u2019accueille. Me Pierre-Olivier Sur, ancien b\u00e2tonnier de Paris, p\u00e9naliste fran\u00e7ais qui a d\u00e9fendu de gros dossiers notamment politico-financiers , tels que les affaires Tapie, Balkany, du sang contamin\u00e9, etc, tout t\u00e9nor du barreau qu\u2019il est avec le talent et une exp\u00e9rience sans commune mesure avec celle de Juan Branco, s\u2019est tr\u00e8s bien comport\u00e9 lors du proc\u00e8s pour diffamation opposant Mame Mbaye Niang \u00e0 Ousmane Sonko.<\/p>\n<p>De plus, notons quand m\u00eame que des S\u00e9n\u00e9galais \u00e9tablis en France sont tout le temps jug\u00e9s en France.\u00a0 Un avocat S\u00e9n\u00e9galais a d\u2019ailleurs \u00e9t\u00e9 retenu un certain temps pour y \u00eatre jug\u00e9 dans une affaire de m\u0153urs. L\u2019ancien pr\u00e9sident de l\u2019iaaf, de nationalit\u00e9 S\u00e9n\u00e9galaise, y a \u00e9t\u00e9 retenu pendant plus de 5 ans, sans possibilit\u00e9 de venir dans son pays, malgr\u00e9 son \u00e2ge avanc\u00e9. Un juge d\u2019instruction fran\u00e7ais a lanc\u00e9 un mandat d\u2019arr\u00eat international contre un ancien Premier ministre et deux ex-ministres S\u00e9n\u00e9galais. Pourquoi il en serait autrement d\u2019un avocat fran\u00e7ais qui a commis des actes r\u00e9prim\u00e9s par le code p\u00e9nal\u00a0? De la m\u00eame fa\u00e7on, des S\u00e9n\u00e9galais qui entrent irr\u00e9guli\u00e8rement en France, sont tout le temps retenus dans les zones de d\u00e9tention des a\u00e9roports, avant d\u2019\u00eatre rapatri\u00e9s.<\/p>\n<p>Au m\u00eame moment, l\u2019on peut raisonnablement se demander comment on peut admettre qu\u2019un Fran\u00e7ais qui n\u2019a pas besoin de visa, puisse se permettre d\u2019emprunter des chemins aussi tortueux pour rentrer sur le sol s\u00e9n\u00e9galais ? N\u2019est-ce pas la vocation d\u2019un avocat qui n\u2019a d\u2019objectif que la c\u00e9l\u00e9brit\u00e9 ou d\u2019\u00eatre sous le feu des projecteurs et de briller, en faisant des coups d\u2019\u00e9clat. C\u2019est lorsqu\u2019on est un auxiliaire de la justice qu\u2019on doit davantage respecter la loi. Si ce n\u2019est pas une volont\u00e9 de narguer les autorit\u00e9s, voire de les ridiculiser, que les avocats d\u00e9fenseurs de Branco nous disent ce que c\u2019est ?<\/p>\n<p>Le journaliste Ibou Fall a bien r\u00e9sum\u00e9 la situation par l\u2019histoire d\u2019une fourmi qui a piqu\u00e9 une abeille. Juste pour dire que Juan Branco s\u2019est attaqu\u00e9 \u00e0 plus gros que lui, un \u00e9tat qui l\u2019a arr\u00eat\u00e9, emprisonn\u00e9 \u00e0 Rebeuss avant de l\u2019expulser. Juan Branco ne m\u00e9rite pas \u00e0 son avis qu\u2019on d\u00e9pense l\u2019argent du contribuable pour son jugement. Tout au plus, Fall consid\u00e8re que les avocats et les S\u00e9n\u00e9galais qui l\u2019ont aid\u00e9, manquent de dignit\u00e9 et surtout de respect aux S\u00e9n\u00e9galais. Pire, Il pense m\u00eame qu\u2019il a fait preuve de m\u00e9pris \u00e0 l\u2019\u00e9gard des avocats dans l\u2019assistance qui se sont comport\u00e9s comme si le bon Dieu \u00e9tait descendu sur terre. \u00ab <em>On aurait d\u00fb raser Juan Branco \u00e0 Rebeuss<\/em>\u00bb, a plaid\u00e9 l'analyste.<\/p>\n<p>&nbsp;<\/p>\n<p>&nbsp;<\/p>\n<p>&nbsp;<\/p>\n<div class='share-to-whatsapp-wrapper'><div class='share-on-whsp'>PARTAGER SUR : <\/div><a data-text='IDIOVISUEL - Branco : l\u2019obsession du spectaculaire et du coup d\u2019\u00e9clat\u00a0!' data-link='https:\/\/www.nettali.com\/2023\/08\/10\/idiovisuel-branco-ou-lobsession-du-spectacle-et-du-coup-declat\/' class='whatsapp-button whatsapp-share'>WhatsApp<\/a><div class='clear '><\/div><\/div>","protected":false},"excerpt":{"rendered":"<p>NETTALI.COM - Le feuilleton Branco, du nom de cet avocat-activiste fran\u00e7ais qui a fait les choux gras de la presse, ces derniers temps, a bien pollu\u00e9 le ciel s\u00e9n\u00e9galais, renfor\u00e7ant au passage les clivages noy\u00e9s dans la soci\u00e9t\u00e9 s\u00e9n\u00e9galaise depuis l\u2019\u00e9clatement du dossier Ousmane Sonko-Adji Sarr. Il n\u2019a en tout cas pas laiss\u00e9 indiff\u00e9rents ces [&hellip;]<\/p>\n","protected":false},"author":2,"featured_media":115858,"comment_status":"open","ping_status":"open","sticky":false,"template":"","format":"standard","meta":{"_et_pb_use_builder":"","_et_pb_old_content":""},"categories":[9],"tags":[],"yoast_head":"<!-- This site is optimized with the Yoast SEO Premium plugin v17.8 (Yoast SEO v17.8) - https:\/\/yoast.com\/wordpress\/plugins\/seo\/ -->\n<title>IDIOVISUEL - Branco : l\u2019obsession du spectaculaire et du coup d\u2019\u00e9clat\u00a0! | Nettali.com<\/title>\n<meta name=\"robots\" content=\"index, follow, max-snippet:-1, max-image-preview:large, max-video-preview:-1\" \/>\n<link rel=\"canonical\" href=\"https:\/\/www.nettali.com\/2023\/08\/10\/idiovisuel-branco-ou-lobsession-du-spectacle-et-du-coup-declat\/\" \/>\n<meta property=\"og:locale\" content=\"fr_FR\" \/>\n<meta property=\"og:type\" content=\"article\" \/>\n<meta property=\"og:title\" content=\"IDIOVISUEL - Branco : l\u2019obsession du spectaculaire et du coup d\u2019\u00e9clat\u00a0!\" \/>\n<meta property=\"og:description\" content=\"NETTALI.COM - Le feuilleton Branco, du nom de cet avocat-activiste fran\u00e7ais qui a fait les choux gras de la presse, ces derniers temps, a bien pollu\u00e9 le ciel s\u00e9n\u00e9galais, renfor\u00e7ant au passage les clivages noy\u00e9s dans la soci\u00e9t\u00e9 s\u00e9n\u00e9galaise depuis l\u2019\u00e9clatement du dossier Ousmane Sonko-Adji Sarr. Il n\u2019a en tout cas pas laiss\u00e9 indiff\u00e9rents ces [&hellip;]\" \/>\n<meta property=\"og:url\" content=\"https:\/\/www.nettali.com\/2023\/08\/10\/idiovisuel-branco-ou-lobsession-du-spectacle-et-du-coup-declat\/\" \/>\n<meta property=\"og:site_name\" content=\"Nettali.com\" \/>\n<meta property=\"article:publisher\" content=\"https:\/\/www.facebook.com\/nettalicom\" \/>\n<meta property=\"article:published_time\" content=\"2023-08-10T10:06:57+00:00\" \/>\n<meta property=\"article:modified_time\" content=\"2023-08-17T16:58:39+00:00\" \/>\n<meta property=\"og:image\" content=\"https:\/\/www.nettali.com\/wp-content\/uploads\/2023\/08\/juan-branco-et-co.jpg\" \/>\n\t<meta property=\"og:image:width\" content=\"1280\" \/>\n\t<meta property=\"og:image:height\" content=\"600\" \/>\n<meta name=\"twitter:card\" content=\"summary_large_image\" \/>\n<meta name=\"twitter:label1\" content=\"\u00c9crit par\" \/>\n\t<meta name=\"twitter:data1\" content=\"CK\" \/>\n\t<meta name=\"twitter:label2\" content=\"Dur\u00e9e de lecture estim\u00e9e\" \/>\n\t<meta name=\"twitter:data2\" content=\"14 minutes\" \/>\n<script type=\"application\/ld+json\" class=\"yoast-schema-graph\">{\"@context\":\"https:\/\/schema.org\",\"@graph\":[{\"@type\":\"WebSite\",\"@id\":\"https:\/\/www.nettali.com\/#website\",\"url\":\"https:\/\/www.nettali.com\/\",\"name\":\"Nettali.com\",\"description\":\"Le rendez-vous critique du Net\",\"potentialAction\":[{\"@type\":\"SearchAction\",\"target\":{\"@type\":\"EntryPoint\",\"urlTemplate\":\"https:\/\/www.nettali.com\/?s={search_term_string}\"},\"query-input\":\"required name=search_term_string\"}],\"inLanguage\":\"fr-FR\"},{\"@type\":\"ImageObject\",\"@id\":\"https:\/\/www.nettali.com\/2023\/08\/10\/idiovisuel-branco-ou-lobsession-du-spectacle-et-du-coup-declat\/#primaryimage\",\"inLanguage\":\"fr-FR\",\"url\":\"https:\/\/www.nettali.com\/wp-content\/uploads\/2023\/08\/juan-branco-et-co.jpg\",\"contentUrl\":\"https:\/\/www.nettali.com\/wp-content\/uploads\/2023\/08\/juan-branco-et-co.jpg\",\"width\":1280,\"height\":600},{\"@type\":\"WebPage\",\"@id\":\"https:\/\/www.nettali.com\/2023\/08\/10\/idiovisuel-branco-ou-lobsession-du-spectacle-et-du-coup-declat\/#webpage\",\"url\":\"https:\/\/www.nettali.com\/2023\/08\/10\/idiovisuel-branco-ou-lobsession-du-spectacle-et-du-coup-declat\/\",\"name\":\"IDIOVISUEL - Branco : l\\u2019obsession du spectaculaire et du coup d\\u2019\\u00e9clat\\u00a0! | Nettali.com\",\"isPartOf\":{\"@id\":\"https:\/\/www.nettali.com\/#website\"},\"primaryImageOfPage\":{\"@id\":\"https:\/\/www.nettali.com\/2023\/08\/10\/idiovisuel-branco-ou-lobsession-du-spectacle-et-du-coup-declat\/#primaryimage\"},\"datePublished\":\"2023-08-10T10:06:57+00:00\",\"dateModified\":\"2023-08-17T16:58:39+00:00\",\"author\":{\"@id\":\"https:\/\/www.nettali.com\/#\/schema\/person\/d8ac7b7e27ddad43f1c0d2ef090d7f71\"},\"breadcrumb\":{\"@id\":\"https:\/\/www.nettali.com\/2023\/08\/10\/idiovisuel-branco-ou-lobsession-du-spectacle-et-du-coup-declat\/#breadcrumb\"},\"inLanguage\":\"fr-FR\",\"potentialAction\":[{\"@type\":\"ReadAction\",\"target\":[\"https:\/\/www.nettali.com\/2023\/08\/10\/idiovisuel-branco-ou-lobsession-du-spectacle-et-du-coup-declat\/\"]}]},{\"@type\":\"BreadcrumbList\",\"@id\":\"https:\/\/www.nettali.com\/2023\/08\/10\/idiovisuel-branco-ou-lobsession-du-spectacle-et-du-coup-declat\/#breadcrumb\",\"itemListElement\":[{\"@type\":\"ListItem\",\"position\":1,\"name\":\"Accueil\",\"item\":\"https:\/\/www.nettali.com\/\"},{\"@type\":\"ListItem\",\"position\":2,\"name\":\"IDIOVISUEL - Branco : l\\u2019obsession du spectaculaire et du coup d\\u2019\\u00e9clat\\u00a0!\"}]},{\"@type\":\"Person\",\"@id\":\"https:\/\/www.nettali.com\/#\/schema\/person\/d8ac7b7e27ddad43f1c0d2ef090d7f71\",\"name\":\"CK\",\"image\":{\"@type\":\"ImageObject\",\"@id\":\"https:\/\/www.nettali.com\/#personlogo\",\"inLanguage\":\"fr-FR\",\"url\":\"https:\/\/secure.gravatar.com\/avatar\/1d8d5118b9327d94da7cd4ce7f17fec2?s=96&d=mm&r=g\",\"contentUrl\":\"https:\/\/secure.gravatar.com\/avatar\/1d8d5118b9327d94da7cd4ce7f17fec2?s=96&d=mm&r=g\",\"caption\":\"CK\"},\"sameAs\":[\"https:\/\/www.nettali.com\"]}]}<\/script>\n<!-- \/ Yoast SEO Premium plugin. -->","yoast_head_json":{"title":"IDIOVISUEL - Branco : l\u2019obsession du spectaculaire et du coup d\u2019\u00e9clat\u00a0! | Nettali.com","robots":{"index":"index","follow":"follow","max-snippet":"max-snippet:-1","max-image-preview":"max-image-preview:large","max-video-preview":"max-video-preview:-1"},"canonical":"https:\/\/www.nettali.com\/2023\/08\/10\/idiovisuel-branco-ou-lobsession-du-spectacle-et-du-coup-declat\/","og_locale":"fr_FR","og_type":"article","og_title":"IDIOVISUEL - Branco : l\u2019obsession du spectaculaire et du coup d\u2019\u00e9clat\u00a0!","og_description":"NETTALI.COM - Le feuilleton Branco, du nom de cet avocat-activiste fran\u00e7ais qui a fait les choux gras de la presse, ces derniers temps, a bien pollu\u00e9 le ciel s\u00e9n\u00e9galais, renfor\u00e7ant au passage les clivages noy\u00e9s dans la soci\u00e9t\u00e9 s\u00e9n\u00e9galaise depuis l\u2019\u00e9clatement du dossier Ousmane Sonko-Adji Sarr. Il n\u2019a en tout cas pas laiss\u00e9 indiff\u00e9rents ces [&hellip;]","og_url":"https:\/\/www.nettali.com\/2023\/08\/10\/idiovisuel-branco-ou-lobsession-du-spectacle-et-du-coup-declat\/","og_site_name":"Nettali.com","article_publisher":"https:\/\/www.facebook.com\/nettalicom","article_published_time":"2023-08-10T10:06:57+00:00","article_modified_time":"2023-08-17T16:58:39+00:00","og_image":[{"width":1280,"height":600,"url":"https:\/\/www.nettali.com\/wp-content\/uploads\/2023\/08\/juan-branco-et-co.jpg","type":"image\/jpeg"}],"twitter_card":"summary_large_image","twitter_misc":{"\u00c9crit par":"CK","Dur\u00e9e de lecture estim\u00e9e":"14 minutes"},"schema":{"@context":"https:\/\/schema.org","@graph":[{"@type":"WebSite","@id":"https:\/\/www.nettali.com\/#website","url":"https:\/\/www.nettali.com\/","name":"Nettali.com","description":"Le rendez-vous critique du Net","potentialAction":[{"@type":"SearchAction","target":{"@type":"EntryPoint","urlTemplate":"https:\/\/www.nettali.com\/?s={search_term_string}"},"query-input":"required name=search_term_string"}],"inLanguage":"fr-FR"},{"@type":"ImageObject","@id":"https:\/\/www.nettali.com\/2023\/08\/10\/idiovisuel-branco-ou-lobsession-du-spectacle-et-du-coup-declat\/#primaryimage","inLanguage":"fr-FR","url":"https:\/\/www.nettali.com\/wp-content\/uploads\/2023\/08\/juan-branco-et-co.jpg","contentUrl":"https:\/\/www.nettali.com\/wp-content\/uploads\/2023\/08\/juan-branco-et-co.jpg","width":1280,"height":600},{"@type":"WebPage","@id":"https:\/\/www.nettali.com\/2023\/08\/10\/idiovisuel-branco-ou-lobsession-du-spectacle-et-du-coup-declat\/#webpage","url":"https:\/\/www.nettali.com\/2023\/08\/10\/idiovisuel-branco-ou-lobsession-du-spectacle-et-du-coup-declat\/","name":"IDIOVISUEL - Branco : l\u2019obsession du spectaculaire et du coup d\u2019\u00e9clat\u00a0! | Nettali.com","isPartOf":{"@id":"https:\/\/www.nettali.com\/#website"},"primaryImageOfPage":{"@id":"https:\/\/www.nettali.com\/2023\/08\/10\/idiovisuel-branco-ou-lobsession-du-spectacle-et-du-coup-declat\/#primaryimage"},"datePublished":"2023-08-10T10:06:57+00:00","dateModified":"2023-08-17T16:58:39+00:00","author":{"@id":"https:\/\/www.nettali.com\/#\/schema\/person\/d8ac7b7e27ddad43f1c0d2ef090d7f71"},"breadcrumb":{"@id":"https:\/\/www.nettali.com\/2023\/08\/10\/idiovisuel-branco-ou-lobsession-du-spectacle-et-du-coup-declat\/#breadcrumb"},"inLanguage":"fr-FR","potentialAction":[{"@type":"ReadAction","target":["https:\/\/www.nettali.com\/2023\/08\/10\/idiovisuel-branco-ou-lobsession-du-spectacle-et-du-coup-declat\/"]}]},{"@type":"BreadcrumbList","@id":"https:\/\/www.nettali.com\/2023\/08\/10\/idiovisuel-branco-ou-lobsession-du-spectacle-et-du-coup-declat\/#breadcrumb","itemListElement":[{"@type":"ListItem","position":1,"name":"Accueil","item":"https:\/\/www.nettali.com\/"},{"@type":"ListItem","position":2,"name":"IDIOVISUEL - Branco : l\u2019obsession du spectaculaire et du coup d\u2019\u00e9clat\u00a0!"}]},{"@type":"Person","@id":"https:\/\/www.nettali.com\/#\/schema\/person\/d8ac7b7e27ddad43f1c0d2ef090d7f71","name":"CK","image":{"@type":"ImageObject","@id":"https:\/\/www.nettali.com\/#personlogo","inLanguage":"fr-FR","url":"https:\/\/secure.gravatar.com\/avatar\/1d8d5118b9327d94da7cd4ce7f17fec2?s=96&d=mm&r=g","contentUrl":"https:\/\/secure.gravatar.com\/avatar\/1d8d5118b9327d94da7cd4ce7f17fec2?s=96&d=mm&r=g","caption":"CK"},"sameAs":["https:\/\/www.nettali.com"]}]}},"_links":{"self":[{"href":"https:\/\/www.nettali.com\/rest\/wp\/v2\/posts\/115875"}],"collection":[{"href":"https:\/\/www.nettali.com\/rest\/wp\/v2\/posts"}],"about":[{"href":"https:\/\/www.nettali.com\/rest\/wp\/v2\/types\/post"}],"author":[{"embeddable":true,"href":"https:\/\/www.nettali.com\/rest\/wp\/v2\/users\/2"}],"replies":[{"embeddable":true,"href":"https:\/\/www.nettali.com\/rest\/wp\/v2\/comments?post=115875"}],"version-history":[{"count":12,"href":"https:\/\/www.nettali.com\/rest\/wp\/v2\/posts\/115875\/revisions"}],"predecessor-version":[{"id":116002,"href":"https:\/\/www.nettali.com\/rest\/wp\/v2\/posts\/115875\/revisions\/116002"}],"wp:featuredmedia":[{"embeddable":true,"href":"https:\/\/www.nettali.com\/rest\/wp\/v2\/media\/115858"}],"wp:attachment":[{"href":"https:\/\/www.nettali.com\/rest\/wp\/v2\/media?parent=115875"}],"wp:term":[{"taxonomy":"category","embeddable":true,"href":"https:\/\/www.nettali.com\/rest\/wp\/v2\/categories?post=115875"},{"taxonomy":"post_tag","embeddable":true,"href":"https:\/\/www.nettali.com\/rest\/wp\/v2\/tags?post=115875"}],"curies":[{"name":"wp","href":"https:\/\/api.w.org\/{rel}","templated":true}]}}