{"id":115828,"date":"2023-08-09T14:52:05","date_gmt":"2023-08-09T14:52:05","guid":{"rendered":"https:\/\/www.nettali.com\/?p=115828"},"modified":"2023-08-09T14:52:05","modified_gmt":"2023-08-09T14:52:05","slug":"greve-des-travailleurs-des-collectivites-territoriales-96-heures-renouvelables-chaque-semaine-a-partir-de-mardi-prochain","status":"publish","type":"post","link":"https:\/\/www.nettali.com\/2023\/08\/09\/greve-des-travailleurs-des-collectivites-territoriales-96-heures-renouvelables-chaque-semaine-a-partir-de-mardi-prochain\/","title":{"rendered":"GREVE DES TRAVAILLEURS DES COLLECTIVIT\u00c9S TERRITORIALES \u2013 96 heures renouvelables chaque semaine \u00e0 partir de mardi prochain"},"content":{"rendered":"<p><strong>NETTALI.COM- <\/strong><strong>Les travailleurs des collectivit\u00e9s territoriales comptent paralyser le syst\u00e8me \u00e0 partir de mardi prochain. Une gr\u00e8ve de 96 heures renouvelables toutes les semaines est le mot d\u2019ordre donn\u00e9.<\/strong><\/p>\n<p>Le secr\u00e9taire g\u00e9n\u00e9ral de l\u2019intersyndicale des travailleurs des collectivit\u00e9s territoriales, Moussa Cissokho trouve inacceptable que certains avantages soient donn\u00e9s \u00e0 certains travailleurs au profil des autres qu\u2019on ignore royalement.\u00a0 Ils d\u00e9noncent ainsi une discrimination de la part de l\u2019\u00c9tat. \u00a0\u00ab N<em>ous ne sommes pas des Burkinabais, nous sommes des S\u00e9n\u00e9galais<\/em> \u00bb lance M. Cissokho.<\/p>\n<p>Ils r\u00e9clament le paiement et l\u2019augmentation sans d\u00e9lai de leur salaire. \u00ab <em>On a plus d\u2019autres choix que d\u2019exiger le paiement imm\u00e9diat et sans d\u00e9lai des augmentations aux ayants droits dans les collectivit\u00e9s territoriales<\/em> \u00bb d\u00e9clare le secr\u00e9taire g\u00e9n\u00e9ral de l\u2019intersyndicale sur les ondes de la Rfm.<\/p>\n<p>Une gr\u00e8ve de 96 heures renouvelables\u00a0 \u00a0sur l\u2019ensemble du territoire national. C\u2019est ce que compte faire les travailleurs. \u00ab<em> Il n'y a que le lundi o\u00f9 les gens vont travailler. Les mardis, mercredis, les jeudis, les vendredis, il n\u2019y aura pas de boulot dans les collectivit\u00e9s territoriales. Cela ne va pas s\u2019arr\u00eater aux gr\u00e8ves, nous allons faire une mobilisation sur l\u2019\u00e9tendue du pays dans tout le pays<\/em> \u00bb dit-il .<\/p>\n<div class='share-to-whatsapp-wrapper'><div class='share-on-whsp'>PARTAGER SUR : <\/div><a data-text='GREVE DES TRAVAILLEURS DES COLLECTIVIT\u00c9S TERRITORIALES \u2013 96 heures renouvelables chaque semaine \u00e0 partir de mardi prochain' data-link='https:\/\/www.nettali.com\/2023\/08\/09\/greve-des-travailleurs-des-collectivites-territoriales-96-heures-renouvelables-chaque-semaine-a-partir-de-mardi-prochain\/' class='whatsapp-button whatsapp-share'>WhatsApp<\/a><div class='clear '><\/div><\/div>","protected":false},"excerpt":{"rendered":"<p>NETTALI.COM- Les travailleurs des collectivit\u00e9s territoriales comptent paralyser le syst\u00e8me \u00e0 partir de mardi prochain. Une gr\u00e8ve de 96 heures renouvelables toutes les semaines est le mot d\u2019ordre donn\u00e9. Le secr\u00e9taire g\u00e9n\u00e9ral de l\u2019intersyndicale des travailleurs des collectivit\u00e9s territoriales, Moussa Cissokho trouve inacceptable que certains avantages soient donn\u00e9s \u00e0 certains travailleurs au profil des autres [&hellip;]<\/p>\n","protected":false},"author":6,"featured_media":94556,"comment_status":"open","ping_status":"open","sticky":false,"template":"","format":"standard","meta":{"_et_pb_use_builder":"","_et_pb_old_content":""},"categories":[3],"tags":[],"yoast_head":"<!-- This site is optimized with the Yoast SEO Premium plugin v17.8 (Yoast SEO v17.8) - https:\/\/yoast.com\/wordpress\/plugins\/seo\/ -->\n<title>GREVE DES TRAVAILLEURS DES COLLECTIVIT\u00c9S TERRITORIALES \u2013 96 heures renouvelables chaque semaine \u00e0 partir de mardi prochain | Nettali.com<\/title>\n<meta name=\"robots\" content=\"index, follow, max-snippet:-1, max-image-preview:large, max-video-preview:-1\" \/>\n<link rel=\"canonical\" href=\"https:\/\/www.nettali.com\/2023\/08\/09\/greve-des-travailleurs-des-collectivites-territoriales-96-heures-renouvelables-chaque-semaine-a-partir-de-mardi-prochain\/\" \/>\n<meta property=\"og:locale\" content=\"fr_FR\" \/>\n<meta property=\"og:type\" content=\"article\" \/>\n<meta property=\"og:title\" content=\"GREVE DES TRAVAILLEURS DES COLLECTIVIT\u00c9S TERRITORIALES \u2013 96 heures renouvelables chaque semaine \u00e0 partir de mardi prochain\" \/>\n<meta property=\"og:description\" content=\"NETTALI.COM- Les travailleurs des collectivit\u00e9s territoriales comptent paralyser le syst\u00e8me \u00e0 partir de mardi prochain. Une gr\u00e8ve de 96 heures renouvelables toutes les semaines est le mot d\u2019ordre donn\u00e9. Le secr\u00e9taire g\u00e9n\u00e9ral de l\u2019intersyndicale des travailleurs des collectivit\u00e9s territoriales, Moussa Cissokho trouve inacceptable que certains avantages soient donn\u00e9s \u00e0 certains travailleurs au profil des autres [&hellip;]\" \/>\n<meta property=\"og:url\" content=\"https:\/\/www.nettali.com\/2023\/08\/09\/greve-des-travailleurs-des-collectivites-territoriales-96-heures-renouvelables-chaque-semaine-a-partir-de-mardi-prochain\/\" \/>\n<meta property=\"og:site_name\" content=\"Nettali.com\" \/>\n<meta property=\"article:publisher\" content=\"https:\/\/www.facebook.com\/nettalicom\" \/>\n<meta property=\"article:published_time\" content=\"2023-08-09T14:52:05+00:00\" \/>\n<meta property=\"og:image\" content=\"https:\/\/www.nettali.com\/wp-content\/uploads\/2022\/09\/sante_greve_4.jpg\" \/>\n\t<meta property=\"og:image:width\" content=\"691\" \/>\n\t<meta property=\"og:image:height\" content=\"421\" \/>\n<meta name=\"twitter:card\" content=\"summary_large_image\" \/>\n<meta name=\"twitter:label1\" content=\"\u00c9crit par\" \/>\n\t<meta name=\"twitter:data1\" content=\"Fatou\" \/>\n\t<meta name=\"twitter:label2\" content=\"Dur\u00e9e de lecture estim\u00e9e\" \/>\n\t<meta name=\"twitter:data2\" content=\"1 minute\" \/>\n<script type=\"application\/ld+json\" class=\"yoast-schema-graph\">{\"@context\":\"https:\/\/schema.org\",\"@graph\":[{\"@type\":\"WebSite\",\"@id\":\"https:\/\/www.nettali.com\/#website\",\"url\":\"https:\/\/www.nettali.com\/\",\"name\":\"Nettali.com\",\"description\":\"Le rendez-vous critique du Net\",\"potentialAction\":[{\"@type\":\"SearchAction\",\"target\":{\"@type\":\"EntryPoint\",\"urlTemplate\":\"https:\/\/www.nettali.com\/?s={search_term_string}\"},\"query-input\":\"required name=search_term_string\"}],\"inLanguage\":\"fr-FR\"},{\"@type\":\"ImageObject\",\"@id\":\"https:\/\/www.nettali.com\/2023\/08\/09\/greve-des-travailleurs-des-collectivites-territoriales-96-heures-renouvelables-chaque-semaine-a-partir-de-mardi-prochain\/#primaryimage\",\"inLanguage\":\"fr-FR\",\"url\":\"https:\/\/www.nettali.com\/wp-content\/uploads\/2022\/09\/sante_greve_4.jpg\",\"contentUrl\":\"https:\/\/www.nettali.com\/wp-content\/uploads\/2022\/09\/sante_greve_4.jpg\",\"width\":691,\"height\":421},{\"@type\":\"WebPage\",\"@id\":\"https:\/\/www.nettali.com\/2023\/08\/09\/greve-des-travailleurs-des-collectivites-territoriales-96-heures-renouvelables-chaque-semaine-a-partir-de-mardi-prochain\/#webpage\",\"url\":\"https:\/\/www.nettali.com\/2023\/08\/09\/greve-des-travailleurs-des-collectivites-territoriales-96-heures-renouvelables-chaque-semaine-a-partir-de-mardi-prochain\/\",\"name\":\"GREVE DES TRAVAILLEURS DES COLLECTIVIT\\u00c9S TERRITORIALES \\u2013 96 heures renouvelables chaque semaine \\u00e0 partir de mardi prochain | Nettali.com\",\"isPartOf\":{\"@id\":\"https:\/\/www.nettali.com\/#website\"},\"primaryImageOfPage\":{\"@id\":\"https:\/\/www.nettali.com\/2023\/08\/09\/greve-des-travailleurs-des-collectivites-territoriales-96-heures-renouvelables-chaque-semaine-a-partir-de-mardi-prochain\/#primaryimage\"},\"datePublished\":\"2023-08-09T14:52:05+00:00\",\"dateModified\":\"2023-08-09T14:52:05+00:00\",\"author\":{\"@id\":\"https:\/\/www.nettali.com\/#\/schema\/person\/418274a86bdf87caff7a3ef476bd0bbf\"},\"breadcrumb\":{\"@id\":\"https:\/\/www.nettali.com\/2023\/08\/09\/greve-des-travailleurs-des-collectivites-territoriales-96-heures-renouvelables-chaque-semaine-a-partir-de-mardi-prochain\/#breadcrumb\"},\"inLanguage\":\"fr-FR\",\"potentialAction\":[{\"@type\":\"ReadAction\",\"target\":[\"https:\/\/www.nettali.com\/2023\/08\/09\/greve-des-travailleurs-des-collectivites-territoriales-96-heures-renouvelables-chaque-semaine-a-partir-de-mardi-prochain\/\"]}]},{\"@type\":\"BreadcrumbList\",\"@id\":\"https:\/\/www.nettali.com\/2023\/08\/09\/greve-des-travailleurs-des-collectivites-territoriales-96-heures-renouvelables-chaque-semaine-a-partir-de-mardi-prochain\/#breadcrumb\",\"itemListElement\":[{\"@type\":\"ListItem\",\"position\":1,\"name\":\"Accueil\",\"item\":\"https:\/\/www.nettali.com\/\"},{\"@type\":\"ListItem\",\"position\":2,\"name\":\"GREVE DES TRAVAILLEURS DES COLLECTIVIT\\u00c9S TERRITORIALES \\u2013 96 heures renouvelables chaque semaine \\u00e0 partir de mardi prochain\"}]},{\"@type\":\"Person\",\"@id\":\"https:\/\/www.nettali.com\/#\/schema\/person\/418274a86bdf87caff7a3ef476bd0bbf\",\"name\":\"Fatou\",\"image\":{\"@type\":\"ImageObject\",\"@id\":\"https:\/\/www.nettali.com\/#personlogo\",\"inLanguage\":\"fr-FR\",\"url\":\"https:\/\/secure.gravatar.com\/avatar\/5a9442a2bee7b4dcf167cab035858e9a?s=96&d=mm&r=g\",\"contentUrl\":\"https:\/\/secure.gravatar.com\/avatar\/5a9442a2bee7b4dcf167cab035858e9a?s=96&d=mm&r=g\",\"caption\":\"Fatou\"},\"sameAs\":[\"https:\/\/www.nettali.com\"]}]}<\/script>\n<!-- \/ Yoast SEO Premium plugin. -->","yoast_head_json":{"title":"GREVE DES TRAVAILLEURS DES COLLECTIVIT\u00c9S TERRITORIALES \u2013 96 heures renouvelables chaque semaine \u00e0 partir de mardi prochain | Nettali.com","robots":{"index":"index","follow":"follow","max-snippet":"max-snippet:-1","max-image-preview":"max-image-preview:large","max-video-preview":"max-video-preview:-1"},"canonical":"https:\/\/www.nettali.com\/2023\/08\/09\/greve-des-travailleurs-des-collectivites-territoriales-96-heures-renouvelables-chaque-semaine-a-partir-de-mardi-prochain\/","og_locale":"fr_FR","og_type":"article","og_title":"GREVE DES TRAVAILLEURS DES COLLECTIVIT\u00c9S TERRITORIALES \u2013 96 heures renouvelables chaque semaine \u00e0 partir de mardi prochain","og_description":"NETTALI.COM- Les travailleurs des collectivit\u00e9s territoriales comptent paralyser le syst\u00e8me \u00e0 partir de mardi prochain. Une gr\u00e8ve de 96 heures renouvelables toutes les semaines est le mot d\u2019ordre donn\u00e9. Le secr\u00e9taire g\u00e9n\u00e9ral de l\u2019intersyndicale des travailleurs des collectivit\u00e9s territoriales, Moussa Cissokho trouve inacceptable que certains avantages soient donn\u00e9s \u00e0 certains travailleurs au profil des autres [&hellip;]","og_url":"https:\/\/www.nettali.com\/2023\/08\/09\/greve-des-travailleurs-des-collectivites-territoriales-96-heures-renouvelables-chaque-semaine-a-partir-de-mardi-prochain\/","og_site_name":"Nettali.com","article_publisher":"https:\/\/www.facebook.com\/nettalicom","article_published_time":"2023-08-09T14:52:05+00:00","og_image":[{"width":691,"height":421,"url":"https:\/\/www.nettali.com\/wp-content\/uploads\/2022\/09\/sante_greve_4.jpg","type":"image\/jpeg"}],"twitter_card":"summary_large_image","twitter_misc":{"\u00c9crit par":"Fatou","Dur\u00e9e de lecture estim\u00e9e":"1 minute"},"schema":{"@context":"https:\/\/schema.org","@graph":[{"@type":"WebSite","@id":"https:\/\/www.nettali.com\/#website","url":"https:\/\/www.nettali.com\/","name":"Nettali.com","description":"Le rendez-vous critique du Net","potentialAction":[{"@type":"SearchAction","target":{"@type":"EntryPoint","urlTemplate":"https:\/\/www.nettali.com\/?s={search_term_string}"},"query-input":"required name=search_term_string"}],"inLanguage":"fr-FR"},{"@type":"ImageObject","@id":"https:\/\/www.nettali.com\/2023\/08\/09\/greve-des-travailleurs-des-collectivites-territoriales-96-heures-renouvelables-chaque-semaine-a-partir-de-mardi-prochain\/#primaryimage","inLanguage":"fr-FR","url":"https:\/\/www.nettali.com\/wp-content\/uploads\/2022\/09\/sante_greve_4.jpg","contentUrl":"https:\/\/www.nettali.com\/wp-content\/uploads\/2022\/09\/sante_greve_4.jpg","width":691,"height":421},{"@type":"WebPage","@id":"https:\/\/www.nettali.com\/2023\/08\/09\/greve-des-travailleurs-des-collectivites-territoriales-96-heures-renouvelables-chaque-semaine-a-partir-de-mardi-prochain\/#webpage","url":"https:\/\/www.nettali.com\/2023\/08\/09\/greve-des-travailleurs-des-collectivites-territoriales-96-heures-renouvelables-chaque-semaine-a-partir-de-mardi-prochain\/","name":"GREVE DES TRAVAILLEURS DES COLLECTIVIT\u00c9S TERRITORIALES \u2013 96 heures renouvelables chaque semaine \u00e0 partir de mardi prochain | Nettali.com","isPartOf":{"@id":"https:\/\/www.nettali.com\/#website"},"primaryImageOfPage":{"@id":"https:\/\/www.nettali.com\/2023\/08\/09\/greve-des-travailleurs-des-collectivites-territoriales-96-heures-renouvelables-chaque-semaine-a-partir-de-mardi-prochain\/#primaryimage"},"datePublished":"2023-08-09T14:52:05+00:00","dateModified":"2023-08-09T14:52:05+00:00","author":{"@id":"https:\/\/www.nettali.com\/#\/schema\/person\/418274a86bdf87caff7a3ef476bd0bbf"},"breadcrumb":{"@id":"https:\/\/www.nettali.com\/2023\/08\/09\/greve-des-travailleurs-des-collectivites-territoriales-96-heures-renouvelables-chaque-semaine-a-partir-de-mardi-prochain\/#breadcrumb"},"inLanguage":"fr-FR","potentialAction":[{"@type":"ReadAction","target":["https:\/\/www.nettali.com\/2023\/08\/09\/greve-des-travailleurs-des-collectivites-territoriales-96-heures-renouvelables-chaque-semaine-a-partir-de-mardi-prochain\/"]}]},{"@type":"BreadcrumbList","@id":"https:\/\/www.nettali.com\/2023\/08\/09\/greve-des-travailleurs-des-collectivites-territoriales-96-heures-renouvelables-chaque-semaine-a-partir-de-mardi-prochain\/#breadcrumb","itemListElement":[{"@type":"ListItem","position":1,"name":"Accueil","item":"https:\/\/www.nettali.com\/"},{"@type":"ListItem","position":2,"name":"GREVE DES TRAVAILLEURS DES COLLECTIVIT\u00c9S TERRITORIALES \u2013 96 heures renouvelables chaque semaine \u00e0 partir de mardi prochain"}]},{"@type":"Person","@id":"https:\/\/www.nettali.com\/#\/schema\/person\/418274a86bdf87caff7a3ef476bd0bbf","name":"Fatou","image":{"@type":"ImageObject","@id":"https:\/\/www.nettali.com\/#personlogo","inLanguage":"fr-FR","url":"https:\/\/secure.gravatar.com\/avatar\/5a9442a2bee7b4dcf167cab035858e9a?s=96&d=mm&r=g","contentUrl":"https:\/\/secure.gravatar.com\/avatar\/5a9442a2bee7b4dcf167cab035858e9a?s=96&d=mm&r=g","caption":"Fatou"},"sameAs":["https:\/\/www.nettali.com"]}]}},"_links":{"self":[{"href":"https:\/\/www.nettali.com\/rest\/wp\/v2\/posts\/115828"}],"collection":[{"href":"https:\/\/www.nettali.com\/rest\/wp\/v2\/posts"}],"about":[{"href":"https:\/\/www.nettali.com\/rest\/wp\/v2\/types\/post"}],"author":[{"embeddable":true,"href":"https:\/\/www.nettali.com\/rest\/wp\/v2\/users\/6"}],"replies":[{"embeddable":true,"href":"https:\/\/www.nettali.com\/rest\/wp\/v2\/comments?post=115828"}],"version-history":[{"count":1,"href":"https:\/\/www.nettali.com\/rest\/wp\/v2\/posts\/115828\/revisions"}],"predecessor-version":[{"id":115830,"href":"https:\/\/www.nettali.com\/rest\/wp\/v2\/posts\/115828\/revisions\/115830"}],"wp:featuredmedia":[{"embeddable":true,"href":"https:\/\/www.nettali.com\/rest\/wp\/v2\/media\/94556"}],"wp:attachment":[{"href":"https:\/\/www.nettali.com\/rest\/wp\/v2\/media?parent=115828"}],"wp:term":[{"taxonomy":"category","embeddable":true,"href":"https:\/\/www.nettali.com\/rest\/wp\/v2\/categories?post=115828"},{"taxonomy":"post_tag","embeddable":true,"href":"https:\/\/www.nettali.com\/rest\/wp\/v2\/tags?post=115828"}],"curies":[{"name":"wp","href":"https:\/\/api.w.org\/{rel}","templated":true}]}}