{"id":115708,"date":"2023-08-07T18:30:22","date_gmt":"2023-08-07T18:30:22","guid":{"rendered":"https:\/\/www.nettali.com\/?p=115708"},"modified":"2023-08-08T08:35:23","modified_gmt":"2023-08-08T08:35:23","slug":"en-coulisses-tous-les-pensionnaires-acceptent-les-soins-sauf-pape-ale","status":"publish","type":"post","link":"https:\/\/www.nettali.com\/2023\/08\/07\/en-coulisses-tous-les-pensionnaires-acceptent-les-soins-sauf-pape-ale\/","title":{"rendered":"EN COULISSES - \"Tous les pensionnaires acceptent les soins sauf Pape Al\u00e9...\""},"content":{"rendered":"<p><strong>NETTALI.COM <\/strong>- Face \u00e0 la presse le ministre de la Justice a inform\u00e9 que le journaliste Pape Ale\u0301 Niang, admis aux urgences de l'ho\u0302pital Principal de Dakar depuis vendredi, continue toujours sa gre\u0300ve de la faim. Ismai\u0308la Madior Fall a aussi assure\u0301 qu\u2019il y a un suivi et un contro\u0302le re\u0301gulier sur son e\u0301tat de sante\u0301.<\/p>\n<p>\"<em>Il y a le sieur Pape Ale\u0301 Niang qui continue sa gre\u0300ve de la faim. Tous les pensionnaires de l\u2019ho\u0302pital acceptent les soins et s\u2019en portent bien ou mieux, mais lui n\u2019accepte pas les soins. Il observe la gre\u0300ve de la faim et refuse de prendre des soins\"<\/em>, a annonce\u0301 le garde des Sceaux.<\/p>\n<div class=\"page\" title=\"Page 5\">\n<div class=\"layoutArea\">\n<div class=\"column\">\n<div class=\"page\" title=\"Page 5\">\n<div class=\"layoutArea\">\n<div class=\"column\">\n<p>\"<em>Il peut y avoir des conse\u0301quences dommageables, mais l\u2019ho\u0302pital assure un \"suivi et un contro\u0302le re\u0301gulier sur son e\u0301tat de sante\u0301<\/em>\", a poursuivi le ministre.<\/p>\n<p>Dans la me\u0302me veine, Ismai\u0308la Madior Fall a qualifie\u0301 le directeur de publication de Dakarmatin de \"<em>multire\u0301cidiviste<\/em>\".<\/p>\n<p>Pour lui, l'arrestation de Pape Ale\u0301 rentre dans le \"<em>cadre de la re\u0301vocation de son contro\u0302le judiciaire. Il est arre\u0302te\u0301 comme un influenceur subversif<\/em>\".<\/p>\n<p>Arre\u0302te\u0301 suite a\u0300 un live tenu sur ses re\u0301seaux sociaux, le journaliste Pape Ale\u0301 Niang avait e\u0301te\u0301 place\u0301 sous mandat de de\u0301po\u0302t le lundi 31 juillet.<\/p>\n<\/div>\n<\/div>\n<\/div>\n<\/div>\n<\/div>\n<\/div>\n<p>&nbsp;<\/p>\n<div class='share-to-whatsapp-wrapper'><div class='share-on-whsp'>PARTAGER SUR : <\/div><a data-text='EN COULISSES - \"Tous les pensionnaires acceptent les soins sauf Pape Al\u00e9...\"' data-link='https:\/\/www.nettali.com\/2023\/08\/07\/en-coulisses-tous-les-pensionnaires-acceptent-les-soins-sauf-pape-ale\/' class='whatsapp-button whatsapp-share'>WhatsApp<\/a><div class='clear '><\/div><\/div>","protected":false},"excerpt":{"rendered":"<p>NETTALI.COM - Face \u00e0 la presse le ministre de la Justice a inform\u00e9 que le journaliste Pape Ale\u0301 Niang, admis aux urgences de l'ho\u0302pital Principal de Dakar depuis vendredi, continue toujours sa gre\u0300ve de la faim. Ismai\u0308la Madior Fall a aussi assure\u0301 qu\u2019il y a un suivi et un contro\u0302le re\u0301gulier sur son e\u0301tat de [&hellip;]<\/p>\n","protected":false},"author":6,"featured_media":114527,"comment_status":"open","ping_status":"open","sticky":false,"template":"","format":"standard","meta":{"_et_pb_use_builder":"","_et_pb_old_content":""},"categories":[34945],"tags":[],"yoast_head":"<!-- This site is optimized with the Yoast SEO Premium plugin v17.8 (Yoast SEO v17.8) - https:\/\/yoast.com\/wordpress\/plugins\/seo\/ -->\n<title>EN COULISSES - &quot;Tous les pensionnaires acceptent les soins sauf Pape Al\u00e9...&quot; | Nettali.com<\/title>\n<meta name=\"robots\" content=\"index, follow, max-snippet:-1, max-image-preview:large, max-video-preview:-1\" \/>\n<link rel=\"canonical\" href=\"https:\/\/www.nettali.com\/2023\/08\/07\/en-coulisses-tous-les-pensionnaires-acceptent-les-soins-sauf-pape-ale\/\" \/>\n<meta property=\"og:locale\" content=\"fr_FR\" \/>\n<meta property=\"og:type\" content=\"article\" \/>\n<meta property=\"og:title\" content=\"EN COULISSES - &quot;Tous les pensionnaires acceptent les soins sauf Pape Al\u00e9...&quot;\" \/>\n<meta property=\"og:description\" content=\"NETTALI.COM - Face \u00e0 la presse le ministre de la Justice a inform\u00e9 que le journaliste Pape Ale\u0301 Niang, admis aux urgences de l&#039;ho\u0302pital Principal de Dakar depuis vendredi, continue toujours sa gre\u0300ve de la faim. Ismai\u0308la Madior Fall a aussi assure\u0301 qu\u2019il y a un suivi et un contro\u0302le re\u0301gulier sur son e\u0301tat de [&hellip;]\" \/>\n<meta property=\"og:url\" content=\"https:\/\/www.nettali.com\/2023\/08\/07\/en-coulisses-tous-les-pensionnaires-acceptent-les-soins-sauf-pape-ale\/\" \/>\n<meta property=\"og:site_name\" content=\"Nettali.com\" \/>\n<meta property=\"article:publisher\" content=\"https:\/\/www.facebook.com\/nettalicom\" \/>\n<meta property=\"article:published_time\" content=\"2023-08-07T18:30:22+00:00\" \/>\n<meta property=\"article:modified_time\" content=\"2023-08-08T08:35:23+00:00\" \/>\n<meta property=\"og:image\" content=\"https:\/\/www.nettali.com\/wp-content\/uploads\/2023\/07\/Capture-de\u0301cran-2023-07-21-a\u0300-10.37.08.png\" \/>\n\t<meta property=\"og:image:width\" content=\"700\" \/>\n\t<meta property=\"og:image:height\" content=\"444\" \/>\n<meta name=\"twitter:card\" content=\"summary_large_image\" \/>\n<meta name=\"twitter:label1\" content=\"\u00c9crit par\" \/>\n\t<meta name=\"twitter:data1\" content=\"Fatou\" \/>\n\t<meta name=\"twitter:label2\" content=\"Dur\u00e9e de lecture estim\u00e9e\" \/>\n\t<meta name=\"twitter:data2\" content=\"2 minutes\" \/>\n<script type=\"application\/ld+json\" class=\"yoast-schema-graph\">{\"@context\":\"https:\/\/schema.org\",\"@graph\":[{\"@type\":\"WebSite\",\"@id\":\"https:\/\/www.nettali.com\/#website\",\"url\":\"https:\/\/www.nettali.com\/\",\"name\":\"Nettali.com\",\"description\":\"Le rendez-vous critique du Net\",\"potentialAction\":[{\"@type\":\"SearchAction\",\"target\":{\"@type\":\"EntryPoint\",\"urlTemplate\":\"https:\/\/www.nettali.com\/?s={search_term_string}\"},\"query-input\":\"required name=search_term_string\"}],\"inLanguage\":\"fr-FR\"},{\"@type\":\"ImageObject\",\"@id\":\"https:\/\/www.nettali.com\/2023\/08\/07\/en-coulisses-tous-les-pensionnaires-acceptent-les-soins-sauf-pape-ale\/#primaryimage\",\"inLanguage\":\"fr-FR\",\"url\":\"https:\/\/www.nettali.com\/wp-content\/uploads\/2023\/07\/Capture-de\\u0301cran-2023-07-21-a\\u0300-10.37.08.png\",\"contentUrl\":\"https:\/\/www.nettali.com\/wp-content\/uploads\/2023\/07\/Capture-de\\u0301cran-2023-07-21-a\\u0300-10.37.08.png\",\"width\":700,\"height\":444},{\"@type\":\"WebPage\",\"@id\":\"https:\/\/www.nettali.com\/2023\/08\/07\/en-coulisses-tous-les-pensionnaires-acceptent-les-soins-sauf-pape-ale\/#webpage\",\"url\":\"https:\/\/www.nettali.com\/2023\/08\/07\/en-coulisses-tous-les-pensionnaires-acceptent-les-soins-sauf-pape-ale\/\",\"name\":\"EN COULISSES - \\\"Tous les pensionnaires acceptent les soins sauf Pape Al\\u00e9...\\\" | Nettali.com\",\"isPartOf\":{\"@id\":\"https:\/\/www.nettali.com\/#website\"},\"primaryImageOfPage\":{\"@id\":\"https:\/\/www.nettali.com\/2023\/08\/07\/en-coulisses-tous-les-pensionnaires-acceptent-les-soins-sauf-pape-ale\/#primaryimage\"},\"datePublished\":\"2023-08-07T18:30:22+00:00\",\"dateModified\":\"2023-08-08T08:35:23+00:00\",\"author\":{\"@id\":\"https:\/\/www.nettali.com\/#\/schema\/person\/418274a86bdf87caff7a3ef476bd0bbf\"},\"breadcrumb\":{\"@id\":\"https:\/\/www.nettali.com\/2023\/08\/07\/en-coulisses-tous-les-pensionnaires-acceptent-les-soins-sauf-pape-ale\/#breadcrumb\"},\"inLanguage\":\"fr-FR\",\"potentialAction\":[{\"@type\":\"ReadAction\",\"target\":[\"https:\/\/www.nettali.com\/2023\/08\/07\/en-coulisses-tous-les-pensionnaires-acceptent-les-soins-sauf-pape-ale\/\"]}]},{\"@type\":\"BreadcrumbList\",\"@id\":\"https:\/\/www.nettali.com\/2023\/08\/07\/en-coulisses-tous-les-pensionnaires-acceptent-les-soins-sauf-pape-ale\/#breadcrumb\",\"itemListElement\":[{\"@type\":\"ListItem\",\"position\":1,\"name\":\"Accueil\",\"item\":\"https:\/\/www.nettali.com\/\"},{\"@type\":\"ListItem\",\"position\":2,\"name\":\"EN COULISSES - \\\"Tous les pensionnaires acceptent les soins sauf Pape Al\\u00e9...\\\"\"}]},{\"@type\":\"Person\",\"@id\":\"https:\/\/www.nettali.com\/#\/schema\/person\/418274a86bdf87caff7a3ef476bd0bbf\",\"name\":\"Fatou\",\"image\":{\"@type\":\"ImageObject\",\"@id\":\"https:\/\/www.nettali.com\/#personlogo\",\"inLanguage\":\"fr-FR\",\"url\":\"https:\/\/secure.gravatar.com\/avatar\/5a9442a2bee7b4dcf167cab035858e9a?s=96&d=mm&r=g\",\"contentUrl\":\"https:\/\/secure.gravatar.com\/avatar\/5a9442a2bee7b4dcf167cab035858e9a?s=96&d=mm&r=g\",\"caption\":\"Fatou\"},\"sameAs\":[\"https:\/\/www.nettali.com\"]}]}<\/script>\n<!-- \/ Yoast SEO Premium plugin. -->","yoast_head_json":{"title":"EN COULISSES - \"Tous les pensionnaires acceptent les soins sauf Pape Al\u00e9...\" | Nettali.com","robots":{"index":"index","follow":"follow","max-snippet":"max-snippet:-1","max-image-preview":"max-image-preview:large","max-video-preview":"max-video-preview:-1"},"canonical":"https:\/\/www.nettali.com\/2023\/08\/07\/en-coulisses-tous-les-pensionnaires-acceptent-les-soins-sauf-pape-ale\/","og_locale":"fr_FR","og_type":"article","og_title":"EN COULISSES - \"Tous les pensionnaires acceptent les soins sauf Pape Al\u00e9...\"","og_description":"NETTALI.COM - Face \u00e0 la presse le ministre de la Justice a inform\u00e9 que le journaliste Pape Ale\u0301 Niang, admis aux urgences de l'ho\u0302pital Principal de Dakar depuis vendredi, continue toujours sa gre\u0300ve de la faim. Ismai\u0308la Madior Fall a aussi assure\u0301 qu\u2019il y a un suivi et un contro\u0302le re\u0301gulier sur son e\u0301tat de [&hellip;]","og_url":"https:\/\/www.nettali.com\/2023\/08\/07\/en-coulisses-tous-les-pensionnaires-acceptent-les-soins-sauf-pape-ale\/","og_site_name":"Nettali.com","article_publisher":"https:\/\/www.facebook.com\/nettalicom","article_published_time":"2023-08-07T18:30:22+00:00","article_modified_time":"2023-08-08T08:35:23+00:00","og_image":[{"width":700,"height":444,"url":"https:\/\/www.nettali.com\/wp-content\/uploads\/2023\/07\/Capture-de\u0301cran-2023-07-21-a\u0300-10.37.08.png","type":"image\/png"}],"twitter_card":"summary_large_image","twitter_misc":{"\u00c9crit par":"Fatou","Dur\u00e9e de lecture estim\u00e9e":"2 minutes"},"schema":{"@context":"https:\/\/schema.org","@graph":[{"@type":"WebSite","@id":"https:\/\/www.nettali.com\/#website","url":"https:\/\/www.nettali.com\/","name":"Nettali.com","description":"Le rendez-vous critique du Net","potentialAction":[{"@type":"SearchAction","target":{"@type":"EntryPoint","urlTemplate":"https:\/\/www.nettali.com\/?s={search_term_string}"},"query-input":"required name=search_term_string"}],"inLanguage":"fr-FR"},{"@type":"ImageObject","@id":"https:\/\/www.nettali.com\/2023\/08\/07\/en-coulisses-tous-les-pensionnaires-acceptent-les-soins-sauf-pape-ale\/#primaryimage","inLanguage":"fr-FR","url":"https:\/\/www.nettali.com\/wp-content\/uploads\/2023\/07\/Capture-de\u0301cran-2023-07-21-a\u0300-10.37.08.png","contentUrl":"https:\/\/www.nettali.com\/wp-content\/uploads\/2023\/07\/Capture-de\u0301cran-2023-07-21-a\u0300-10.37.08.png","width":700,"height":444},{"@type":"WebPage","@id":"https:\/\/www.nettali.com\/2023\/08\/07\/en-coulisses-tous-les-pensionnaires-acceptent-les-soins-sauf-pape-ale\/#webpage","url":"https:\/\/www.nettali.com\/2023\/08\/07\/en-coulisses-tous-les-pensionnaires-acceptent-les-soins-sauf-pape-ale\/","name":"EN COULISSES - \"Tous les pensionnaires acceptent les soins sauf Pape Al\u00e9...\" | Nettali.com","isPartOf":{"@id":"https:\/\/www.nettali.com\/#website"},"primaryImageOfPage":{"@id":"https:\/\/www.nettali.com\/2023\/08\/07\/en-coulisses-tous-les-pensionnaires-acceptent-les-soins-sauf-pape-ale\/#primaryimage"},"datePublished":"2023-08-07T18:30:22+00:00","dateModified":"2023-08-08T08:35:23+00:00","author":{"@id":"https:\/\/www.nettali.com\/#\/schema\/person\/418274a86bdf87caff7a3ef476bd0bbf"},"breadcrumb":{"@id":"https:\/\/www.nettali.com\/2023\/08\/07\/en-coulisses-tous-les-pensionnaires-acceptent-les-soins-sauf-pape-ale\/#breadcrumb"},"inLanguage":"fr-FR","potentialAction":[{"@type":"ReadAction","target":["https:\/\/www.nettali.com\/2023\/08\/07\/en-coulisses-tous-les-pensionnaires-acceptent-les-soins-sauf-pape-ale\/"]}]},{"@type":"BreadcrumbList","@id":"https:\/\/www.nettali.com\/2023\/08\/07\/en-coulisses-tous-les-pensionnaires-acceptent-les-soins-sauf-pape-ale\/#breadcrumb","itemListElement":[{"@type":"ListItem","position":1,"name":"Accueil","item":"https:\/\/www.nettali.com\/"},{"@type":"ListItem","position":2,"name":"EN COULISSES - \"Tous les pensionnaires acceptent les soins sauf Pape Al\u00e9...\""}]},{"@type":"Person","@id":"https:\/\/www.nettali.com\/#\/schema\/person\/418274a86bdf87caff7a3ef476bd0bbf","name":"Fatou","image":{"@type":"ImageObject","@id":"https:\/\/www.nettali.com\/#personlogo","inLanguage":"fr-FR","url":"https:\/\/secure.gravatar.com\/avatar\/5a9442a2bee7b4dcf167cab035858e9a?s=96&d=mm&r=g","contentUrl":"https:\/\/secure.gravatar.com\/avatar\/5a9442a2bee7b4dcf167cab035858e9a?s=96&d=mm&r=g","caption":"Fatou"},"sameAs":["https:\/\/www.nettali.com"]}]}},"_links":{"self":[{"href":"https:\/\/www.nettali.com\/rest\/wp\/v2\/posts\/115708"}],"collection":[{"href":"https:\/\/www.nettali.com\/rest\/wp\/v2\/posts"}],"about":[{"href":"https:\/\/www.nettali.com\/rest\/wp\/v2\/types\/post"}],"author":[{"embeddable":true,"href":"https:\/\/www.nettali.com\/rest\/wp\/v2\/users\/6"}],"replies":[{"embeddable":true,"href":"https:\/\/www.nettali.com\/rest\/wp\/v2\/comments?post=115708"}],"version-history":[{"count":6,"href":"https:\/\/www.nettali.com\/rest\/wp\/v2\/posts\/115708\/revisions"}],"predecessor-version":[{"id":115738,"href":"https:\/\/www.nettali.com\/rest\/wp\/v2\/posts\/115708\/revisions\/115738"}],"wp:featuredmedia":[{"embeddable":true,"href":"https:\/\/www.nettali.com\/rest\/wp\/v2\/media\/114527"}],"wp:attachment":[{"href":"https:\/\/www.nettali.com\/rest\/wp\/v2\/media?parent=115708"}],"wp:term":[{"taxonomy":"category","embeddable":true,"href":"https:\/\/www.nettali.com\/rest\/wp\/v2\/categories?post=115708"},{"taxonomy":"post_tag","embeddable":true,"href":"https:\/\/www.nettali.com\/rest\/wp\/v2\/tags?post=115708"}],"curies":[{"name":"wp","href":"https:\/\/api.w.org\/{rel}","templated":true}]}}