{"id":115706,"date":"2023-08-07T19:22:54","date_gmt":"2023-08-07T19:22:54","guid":{"rendered":"https:\/\/www.nettali.com\/?p=115706"},"modified":"2023-08-07T23:20:36","modified_gmt":"2023-08-07T23:20:36","slug":"etat-de-sante-de-ousmane-sonko-le-ministre-de-la-justice-rassure","status":"publish","type":"post","link":"https:\/\/www.nettali.com\/2023\/08\/07\/etat-de-sante-de-ousmane-sonko-le-ministre-de-la-justice-rassure\/","title":{"rendered":"\u00c9TAT DE SANT\u00c9 DE OUSMANE SONKO - Le ministre de la Justice rassure\u00a0"},"content":{"rendered":"<p><b>NETTALI.COM- <\/b><strong>Le Garde des Sceaux, le Pr Ismaila Madior Fall a confirm\u00e9 que Ousmane Sonko est admis \u00e0 l\u2019h\u00f4pital principal. En conf\u00e9rence de presse ce lundi 7 ao\u00fbt 2023, il a rassur\u00e9 sur l\u2019\u00e9tat de sant\u00e9 de ce dernier qui observe une gr\u00e8ve de la faim \u00ab partielle \u00bb.<\/strong><\/p>\n<p>Le leader du Pastef Ousmane Sonko a entam\u00e9 une gr\u00e8ve de la faim depuis son ded\u00e9ferrement, puis son placement sous mandat de d\u00e9p\u00f4t \u00e0 la prison de S\u00e9bikhotane.\u00a0 Il a \u00e9t\u00e9 admis aux urgences \u00e0 l\u2019h\u00f4pital principal ce dimanche. Ce que le ministre de la Justice, Garde des sceaux vient de confirmer lors d'une conf\u00e9rence de presse tenue ce lundi 7 ao\u00fbt 2023.<\/p>\n<p>Toutefois, Ismaila Madior Fall a tent\u00e9 de minimiser. \u00ab<em> Il r\u00e9sulte des comptes rendus des \u00e9tablissements p\u00e9nitentiaires que le sieur Sonko a pris son petit d\u00e9jeuner le samedi matin. Il a donc interrompu sa gr\u00e8ve de la faim comme la plupart des prisonniers. Il y a une gr\u00e8ve de la faim totale o\u00f9 on ne s\u2019alimente pas, on ne boit pas et une gr\u00e8ve de la faim partielle o\u00f9 on boit seulement. La gr\u00e8ve de la faim partielle, c\u2019est l\u2019option de la plupart des pensionnaires des \u00e9tablissements p\u00e9nitentiaires dont Ousmane Sonko<\/em> \u00bb dit-il.<\/p>\n<p>Avant de relever que tout se passe bien dans les prisons sauf pour Ousmane Sonko qui a \u00e9t\u00e9 admis \u00e0 l\u2019h\u00f4pital Principal. \u00a0\u00ab<em> On s\u2019est rendu compte qu\u2019il n\u2019allait pas bien. Il a subi des soins et il se porte mieux. Il est bien suivi \u00e0 l\u2019h\u00f4pital<\/em> \u00bb, tente-t-il de rassurer.<\/p>\n<p>Avant de lancer aux partisans de Sonko \u00ab<em> Si vous avez un leader en d\u00e9tention, il faut montrer qu\u2019il est courageux, qu\u2019il est robuste, qu\u2019il est r\u00e9silient<\/em> \u00bb.<\/p>\n<p>&nbsp;<\/p>\n<div class='share-to-whatsapp-wrapper'><div class='share-on-whsp'>PARTAGER SUR : <\/div><a data-text='\u00c9TAT DE SANT\u00c9 DE OUSMANE SONKO - Le ministre de la Justice rassure\u00a0' data-link='https:\/\/www.nettali.com\/2023\/08\/07\/etat-de-sante-de-ousmane-sonko-le-ministre-de-la-justice-rassure\/' class='whatsapp-button whatsapp-share'>WhatsApp<\/a><div class='clear '><\/div><\/div>","protected":false},"excerpt":{"rendered":"<p>NETTALI.COM- Le Garde des Sceaux, le Pr Ismaila Madior Fall a confirm\u00e9 que Ousmane Sonko est admis \u00e0 l\u2019h\u00f4pital principal. En conf\u00e9rence de presse ce lundi 7 ao\u00fbt 2023, il a rassur\u00e9 sur l\u2019\u00e9tat de sant\u00e9 de ce dernier qui observe une gr\u00e8ve de la faim \u00ab partielle \u00bb. Le leader du Pastef Ousmane Sonko [&hellip;]<\/p>\n","protected":false},"author":6,"featured_media":112190,"comment_status":"open","ping_status":"open","sticky":false,"template":"","format":"standard","meta":{"_et_pb_use_builder":"","_et_pb_old_content":""},"categories":[3],"tags":[],"yoast_head":"<!-- This site is optimized with the Yoast SEO Premium plugin v17.8 (Yoast SEO v17.8) - https:\/\/yoast.com\/wordpress\/plugins\/seo\/ -->\n<title>\u00c9TAT DE SANT\u00c9 DE OUSMANE SONKO - Le ministre de la Justice rassure\u00a0 | Nettali.com<\/title>\n<meta name=\"robots\" content=\"index, follow, max-snippet:-1, max-image-preview:large, max-video-preview:-1\" \/>\n<link rel=\"canonical\" href=\"https:\/\/www.nettali.com\/2023\/08\/07\/etat-de-sante-de-ousmane-sonko-le-ministre-de-la-justice-rassure\/\" \/>\n<meta property=\"og:locale\" content=\"fr_FR\" \/>\n<meta property=\"og:type\" content=\"article\" \/>\n<meta property=\"og:title\" content=\"\u00c9TAT DE SANT\u00c9 DE OUSMANE SONKO - Le ministre de la Justice rassure\u00a0\" \/>\n<meta property=\"og:description\" content=\"NETTALI.COM- Le Garde des Sceaux, le Pr Ismaila Madior Fall a confirm\u00e9 que Ousmane Sonko est admis \u00e0 l\u2019h\u00f4pital principal. En conf\u00e9rence de presse ce lundi 7 ao\u00fbt 2023, il a rassur\u00e9 sur l\u2019\u00e9tat de sant\u00e9 de ce dernier qui observe une gr\u00e8ve de la faim \u00ab partielle \u00bb. Le leader du Pastef Ousmane Sonko [&hellip;]\" \/>\n<meta property=\"og:url\" content=\"https:\/\/www.nettali.com\/2023\/08\/07\/etat-de-sante-de-ousmane-sonko-le-ministre-de-la-justice-rassure\/\" \/>\n<meta property=\"og:site_name\" content=\"Nettali.com\" \/>\n<meta property=\"article:publisher\" content=\"https:\/\/www.facebook.com\/nettalicom\" \/>\n<meta property=\"article:published_time\" content=\"2023-08-07T19:22:54+00:00\" \/>\n<meta property=\"article:modified_time\" content=\"2023-08-07T23:20:36+00:00\" \/>\n<meta property=\"og:image\" content=\"https:\/\/www.nettali.com\/wp-content\/uploads\/2023\/06\/Ismaila-Madior-Fall-Ousmane-Sonko-peut-etre-arrete-a-tout-moment.jpg\" \/>\n\t<meta property=\"og:image:width\" content=\"664\" \/>\n\t<meta property=\"og:image:height\" content=\"372\" \/>\n<meta name=\"twitter:card\" content=\"summary_large_image\" \/>\n<meta name=\"twitter:label1\" content=\"\u00c9crit par\" \/>\n\t<meta name=\"twitter:data1\" content=\"Fatou\" \/>\n\t<meta name=\"twitter:label2\" content=\"Dur\u00e9e de lecture estim\u00e9e\" \/>\n\t<meta name=\"twitter:data2\" content=\"2 minutes\" \/>\n<script type=\"application\/ld+json\" class=\"yoast-schema-graph\">{\"@context\":\"https:\/\/schema.org\",\"@graph\":[{\"@type\":\"WebSite\",\"@id\":\"https:\/\/www.nettali.com\/#website\",\"url\":\"https:\/\/www.nettali.com\/\",\"name\":\"Nettali.com\",\"description\":\"Le rendez-vous critique du Net\",\"potentialAction\":[{\"@type\":\"SearchAction\",\"target\":{\"@type\":\"EntryPoint\",\"urlTemplate\":\"https:\/\/www.nettali.com\/?s={search_term_string}\"},\"query-input\":\"required name=search_term_string\"}],\"inLanguage\":\"fr-FR\"},{\"@type\":\"ImageObject\",\"@id\":\"https:\/\/www.nettali.com\/2023\/08\/07\/etat-de-sante-de-ousmane-sonko-le-ministre-de-la-justice-rassure\/#primaryimage\",\"inLanguage\":\"fr-FR\",\"url\":\"https:\/\/www.nettali.com\/wp-content\/uploads\/2023\/06\/Ismaila-Madior-Fall-Ousmane-Sonko-peut-etre-arrete-a-tout-moment.jpg\",\"contentUrl\":\"https:\/\/www.nettali.com\/wp-content\/uploads\/2023\/06\/Ismaila-Madior-Fall-Ousmane-Sonko-peut-etre-arrete-a-tout-moment.jpg\",\"width\":664,\"height\":372},{\"@type\":\"WebPage\",\"@id\":\"https:\/\/www.nettali.com\/2023\/08\/07\/etat-de-sante-de-ousmane-sonko-le-ministre-de-la-justice-rassure\/#webpage\",\"url\":\"https:\/\/www.nettali.com\/2023\/08\/07\/etat-de-sante-de-ousmane-sonko-le-ministre-de-la-justice-rassure\/\",\"name\":\"\\u00c9TAT DE SANT\\u00c9 DE OUSMANE SONKO - Le ministre de la Justice rassure\\u00a0 | Nettali.com\",\"isPartOf\":{\"@id\":\"https:\/\/www.nettali.com\/#website\"},\"primaryImageOfPage\":{\"@id\":\"https:\/\/www.nettali.com\/2023\/08\/07\/etat-de-sante-de-ousmane-sonko-le-ministre-de-la-justice-rassure\/#primaryimage\"},\"datePublished\":\"2023-08-07T19:22:54+00:00\",\"dateModified\":\"2023-08-07T23:20:36+00:00\",\"author\":{\"@id\":\"https:\/\/www.nettali.com\/#\/schema\/person\/418274a86bdf87caff7a3ef476bd0bbf\"},\"breadcrumb\":{\"@id\":\"https:\/\/www.nettali.com\/2023\/08\/07\/etat-de-sante-de-ousmane-sonko-le-ministre-de-la-justice-rassure\/#breadcrumb\"},\"inLanguage\":\"fr-FR\",\"potentialAction\":[{\"@type\":\"ReadAction\",\"target\":[\"https:\/\/www.nettali.com\/2023\/08\/07\/etat-de-sante-de-ousmane-sonko-le-ministre-de-la-justice-rassure\/\"]}]},{\"@type\":\"BreadcrumbList\",\"@id\":\"https:\/\/www.nettali.com\/2023\/08\/07\/etat-de-sante-de-ousmane-sonko-le-ministre-de-la-justice-rassure\/#breadcrumb\",\"itemListElement\":[{\"@type\":\"ListItem\",\"position\":1,\"name\":\"Accueil\",\"item\":\"https:\/\/www.nettali.com\/\"},{\"@type\":\"ListItem\",\"position\":2,\"name\":\"\\u00c9TAT DE SANT\\u00c9 DE OUSMANE SONKO - Le ministre de la Justice rassure\\u00a0\"}]},{\"@type\":\"Person\",\"@id\":\"https:\/\/www.nettali.com\/#\/schema\/person\/418274a86bdf87caff7a3ef476bd0bbf\",\"name\":\"Fatou\",\"image\":{\"@type\":\"ImageObject\",\"@id\":\"https:\/\/www.nettali.com\/#personlogo\",\"inLanguage\":\"fr-FR\",\"url\":\"https:\/\/secure.gravatar.com\/avatar\/5a9442a2bee7b4dcf167cab035858e9a?s=96&d=mm&r=g\",\"contentUrl\":\"https:\/\/secure.gravatar.com\/avatar\/5a9442a2bee7b4dcf167cab035858e9a?s=96&d=mm&r=g\",\"caption\":\"Fatou\"},\"sameAs\":[\"https:\/\/www.nettali.com\"]}]}<\/script>\n<!-- \/ Yoast SEO Premium plugin. -->","yoast_head_json":{"title":"\u00c9TAT DE SANT\u00c9 DE OUSMANE SONKO - Le ministre de la Justice rassure\u00a0 | Nettali.com","robots":{"index":"index","follow":"follow","max-snippet":"max-snippet:-1","max-image-preview":"max-image-preview:large","max-video-preview":"max-video-preview:-1"},"canonical":"https:\/\/www.nettali.com\/2023\/08\/07\/etat-de-sante-de-ousmane-sonko-le-ministre-de-la-justice-rassure\/","og_locale":"fr_FR","og_type":"article","og_title":"\u00c9TAT DE SANT\u00c9 DE OUSMANE SONKO - Le ministre de la Justice rassure\u00a0","og_description":"NETTALI.COM- Le Garde des Sceaux, le Pr Ismaila Madior Fall a confirm\u00e9 que Ousmane Sonko est admis \u00e0 l\u2019h\u00f4pital principal. En conf\u00e9rence de presse ce lundi 7 ao\u00fbt 2023, il a rassur\u00e9 sur l\u2019\u00e9tat de sant\u00e9 de ce dernier qui observe une gr\u00e8ve de la faim \u00ab partielle \u00bb. Le leader du Pastef Ousmane Sonko [&hellip;]","og_url":"https:\/\/www.nettali.com\/2023\/08\/07\/etat-de-sante-de-ousmane-sonko-le-ministre-de-la-justice-rassure\/","og_site_name":"Nettali.com","article_publisher":"https:\/\/www.facebook.com\/nettalicom","article_published_time":"2023-08-07T19:22:54+00:00","article_modified_time":"2023-08-07T23:20:36+00:00","og_image":[{"width":664,"height":372,"url":"https:\/\/www.nettali.com\/wp-content\/uploads\/2023\/06\/Ismaila-Madior-Fall-Ousmane-Sonko-peut-etre-arrete-a-tout-moment.jpg","type":"image\/jpeg"}],"twitter_card":"summary_large_image","twitter_misc":{"\u00c9crit par":"Fatou","Dur\u00e9e de lecture estim\u00e9e":"2 minutes"},"schema":{"@context":"https:\/\/schema.org","@graph":[{"@type":"WebSite","@id":"https:\/\/www.nettali.com\/#website","url":"https:\/\/www.nettali.com\/","name":"Nettali.com","description":"Le rendez-vous critique du Net","potentialAction":[{"@type":"SearchAction","target":{"@type":"EntryPoint","urlTemplate":"https:\/\/www.nettali.com\/?s={search_term_string}"},"query-input":"required name=search_term_string"}],"inLanguage":"fr-FR"},{"@type":"ImageObject","@id":"https:\/\/www.nettali.com\/2023\/08\/07\/etat-de-sante-de-ousmane-sonko-le-ministre-de-la-justice-rassure\/#primaryimage","inLanguage":"fr-FR","url":"https:\/\/www.nettali.com\/wp-content\/uploads\/2023\/06\/Ismaila-Madior-Fall-Ousmane-Sonko-peut-etre-arrete-a-tout-moment.jpg","contentUrl":"https:\/\/www.nettali.com\/wp-content\/uploads\/2023\/06\/Ismaila-Madior-Fall-Ousmane-Sonko-peut-etre-arrete-a-tout-moment.jpg","width":664,"height":372},{"@type":"WebPage","@id":"https:\/\/www.nettali.com\/2023\/08\/07\/etat-de-sante-de-ousmane-sonko-le-ministre-de-la-justice-rassure\/#webpage","url":"https:\/\/www.nettali.com\/2023\/08\/07\/etat-de-sante-de-ousmane-sonko-le-ministre-de-la-justice-rassure\/","name":"\u00c9TAT DE SANT\u00c9 DE OUSMANE SONKO - Le ministre de la Justice rassure\u00a0 | Nettali.com","isPartOf":{"@id":"https:\/\/www.nettali.com\/#website"},"primaryImageOfPage":{"@id":"https:\/\/www.nettali.com\/2023\/08\/07\/etat-de-sante-de-ousmane-sonko-le-ministre-de-la-justice-rassure\/#primaryimage"},"datePublished":"2023-08-07T19:22:54+00:00","dateModified":"2023-08-07T23:20:36+00:00","author":{"@id":"https:\/\/www.nettali.com\/#\/schema\/person\/418274a86bdf87caff7a3ef476bd0bbf"},"breadcrumb":{"@id":"https:\/\/www.nettali.com\/2023\/08\/07\/etat-de-sante-de-ousmane-sonko-le-ministre-de-la-justice-rassure\/#breadcrumb"},"inLanguage":"fr-FR","potentialAction":[{"@type":"ReadAction","target":["https:\/\/www.nettali.com\/2023\/08\/07\/etat-de-sante-de-ousmane-sonko-le-ministre-de-la-justice-rassure\/"]}]},{"@type":"BreadcrumbList","@id":"https:\/\/www.nettali.com\/2023\/08\/07\/etat-de-sante-de-ousmane-sonko-le-ministre-de-la-justice-rassure\/#breadcrumb","itemListElement":[{"@type":"ListItem","position":1,"name":"Accueil","item":"https:\/\/www.nettali.com\/"},{"@type":"ListItem","position":2,"name":"\u00c9TAT DE SANT\u00c9 DE OUSMANE SONKO - Le ministre de la Justice rassure\u00a0"}]},{"@type":"Person","@id":"https:\/\/www.nettali.com\/#\/schema\/person\/418274a86bdf87caff7a3ef476bd0bbf","name":"Fatou","image":{"@type":"ImageObject","@id":"https:\/\/www.nettali.com\/#personlogo","inLanguage":"fr-FR","url":"https:\/\/secure.gravatar.com\/avatar\/5a9442a2bee7b4dcf167cab035858e9a?s=96&d=mm&r=g","contentUrl":"https:\/\/secure.gravatar.com\/avatar\/5a9442a2bee7b4dcf167cab035858e9a?s=96&d=mm&r=g","caption":"Fatou"},"sameAs":["https:\/\/www.nettali.com"]}]}},"_links":{"self":[{"href":"https:\/\/www.nettali.com\/rest\/wp\/v2\/posts\/115706"}],"collection":[{"href":"https:\/\/www.nettali.com\/rest\/wp\/v2\/posts"}],"about":[{"href":"https:\/\/www.nettali.com\/rest\/wp\/v2\/types\/post"}],"author":[{"embeddable":true,"href":"https:\/\/www.nettali.com\/rest\/wp\/v2\/users\/6"}],"replies":[{"embeddable":true,"href":"https:\/\/www.nettali.com\/rest\/wp\/v2\/comments?post=115706"}],"version-history":[{"count":2,"href":"https:\/\/www.nettali.com\/rest\/wp\/v2\/posts\/115706\/revisions"}],"predecessor-version":[{"id":115728,"href":"https:\/\/www.nettali.com\/rest\/wp\/v2\/posts\/115706\/revisions\/115728"}],"wp:featuredmedia":[{"embeddable":true,"href":"https:\/\/www.nettali.com\/rest\/wp\/v2\/media\/112190"}],"wp:attachment":[{"href":"https:\/\/www.nettali.com\/rest\/wp\/v2\/media?parent=115706"}],"wp:term":[{"taxonomy":"category","embeddable":true,"href":"https:\/\/www.nettali.com\/rest\/wp\/v2\/categories?post=115706"},{"taxonomy":"post_tag","embeddable":true,"href":"https:\/\/www.nettali.com\/rest\/wp\/v2\/tags?post=115706"}],"curies":[{"name":"wp","href":"https:\/\/api.w.org\/{rel}","templated":true}]}}