{"id":115703,"date":"2023-08-07T17:07:46","date_gmt":"2023-08-07T17:07:46","guid":{"rendered":"https:\/\/www.nettali.com\/?p=115703"},"modified":"2023-08-08T09:30:54","modified_gmt":"2023-08-08T09:30:54","slug":"justice-apres-juan-branco-me-babacar-ndiaye-libere-sur-convocation","status":"publish","type":"post","link":"https:\/\/www.nettali.com\/2023\/08\/07\/justice-apres-juan-branco-me-babacar-ndiaye-libere-sur-convocation\/","title":{"rendered":"JUSTICE - Apr\u00e8s Juan Branco, Me Babacar Ndiaye lib\u00e9r\u00e9 sur convocation"},"content":{"rendered":"<p><strong>NETTALI.COM - La justice a d\u00e9cid\u00e9 de desserrer l'\u00e9tau. Apr\u00e8s que le juge du 2e cabinet a plac\u00e9 sous contr\u00f4le judiciaire l'avocat fran\u00e7ais, Juan Branco, le Procureur g\u00e9n\u00e9ral pr\u00e8s de la Cour d'appel de Dakar, Ibrahima Bakhoum, a d\u00e9cid\u00e9 de lib\u00e9rer Me Babacar Ndiaye. Son dossier sera transmis \u00e0 la chambre d'accusation.\u00a0<\/strong><\/p>\n<p>Apr\u00e8s la libert\u00e9 provisoire assortie d'un contr\u00f4le judiciaire accord\u00e9e \u00e0 l'avocat Franco-espagnol, Me Babacar Ndiaye, un des avocat d'Ousmane Sonko, a \u00e9t\u00e9 lib\u00e9r\u00e9 par le Procureur g\u00e9n\u00e9ral pr\u00e8s la Cour d'appel de Dakar.<\/p>\n<p>B\u00e9n\u00e9ficiant d'un privil\u00e8ge de juridiction, son dossier sera transmis \u00e0 la chambre d'accusation, qui est la juridiction d'instruction des avocats. Au bout de l'information judiciaire, si des charges suffisantes sont r\u00e9unies contre lui, il sera renvoy\u00e9 devant la Cour d'appel pour jugement.<\/p>\n<p>Vendredi dernier, l'avocat avait \u00e9t\u00e9 arr\u00eat\u00e9 par la S\u00fbret\u00e9 urbaine sur instruction du Procureur G\u00e9n\u00e9ral de la Cour d'appel de Dakar. Me Babacar Ndiaye a finalement \u00e9t\u00e9 d\u00e9f\u00e9r\u00e9 au parquet ce lundi.\u00a0 Il est suspect\u00e9 d'avoir particip\u00e9 \u00e0 l'\u00e9vasion de son coll\u00e8gue Juan Branco. Il devrait \u00eatre poursuivi pour recel de malfaiteur.<\/p>\n<div class='share-to-whatsapp-wrapper'><div class='share-on-whsp'>PARTAGER SUR : <\/div><a data-text='JUSTICE - Apr\u00e8s Juan Branco, Me Babacar Ndiaye lib\u00e9r\u00e9 sur convocation' data-link='https:\/\/www.nettali.com\/2023\/08\/07\/justice-apres-juan-branco-me-babacar-ndiaye-libere-sur-convocation\/' class='whatsapp-button whatsapp-share'>WhatsApp<\/a><div class='clear '><\/div><\/div>","protected":false},"excerpt":{"rendered":"<p>NETTALI.COM - La justice a d\u00e9cid\u00e9 de desserrer l'\u00e9tau. Apr\u00e8s que le juge du 2e cabinet a plac\u00e9 sous contr\u00f4le judiciaire l'avocat fran\u00e7ais, Juan Branco, le Procureur g\u00e9n\u00e9ral pr\u00e8s de la Cour d'appel de Dakar, Ibrahima Bakhoum, a d\u00e9cid\u00e9 de lib\u00e9rer Me Babacar Ndiaye. Son dossier sera transmis \u00e0 la chambre d'accusation.\u00a0 Apr\u00e8s la libert\u00e9 [&hellip;]<\/p>\n","protected":false},"author":4,"featured_media":115576,"comment_status":"open","ping_status":"open","sticky":false,"template":"","format":"standard","meta":{"_et_pb_use_builder":"","_et_pb_old_content":""},"categories":[3],"tags":[],"yoast_head":"<!-- This site is optimized with the Yoast SEO Premium plugin v17.8 (Yoast SEO v17.8) - https:\/\/yoast.com\/wordpress\/plugins\/seo\/ -->\n<title>JUSTICE - Apr\u00e8s Juan Branco, Me Babacar Ndiaye lib\u00e9r\u00e9 sur convocation | Nettali.com<\/title>\n<meta name=\"robots\" content=\"index, follow, max-snippet:-1, max-image-preview:large, max-video-preview:-1\" \/>\n<link rel=\"canonical\" href=\"https:\/\/www.nettali.com\/2023\/08\/07\/justice-apres-juan-branco-me-babacar-ndiaye-libere-sur-convocation\/\" \/>\n<meta property=\"og:locale\" content=\"fr_FR\" \/>\n<meta property=\"og:type\" content=\"article\" \/>\n<meta property=\"og:title\" content=\"JUSTICE - Apr\u00e8s Juan Branco, Me Babacar Ndiaye lib\u00e9r\u00e9 sur convocation\" \/>\n<meta property=\"og:description\" content=\"NETTALI.COM - La justice a d\u00e9cid\u00e9 de desserrer l&#039;\u00e9tau. Apr\u00e8s que le juge du 2e cabinet a plac\u00e9 sous contr\u00f4le judiciaire l&#039;avocat fran\u00e7ais, Juan Branco, le Procureur g\u00e9n\u00e9ral pr\u00e8s de la Cour d&#039;appel de Dakar, Ibrahima Bakhoum, a d\u00e9cid\u00e9 de lib\u00e9rer Me Babacar Ndiaye. Son dossier sera transmis \u00e0 la chambre d&#039;accusation.\u00a0 Apr\u00e8s la libert\u00e9 [&hellip;]\" \/>\n<meta property=\"og:url\" content=\"https:\/\/www.nettali.com\/2023\/08\/07\/justice-apres-juan-branco-me-babacar-ndiaye-libere-sur-convocation\/\" \/>\n<meta property=\"og:site_name\" content=\"Nettali.com\" \/>\n<meta property=\"article:publisher\" content=\"https:\/\/www.facebook.com\/nettalicom\" \/>\n<meta property=\"article:published_time\" content=\"2023-08-07T17:07:46+00:00\" \/>\n<meta property=\"article:modified_time\" content=\"2023-08-08T09:30:54+00:00\" \/>\n<meta property=\"og:image\" content=\"https:\/\/www.nettali.com\/wp-content\/uploads\/2023\/08\/avocat-atttt-e1691201642819-1140x570-1.jpg\" \/>\n\t<meta property=\"og:image:width\" content=\"1140\" \/>\n\t<meta property=\"og:image:height\" content=\"570\" \/>\n<meta name=\"twitter:card\" content=\"summary_large_image\" \/>\n<meta name=\"twitter:label1\" content=\"\u00c9crit par\" \/>\n\t<meta name=\"twitter:data1\" content=\"Daouda\" \/>\n\t<meta name=\"twitter:label2\" content=\"Dur\u00e9e de lecture estim\u00e9e\" \/>\n\t<meta name=\"twitter:data2\" content=\"1 minute\" \/>\n<script type=\"application\/ld+json\" class=\"yoast-schema-graph\">{\"@context\":\"https:\/\/schema.org\",\"@graph\":[{\"@type\":\"WebSite\",\"@id\":\"https:\/\/www.nettali.com\/#website\",\"url\":\"https:\/\/www.nettali.com\/\",\"name\":\"Nettali.com\",\"description\":\"Le rendez-vous critique du Net\",\"potentialAction\":[{\"@type\":\"SearchAction\",\"target\":{\"@type\":\"EntryPoint\",\"urlTemplate\":\"https:\/\/www.nettali.com\/?s={search_term_string}\"},\"query-input\":\"required name=search_term_string\"}],\"inLanguage\":\"fr-FR\"},{\"@type\":\"ImageObject\",\"@id\":\"https:\/\/www.nettali.com\/2023\/08\/07\/justice-apres-juan-branco-me-babacar-ndiaye-libere-sur-convocation\/#primaryimage\",\"inLanguage\":\"fr-FR\",\"url\":\"https:\/\/www.nettali.com\/wp-content\/uploads\/2023\/08\/avocat-atttt-e1691201642819-1140x570-1.jpg\",\"contentUrl\":\"https:\/\/www.nettali.com\/wp-content\/uploads\/2023\/08\/avocat-atttt-e1691201642819-1140x570-1.jpg\",\"width\":1140,\"height\":570},{\"@type\":\"WebPage\",\"@id\":\"https:\/\/www.nettali.com\/2023\/08\/07\/justice-apres-juan-branco-me-babacar-ndiaye-libere-sur-convocation\/#webpage\",\"url\":\"https:\/\/www.nettali.com\/2023\/08\/07\/justice-apres-juan-branco-me-babacar-ndiaye-libere-sur-convocation\/\",\"name\":\"JUSTICE - Apr\\u00e8s Juan Branco, Me Babacar Ndiaye lib\\u00e9r\\u00e9 sur convocation | Nettali.com\",\"isPartOf\":{\"@id\":\"https:\/\/www.nettali.com\/#website\"},\"primaryImageOfPage\":{\"@id\":\"https:\/\/www.nettali.com\/2023\/08\/07\/justice-apres-juan-branco-me-babacar-ndiaye-libere-sur-convocation\/#primaryimage\"},\"datePublished\":\"2023-08-07T17:07:46+00:00\",\"dateModified\":\"2023-08-08T09:30:54+00:00\",\"author\":{\"@id\":\"https:\/\/www.nettali.com\/#\/schema\/person\/3317e0bb3aa1da309fbf7b2780901bf4\"},\"breadcrumb\":{\"@id\":\"https:\/\/www.nettali.com\/2023\/08\/07\/justice-apres-juan-branco-me-babacar-ndiaye-libere-sur-convocation\/#breadcrumb\"},\"inLanguage\":\"fr-FR\",\"potentialAction\":[{\"@type\":\"ReadAction\",\"target\":[\"https:\/\/www.nettali.com\/2023\/08\/07\/justice-apres-juan-branco-me-babacar-ndiaye-libere-sur-convocation\/\"]}]},{\"@type\":\"BreadcrumbList\",\"@id\":\"https:\/\/www.nettali.com\/2023\/08\/07\/justice-apres-juan-branco-me-babacar-ndiaye-libere-sur-convocation\/#breadcrumb\",\"itemListElement\":[{\"@type\":\"ListItem\",\"position\":1,\"name\":\"Accueil\",\"item\":\"https:\/\/www.nettali.com\/\"},{\"@type\":\"ListItem\",\"position\":2,\"name\":\"JUSTICE - Apr\\u00e8s Juan Branco, Me Babacar Ndiaye lib\\u00e9r\\u00e9 sur convocation\"}]},{\"@type\":\"Person\",\"@id\":\"https:\/\/www.nettali.com\/#\/schema\/person\/3317e0bb3aa1da309fbf7b2780901bf4\",\"name\":\"Daouda\",\"image\":{\"@type\":\"ImageObject\",\"@id\":\"https:\/\/www.nettali.com\/#personlogo\",\"inLanguage\":\"fr-FR\",\"url\":\"https:\/\/secure.gravatar.com\/avatar\/8d143b5a49345098ddcfee1c49c2f47c?s=96&d=mm&r=g\",\"contentUrl\":\"https:\/\/secure.gravatar.com\/avatar\/8d143b5a49345098ddcfee1c49c2f47c?s=96&d=mm&r=g\",\"caption\":\"Daouda\"},\"sameAs\":[\"https:\/\/www.nettali.com\"]}]}<\/script>\n<!-- \/ Yoast SEO Premium plugin. -->","yoast_head_json":{"title":"JUSTICE - Apr\u00e8s Juan Branco, Me Babacar Ndiaye lib\u00e9r\u00e9 sur convocation | Nettali.com","robots":{"index":"index","follow":"follow","max-snippet":"max-snippet:-1","max-image-preview":"max-image-preview:large","max-video-preview":"max-video-preview:-1"},"canonical":"https:\/\/www.nettali.com\/2023\/08\/07\/justice-apres-juan-branco-me-babacar-ndiaye-libere-sur-convocation\/","og_locale":"fr_FR","og_type":"article","og_title":"JUSTICE - Apr\u00e8s Juan Branco, Me Babacar Ndiaye lib\u00e9r\u00e9 sur convocation","og_description":"NETTALI.COM - La justice a d\u00e9cid\u00e9 de desserrer l'\u00e9tau. Apr\u00e8s que le juge du 2e cabinet a plac\u00e9 sous contr\u00f4le judiciaire l'avocat fran\u00e7ais, Juan Branco, le Procureur g\u00e9n\u00e9ral pr\u00e8s de la Cour d'appel de Dakar, Ibrahima Bakhoum, a d\u00e9cid\u00e9 de lib\u00e9rer Me Babacar Ndiaye. Son dossier sera transmis \u00e0 la chambre d'accusation.\u00a0 Apr\u00e8s la libert\u00e9 [&hellip;]","og_url":"https:\/\/www.nettali.com\/2023\/08\/07\/justice-apres-juan-branco-me-babacar-ndiaye-libere-sur-convocation\/","og_site_name":"Nettali.com","article_publisher":"https:\/\/www.facebook.com\/nettalicom","article_published_time":"2023-08-07T17:07:46+00:00","article_modified_time":"2023-08-08T09:30:54+00:00","og_image":[{"width":1140,"height":570,"url":"https:\/\/www.nettali.com\/wp-content\/uploads\/2023\/08\/avocat-atttt-e1691201642819-1140x570-1.jpg","type":"image\/jpeg"}],"twitter_card":"summary_large_image","twitter_misc":{"\u00c9crit par":"Daouda","Dur\u00e9e de lecture estim\u00e9e":"1 minute"},"schema":{"@context":"https:\/\/schema.org","@graph":[{"@type":"WebSite","@id":"https:\/\/www.nettali.com\/#website","url":"https:\/\/www.nettali.com\/","name":"Nettali.com","description":"Le rendez-vous critique du Net","potentialAction":[{"@type":"SearchAction","target":{"@type":"EntryPoint","urlTemplate":"https:\/\/www.nettali.com\/?s={search_term_string}"},"query-input":"required name=search_term_string"}],"inLanguage":"fr-FR"},{"@type":"ImageObject","@id":"https:\/\/www.nettali.com\/2023\/08\/07\/justice-apres-juan-branco-me-babacar-ndiaye-libere-sur-convocation\/#primaryimage","inLanguage":"fr-FR","url":"https:\/\/www.nettali.com\/wp-content\/uploads\/2023\/08\/avocat-atttt-e1691201642819-1140x570-1.jpg","contentUrl":"https:\/\/www.nettali.com\/wp-content\/uploads\/2023\/08\/avocat-atttt-e1691201642819-1140x570-1.jpg","width":1140,"height":570},{"@type":"WebPage","@id":"https:\/\/www.nettali.com\/2023\/08\/07\/justice-apres-juan-branco-me-babacar-ndiaye-libere-sur-convocation\/#webpage","url":"https:\/\/www.nettali.com\/2023\/08\/07\/justice-apres-juan-branco-me-babacar-ndiaye-libere-sur-convocation\/","name":"JUSTICE - Apr\u00e8s Juan Branco, Me Babacar Ndiaye lib\u00e9r\u00e9 sur convocation | Nettali.com","isPartOf":{"@id":"https:\/\/www.nettali.com\/#website"},"primaryImageOfPage":{"@id":"https:\/\/www.nettali.com\/2023\/08\/07\/justice-apres-juan-branco-me-babacar-ndiaye-libere-sur-convocation\/#primaryimage"},"datePublished":"2023-08-07T17:07:46+00:00","dateModified":"2023-08-08T09:30:54+00:00","author":{"@id":"https:\/\/www.nettali.com\/#\/schema\/person\/3317e0bb3aa1da309fbf7b2780901bf4"},"breadcrumb":{"@id":"https:\/\/www.nettali.com\/2023\/08\/07\/justice-apres-juan-branco-me-babacar-ndiaye-libere-sur-convocation\/#breadcrumb"},"inLanguage":"fr-FR","potentialAction":[{"@type":"ReadAction","target":["https:\/\/www.nettali.com\/2023\/08\/07\/justice-apres-juan-branco-me-babacar-ndiaye-libere-sur-convocation\/"]}]},{"@type":"BreadcrumbList","@id":"https:\/\/www.nettali.com\/2023\/08\/07\/justice-apres-juan-branco-me-babacar-ndiaye-libere-sur-convocation\/#breadcrumb","itemListElement":[{"@type":"ListItem","position":1,"name":"Accueil","item":"https:\/\/www.nettali.com\/"},{"@type":"ListItem","position":2,"name":"JUSTICE - Apr\u00e8s Juan Branco, Me Babacar Ndiaye lib\u00e9r\u00e9 sur convocation"}]},{"@type":"Person","@id":"https:\/\/www.nettali.com\/#\/schema\/person\/3317e0bb3aa1da309fbf7b2780901bf4","name":"Daouda","image":{"@type":"ImageObject","@id":"https:\/\/www.nettali.com\/#personlogo","inLanguage":"fr-FR","url":"https:\/\/secure.gravatar.com\/avatar\/8d143b5a49345098ddcfee1c49c2f47c?s=96&d=mm&r=g","contentUrl":"https:\/\/secure.gravatar.com\/avatar\/8d143b5a49345098ddcfee1c49c2f47c?s=96&d=mm&r=g","caption":"Daouda"},"sameAs":["https:\/\/www.nettali.com"]}]}},"_links":{"self":[{"href":"https:\/\/www.nettali.com\/rest\/wp\/v2\/posts\/115703"}],"collection":[{"href":"https:\/\/www.nettali.com\/rest\/wp\/v2\/posts"}],"about":[{"href":"https:\/\/www.nettali.com\/rest\/wp\/v2\/types\/post"}],"author":[{"embeddable":true,"href":"https:\/\/www.nettali.com\/rest\/wp\/v2\/users\/4"}],"replies":[{"embeddable":true,"href":"https:\/\/www.nettali.com\/rest\/wp\/v2\/comments?post=115703"}],"version-history":[{"count":1,"href":"https:\/\/www.nettali.com\/rest\/wp\/v2\/posts\/115703\/revisions"}],"predecessor-version":[{"id":115704,"href":"https:\/\/www.nettali.com\/rest\/wp\/v2\/posts\/115703\/revisions\/115704"}],"wp:featuredmedia":[{"embeddable":true,"href":"https:\/\/www.nettali.com\/rest\/wp\/v2\/media\/115576"}],"wp:attachment":[{"href":"https:\/\/www.nettali.com\/rest\/wp\/v2\/media?parent=115703"}],"wp:term":[{"taxonomy":"category","embeddable":true,"href":"https:\/\/www.nettali.com\/rest\/wp\/v2\/categories?post=115703"},{"taxonomy":"post_tag","embeddable":true,"href":"https:\/\/www.nettali.com\/rest\/wp\/v2\/tags?post=115703"}],"curies":[{"name":"wp","href":"https:\/\/api.w.org\/{rel}","templated":true}]}}