{"id":115651,"date":"2023-08-07T09:02:16","date_gmt":"2023-08-07T09:02:16","guid":{"rendered":"https:\/\/www.nettali.com\/?p=115651"},"modified":"2023-08-07T09:02:16","modified_gmt":"2023-08-07T09:02:16","slug":"en-coulisses-de-qui-se-moque-mimi-toure","status":"publish","type":"post","link":"https:\/\/www.nettali.com\/2023\/08\/07\/en-coulisses-de-qui-se-moque-mimi-toure\/","title":{"rendered":"EN COULISSES - De qui se moque Mimi Tour\u00e9 ?"},"content":{"rendered":"<div class=\"page\" title=\"Page 2\">\n<div class=\"layoutArea\">\n<div class=\"column\">\n<p><strong>NETTALI.COM -<\/strong> Dans un post partage\u0301 sur sa page Twitter visite\u0301e, Mimi Toure\u0301 de\u0301nonce l\u2019attitude de la police aux frontie\u0300res qui \u00ab <em>n\u2019a pas a\u0300 se me\u0302ler de la politique<\/em> \u00bb. In extenso son post : En route vers la Casamance, la police au poste frontalier de Keur AYIB m\u2019a refuse\u0301 la traverse\u0301e malgre\u0301 la pre\u0301sentation de la copie conforme de mon passeport diplomatique et mon identification formelle par le commissaire du poste de police. Pourtant, il y\u2019a tout juste un an comme te\u0302te de liste de Benno Bokk Yakaar, il ne m\u2019a e\u0301te\u0301 demande\u0301 aucun papier pour rejoindre cette autre partie de notre territoire. La police n\u2019a pas a\u0300 se me\u0302ler de la poli- tique et doit se concentrer sur la se\u0301curite\u0301 des citoyens.<\/p>\n<\/div>\n<div class=\"column\">\n<p>Une d\u00e9nonciation d'Aminata Tour\u00e9 qui pousse \u00e0 se demander de qui se moque l'ancienne Premi\u00e8re ministre et ancienne ministre de la justice \u00e9galement ? Se sent-elle au dessus des lois ? Parce qu'on lui aurait mis, selon ses termes, une fois de passer la fronti\u00e8re sans papier, qu'elle peut penser qu'elle \u00e9tait dans son droit cette fois l\u00e0 si tant est que ce qu'elle dit, est vraie ? Qu'elle revienne \u00e0 la raison, elle est citoyenne au m\u00eame titre que les autres et ne peut pas se permettre de passer la fronti\u00e8re avec le document qu'elle cite.<\/p>\n<p>Que l'on sache Aminata Tour\u00e9 n'a jamais \u00e9t\u00e9 une ministre de la justice tendre, tr\u00e8s attach\u00e9e qu'elle \u00e9tait au souci de rendre la justice. Qu'elle ne vienne donc pas aujourd'hui nous la faire \u00e0 l'envers, s'autorisant des actes qu'elle n'aurait jamais autoris\u00e9s.<\/p>\n<\/div>\n<\/div>\n<\/div>\n<div class='share-to-whatsapp-wrapper'><div class='share-on-whsp'>PARTAGER SUR : <\/div><a data-text='EN COULISSES - De qui se moque Mimi Tour\u00e9 ?' data-link='https:\/\/www.nettali.com\/2023\/08\/07\/en-coulisses-de-qui-se-moque-mimi-toure\/' class='whatsapp-button whatsapp-share'>WhatsApp<\/a><div class='clear '><\/div><\/div>","protected":false},"excerpt":{"rendered":"<p>NETTALI.COM - Dans un post partage\u0301 sur sa page Twitter visite\u0301e, Mimi Toure\u0301 de\u0301nonce l\u2019attitude de la police aux frontie\u0300res qui \u00ab n\u2019a pas a\u0300 se me\u0302ler de la politique \u00bb. In extenso son post : En route vers la Casamance, la police au poste frontalier de Keur AYIB m\u2019a refuse\u0301 la traverse\u0301e malgre\u0301 la [&hellip;]<\/p>\n","protected":false},"author":2,"featured_media":115657,"comment_status":"open","ping_status":"open","sticky":false,"template":"","format":"standard","meta":{"_et_pb_use_builder":"","_et_pb_old_content":""},"categories":[34945],"tags":[],"yoast_head":"<!-- This site is optimized with the Yoast SEO Premium plugin v17.8 (Yoast SEO v17.8) - https:\/\/yoast.com\/wordpress\/plugins\/seo\/ -->\n<title>EN COULISSES - De qui se moque Mimi Tour\u00e9 ? | Nettali.com<\/title>\n<meta name=\"robots\" content=\"index, follow, max-snippet:-1, max-image-preview:large, max-video-preview:-1\" \/>\n<link rel=\"canonical\" href=\"https:\/\/www.nettali.com\/2023\/08\/07\/en-coulisses-de-qui-se-moque-mimi-toure\/\" \/>\n<meta property=\"og:locale\" content=\"fr_FR\" \/>\n<meta property=\"og:type\" content=\"article\" \/>\n<meta property=\"og:title\" content=\"EN COULISSES - De qui se moque Mimi Tour\u00e9 ?\" \/>\n<meta property=\"og:description\" content=\"NETTALI.COM - Dans un post partage\u0301 sur sa page Twitter visite\u0301e, Mimi Toure\u0301 de\u0301nonce l\u2019attitude de la police aux frontie\u0300res qui \u00ab n\u2019a pas a\u0300 se me\u0302ler de la politique \u00bb. In extenso son post : En route vers la Casamance, la police au poste frontalier de Keur AYIB m\u2019a refuse\u0301 la traverse\u0301e malgre\u0301 la [&hellip;]\" \/>\n<meta property=\"og:url\" content=\"https:\/\/www.nettali.com\/2023\/08\/07\/en-coulisses-de-qui-se-moque-mimi-toure\/\" \/>\n<meta property=\"og:site_name\" content=\"Nettali.com\" \/>\n<meta property=\"article:publisher\" content=\"https:\/\/www.facebook.com\/nettalicom\" \/>\n<meta property=\"article:published_time\" content=\"2023-08-07T09:02:16+00:00\" \/>\n<meta property=\"og:image\" content=\"https:\/\/www.nettali.com\/wp-content\/uploads\/2023\/08\/74456583-51787635.jpg\" \/>\n\t<meta property=\"og:image:width\" content=\"698\" \/>\n\t<meta property=\"og:image:height\" content=\"393\" \/>\n<meta name=\"twitter:card\" content=\"summary_large_image\" \/>\n<meta name=\"twitter:label1\" content=\"\u00c9crit par\" \/>\n\t<meta name=\"twitter:data1\" content=\"CK\" \/>\n\t<meta name=\"twitter:label2\" content=\"Dur\u00e9e de lecture estim\u00e9e\" \/>\n\t<meta name=\"twitter:data2\" content=\"2 minutes\" \/>\n<script type=\"application\/ld+json\" class=\"yoast-schema-graph\">{\"@context\":\"https:\/\/schema.org\",\"@graph\":[{\"@type\":\"WebSite\",\"@id\":\"https:\/\/www.nettali.com\/#website\",\"url\":\"https:\/\/www.nettali.com\/\",\"name\":\"Nettali.com\",\"description\":\"Le rendez-vous critique du Net\",\"potentialAction\":[{\"@type\":\"SearchAction\",\"target\":{\"@type\":\"EntryPoint\",\"urlTemplate\":\"https:\/\/www.nettali.com\/?s={search_term_string}\"},\"query-input\":\"required name=search_term_string\"}],\"inLanguage\":\"fr-FR\"},{\"@type\":\"ImageObject\",\"@id\":\"https:\/\/www.nettali.com\/2023\/08\/07\/en-coulisses-de-qui-se-moque-mimi-toure\/#primaryimage\",\"inLanguage\":\"fr-FR\",\"url\":\"https:\/\/www.nettali.com\/wp-content\/uploads\/2023\/08\/74456583-51787635.jpg\",\"contentUrl\":\"https:\/\/www.nettali.com\/wp-content\/uploads\/2023\/08\/74456583-51787635.jpg\",\"width\":698,\"height\":393},{\"@type\":\"WebPage\",\"@id\":\"https:\/\/www.nettali.com\/2023\/08\/07\/en-coulisses-de-qui-se-moque-mimi-toure\/#webpage\",\"url\":\"https:\/\/www.nettali.com\/2023\/08\/07\/en-coulisses-de-qui-se-moque-mimi-toure\/\",\"name\":\"EN COULISSES - De qui se moque Mimi Tour\\u00e9 ? | Nettali.com\",\"isPartOf\":{\"@id\":\"https:\/\/www.nettali.com\/#website\"},\"primaryImageOfPage\":{\"@id\":\"https:\/\/www.nettali.com\/2023\/08\/07\/en-coulisses-de-qui-se-moque-mimi-toure\/#primaryimage\"},\"datePublished\":\"2023-08-07T09:02:16+00:00\",\"dateModified\":\"2023-08-07T09:02:16+00:00\",\"author\":{\"@id\":\"https:\/\/www.nettali.com\/#\/schema\/person\/d8ac7b7e27ddad43f1c0d2ef090d7f71\"},\"breadcrumb\":{\"@id\":\"https:\/\/www.nettali.com\/2023\/08\/07\/en-coulisses-de-qui-se-moque-mimi-toure\/#breadcrumb\"},\"inLanguage\":\"fr-FR\",\"potentialAction\":[{\"@type\":\"ReadAction\",\"target\":[\"https:\/\/www.nettali.com\/2023\/08\/07\/en-coulisses-de-qui-se-moque-mimi-toure\/\"]}]},{\"@type\":\"BreadcrumbList\",\"@id\":\"https:\/\/www.nettali.com\/2023\/08\/07\/en-coulisses-de-qui-se-moque-mimi-toure\/#breadcrumb\",\"itemListElement\":[{\"@type\":\"ListItem\",\"position\":1,\"name\":\"Accueil\",\"item\":\"https:\/\/www.nettali.com\/\"},{\"@type\":\"ListItem\",\"position\":2,\"name\":\"EN COULISSES - De qui se moque Mimi Tour\\u00e9 ?\"}]},{\"@type\":\"Person\",\"@id\":\"https:\/\/www.nettali.com\/#\/schema\/person\/d8ac7b7e27ddad43f1c0d2ef090d7f71\",\"name\":\"CK\",\"image\":{\"@type\":\"ImageObject\",\"@id\":\"https:\/\/www.nettali.com\/#personlogo\",\"inLanguage\":\"fr-FR\",\"url\":\"https:\/\/secure.gravatar.com\/avatar\/1d8d5118b9327d94da7cd4ce7f17fec2?s=96&d=mm&r=g\",\"contentUrl\":\"https:\/\/secure.gravatar.com\/avatar\/1d8d5118b9327d94da7cd4ce7f17fec2?s=96&d=mm&r=g\",\"caption\":\"CK\"},\"sameAs\":[\"https:\/\/www.nettali.com\"]}]}<\/script>\n<!-- \/ Yoast SEO Premium plugin. -->","yoast_head_json":{"title":"EN COULISSES - De qui se moque Mimi Tour\u00e9 ? | Nettali.com","robots":{"index":"index","follow":"follow","max-snippet":"max-snippet:-1","max-image-preview":"max-image-preview:large","max-video-preview":"max-video-preview:-1"},"canonical":"https:\/\/www.nettali.com\/2023\/08\/07\/en-coulisses-de-qui-se-moque-mimi-toure\/","og_locale":"fr_FR","og_type":"article","og_title":"EN COULISSES - De qui se moque Mimi Tour\u00e9 ?","og_description":"NETTALI.COM - Dans un post partage\u0301 sur sa page Twitter visite\u0301e, Mimi Toure\u0301 de\u0301nonce l\u2019attitude de la police aux frontie\u0300res qui \u00ab n\u2019a pas a\u0300 se me\u0302ler de la politique \u00bb. In extenso son post : En route vers la Casamance, la police au poste frontalier de Keur AYIB m\u2019a refuse\u0301 la traverse\u0301e malgre\u0301 la [&hellip;]","og_url":"https:\/\/www.nettali.com\/2023\/08\/07\/en-coulisses-de-qui-se-moque-mimi-toure\/","og_site_name":"Nettali.com","article_publisher":"https:\/\/www.facebook.com\/nettalicom","article_published_time":"2023-08-07T09:02:16+00:00","og_image":[{"width":698,"height":393,"url":"https:\/\/www.nettali.com\/wp-content\/uploads\/2023\/08\/74456583-51787635.jpg","type":"image\/jpeg"}],"twitter_card":"summary_large_image","twitter_misc":{"\u00c9crit par":"CK","Dur\u00e9e de lecture estim\u00e9e":"2 minutes"},"schema":{"@context":"https:\/\/schema.org","@graph":[{"@type":"WebSite","@id":"https:\/\/www.nettali.com\/#website","url":"https:\/\/www.nettali.com\/","name":"Nettali.com","description":"Le rendez-vous critique du Net","potentialAction":[{"@type":"SearchAction","target":{"@type":"EntryPoint","urlTemplate":"https:\/\/www.nettali.com\/?s={search_term_string}"},"query-input":"required name=search_term_string"}],"inLanguage":"fr-FR"},{"@type":"ImageObject","@id":"https:\/\/www.nettali.com\/2023\/08\/07\/en-coulisses-de-qui-se-moque-mimi-toure\/#primaryimage","inLanguage":"fr-FR","url":"https:\/\/www.nettali.com\/wp-content\/uploads\/2023\/08\/74456583-51787635.jpg","contentUrl":"https:\/\/www.nettali.com\/wp-content\/uploads\/2023\/08\/74456583-51787635.jpg","width":698,"height":393},{"@type":"WebPage","@id":"https:\/\/www.nettali.com\/2023\/08\/07\/en-coulisses-de-qui-se-moque-mimi-toure\/#webpage","url":"https:\/\/www.nettali.com\/2023\/08\/07\/en-coulisses-de-qui-se-moque-mimi-toure\/","name":"EN COULISSES - De qui se moque Mimi Tour\u00e9 ? | Nettali.com","isPartOf":{"@id":"https:\/\/www.nettali.com\/#website"},"primaryImageOfPage":{"@id":"https:\/\/www.nettali.com\/2023\/08\/07\/en-coulisses-de-qui-se-moque-mimi-toure\/#primaryimage"},"datePublished":"2023-08-07T09:02:16+00:00","dateModified":"2023-08-07T09:02:16+00:00","author":{"@id":"https:\/\/www.nettali.com\/#\/schema\/person\/d8ac7b7e27ddad43f1c0d2ef090d7f71"},"breadcrumb":{"@id":"https:\/\/www.nettali.com\/2023\/08\/07\/en-coulisses-de-qui-se-moque-mimi-toure\/#breadcrumb"},"inLanguage":"fr-FR","potentialAction":[{"@type":"ReadAction","target":["https:\/\/www.nettali.com\/2023\/08\/07\/en-coulisses-de-qui-se-moque-mimi-toure\/"]}]},{"@type":"BreadcrumbList","@id":"https:\/\/www.nettali.com\/2023\/08\/07\/en-coulisses-de-qui-se-moque-mimi-toure\/#breadcrumb","itemListElement":[{"@type":"ListItem","position":1,"name":"Accueil","item":"https:\/\/www.nettali.com\/"},{"@type":"ListItem","position":2,"name":"EN COULISSES - De qui se moque Mimi Tour\u00e9 ?"}]},{"@type":"Person","@id":"https:\/\/www.nettali.com\/#\/schema\/person\/d8ac7b7e27ddad43f1c0d2ef090d7f71","name":"CK","image":{"@type":"ImageObject","@id":"https:\/\/www.nettali.com\/#personlogo","inLanguage":"fr-FR","url":"https:\/\/secure.gravatar.com\/avatar\/1d8d5118b9327d94da7cd4ce7f17fec2?s=96&d=mm&r=g","contentUrl":"https:\/\/secure.gravatar.com\/avatar\/1d8d5118b9327d94da7cd4ce7f17fec2?s=96&d=mm&r=g","caption":"CK"},"sameAs":["https:\/\/www.nettali.com"]}]}},"_links":{"self":[{"href":"https:\/\/www.nettali.com\/rest\/wp\/v2\/posts\/115651"}],"collection":[{"href":"https:\/\/www.nettali.com\/rest\/wp\/v2\/posts"}],"about":[{"href":"https:\/\/www.nettali.com\/rest\/wp\/v2\/types\/post"}],"author":[{"embeddable":true,"href":"https:\/\/www.nettali.com\/rest\/wp\/v2\/users\/2"}],"replies":[{"embeddable":true,"href":"https:\/\/www.nettali.com\/rest\/wp\/v2\/comments?post=115651"}],"version-history":[{"count":1,"href":"https:\/\/www.nettali.com\/rest\/wp\/v2\/posts\/115651\/revisions"}],"predecessor-version":[{"id":115655,"href":"https:\/\/www.nettali.com\/rest\/wp\/v2\/posts\/115651\/revisions\/115655"}],"wp:featuredmedia":[{"embeddable":true,"href":"https:\/\/www.nettali.com\/rest\/wp\/v2\/media\/115657"}],"wp:attachment":[{"href":"https:\/\/www.nettali.com\/rest\/wp\/v2\/media?parent=115651"}],"wp:term":[{"taxonomy":"category","embeddable":true,"href":"https:\/\/www.nettali.com\/rest\/wp\/v2\/categories?post=115651"},{"taxonomy":"post_tag","embeddable":true,"href":"https:\/\/www.nettali.com\/rest\/wp\/v2\/tags?post=115651"}],"curies":[{"name":"wp","href":"https:\/\/api.w.org\/{rel}","templated":true}]}}