{"id":115613,"date":"2023-08-06T12:29:54","date_gmt":"2023-08-06T12:29:54","guid":{"rendered":"https:\/\/www.nettali.com\/?p=115613"},"modified":"2023-08-06T16:00:39","modified_gmt":"2023-08-06T16:00:39","slug":"kader-boye-on-ne-combat-pas-un-adversaire-politique-en-le-supprimant","status":"publish","type":"post","link":"https:\/\/www.nettali.com\/2023\/08\/06\/kader-boye-on-ne-combat-pas-un-adversaire-politique-en-le-supprimant\/","title":{"rendered":"KADER BOYE  : \"On ne combat pas un adversaire politique en le supprimant\u2019\u2019"},"content":{"rendered":"<p><strong>NETTALI.COM - Le professeur de droit, Abdel Kader Boye, est farouchement contre la dissolution de Pastef. Il plaide aussi pour que Ousmane Sonko puisse recouvrer la libert\u00e9. Il d\u00e9plore la \"juridisation des diff\u00e9rends politiques\u2019\u2019 au S\u00e9n\u00e9gal et propose qu\u2019une loi d\u2019amnistie soit vot\u00e9e pour \u2018\u2019r\u00e9concilier la soci\u00e9t\u00e9 avec elle-m\u00eame\u2019\u2019 et permettre \u00e0 tous les citoyens priv\u00e9s de leurs droits de voter et d\u2019\u00eatre \u00e9ligibles de les recouvrer.<\/strong><\/p>\n<p>Dans une interview accord\u00e9e \u00e0 l\u2019Agence de presse s\u00e9n\u00e9galaise et au mensuel Vitrine, le Mag de l\u2019APS, M. Boye sugg\u00e8re qu\u2019 <em>\"une grande loi d\u2019amnistie\u2019\u2019<\/em> soit vot\u00e9e par l\u2019Assembl\u00e9e nationale, <em>\"comme cela fut fait apr\u00e8s Mai-68 [\u2026] \u00e0 l\u2019effet de r\u00e9concilier la soci\u00e9t\u00e9 avec elle-m\u00eame\u2019\u2019.<\/em><\/p>\n<p>Cette mesure permettrait <em>\"\u00e0 tous les exclus judiciairement ou par simple effet m\u00e9canique [\u2026] de jouir du droit \u00e9lectoral\u2019\u2019<\/em>, a ajout\u00e9 l\u2019ancien recteur de l\u2019Universit\u00e9 Cheikh-Anta-Diop (UCAD) de Dakar.<\/p>\n<p>Abdel Kader Boye d\u00e9plore par ailleurs les nombreuses modifications dont certaines lois sont l\u2019objet au S\u00e9n\u00e9gal depuis l\u2019alternance politique de 2000. <em>\"On constate depuis l\u2019alternance de 2000 un charcutage des r\u00e8gles, avec des interpr\u00e9tations fantaisistes, motiv\u00e9es uniquement par des consid\u00e9rations politiques\u2019\u2019<\/em>, a fustig\u00e9 l\u2019ancien doyen de la Facult\u00e9 des sciences juridiques et politiques de l\u2019UCAD.<\/p>\n<p>La Constitution s\u00e9n\u00e9galaise est sujette \u00e0 ces nombreux changements, fait-il remarquer, estimant que <em>\"r\u00e9diger un texte limitant le nombre de mandats pr\u00e9sidentiels que quelqu\u2019un peut exercer\u2019\u2019,<\/em> par exemple, <em>\"est \u00e0 la port\u00e9e de n\u2019importe quel juriste\u2019\u2019<\/em>, malgr\u00e9 les nombreuses interpr\u00e9tations \u00e0 ce sujet, au S\u00e9n\u00e9gal.<\/p>\n<p><em>\"Les syst\u00e8mes de limitation [du nombre de mandats pr\u00e9sidentiels] fonctionnent sans probl\u00e8me dans les pays o\u00f9 elles sont de r\u00e8gle : Mauritanie, Cap-Vert, Niger, Nigeria, Afrique du Sud, Kenya\u2026\u2019\u2019,<\/em> a fait valoir M. Boye. <em>\"Il y a une rupture de confiance profonde entre la justice et les populations.\u2019\u2019<\/em><\/p>\n<p>Il estime qu\u2019 <em>\"il faut r\u00e9former le Conseil sup\u00e9rieur de la magistrature, r\u00e9former profond\u00e9ment le Code p\u00e9nal et le Code de proc\u00e9dure, p\u00e9nale\u2019<\/em>\u2019, en vue d\u2019 <em>\"une plus grande effectivit\u00e9 de la protection des droits individuels et collectifs\u2019\u2019<\/em>.<\/p>\n<p><em>\"Enfin r\u00e9former le syst\u00e8me de formation des magistrats\u2019\u2019<\/em>, a propos\u00e9 l\u2019ancien recteur de l\u2019UCAD.<\/p>\n<p><em>\"La question du nombre de mandats est r\u00e9gl\u00e9e depuis 2011, comme je vous l\u2019ai dit. Il faut [\u2026] aborder franchement les probl\u00e8mes de la d\u00e9mocratie s\u00e9n\u00e9galaise, pas sous l\u2019angle \u2018comment je dois faire pour conserver le pouvoir\u2019, mais \u2018comment repenser le syst\u00e8me des partis politiques, leur fonctionnement, leur financement, leurs droits fondamentaux et leurs obligations\u2019\u2019\u2019<\/em>, a-t-il poursuivi.<\/p>\n<p>Abdel Kader Boye sugg\u00e8re aux pouvoirs publics s\u00e9n\u00e9galais d\u2019 \"<em>envisager un statut ou une charte des partis\u00a0\u00a0politiques, afin de liquider tous les petits partis qui n\u2019ont aucune vie d\u00e9mocratique\u2019\u2019.<\/em><\/p>\n<p><em>\"Les dissolutions de partis politiques appartiennent au pass\u00e9. On ne combat pas\u2019\u2019<\/em> un adversaire politique en le \"supprimant\u2019\u2019, mais <em>\"par la confrontation des id\u00e9es et l\u2019occupation du terrain politique\u2019\u2019<\/em>, a soutenu Abdel Kader Boye.<\/p>\n<div class='share-to-whatsapp-wrapper'><div class='share-on-whsp'>PARTAGER SUR : <\/div><a data-text='KADER BOYE  : \"On ne combat pas un adversaire politique en le supprimant\u2019\u2019' data-link='https:\/\/www.nettali.com\/2023\/08\/06\/kader-boye-on-ne-combat-pas-un-adversaire-politique-en-le-supprimant\/' class='whatsapp-button whatsapp-share'>WhatsApp<\/a><div class='clear '><\/div><\/div>","protected":false},"excerpt":{"rendered":"<p>NETTALI.COM - Le professeur de droit, Abdel Kader Boye, est farouchement contre la dissolution de Pastef. Il plaide aussi pour que Ousmane Sonko puisse recouvrer la libert\u00e9. Il d\u00e9plore la \"juridisation des diff\u00e9rends politiques\u2019\u2019 au S\u00e9n\u00e9gal et propose qu\u2019une loi d\u2019amnistie soit vot\u00e9e pour \u2018\u2019r\u00e9concilier la soci\u00e9t\u00e9 avec elle-m\u00eame\u2019\u2019 et permettre \u00e0 tous les citoyens [&hellip;]<\/p>\n","protected":false},"author":4,"featured_media":115614,"comment_status":"open","ping_status":"open","sticky":false,"template":"","format":"standard","meta":{"_et_pb_use_builder":"","_et_pb_old_content":""},"categories":[2],"tags":[],"yoast_head":"<!-- This site is optimized with the Yoast SEO Premium plugin v17.8 (Yoast SEO v17.8) - https:\/\/yoast.com\/wordpress\/plugins\/seo\/ -->\n<title>KADER BOYE : &quot;On ne combat pas un adversaire politique en le supprimant\u2019\u2019 | Nettali.com<\/title>\n<meta name=\"robots\" content=\"index, follow, max-snippet:-1, max-image-preview:large, max-video-preview:-1\" \/>\n<link rel=\"canonical\" href=\"https:\/\/www.nettali.com\/2023\/08\/06\/kader-boye-on-ne-combat-pas-un-adversaire-politique-en-le-supprimant\/\" \/>\n<meta property=\"og:locale\" content=\"fr_FR\" \/>\n<meta property=\"og:type\" content=\"article\" \/>\n<meta property=\"og:title\" content=\"KADER BOYE : &quot;On ne combat pas un adversaire politique en le supprimant\u2019\u2019\" \/>\n<meta property=\"og:description\" content=\"NETTALI.COM - Le professeur de droit, Abdel Kader Boye, est farouchement contre la dissolution de Pastef. Il plaide aussi pour que Ousmane Sonko puisse recouvrer la libert\u00e9. Il d\u00e9plore la &quot;juridisation des diff\u00e9rends politiques\u2019\u2019 au S\u00e9n\u00e9gal et propose qu\u2019une loi d\u2019amnistie soit vot\u00e9e pour \u2018\u2019r\u00e9concilier la soci\u00e9t\u00e9 avec elle-m\u00eame\u2019\u2019 et permettre \u00e0 tous les citoyens [&hellip;]\" \/>\n<meta property=\"og:url\" content=\"https:\/\/www.nettali.com\/2023\/08\/06\/kader-boye-on-ne-combat-pas-un-adversaire-politique-en-le-supprimant\/\" \/>\n<meta property=\"og:site_name\" content=\"Nettali.com\" \/>\n<meta property=\"article:publisher\" content=\"https:\/\/www.facebook.com\/nettalicom\" \/>\n<meta property=\"article:published_time\" content=\"2023-08-06T12:29:54+00:00\" \/>\n<meta property=\"article:modified_time\" content=\"2023-08-06T16:00:39+00:00\" \/>\n<meta property=\"og:image\" content=\"https:\/\/www.nettali.com\/wp-content\/uploads\/2023\/08\/kader-boye.jpeg\" \/>\n\t<meta property=\"og:image:width\" content=\"540\" \/>\n\t<meta property=\"og:image:height\" content=\"482\" \/>\n<meta name=\"twitter:card\" content=\"summary_large_image\" \/>\n<meta name=\"twitter:label1\" content=\"\u00c9crit par\" \/>\n\t<meta name=\"twitter:data1\" content=\"Daouda\" \/>\n\t<meta name=\"twitter:label2\" content=\"Dur\u00e9e de lecture estim\u00e9e\" \/>\n\t<meta name=\"twitter:data2\" content=\"3 minutes\" \/>\n<script type=\"application\/ld+json\" class=\"yoast-schema-graph\">{\"@context\":\"https:\/\/schema.org\",\"@graph\":[{\"@type\":\"WebSite\",\"@id\":\"https:\/\/www.nettali.com\/#website\",\"url\":\"https:\/\/www.nettali.com\/\",\"name\":\"Nettali.com\",\"description\":\"Le rendez-vous critique du Net\",\"potentialAction\":[{\"@type\":\"SearchAction\",\"target\":{\"@type\":\"EntryPoint\",\"urlTemplate\":\"https:\/\/www.nettali.com\/?s={search_term_string}\"},\"query-input\":\"required name=search_term_string\"}],\"inLanguage\":\"fr-FR\"},{\"@type\":\"ImageObject\",\"@id\":\"https:\/\/www.nettali.com\/2023\/08\/06\/kader-boye-on-ne-combat-pas-un-adversaire-politique-en-le-supprimant\/#primaryimage\",\"inLanguage\":\"fr-FR\",\"url\":\"https:\/\/www.nettali.com\/wp-content\/uploads\/2023\/08\/kader-boye.jpeg\",\"contentUrl\":\"https:\/\/www.nettali.com\/wp-content\/uploads\/2023\/08\/kader-boye.jpeg\",\"width\":540,\"height\":482},{\"@type\":\"WebPage\",\"@id\":\"https:\/\/www.nettali.com\/2023\/08\/06\/kader-boye-on-ne-combat-pas-un-adversaire-politique-en-le-supprimant\/#webpage\",\"url\":\"https:\/\/www.nettali.com\/2023\/08\/06\/kader-boye-on-ne-combat-pas-un-adversaire-politique-en-le-supprimant\/\",\"name\":\"KADER BOYE : \\\"On ne combat pas un adversaire politique en le supprimant\\u2019\\u2019 | Nettali.com\",\"isPartOf\":{\"@id\":\"https:\/\/www.nettali.com\/#website\"},\"primaryImageOfPage\":{\"@id\":\"https:\/\/www.nettali.com\/2023\/08\/06\/kader-boye-on-ne-combat-pas-un-adversaire-politique-en-le-supprimant\/#primaryimage\"},\"datePublished\":\"2023-08-06T12:29:54+00:00\",\"dateModified\":\"2023-08-06T16:00:39+00:00\",\"author\":{\"@id\":\"https:\/\/www.nettali.com\/#\/schema\/person\/3317e0bb3aa1da309fbf7b2780901bf4\"},\"breadcrumb\":{\"@id\":\"https:\/\/www.nettali.com\/2023\/08\/06\/kader-boye-on-ne-combat-pas-un-adversaire-politique-en-le-supprimant\/#breadcrumb\"},\"inLanguage\":\"fr-FR\",\"potentialAction\":[{\"@type\":\"ReadAction\",\"target\":[\"https:\/\/www.nettali.com\/2023\/08\/06\/kader-boye-on-ne-combat-pas-un-adversaire-politique-en-le-supprimant\/\"]}]},{\"@type\":\"BreadcrumbList\",\"@id\":\"https:\/\/www.nettali.com\/2023\/08\/06\/kader-boye-on-ne-combat-pas-un-adversaire-politique-en-le-supprimant\/#breadcrumb\",\"itemListElement\":[{\"@type\":\"ListItem\",\"position\":1,\"name\":\"Accueil\",\"item\":\"https:\/\/www.nettali.com\/\"},{\"@type\":\"ListItem\",\"position\":2,\"name\":\"KADER BOYE : \\\"On ne combat pas un adversaire politique en le supprimant\\u2019\\u2019\"}]},{\"@type\":\"Person\",\"@id\":\"https:\/\/www.nettali.com\/#\/schema\/person\/3317e0bb3aa1da309fbf7b2780901bf4\",\"name\":\"Daouda\",\"image\":{\"@type\":\"ImageObject\",\"@id\":\"https:\/\/www.nettali.com\/#personlogo\",\"inLanguage\":\"fr-FR\",\"url\":\"https:\/\/secure.gravatar.com\/avatar\/8d143b5a49345098ddcfee1c49c2f47c?s=96&d=mm&r=g\",\"contentUrl\":\"https:\/\/secure.gravatar.com\/avatar\/8d143b5a49345098ddcfee1c49c2f47c?s=96&d=mm&r=g\",\"caption\":\"Daouda\"},\"sameAs\":[\"https:\/\/www.nettali.com\"]}]}<\/script>\n<!-- \/ Yoast SEO Premium plugin. -->","yoast_head_json":{"title":"KADER BOYE : \"On ne combat pas un adversaire politique en le supprimant\u2019\u2019 | Nettali.com","robots":{"index":"index","follow":"follow","max-snippet":"max-snippet:-1","max-image-preview":"max-image-preview:large","max-video-preview":"max-video-preview:-1"},"canonical":"https:\/\/www.nettali.com\/2023\/08\/06\/kader-boye-on-ne-combat-pas-un-adversaire-politique-en-le-supprimant\/","og_locale":"fr_FR","og_type":"article","og_title":"KADER BOYE : \"On ne combat pas un adversaire politique en le supprimant\u2019\u2019","og_description":"NETTALI.COM - Le professeur de droit, Abdel Kader Boye, est farouchement contre la dissolution de Pastef. Il plaide aussi pour que Ousmane Sonko puisse recouvrer la libert\u00e9. Il d\u00e9plore la \"juridisation des diff\u00e9rends politiques\u2019\u2019 au S\u00e9n\u00e9gal et propose qu\u2019une loi d\u2019amnistie soit vot\u00e9e pour \u2018\u2019r\u00e9concilier la soci\u00e9t\u00e9 avec elle-m\u00eame\u2019\u2019 et permettre \u00e0 tous les citoyens [&hellip;]","og_url":"https:\/\/www.nettali.com\/2023\/08\/06\/kader-boye-on-ne-combat-pas-un-adversaire-politique-en-le-supprimant\/","og_site_name":"Nettali.com","article_publisher":"https:\/\/www.facebook.com\/nettalicom","article_published_time":"2023-08-06T12:29:54+00:00","article_modified_time":"2023-08-06T16:00:39+00:00","og_image":[{"width":540,"height":482,"url":"https:\/\/www.nettali.com\/wp-content\/uploads\/2023\/08\/kader-boye.jpeg","type":"image\/jpeg"}],"twitter_card":"summary_large_image","twitter_misc":{"\u00c9crit par":"Daouda","Dur\u00e9e de lecture estim\u00e9e":"3 minutes"},"schema":{"@context":"https:\/\/schema.org","@graph":[{"@type":"WebSite","@id":"https:\/\/www.nettali.com\/#website","url":"https:\/\/www.nettali.com\/","name":"Nettali.com","description":"Le rendez-vous critique du Net","potentialAction":[{"@type":"SearchAction","target":{"@type":"EntryPoint","urlTemplate":"https:\/\/www.nettali.com\/?s={search_term_string}"},"query-input":"required name=search_term_string"}],"inLanguage":"fr-FR"},{"@type":"ImageObject","@id":"https:\/\/www.nettali.com\/2023\/08\/06\/kader-boye-on-ne-combat-pas-un-adversaire-politique-en-le-supprimant\/#primaryimage","inLanguage":"fr-FR","url":"https:\/\/www.nettali.com\/wp-content\/uploads\/2023\/08\/kader-boye.jpeg","contentUrl":"https:\/\/www.nettali.com\/wp-content\/uploads\/2023\/08\/kader-boye.jpeg","width":540,"height":482},{"@type":"WebPage","@id":"https:\/\/www.nettali.com\/2023\/08\/06\/kader-boye-on-ne-combat-pas-un-adversaire-politique-en-le-supprimant\/#webpage","url":"https:\/\/www.nettali.com\/2023\/08\/06\/kader-boye-on-ne-combat-pas-un-adversaire-politique-en-le-supprimant\/","name":"KADER BOYE : \"On ne combat pas un adversaire politique en le supprimant\u2019\u2019 | Nettali.com","isPartOf":{"@id":"https:\/\/www.nettali.com\/#website"},"primaryImageOfPage":{"@id":"https:\/\/www.nettali.com\/2023\/08\/06\/kader-boye-on-ne-combat-pas-un-adversaire-politique-en-le-supprimant\/#primaryimage"},"datePublished":"2023-08-06T12:29:54+00:00","dateModified":"2023-08-06T16:00:39+00:00","author":{"@id":"https:\/\/www.nettali.com\/#\/schema\/person\/3317e0bb3aa1da309fbf7b2780901bf4"},"breadcrumb":{"@id":"https:\/\/www.nettali.com\/2023\/08\/06\/kader-boye-on-ne-combat-pas-un-adversaire-politique-en-le-supprimant\/#breadcrumb"},"inLanguage":"fr-FR","potentialAction":[{"@type":"ReadAction","target":["https:\/\/www.nettali.com\/2023\/08\/06\/kader-boye-on-ne-combat-pas-un-adversaire-politique-en-le-supprimant\/"]}]},{"@type":"BreadcrumbList","@id":"https:\/\/www.nettali.com\/2023\/08\/06\/kader-boye-on-ne-combat-pas-un-adversaire-politique-en-le-supprimant\/#breadcrumb","itemListElement":[{"@type":"ListItem","position":1,"name":"Accueil","item":"https:\/\/www.nettali.com\/"},{"@type":"ListItem","position":2,"name":"KADER BOYE : \"On ne combat pas un adversaire politique en le supprimant\u2019\u2019"}]},{"@type":"Person","@id":"https:\/\/www.nettali.com\/#\/schema\/person\/3317e0bb3aa1da309fbf7b2780901bf4","name":"Daouda","image":{"@type":"ImageObject","@id":"https:\/\/www.nettali.com\/#personlogo","inLanguage":"fr-FR","url":"https:\/\/secure.gravatar.com\/avatar\/8d143b5a49345098ddcfee1c49c2f47c?s=96&d=mm&r=g","contentUrl":"https:\/\/secure.gravatar.com\/avatar\/8d143b5a49345098ddcfee1c49c2f47c?s=96&d=mm&r=g","caption":"Daouda"},"sameAs":["https:\/\/www.nettali.com"]}]}},"_links":{"self":[{"href":"https:\/\/www.nettali.com\/rest\/wp\/v2\/posts\/115613"}],"collection":[{"href":"https:\/\/www.nettali.com\/rest\/wp\/v2\/posts"}],"about":[{"href":"https:\/\/www.nettali.com\/rest\/wp\/v2\/types\/post"}],"author":[{"embeddable":true,"href":"https:\/\/www.nettali.com\/rest\/wp\/v2\/users\/4"}],"replies":[{"embeddable":true,"href":"https:\/\/www.nettali.com\/rest\/wp\/v2\/comments?post=115613"}],"version-history":[{"count":2,"href":"https:\/\/www.nettali.com\/rest\/wp\/v2\/posts\/115613\/revisions"}],"predecessor-version":[{"id":115628,"href":"https:\/\/www.nettali.com\/rest\/wp\/v2\/posts\/115613\/revisions\/115628"}],"wp:featuredmedia":[{"embeddable":true,"href":"https:\/\/www.nettali.com\/rest\/wp\/v2\/media\/115614"}],"wp:attachment":[{"href":"https:\/\/www.nettali.com\/rest\/wp\/v2\/media?parent=115613"}],"wp:term":[{"taxonomy":"category","embeddable":true,"href":"https:\/\/www.nettali.com\/rest\/wp\/v2\/categories?post=115613"},{"taxonomy":"post_tag","embeddable":true,"href":"https:\/\/www.nettali.com\/rest\/wp\/v2\/tags?post=115613"}],"curies":[{"name":"wp","href":"https:\/\/api.w.org\/{rel}","templated":true}]}}