{"id":115610,"date":"2023-08-06T11:34:35","date_gmt":"2023-08-06T11:34:35","guid":{"rendered":"https:\/\/www.nettali.com\/?p=115610"},"modified":"2023-08-06T11:34:35","modified_gmt":"2023-08-06T11:34:35","slug":"arrestation-de-juan-branco-ses-avocats-sen-prennent-a-la-mauritanie","status":"publish","type":"post","link":"https:\/\/www.nettali.com\/2023\/08\/06\/arrestation-de-juan-branco-ses-avocats-sen-prennent-a-la-mauritanie\/","title":{"rendered":"ARRESTATION DE JUAN BRANCO - Ses avocats s'en prennent \u00e0 la Mauritanie"},"content":{"rendered":"<p class=\"summary_label\"><strong>NETTALI.COM - Apr\u00e8s l\u2019arrestation de Juan Branco, la r\u00e9action de ses avocats vient de tomber. Me Fran\u00e7ois Gibault, Me Luc Brosselet, Me Alexandre Ursulet et Me Robin Binsard ont annonc\u00e9 la couleur.<\/strong><\/p>\n<div id=\"printable\" class=\"text_body\">\n<p><em>\u00abNous avons \u00e9t\u00e9 inform\u00e9s de la\u00a0remise de notre confr\u00e8re Juan Branco aux autorit\u00e9s s\u00e9n\u00e9galaises par les autorit\u00e9s mauritaniennes, alors que celui-ci s'\u00e9tait rendu dans ce pays r\u00e9guli\u00e8rement et en vue d'\u00e9chapper \u00e0 la pers\u00e9cution politique qui lui avait \u00e9t\u00e9 promise au S\u00e9n\u00e9gal\u00bb<\/em>, ont d\u00e9clar\u00e9 les conseils de l\u2019avocat de Ousmane Sonko.<\/p>\n<p>Ce qu\u2019ils d\u00e9plorent en premier, c\u2019est le fait que les autorit\u00e9s mauritaniennes aient remis leur client aux autorit\u00e9s s\u00e9n\u00e9galaises : <em>\u00abNous d\u00e9plorons vivement cette remise, qui m\u00e9connait les r\u00e8gles de droit international, et expose notre confr\u00e8re Juan Branco a de graves violations de ses droits humains\u00bb<\/em>, disent-ils.<\/p>\n<p>Pour ces toges, aucun avocat ne devrait \u00eatre inqui\u00e9t\u00e9 en raison de l'exercice de sa profession, o\u00f9 qu'il soit dans le monde, quelle que soit la d\u00e9fense qu'il a choisie, et quelle que soit la personnalit\u00e9 de ses clients. C'est la sauvegarde des droits de la d\u00e9fense qui est en jeu, disent-ils.<\/p>\n<p><em>\u00abLe combat judiciaire que m\u00e8ne notre confr\u00e8re Juan Branco pour son client M. Ousmane Sonko ne justifie en aucun cas la pers\u00e9cution politique dont il fait l'objet \u00e0 Dakar. Nous exercerons toutes les voies de droit ad\u00e9quates pour mettre fin aux proc\u00e9dures men\u00e9es contre Juan Branco au S\u00e9n\u00e9gal, qui rel\u00e8vent d'une instrumentalisation pure et simple du code p\u00e9nal \u00e0 des fins politiques\u00bb<\/em>, mart\u00e8lent les avocats de Juan Branco.<\/p>\n<p>Ils appellent\u00a0 les autorit\u00e9s fran\u00e7aises, espagnoles, et s\u00e9n\u00e9galaises, \u00e0 r\u00e9agir en vue de permettre la remise en libert\u00e9 de leur confr\u00e8re Juan Branco.<\/p>\n<blockquote class=\"twitter-tweet\">\n<p lang=\"fr\" dir=\"ltr\">Aucun avocat ne devrait \u00eatre inqui\u00e9t\u00e9 en raison de l\u2019exercice de sa profession, ou qu\u2019il soit dans le monde et qui que soit son client. Il en va de la sauvegarde des droits de la d\u00e9fense. La remise en libert\u00e9 de notre confr\u00e8re Juan Branco <a href=\"https:\/\/twitter.com\/anatolium?ref_src=twsrc%5Etfw\">@anatolium<\/a> s\u2019impose ! <a href=\"https:\/\/t.co\/5c6sIB8bUJ\">pic.twitter.com\/5c6sIB8bUJ<\/a><\/p>\n<p>&mdash; Robin Binsard (@RobinBinsard) <a href=\"https:\/\/twitter.com\/RobinBinsard\/status\/1687918400746450944?ref_src=twsrc%5Etfw\">August 5, 2023<\/a><\/p><\/blockquote>\n<p> <script async src=\"https:\/\/platform.twitter.com\/widgets.js\" charset=\"utf-8\"><\/script><\/p>\n<div class='share-to-whatsapp-wrapper'><div class='share-on-whsp'>PARTAGER SUR : <\/div><a data-text='ARRESTATION DE JUAN BRANCO - Ses avocats s'en prennent \u00e0 la Mauritanie' data-link='https:\/\/www.nettali.com\/2023\/08\/06\/arrestation-de-juan-branco-ses-avocats-sen-prennent-a-la-mauritanie\/' class='whatsapp-button whatsapp-share'>WhatsApp<\/a><div class='clear '><\/div><\/div>","protected":false},"excerpt":{"rendered":"<p>NETTALI.COM - Apr\u00e8s l\u2019arrestation de Juan Branco, la r\u00e9action de ses avocats vient de tomber. Me Fran\u00e7ois Gibault, Me Luc Brosselet, Me Alexandre Ursulet et Me Robin Binsard ont annonc\u00e9 la couleur. \u00abNous avons \u00e9t\u00e9 inform\u00e9s de la\u00a0remise de notre confr\u00e8re Juan Branco aux autorit\u00e9s s\u00e9n\u00e9galaises par les autorit\u00e9s mauritaniennes, alors que celui-ci s'\u00e9tait rendu [&hellip;]<\/p>\n","protected":false},"author":4,"featured_media":115611,"comment_status":"open","ping_status":"open","sticky":false,"template":"","format":"standard","meta":{"_et_pb_use_builder":"","_et_pb_old_content":""},"categories":[3],"tags":[],"yoast_head":"<!-- This site is optimized with the Yoast SEO Premium plugin v17.8 (Yoast SEO v17.8) - https:\/\/yoast.com\/wordpress\/plugins\/seo\/ -->\n<title>ARRESTATION DE JUAN BRANCO - Ses avocats s&#039;en prennent \u00e0 la Mauritanie | Nettali.com<\/title>\n<meta name=\"robots\" content=\"index, follow, max-snippet:-1, max-image-preview:large, max-video-preview:-1\" \/>\n<link rel=\"canonical\" href=\"https:\/\/www.nettali.com\/2023\/08\/06\/arrestation-de-juan-branco-ses-avocats-sen-prennent-a-la-mauritanie\/\" \/>\n<meta property=\"og:locale\" content=\"fr_FR\" \/>\n<meta property=\"og:type\" content=\"article\" \/>\n<meta property=\"og:title\" content=\"ARRESTATION DE JUAN BRANCO - Ses avocats s&#039;en prennent \u00e0 la Mauritanie\" \/>\n<meta property=\"og:description\" content=\"NETTALI.COM - Apr\u00e8s l\u2019arrestation de Juan Branco, la r\u00e9action de ses avocats vient de tomber. Me Fran\u00e7ois Gibault, Me Luc Brosselet, Me Alexandre Ursulet et Me Robin Binsard ont annonc\u00e9 la couleur. \u00abNous avons \u00e9t\u00e9 inform\u00e9s de la\u00a0remise de notre confr\u00e8re Juan Branco aux autorit\u00e9s s\u00e9n\u00e9galaises par les autorit\u00e9s mauritaniennes, alors que celui-ci s&#039;\u00e9tait rendu [&hellip;]\" \/>\n<meta property=\"og:url\" content=\"https:\/\/www.nettali.com\/2023\/08\/06\/arrestation-de-juan-branco-ses-avocats-sen-prennent-a-la-mauritanie\/\" \/>\n<meta property=\"og:site_name\" content=\"Nettali.com\" \/>\n<meta property=\"article:publisher\" content=\"https:\/\/www.facebook.com\/nettalicom\" \/>\n<meta property=\"article:published_time\" content=\"2023-08-06T11:34:35+00:00\" \/>\n<meta property=\"og:image\" content=\"https:\/\/www.nettali.com\/wp-content\/uploads\/2023\/08\/avocats-de-branco_8763.png\" \/>\n\t<meta property=\"og:image:width\" content=\"1600\" \/>\n\t<meta property=\"og:image:height\" content=\"760\" \/>\n<meta name=\"twitter:card\" content=\"summary_large_image\" \/>\n<meta name=\"twitter:label1\" content=\"\u00c9crit par\" \/>\n\t<meta name=\"twitter:data1\" content=\"Daouda\" \/>\n\t<meta name=\"twitter:label2\" content=\"Dur\u00e9e de lecture estim\u00e9e\" \/>\n\t<meta name=\"twitter:data2\" content=\"2 minutes\" \/>\n<script type=\"application\/ld+json\" class=\"yoast-schema-graph\">{\"@context\":\"https:\/\/schema.org\",\"@graph\":[{\"@type\":\"WebSite\",\"@id\":\"https:\/\/www.nettali.com\/#website\",\"url\":\"https:\/\/www.nettali.com\/\",\"name\":\"Nettali.com\",\"description\":\"Le rendez-vous critique du Net\",\"potentialAction\":[{\"@type\":\"SearchAction\",\"target\":{\"@type\":\"EntryPoint\",\"urlTemplate\":\"https:\/\/www.nettali.com\/?s={search_term_string}\"},\"query-input\":\"required name=search_term_string\"}],\"inLanguage\":\"fr-FR\"},{\"@type\":\"ImageObject\",\"@id\":\"https:\/\/www.nettali.com\/2023\/08\/06\/arrestation-de-juan-branco-ses-avocats-sen-prennent-a-la-mauritanie\/#primaryimage\",\"inLanguage\":\"fr-FR\",\"url\":\"https:\/\/www.nettali.com\/wp-content\/uploads\/2023\/08\/avocats-de-branco_8763.png\",\"contentUrl\":\"https:\/\/www.nettali.com\/wp-content\/uploads\/2023\/08\/avocats-de-branco_8763.png\",\"width\":1600,\"height\":760},{\"@type\":\"WebPage\",\"@id\":\"https:\/\/www.nettali.com\/2023\/08\/06\/arrestation-de-juan-branco-ses-avocats-sen-prennent-a-la-mauritanie\/#webpage\",\"url\":\"https:\/\/www.nettali.com\/2023\/08\/06\/arrestation-de-juan-branco-ses-avocats-sen-prennent-a-la-mauritanie\/\",\"name\":\"ARRESTATION DE JUAN BRANCO - Ses avocats s'en prennent \\u00e0 la Mauritanie | Nettali.com\",\"isPartOf\":{\"@id\":\"https:\/\/www.nettali.com\/#website\"},\"primaryImageOfPage\":{\"@id\":\"https:\/\/www.nettali.com\/2023\/08\/06\/arrestation-de-juan-branco-ses-avocats-sen-prennent-a-la-mauritanie\/#primaryimage\"},\"datePublished\":\"2023-08-06T11:34:35+00:00\",\"dateModified\":\"2023-08-06T11:34:35+00:00\",\"author\":{\"@id\":\"https:\/\/www.nettali.com\/#\/schema\/person\/3317e0bb3aa1da309fbf7b2780901bf4\"},\"breadcrumb\":{\"@id\":\"https:\/\/www.nettali.com\/2023\/08\/06\/arrestation-de-juan-branco-ses-avocats-sen-prennent-a-la-mauritanie\/#breadcrumb\"},\"inLanguage\":\"fr-FR\",\"potentialAction\":[{\"@type\":\"ReadAction\",\"target\":[\"https:\/\/www.nettali.com\/2023\/08\/06\/arrestation-de-juan-branco-ses-avocats-sen-prennent-a-la-mauritanie\/\"]}]},{\"@type\":\"BreadcrumbList\",\"@id\":\"https:\/\/www.nettali.com\/2023\/08\/06\/arrestation-de-juan-branco-ses-avocats-sen-prennent-a-la-mauritanie\/#breadcrumb\",\"itemListElement\":[{\"@type\":\"ListItem\",\"position\":1,\"name\":\"Accueil\",\"item\":\"https:\/\/www.nettali.com\/\"},{\"@type\":\"ListItem\",\"position\":2,\"name\":\"ARRESTATION DE JUAN BRANCO - Ses avocats s'en prennent \\u00e0 la Mauritanie\"}]},{\"@type\":\"Person\",\"@id\":\"https:\/\/www.nettali.com\/#\/schema\/person\/3317e0bb3aa1da309fbf7b2780901bf4\",\"name\":\"Daouda\",\"image\":{\"@type\":\"ImageObject\",\"@id\":\"https:\/\/www.nettali.com\/#personlogo\",\"inLanguage\":\"fr-FR\",\"url\":\"https:\/\/secure.gravatar.com\/avatar\/8d143b5a49345098ddcfee1c49c2f47c?s=96&d=mm&r=g\",\"contentUrl\":\"https:\/\/secure.gravatar.com\/avatar\/8d143b5a49345098ddcfee1c49c2f47c?s=96&d=mm&r=g\",\"caption\":\"Daouda\"},\"sameAs\":[\"https:\/\/www.nettali.com\"]}]}<\/script>\n<!-- \/ Yoast SEO Premium plugin. -->","yoast_head_json":{"title":"ARRESTATION DE JUAN BRANCO - Ses avocats s'en prennent \u00e0 la Mauritanie | Nettali.com","robots":{"index":"index","follow":"follow","max-snippet":"max-snippet:-1","max-image-preview":"max-image-preview:large","max-video-preview":"max-video-preview:-1"},"canonical":"https:\/\/www.nettali.com\/2023\/08\/06\/arrestation-de-juan-branco-ses-avocats-sen-prennent-a-la-mauritanie\/","og_locale":"fr_FR","og_type":"article","og_title":"ARRESTATION DE JUAN BRANCO - Ses avocats s'en prennent \u00e0 la Mauritanie","og_description":"NETTALI.COM - Apr\u00e8s l\u2019arrestation de Juan Branco, la r\u00e9action de ses avocats vient de tomber. Me Fran\u00e7ois Gibault, Me Luc Brosselet, Me Alexandre Ursulet et Me Robin Binsard ont annonc\u00e9 la couleur. \u00abNous avons \u00e9t\u00e9 inform\u00e9s de la\u00a0remise de notre confr\u00e8re Juan Branco aux autorit\u00e9s s\u00e9n\u00e9galaises par les autorit\u00e9s mauritaniennes, alors que celui-ci s'\u00e9tait rendu [&hellip;]","og_url":"https:\/\/www.nettali.com\/2023\/08\/06\/arrestation-de-juan-branco-ses-avocats-sen-prennent-a-la-mauritanie\/","og_site_name":"Nettali.com","article_publisher":"https:\/\/www.facebook.com\/nettalicom","article_published_time":"2023-08-06T11:34:35+00:00","og_image":[{"width":1600,"height":760,"url":"https:\/\/www.nettali.com\/wp-content\/uploads\/2023\/08\/avocats-de-branco_8763.png","type":"image\/png"}],"twitter_card":"summary_large_image","twitter_misc":{"\u00c9crit par":"Daouda","Dur\u00e9e de lecture estim\u00e9e":"2 minutes"},"schema":{"@context":"https:\/\/schema.org","@graph":[{"@type":"WebSite","@id":"https:\/\/www.nettali.com\/#website","url":"https:\/\/www.nettali.com\/","name":"Nettali.com","description":"Le rendez-vous critique du Net","potentialAction":[{"@type":"SearchAction","target":{"@type":"EntryPoint","urlTemplate":"https:\/\/www.nettali.com\/?s={search_term_string}"},"query-input":"required name=search_term_string"}],"inLanguage":"fr-FR"},{"@type":"ImageObject","@id":"https:\/\/www.nettali.com\/2023\/08\/06\/arrestation-de-juan-branco-ses-avocats-sen-prennent-a-la-mauritanie\/#primaryimage","inLanguage":"fr-FR","url":"https:\/\/www.nettali.com\/wp-content\/uploads\/2023\/08\/avocats-de-branco_8763.png","contentUrl":"https:\/\/www.nettali.com\/wp-content\/uploads\/2023\/08\/avocats-de-branco_8763.png","width":1600,"height":760},{"@type":"WebPage","@id":"https:\/\/www.nettali.com\/2023\/08\/06\/arrestation-de-juan-branco-ses-avocats-sen-prennent-a-la-mauritanie\/#webpage","url":"https:\/\/www.nettali.com\/2023\/08\/06\/arrestation-de-juan-branco-ses-avocats-sen-prennent-a-la-mauritanie\/","name":"ARRESTATION DE JUAN BRANCO - Ses avocats s'en prennent \u00e0 la Mauritanie | Nettali.com","isPartOf":{"@id":"https:\/\/www.nettali.com\/#website"},"primaryImageOfPage":{"@id":"https:\/\/www.nettali.com\/2023\/08\/06\/arrestation-de-juan-branco-ses-avocats-sen-prennent-a-la-mauritanie\/#primaryimage"},"datePublished":"2023-08-06T11:34:35+00:00","dateModified":"2023-08-06T11:34:35+00:00","author":{"@id":"https:\/\/www.nettali.com\/#\/schema\/person\/3317e0bb3aa1da309fbf7b2780901bf4"},"breadcrumb":{"@id":"https:\/\/www.nettali.com\/2023\/08\/06\/arrestation-de-juan-branco-ses-avocats-sen-prennent-a-la-mauritanie\/#breadcrumb"},"inLanguage":"fr-FR","potentialAction":[{"@type":"ReadAction","target":["https:\/\/www.nettali.com\/2023\/08\/06\/arrestation-de-juan-branco-ses-avocats-sen-prennent-a-la-mauritanie\/"]}]},{"@type":"BreadcrumbList","@id":"https:\/\/www.nettali.com\/2023\/08\/06\/arrestation-de-juan-branco-ses-avocats-sen-prennent-a-la-mauritanie\/#breadcrumb","itemListElement":[{"@type":"ListItem","position":1,"name":"Accueil","item":"https:\/\/www.nettali.com\/"},{"@type":"ListItem","position":2,"name":"ARRESTATION DE JUAN BRANCO - Ses avocats s'en prennent \u00e0 la Mauritanie"}]},{"@type":"Person","@id":"https:\/\/www.nettali.com\/#\/schema\/person\/3317e0bb3aa1da309fbf7b2780901bf4","name":"Daouda","image":{"@type":"ImageObject","@id":"https:\/\/www.nettali.com\/#personlogo","inLanguage":"fr-FR","url":"https:\/\/secure.gravatar.com\/avatar\/8d143b5a49345098ddcfee1c49c2f47c?s=96&d=mm&r=g","contentUrl":"https:\/\/secure.gravatar.com\/avatar\/8d143b5a49345098ddcfee1c49c2f47c?s=96&d=mm&r=g","caption":"Daouda"},"sameAs":["https:\/\/www.nettali.com"]}]}},"_links":{"self":[{"href":"https:\/\/www.nettali.com\/rest\/wp\/v2\/posts\/115610"}],"collection":[{"href":"https:\/\/www.nettali.com\/rest\/wp\/v2\/posts"}],"about":[{"href":"https:\/\/www.nettali.com\/rest\/wp\/v2\/types\/post"}],"author":[{"embeddable":true,"href":"https:\/\/www.nettali.com\/rest\/wp\/v2\/users\/4"}],"replies":[{"embeddable":true,"href":"https:\/\/www.nettali.com\/rest\/wp\/v2\/comments?post=115610"}],"version-history":[{"count":1,"href":"https:\/\/www.nettali.com\/rest\/wp\/v2\/posts\/115610\/revisions"}],"predecessor-version":[{"id":115612,"href":"https:\/\/www.nettali.com\/rest\/wp\/v2\/posts\/115610\/revisions\/115612"}],"wp:featuredmedia":[{"embeddable":true,"href":"https:\/\/www.nettali.com\/rest\/wp\/v2\/media\/115611"}],"wp:attachment":[{"href":"https:\/\/www.nettali.com\/rest\/wp\/v2\/media?parent=115610"}],"wp:term":[{"taxonomy":"category","embeddable":true,"href":"https:\/\/www.nettali.com\/rest\/wp\/v2\/categories?post=115610"},{"taxonomy":"post_tag","embeddable":true,"href":"https:\/\/www.nettali.com\/rest\/wp\/v2\/tags?post=115610"}],"curies":[{"name":"wp","href":"https:\/\/api.w.org\/{rel}","templated":true}]}}