{"id":115598,"date":"2023-08-05T23:48:33","date_gmt":"2023-08-05T23:48:33","guid":{"rendered":"https:\/\/www.nettali.com\/?p=115598"},"modified":"2023-08-05T23:48:33","modified_gmt":"2023-08-05T23:48:33","slug":"justice-la-colere-des-avocats-de-juan-branco","status":"publish","type":"post","link":"https:\/\/www.nettali.com\/2023\/08\/05\/justice-la-colere-des-avocats-de-juan-branco\/","title":{"rendered":"JUSTICE - La col\u00e8re des avocats de Juan Branco"},"content":{"rendered":"<p><strong>NETTALI.COM - Arr\u00eat\u00e9 en Mauritanie alors qu'il tentait de rentrer au pays, l'avocat Juan Branco a \u00e9t\u00e9 transf\u00e9r\u00e9 au S\u00e9n\u00e9gal o\u00f9 il \u00e9tait entr\u00e9 ill\u00e9galement. De Paris, ses avocats d\u00e9noncent \"une instrumentalisation pure et simple du code p\u00e9nal \u00e0 des fins politiques\".<\/strong><\/p>\n<p>Mes Fran\u00e7ois Gibault, Luc Brossollet, Alexandre Ursulet et Robin Binsard. Ce sont ces quatre avocats du barreau de Paris qui prennent la d\u00e9fense de Juan Branco arr\u00eat\u00e9 ce samedi en territoire mauritanien avant d'\u00eatre transf\u00e9r\u00e9 \u00e0 Dakar. Dans un communiqu\u00e9, ils ont exprim\u00e9 leur col\u00e8re avant de mettre en garde les autorit\u00e9s s\u00e9n\u00e9galaises.<\/p>\n<p>\"<em>Nous avons \u00e9t\u00e9 inform\u00e9s de la remise de notre confr\u00e8re Juan Branco aux autorit\u00e9s s\u00e9n\u00e9galaises par les autorit\u00e9s mauritaniennes, alors que celui-ci s'\u00e9tait rendu dans ce pays r\u00e9guli\u00e8rement et en vue d'\u00e9chapper \u00e0 la pers\u00e9cution politique qui lui avait \u00e9t\u00e9 promise au S\u00e9n\u00e9gal<\/em>\", d\u00e9plorent les avocats de l'avocat d'Ousmane Sonko. Ils d\u00e9plorent <em>\"vivement\",<\/em> \"<em>une remise, qui m\u00e9conna\u00eet les r\u00e8gles droit international, et qui expose Juan Branco \u00e0 de graves violations de ses droits humains<\/em>\".<\/p>\n<p>Le communiqu\u00e9 rappelle, d'ailleurs, qu'\"aucun avocat ne devrait \u00eatre inqui\u00e9t\u00e9 en raison de l'exercice de sa profession, o\u00f9 qu'il soit dans le monde, quelle que soit la d\u00e9fense qu'il a choisie, et quelle que soit la personnalit\u00e9 de ses clients\". \"<em>C'est la sauvegarde des droits de la d\u00e9fense qui est en jeu<\/em>\", ajoute le m\u00eame texte. De l'avis des avocats de Juan Branco, le combat judiciaire que m\u00e8ne ce dernier pour son client M. Ousmane Sonko ne justifie en aucun cas \"<em>la pers\u00e9cution politique dont il fait l'objet \u00e0 Dakar<\/em>\". Et d'avertir: \"<em>Nous exercerons toutes les voies de droit ad\u00e9quates pour mettre fin aux proc\u00e9dures men\u00e9es contre Juan Branco au S\u00e9n\u00e9gal, qui rel\u00e8vent d'une instrumentalisation pure et simple du code p\u00e9nal \u00e0 des fins politiques<\/em>.\"<\/p>\n<p>Non sans appeler \"<em>toutes les autorit\u00e9s fran\u00e7aises, espagnoles, et, bien s\u00fbr, s\u00e9n\u00e9galaises, \u00e0 r\u00e9agir en vue de permettre la remise en libert\u00e9 de<\/em> (leur) <em>confr\u00e8re Juan Branco<\/em>\".<\/p>\n<div class='share-to-whatsapp-wrapper'><div class='share-on-whsp'>PARTAGER SUR : <\/div><a data-text='JUSTICE - La col\u00e8re des avocats de Juan Branco' data-link='https:\/\/www.nettali.com\/2023\/08\/05\/justice-la-colere-des-avocats-de-juan-branco\/' class='whatsapp-button whatsapp-share'>WhatsApp<\/a><div class='clear '><\/div><\/div>","protected":false},"excerpt":{"rendered":"<p>NETTALI.COM - Arr\u00eat\u00e9 en Mauritanie alors qu'il tentait de rentrer au pays, l'avocat Juan Branco a \u00e9t\u00e9 transf\u00e9r\u00e9 au S\u00e9n\u00e9gal o\u00f9 il \u00e9tait entr\u00e9 ill\u00e9galement. De Paris, ses avocats d\u00e9noncent \"une instrumentalisation pure et simple du code p\u00e9nal \u00e0 des fins politiques\". Mes Fran\u00e7ois Gibault, Luc Brossollet, Alexandre Ursulet et Robin Binsard. Ce sont ces [&hellip;]<\/p>\n","protected":false},"author":3,"featured_media":115147,"comment_status":"open","ping_status":"open","sticky":false,"template":"","format":"standard","meta":{"_et_pb_use_builder":"","_et_pb_old_content":""},"categories":[3],"tags":[],"yoast_head":"<!-- This site is optimized with the Yoast SEO Premium plugin v17.8 (Yoast SEO v17.8) - https:\/\/yoast.com\/wordpress\/plugins\/seo\/ -->\n<title>JUSTICE - La col\u00e8re des avocats de Juan Branco | Nettali.com<\/title>\n<meta name=\"robots\" content=\"index, follow, max-snippet:-1, max-image-preview:large, max-video-preview:-1\" \/>\n<link rel=\"canonical\" href=\"https:\/\/www.nettali.com\/2023\/08\/05\/justice-la-colere-des-avocats-de-juan-branco\/\" \/>\n<meta property=\"og:locale\" content=\"fr_FR\" \/>\n<meta property=\"og:type\" content=\"article\" \/>\n<meta property=\"og:title\" content=\"JUSTICE - La col\u00e8re des avocats de Juan Branco\" \/>\n<meta property=\"og:description\" content=\"NETTALI.COM - Arr\u00eat\u00e9 en Mauritanie alors qu&#039;il tentait de rentrer au pays, l&#039;avocat Juan Branco a \u00e9t\u00e9 transf\u00e9r\u00e9 au S\u00e9n\u00e9gal o\u00f9 il \u00e9tait entr\u00e9 ill\u00e9galement. De Paris, ses avocats d\u00e9noncent &quot;une instrumentalisation pure et simple du code p\u00e9nal \u00e0 des fins politiques&quot;. Mes Fran\u00e7ois Gibault, Luc Brossollet, Alexandre Ursulet et Robin Binsard. Ce sont ces [&hellip;]\" \/>\n<meta property=\"og:url\" content=\"https:\/\/www.nettali.com\/2023\/08\/05\/justice-la-colere-des-avocats-de-juan-branco\/\" \/>\n<meta property=\"og:site_name\" content=\"Nettali.com\" \/>\n<meta property=\"article:publisher\" content=\"https:\/\/www.facebook.com\/nettalicom\" \/>\n<meta property=\"article:published_time\" content=\"2023-08-05T23:48:33+00:00\" \/>\n<meta property=\"og:image\" content=\"https:\/\/www.nettali.com\/wp-content\/uploads\/2023\/07\/1690739809769.jpg\" \/>\n\t<meta property=\"og:image:width\" content=\"720\" \/>\n\t<meta property=\"og:image:height\" content=\"897\" \/>\n<meta name=\"twitter:card\" content=\"summary_large_image\" \/>\n<meta name=\"twitter:label1\" content=\"\u00c9crit par\" \/>\n\t<meta name=\"twitter:data1\" content=\"Moustapha\" \/>\n\t<meta name=\"twitter:label2\" content=\"Dur\u00e9e de lecture estim\u00e9e\" \/>\n\t<meta name=\"twitter:data2\" content=\"2 minutes\" \/>\n<script type=\"application\/ld+json\" class=\"yoast-schema-graph\">{\"@context\":\"https:\/\/schema.org\",\"@graph\":[{\"@type\":\"WebSite\",\"@id\":\"https:\/\/www.nettali.com\/#website\",\"url\":\"https:\/\/www.nettali.com\/\",\"name\":\"Nettali.com\",\"description\":\"Le rendez-vous critique du Net\",\"potentialAction\":[{\"@type\":\"SearchAction\",\"target\":{\"@type\":\"EntryPoint\",\"urlTemplate\":\"https:\/\/www.nettali.com\/?s={search_term_string}\"},\"query-input\":\"required name=search_term_string\"}],\"inLanguage\":\"fr-FR\"},{\"@type\":\"ImageObject\",\"@id\":\"https:\/\/www.nettali.com\/2023\/08\/05\/justice-la-colere-des-avocats-de-juan-branco\/#primaryimage\",\"inLanguage\":\"fr-FR\",\"url\":\"https:\/\/www.nettali.com\/wp-content\/uploads\/2023\/07\/1690739809769.jpg\",\"contentUrl\":\"https:\/\/www.nettali.com\/wp-content\/uploads\/2023\/07\/1690739809769.jpg\",\"width\":720,\"height\":897},{\"@type\":\"WebPage\",\"@id\":\"https:\/\/www.nettali.com\/2023\/08\/05\/justice-la-colere-des-avocats-de-juan-branco\/#webpage\",\"url\":\"https:\/\/www.nettali.com\/2023\/08\/05\/justice-la-colere-des-avocats-de-juan-branco\/\",\"name\":\"JUSTICE - La col\\u00e8re des avocats de Juan Branco | Nettali.com\",\"isPartOf\":{\"@id\":\"https:\/\/www.nettali.com\/#website\"},\"primaryImageOfPage\":{\"@id\":\"https:\/\/www.nettali.com\/2023\/08\/05\/justice-la-colere-des-avocats-de-juan-branco\/#primaryimage\"},\"datePublished\":\"2023-08-05T23:48:33+00:00\",\"dateModified\":\"2023-08-05T23:48:33+00:00\",\"author\":{\"@id\":\"https:\/\/www.nettali.com\/#\/schema\/person\/7962a12a6e0267f88f0ffa544c36469a\"},\"breadcrumb\":{\"@id\":\"https:\/\/www.nettali.com\/2023\/08\/05\/justice-la-colere-des-avocats-de-juan-branco\/#breadcrumb\"},\"inLanguage\":\"fr-FR\",\"potentialAction\":[{\"@type\":\"ReadAction\",\"target\":[\"https:\/\/www.nettali.com\/2023\/08\/05\/justice-la-colere-des-avocats-de-juan-branco\/\"]}]},{\"@type\":\"BreadcrumbList\",\"@id\":\"https:\/\/www.nettali.com\/2023\/08\/05\/justice-la-colere-des-avocats-de-juan-branco\/#breadcrumb\",\"itemListElement\":[{\"@type\":\"ListItem\",\"position\":1,\"name\":\"Accueil\",\"item\":\"https:\/\/www.nettali.com\/\"},{\"@type\":\"ListItem\",\"position\":2,\"name\":\"JUSTICE - La col\\u00e8re des avocats de Juan Branco\"}]},{\"@type\":\"Person\",\"@id\":\"https:\/\/www.nettali.com\/#\/schema\/person\/7962a12a6e0267f88f0ffa544c36469a\",\"name\":\"Moustapha\",\"image\":{\"@type\":\"ImageObject\",\"@id\":\"https:\/\/www.nettali.com\/#personlogo\",\"inLanguage\":\"fr-FR\",\"url\":\"https:\/\/secure.gravatar.com\/avatar\/10fdf6a071cccdcf374e3dbe45159590?s=96&d=mm&r=g\",\"contentUrl\":\"https:\/\/secure.gravatar.com\/avatar\/10fdf6a071cccdcf374e3dbe45159590?s=96&d=mm&r=g\",\"caption\":\"Moustapha\"},\"sameAs\":[\"https:\/\/www.nettali.com\"]}]}<\/script>\n<!-- \/ Yoast SEO Premium plugin. -->","yoast_head_json":{"title":"JUSTICE - La col\u00e8re des avocats de Juan Branco | Nettali.com","robots":{"index":"index","follow":"follow","max-snippet":"max-snippet:-1","max-image-preview":"max-image-preview:large","max-video-preview":"max-video-preview:-1"},"canonical":"https:\/\/www.nettali.com\/2023\/08\/05\/justice-la-colere-des-avocats-de-juan-branco\/","og_locale":"fr_FR","og_type":"article","og_title":"JUSTICE - La col\u00e8re des avocats de Juan Branco","og_description":"NETTALI.COM - Arr\u00eat\u00e9 en Mauritanie alors qu'il tentait de rentrer au pays, l'avocat Juan Branco a \u00e9t\u00e9 transf\u00e9r\u00e9 au S\u00e9n\u00e9gal o\u00f9 il \u00e9tait entr\u00e9 ill\u00e9galement. De Paris, ses avocats d\u00e9noncent \"une instrumentalisation pure et simple du code p\u00e9nal \u00e0 des fins politiques\". Mes Fran\u00e7ois Gibault, Luc Brossollet, Alexandre Ursulet et Robin Binsard. Ce sont ces [&hellip;]","og_url":"https:\/\/www.nettali.com\/2023\/08\/05\/justice-la-colere-des-avocats-de-juan-branco\/","og_site_name":"Nettali.com","article_publisher":"https:\/\/www.facebook.com\/nettalicom","article_published_time":"2023-08-05T23:48:33+00:00","og_image":[{"width":720,"height":897,"url":"https:\/\/www.nettali.com\/wp-content\/uploads\/2023\/07\/1690739809769.jpg","type":"image\/jpeg"}],"twitter_card":"summary_large_image","twitter_misc":{"\u00c9crit par":"Moustapha","Dur\u00e9e de lecture estim\u00e9e":"2 minutes"},"schema":{"@context":"https:\/\/schema.org","@graph":[{"@type":"WebSite","@id":"https:\/\/www.nettali.com\/#website","url":"https:\/\/www.nettali.com\/","name":"Nettali.com","description":"Le rendez-vous critique du Net","potentialAction":[{"@type":"SearchAction","target":{"@type":"EntryPoint","urlTemplate":"https:\/\/www.nettali.com\/?s={search_term_string}"},"query-input":"required name=search_term_string"}],"inLanguage":"fr-FR"},{"@type":"ImageObject","@id":"https:\/\/www.nettali.com\/2023\/08\/05\/justice-la-colere-des-avocats-de-juan-branco\/#primaryimage","inLanguage":"fr-FR","url":"https:\/\/www.nettali.com\/wp-content\/uploads\/2023\/07\/1690739809769.jpg","contentUrl":"https:\/\/www.nettali.com\/wp-content\/uploads\/2023\/07\/1690739809769.jpg","width":720,"height":897},{"@type":"WebPage","@id":"https:\/\/www.nettali.com\/2023\/08\/05\/justice-la-colere-des-avocats-de-juan-branco\/#webpage","url":"https:\/\/www.nettali.com\/2023\/08\/05\/justice-la-colere-des-avocats-de-juan-branco\/","name":"JUSTICE - La col\u00e8re des avocats de Juan Branco | Nettali.com","isPartOf":{"@id":"https:\/\/www.nettali.com\/#website"},"primaryImageOfPage":{"@id":"https:\/\/www.nettali.com\/2023\/08\/05\/justice-la-colere-des-avocats-de-juan-branco\/#primaryimage"},"datePublished":"2023-08-05T23:48:33+00:00","dateModified":"2023-08-05T23:48:33+00:00","author":{"@id":"https:\/\/www.nettali.com\/#\/schema\/person\/7962a12a6e0267f88f0ffa544c36469a"},"breadcrumb":{"@id":"https:\/\/www.nettali.com\/2023\/08\/05\/justice-la-colere-des-avocats-de-juan-branco\/#breadcrumb"},"inLanguage":"fr-FR","potentialAction":[{"@type":"ReadAction","target":["https:\/\/www.nettali.com\/2023\/08\/05\/justice-la-colere-des-avocats-de-juan-branco\/"]}]},{"@type":"BreadcrumbList","@id":"https:\/\/www.nettali.com\/2023\/08\/05\/justice-la-colere-des-avocats-de-juan-branco\/#breadcrumb","itemListElement":[{"@type":"ListItem","position":1,"name":"Accueil","item":"https:\/\/www.nettali.com\/"},{"@type":"ListItem","position":2,"name":"JUSTICE - La col\u00e8re des avocats de Juan Branco"}]},{"@type":"Person","@id":"https:\/\/www.nettali.com\/#\/schema\/person\/7962a12a6e0267f88f0ffa544c36469a","name":"Moustapha","image":{"@type":"ImageObject","@id":"https:\/\/www.nettali.com\/#personlogo","inLanguage":"fr-FR","url":"https:\/\/secure.gravatar.com\/avatar\/10fdf6a071cccdcf374e3dbe45159590?s=96&d=mm&r=g","contentUrl":"https:\/\/secure.gravatar.com\/avatar\/10fdf6a071cccdcf374e3dbe45159590?s=96&d=mm&r=g","caption":"Moustapha"},"sameAs":["https:\/\/www.nettali.com"]}]}},"_links":{"self":[{"href":"https:\/\/www.nettali.com\/rest\/wp\/v2\/posts\/115598"}],"collection":[{"href":"https:\/\/www.nettali.com\/rest\/wp\/v2\/posts"}],"about":[{"href":"https:\/\/www.nettali.com\/rest\/wp\/v2\/types\/post"}],"author":[{"embeddable":true,"href":"https:\/\/www.nettali.com\/rest\/wp\/v2\/users\/3"}],"replies":[{"embeddable":true,"href":"https:\/\/www.nettali.com\/rest\/wp\/v2\/comments?post=115598"}],"version-history":[{"count":1,"href":"https:\/\/www.nettali.com\/rest\/wp\/v2\/posts\/115598\/revisions"}],"predecessor-version":[{"id":115600,"href":"https:\/\/www.nettali.com\/rest\/wp\/v2\/posts\/115598\/revisions\/115600"}],"wp:featuredmedia":[{"embeddable":true,"href":"https:\/\/www.nettali.com\/rest\/wp\/v2\/media\/115147"}],"wp:attachment":[{"href":"https:\/\/www.nettali.com\/rest\/wp\/v2\/media?parent=115598"}],"wp:term":[{"taxonomy":"category","embeddable":true,"href":"https:\/\/www.nettali.com\/rest\/wp\/v2\/categories?post=115598"},{"taxonomy":"post_tag","embeddable":true,"href":"https:\/\/www.nettali.com\/rest\/wp\/v2\/tags?post=115598"}],"curies":[{"name":"wp","href":"https:\/\/api.w.org\/{rel}","templated":true}]}}