{"id":115539,"date":"2023-08-05T09:45:33","date_gmt":"2023-08-05T09:45:33","guid":{"rendered":"https:\/\/www.nettali.com\/?p=115539"},"modified":"2023-08-05T09:46:35","modified_gmt":"2023-08-05T09:46:35","slug":"om-ismaila-sarr-reve-dun-bon-duo-avec-iliman-ndiaye","status":"publish","type":"post","link":"https:\/\/www.nettali.com\/2023\/08\/05\/om-ismaila-sarr-reve-dun-bon-duo-avec-iliman-ndiaye\/","title":{"rendered":"EN COULISSES - Isma\u00efla Sarr et son r\u00eave de duo avec Iliman Ndiaye"},"content":{"rendered":"<p><strong>NETTALI.COM - <\/strong>Cet \u00e9t\u00e9, l\u2019Olympique de Marseille a recrut\u00e9 les S\u00e9n\u00e9galais Isma\u00efla Sarr (25 ans) et Iliman Ndiaye (23 ans) pour booster son attaque. Pr\u00e9sent\u00e9 ce vendredi \u00e0 la presse, l'ancien attaquant de Watford a d\u00e9j\u00e0 formul\u00e9 une promesse au nom du duo.<\/p>\n<p>\"<em>Avec Pape Gu\u00e8ye, on se parle souvent, il me donne des conseils. Quand il parle, j'\u00e9coute car \u00e7a fait longtemps qu'il est l\u00e0. Iliman, on se voyait souvent en s\u00e9lection, c'est naturel d'\u00e9voluer ensemble. Avec lui sur le terrain, je vous garantis qu'on va faire un bon duo, on va envoyer fort<\/em> !\", a lanc\u00e9 le transfuge de Watford.<\/p>\n<p>Isma\u00efla Sarr \u00e0 droite, Iliman Ndiaye dans l'axe en soutien de l'avant-centre : la formule id\u00e9ale pour l\u2019OM ? Affaire \u00e0 suivre...<\/p>\n<div class='share-to-whatsapp-wrapper'><div class='share-on-whsp'>PARTAGER SUR : <\/div><a data-text='EN COULISSES - Isma\u00efla Sarr et son r\u00eave de duo avec Iliman Ndiaye' data-link='https:\/\/www.nettali.com\/2023\/08\/05\/om-ismaila-sarr-reve-dun-bon-duo-avec-iliman-ndiaye\/' class='whatsapp-button whatsapp-share'>WhatsApp<\/a><div class='clear '><\/div><\/div>","protected":false},"excerpt":{"rendered":"<p>NETTALI.COM - Cet \u00e9t\u00e9, l\u2019Olympique de Marseille a recrut\u00e9 les S\u00e9n\u00e9galais Isma\u00efla Sarr (25 ans) et Iliman Ndiaye (23 ans) pour booster son attaque. Pr\u00e9sent\u00e9 ce vendredi \u00e0 la presse, l'ancien attaquant de Watford a d\u00e9j\u00e0 formul\u00e9 une promesse au nom du duo. \"Avec Pape Gu\u00e8ye, on se parle souvent, il me donne des conseils. [&hellip;]<\/p>\n","protected":false},"author":5,"featured_media":115540,"comment_status":"open","ping_status":"open","sticky":false,"template":"","format":"standard","meta":{"_et_pb_use_builder":"","_et_pb_old_content":""},"categories":[34945],"tags":[],"yoast_head":"<!-- This site is optimized with the Yoast SEO Premium plugin v17.8 (Yoast SEO v17.8) - https:\/\/yoast.com\/wordpress\/plugins\/seo\/ -->\n<title>EN COULISSES - Isma\u00efla Sarr et son r\u00eave de duo avec Iliman Ndiaye | Nettali.com<\/title>\n<meta name=\"robots\" content=\"index, follow, max-snippet:-1, max-image-preview:large, max-video-preview:-1\" \/>\n<link rel=\"canonical\" href=\"https:\/\/www.nettali.com\/2023\/08\/05\/om-ismaila-sarr-reve-dun-bon-duo-avec-iliman-ndiaye\/\" \/>\n<meta property=\"og:locale\" content=\"fr_FR\" \/>\n<meta property=\"og:type\" content=\"article\" \/>\n<meta property=\"og:title\" content=\"EN COULISSES - Isma\u00efla Sarr et son r\u00eave de duo avec Iliman Ndiaye\" \/>\n<meta property=\"og:description\" content=\"NETTALI.COM - Cet \u00e9t\u00e9, l\u2019Olympique de Marseille a recrut\u00e9 les S\u00e9n\u00e9galais Isma\u00efla Sarr (25 ans) et Iliman Ndiaye (23 ans) pour booster son attaque. Pr\u00e9sent\u00e9 ce vendredi \u00e0 la presse, l&#039;ancien attaquant de Watford a d\u00e9j\u00e0 formul\u00e9 une promesse au nom du duo. &quot;Avec Pape Gu\u00e8ye, on se parle souvent, il me donne des conseils. [&hellip;]\" \/>\n<meta property=\"og:url\" content=\"https:\/\/www.nettali.com\/2023\/08\/05\/om-ismaila-sarr-reve-dun-bon-duo-avec-iliman-ndiaye\/\" \/>\n<meta property=\"og:site_name\" content=\"Nettali.com\" \/>\n<meta property=\"article:publisher\" content=\"https:\/\/www.facebook.com\/nettalicom\" \/>\n<meta property=\"article:published_time\" content=\"2023-08-05T09:45:33+00:00\" \/>\n<meta property=\"article:modified_time\" content=\"2023-08-05T09:46:35+00:00\" \/>\n<meta property=\"og:image\" content=\"https:\/\/www.nettali.com\/wp-content\/uploads\/2023\/08\/Ismaila-Sarr-et-Iliman-Ndiaye-lors-du-match-amical-OM-Bayer-Leverkusen-le-02-08-2023-1684957.jpg\" \/>\n\t<meta property=\"og:image:width\" content=\"1472\" \/>\n\t<meta property=\"og:image:height\" content=\"828\" \/>\n<meta name=\"twitter:card\" content=\"summary_large_image\" \/>\n<meta name=\"twitter:label1\" content=\"\u00c9crit par\" \/>\n\t<meta name=\"twitter:data1\" content=\"Ibrahima\" \/>\n\t<meta name=\"twitter:label2\" content=\"Dur\u00e9e de lecture estim\u00e9e\" \/>\n\t<meta name=\"twitter:data2\" content=\"1 minute\" \/>\n<script type=\"application\/ld+json\" class=\"yoast-schema-graph\">{\"@context\":\"https:\/\/schema.org\",\"@graph\":[{\"@type\":\"WebSite\",\"@id\":\"https:\/\/www.nettali.com\/#website\",\"url\":\"https:\/\/www.nettali.com\/\",\"name\":\"Nettali.com\",\"description\":\"Le rendez-vous critique du Net\",\"potentialAction\":[{\"@type\":\"SearchAction\",\"target\":{\"@type\":\"EntryPoint\",\"urlTemplate\":\"https:\/\/www.nettali.com\/?s={search_term_string}\"},\"query-input\":\"required name=search_term_string\"}],\"inLanguage\":\"fr-FR\"},{\"@type\":\"ImageObject\",\"@id\":\"https:\/\/www.nettali.com\/2023\/08\/05\/om-ismaila-sarr-reve-dun-bon-duo-avec-iliman-ndiaye\/#primaryimage\",\"inLanguage\":\"fr-FR\",\"url\":\"https:\/\/www.nettali.com\/wp-content\/uploads\/2023\/08\/Ismaila-Sarr-et-Iliman-Ndiaye-lors-du-match-amical-OM-Bayer-Leverkusen-le-02-08-2023-1684957.jpg\",\"contentUrl\":\"https:\/\/www.nettali.com\/wp-content\/uploads\/2023\/08\/Ismaila-Sarr-et-Iliman-Ndiaye-lors-du-match-amical-OM-Bayer-Leverkusen-le-02-08-2023-1684957.jpg\",\"width\":1472,\"height\":828},{\"@type\":\"WebPage\",\"@id\":\"https:\/\/www.nettali.com\/2023\/08\/05\/om-ismaila-sarr-reve-dun-bon-duo-avec-iliman-ndiaye\/#webpage\",\"url\":\"https:\/\/www.nettali.com\/2023\/08\/05\/om-ismaila-sarr-reve-dun-bon-duo-avec-iliman-ndiaye\/\",\"name\":\"EN COULISSES - Isma\\u00efla Sarr et son r\\u00eave de duo avec Iliman Ndiaye | Nettali.com\",\"isPartOf\":{\"@id\":\"https:\/\/www.nettali.com\/#website\"},\"primaryImageOfPage\":{\"@id\":\"https:\/\/www.nettali.com\/2023\/08\/05\/om-ismaila-sarr-reve-dun-bon-duo-avec-iliman-ndiaye\/#primaryimage\"},\"datePublished\":\"2023-08-05T09:45:33+00:00\",\"dateModified\":\"2023-08-05T09:46:35+00:00\",\"author\":{\"@id\":\"https:\/\/www.nettali.com\/#\/schema\/person\/bb147657c2986240405a608162b9bb23\"},\"breadcrumb\":{\"@id\":\"https:\/\/www.nettali.com\/2023\/08\/05\/om-ismaila-sarr-reve-dun-bon-duo-avec-iliman-ndiaye\/#breadcrumb\"},\"inLanguage\":\"fr-FR\",\"potentialAction\":[{\"@type\":\"ReadAction\",\"target\":[\"https:\/\/www.nettali.com\/2023\/08\/05\/om-ismaila-sarr-reve-dun-bon-duo-avec-iliman-ndiaye\/\"]}]},{\"@type\":\"BreadcrumbList\",\"@id\":\"https:\/\/www.nettali.com\/2023\/08\/05\/om-ismaila-sarr-reve-dun-bon-duo-avec-iliman-ndiaye\/#breadcrumb\",\"itemListElement\":[{\"@type\":\"ListItem\",\"position\":1,\"name\":\"Accueil\",\"item\":\"https:\/\/www.nettali.com\/\"},{\"@type\":\"ListItem\",\"position\":2,\"name\":\"EN COULISSES - Isma\\u00efla Sarr et son r\\u00eave de duo avec Iliman Ndiaye\"}]},{\"@type\":\"Person\",\"@id\":\"https:\/\/www.nettali.com\/#\/schema\/person\/bb147657c2986240405a608162b9bb23\",\"name\":\"Ibrahima\",\"image\":{\"@type\":\"ImageObject\",\"@id\":\"https:\/\/www.nettali.com\/#personlogo\",\"inLanguage\":\"fr-FR\",\"url\":\"https:\/\/secure.gravatar.com\/avatar\/26a8a81f09f0dd7624c9d5c36c9ba3a2?s=96&d=mm&r=g\",\"contentUrl\":\"https:\/\/secure.gravatar.com\/avatar\/26a8a81f09f0dd7624c9d5c36c9ba3a2?s=96&d=mm&r=g\",\"caption\":\"Ibrahima\"},\"sameAs\":[\"https:\/\/www.nettali.com\"]}]}<\/script>\n<!-- \/ Yoast SEO Premium plugin. -->","yoast_head_json":{"title":"EN COULISSES - Isma\u00efla Sarr et son r\u00eave de duo avec Iliman Ndiaye | Nettali.com","robots":{"index":"index","follow":"follow","max-snippet":"max-snippet:-1","max-image-preview":"max-image-preview:large","max-video-preview":"max-video-preview:-1"},"canonical":"https:\/\/www.nettali.com\/2023\/08\/05\/om-ismaila-sarr-reve-dun-bon-duo-avec-iliman-ndiaye\/","og_locale":"fr_FR","og_type":"article","og_title":"EN COULISSES - Isma\u00efla Sarr et son r\u00eave de duo avec Iliman Ndiaye","og_description":"NETTALI.COM - Cet \u00e9t\u00e9, l\u2019Olympique de Marseille a recrut\u00e9 les S\u00e9n\u00e9galais Isma\u00efla Sarr (25 ans) et Iliman Ndiaye (23 ans) pour booster son attaque. Pr\u00e9sent\u00e9 ce vendredi \u00e0 la presse, l'ancien attaquant de Watford a d\u00e9j\u00e0 formul\u00e9 une promesse au nom du duo. \"Avec Pape Gu\u00e8ye, on se parle souvent, il me donne des conseils. [&hellip;]","og_url":"https:\/\/www.nettali.com\/2023\/08\/05\/om-ismaila-sarr-reve-dun-bon-duo-avec-iliman-ndiaye\/","og_site_name":"Nettali.com","article_publisher":"https:\/\/www.facebook.com\/nettalicom","article_published_time":"2023-08-05T09:45:33+00:00","article_modified_time":"2023-08-05T09:46:35+00:00","og_image":[{"width":1472,"height":828,"url":"https:\/\/www.nettali.com\/wp-content\/uploads\/2023\/08\/Ismaila-Sarr-et-Iliman-Ndiaye-lors-du-match-amical-OM-Bayer-Leverkusen-le-02-08-2023-1684957.jpg","type":"image\/jpeg"}],"twitter_card":"summary_large_image","twitter_misc":{"\u00c9crit par":"Ibrahima","Dur\u00e9e de lecture estim\u00e9e":"1 minute"},"schema":{"@context":"https:\/\/schema.org","@graph":[{"@type":"WebSite","@id":"https:\/\/www.nettali.com\/#website","url":"https:\/\/www.nettali.com\/","name":"Nettali.com","description":"Le rendez-vous critique du Net","potentialAction":[{"@type":"SearchAction","target":{"@type":"EntryPoint","urlTemplate":"https:\/\/www.nettali.com\/?s={search_term_string}"},"query-input":"required name=search_term_string"}],"inLanguage":"fr-FR"},{"@type":"ImageObject","@id":"https:\/\/www.nettali.com\/2023\/08\/05\/om-ismaila-sarr-reve-dun-bon-duo-avec-iliman-ndiaye\/#primaryimage","inLanguage":"fr-FR","url":"https:\/\/www.nettali.com\/wp-content\/uploads\/2023\/08\/Ismaila-Sarr-et-Iliman-Ndiaye-lors-du-match-amical-OM-Bayer-Leverkusen-le-02-08-2023-1684957.jpg","contentUrl":"https:\/\/www.nettali.com\/wp-content\/uploads\/2023\/08\/Ismaila-Sarr-et-Iliman-Ndiaye-lors-du-match-amical-OM-Bayer-Leverkusen-le-02-08-2023-1684957.jpg","width":1472,"height":828},{"@type":"WebPage","@id":"https:\/\/www.nettali.com\/2023\/08\/05\/om-ismaila-sarr-reve-dun-bon-duo-avec-iliman-ndiaye\/#webpage","url":"https:\/\/www.nettali.com\/2023\/08\/05\/om-ismaila-sarr-reve-dun-bon-duo-avec-iliman-ndiaye\/","name":"EN COULISSES - Isma\u00efla Sarr et son r\u00eave de duo avec Iliman Ndiaye | Nettali.com","isPartOf":{"@id":"https:\/\/www.nettali.com\/#website"},"primaryImageOfPage":{"@id":"https:\/\/www.nettali.com\/2023\/08\/05\/om-ismaila-sarr-reve-dun-bon-duo-avec-iliman-ndiaye\/#primaryimage"},"datePublished":"2023-08-05T09:45:33+00:00","dateModified":"2023-08-05T09:46:35+00:00","author":{"@id":"https:\/\/www.nettali.com\/#\/schema\/person\/bb147657c2986240405a608162b9bb23"},"breadcrumb":{"@id":"https:\/\/www.nettali.com\/2023\/08\/05\/om-ismaila-sarr-reve-dun-bon-duo-avec-iliman-ndiaye\/#breadcrumb"},"inLanguage":"fr-FR","potentialAction":[{"@type":"ReadAction","target":["https:\/\/www.nettali.com\/2023\/08\/05\/om-ismaila-sarr-reve-dun-bon-duo-avec-iliman-ndiaye\/"]}]},{"@type":"BreadcrumbList","@id":"https:\/\/www.nettali.com\/2023\/08\/05\/om-ismaila-sarr-reve-dun-bon-duo-avec-iliman-ndiaye\/#breadcrumb","itemListElement":[{"@type":"ListItem","position":1,"name":"Accueil","item":"https:\/\/www.nettali.com\/"},{"@type":"ListItem","position":2,"name":"EN COULISSES - Isma\u00efla Sarr et son r\u00eave de duo avec Iliman Ndiaye"}]},{"@type":"Person","@id":"https:\/\/www.nettali.com\/#\/schema\/person\/bb147657c2986240405a608162b9bb23","name":"Ibrahima","image":{"@type":"ImageObject","@id":"https:\/\/www.nettali.com\/#personlogo","inLanguage":"fr-FR","url":"https:\/\/secure.gravatar.com\/avatar\/26a8a81f09f0dd7624c9d5c36c9ba3a2?s=96&d=mm&r=g","contentUrl":"https:\/\/secure.gravatar.com\/avatar\/26a8a81f09f0dd7624c9d5c36c9ba3a2?s=96&d=mm&r=g","caption":"Ibrahima"},"sameAs":["https:\/\/www.nettali.com"]}]}},"_links":{"self":[{"href":"https:\/\/www.nettali.com\/rest\/wp\/v2\/posts\/115539"}],"collection":[{"href":"https:\/\/www.nettali.com\/rest\/wp\/v2\/posts"}],"about":[{"href":"https:\/\/www.nettali.com\/rest\/wp\/v2\/types\/post"}],"author":[{"embeddable":true,"href":"https:\/\/www.nettali.com\/rest\/wp\/v2\/users\/5"}],"replies":[{"embeddable":true,"href":"https:\/\/www.nettali.com\/rest\/wp\/v2\/comments?post=115539"}],"version-history":[{"count":3,"href":"https:\/\/www.nettali.com\/rest\/wp\/v2\/posts\/115539\/revisions"}],"predecessor-version":[{"id":115545,"href":"https:\/\/www.nettali.com\/rest\/wp\/v2\/posts\/115539\/revisions\/115545"}],"wp:featuredmedia":[{"embeddable":true,"href":"https:\/\/www.nettali.com\/rest\/wp\/v2\/media\/115540"}],"wp:attachment":[{"href":"https:\/\/www.nettali.com\/rest\/wp\/v2\/media?parent=115539"}],"wp:term":[{"taxonomy":"category","embeddable":true,"href":"https:\/\/www.nettali.com\/rest\/wp\/v2\/categories?post=115539"},{"taxonomy":"post_tag","embeddable":true,"href":"https:\/\/www.nettali.com\/rest\/wp\/v2\/tags?post=115539"}],"curies":[{"name":"wp","href":"https:\/\/api.w.org\/{rel}","templated":true}]}}