{"id":115399,"date":"2023-08-02T19:23:39","date_gmt":"2023-08-02T19:23:39","guid":{"rendered":"https:\/\/www.nettali.com\/?p=115399"},"modified":"2023-08-02T19:23:39","modified_gmt":"2023-08-02T19:23:39","slug":"affaire-karim-et-khalifa-sall-les-deputes-convoques-ce-jeudi","status":"publish","type":"post","link":"https:\/\/www.nettali.com\/2023\/08\/02\/affaire-karim-et-khalifa-sall-les-deputes-convoques-ce-jeudi\/","title":{"rendered":"AFFAIRE KARIM ET KHALIFA SALL - Les d\u00e9put\u00e9s convoqu\u00e9s ce jeudi"},"content":{"rendered":"<div><strong><span style=\"font-size: 16px;\">NETTALI.COM - Les parlementaires sont convoqu\u00e9s pour une deuxi\u00e8me session extraordinaire ce jeudi 03 ao\u00fbt \u00e0 15h00. Il vont ainsi se pencher sur les affaires Karim Wade et Khalifa Sall.\u00a0<\/span><\/strong><\/div>\n<div><span style=\"font-size: 16px;\">\u00a0<\/span><\/div>\n<div><span style=\"font-size: 16px;\">Les d\u00e9put\u00e9s vont examiner le projet de loi N\u00b012\/2023 modifiant la loi N\u00b02021-35 du 23 juillet 2021 portant Code \u00e9lectoral. Une modification qui devrait enfin donner \u00e0 Khalifa Sall et Karim Wade le quitus pour se pr\u00e9senter \u00e0 la pr\u00e9sidentielle de f\u00e9vrier 2024.\u00a0<\/span><\/div>\n<div><span style=\"font-size: 16px;\">\u00a0<\/span><\/div>\n<div><span style=\"font-size: 16px;\">La session extraordinaire sera close d\u00e8s l'\u00e9puisement de l'ordre du jour fix\u00e9, fait savoir l'Institution.\u00a0\u00a0 \u00a0<\/span><\/div>\n<div class='share-to-whatsapp-wrapper'><div class='share-on-whsp'>PARTAGER SUR : <\/div><a data-text='AFFAIRE KARIM ET KHALIFA SALL - Les d\u00e9put\u00e9s convoqu\u00e9s ce jeudi' data-link='https:\/\/www.nettali.com\/2023\/08\/02\/affaire-karim-et-khalifa-sall-les-deputes-convoques-ce-jeudi\/' class='whatsapp-button whatsapp-share'>WhatsApp<\/a><div class='clear '><\/div><\/div>","protected":false},"excerpt":{"rendered":"<p>NETTALI.COM - Les parlementaires sont convoqu\u00e9s pour une deuxi\u00e8me session extraordinaire ce jeudi 03 ao\u00fbt \u00e0 15h00. Il vont ainsi se pencher sur les affaires Karim Wade et Khalifa Sall.\u00a0 \u00a0 Les d\u00e9put\u00e9s vont examiner le projet de loi N\u00b012\/2023 modifiant la loi N\u00b02021-35 du 23 juillet 2021 portant Code \u00e9lectoral. Une modification qui devrait [&hellip;]<\/p>\n","protected":false},"author":4,"featured_media":114242,"comment_status":"open","ping_status":"open","sticky":false,"template":"","format":"standard","meta":{"_et_pb_use_builder":"","_et_pb_old_content":""},"categories":[2],"tags":[],"yoast_head":"<!-- This site is optimized with the Yoast SEO Premium plugin v17.8 (Yoast SEO v17.8) - https:\/\/yoast.com\/wordpress\/plugins\/seo\/ -->\n<title>AFFAIRE KARIM ET KHALIFA SALL - Les d\u00e9put\u00e9s convoqu\u00e9s ce jeudi | Nettali.com<\/title>\n<meta name=\"robots\" content=\"index, follow, max-snippet:-1, max-image-preview:large, max-video-preview:-1\" \/>\n<link rel=\"canonical\" href=\"https:\/\/www.nettali.com\/2023\/08\/02\/affaire-karim-et-khalifa-sall-les-deputes-convoques-ce-jeudi\/\" \/>\n<meta property=\"og:locale\" content=\"fr_FR\" \/>\n<meta property=\"og:type\" content=\"article\" \/>\n<meta property=\"og:title\" content=\"AFFAIRE KARIM ET KHALIFA SALL - Les d\u00e9put\u00e9s convoqu\u00e9s ce jeudi\" \/>\n<meta property=\"og:description\" content=\"NETTALI.COM - Les parlementaires sont convoqu\u00e9s pour une deuxi\u00e8me session extraordinaire ce jeudi 03 ao\u00fbt \u00e0 15h00. Il vont ainsi se pencher sur les affaires Karim Wade et Khalifa Sall.\u00a0 \u00a0 Les d\u00e9put\u00e9s vont examiner le projet de loi N\u00b012\/2023 modifiant la loi N\u00b02021-35 du 23 juillet 2021 portant Code \u00e9lectoral. Une modification qui devrait [&hellip;]\" \/>\n<meta property=\"og:url\" content=\"https:\/\/www.nettali.com\/2023\/08\/02\/affaire-karim-et-khalifa-sall-les-deputes-convoques-ce-jeudi\/\" \/>\n<meta property=\"og:site_name\" content=\"Nettali.com\" \/>\n<meta property=\"article:publisher\" content=\"https:\/\/www.facebook.com\/nettalicom\" \/>\n<meta property=\"article:published_time\" content=\"2023-08-02T19:23:39+00:00\" \/>\n<meta property=\"og:image\" content=\"https:\/\/www.nettali.com\/wp-content\/uploads\/2023\/07\/assemblee_nat_20_0_0.jpg\" \/>\n\t<meta property=\"og:image:width\" content=\"800\" \/>\n\t<meta property=\"og:image:height\" content=\"583\" \/>\n<meta name=\"twitter:card\" content=\"summary_large_image\" \/>\n<meta name=\"twitter:label1\" content=\"\u00c9crit par\" \/>\n\t<meta name=\"twitter:data1\" content=\"Daouda\" \/>\n\t<meta name=\"twitter:label2\" content=\"Dur\u00e9e de lecture estim\u00e9e\" \/>\n\t<meta name=\"twitter:data2\" content=\"1 minute\" \/>\n<script type=\"application\/ld+json\" class=\"yoast-schema-graph\">{\"@context\":\"https:\/\/schema.org\",\"@graph\":[{\"@type\":\"WebSite\",\"@id\":\"https:\/\/www.nettali.com\/#website\",\"url\":\"https:\/\/www.nettali.com\/\",\"name\":\"Nettali.com\",\"description\":\"Le rendez-vous critique du Net\",\"potentialAction\":[{\"@type\":\"SearchAction\",\"target\":{\"@type\":\"EntryPoint\",\"urlTemplate\":\"https:\/\/www.nettali.com\/?s={search_term_string}\"},\"query-input\":\"required name=search_term_string\"}],\"inLanguage\":\"fr-FR\"},{\"@type\":\"ImageObject\",\"@id\":\"https:\/\/www.nettali.com\/2023\/08\/02\/affaire-karim-et-khalifa-sall-les-deputes-convoques-ce-jeudi\/#primaryimage\",\"inLanguage\":\"fr-FR\",\"url\":\"https:\/\/www.nettali.com\/wp-content\/uploads\/2023\/07\/assemblee_nat_20_0_0.jpg\",\"contentUrl\":\"https:\/\/www.nettali.com\/wp-content\/uploads\/2023\/07\/assemblee_nat_20_0_0.jpg\",\"width\":800,\"height\":583},{\"@type\":\"WebPage\",\"@id\":\"https:\/\/www.nettali.com\/2023\/08\/02\/affaire-karim-et-khalifa-sall-les-deputes-convoques-ce-jeudi\/#webpage\",\"url\":\"https:\/\/www.nettali.com\/2023\/08\/02\/affaire-karim-et-khalifa-sall-les-deputes-convoques-ce-jeudi\/\",\"name\":\"AFFAIRE KARIM ET KHALIFA SALL - Les d\\u00e9put\\u00e9s convoqu\\u00e9s ce jeudi | Nettali.com\",\"isPartOf\":{\"@id\":\"https:\/\/www.nettali.com\/#website\"},\"primaryImageOfPage\":{\"@id\":\"https:\/\/www.nettali.com\/2023\/08\/02\/affaire-karim-et-khalifa-sall-les-deputes-convoques-ce-jeudi\/#primaryimage\"},\"datePublished\":\"2023-08-02T19:23:39+00:00\",\"dateModified\":\"2023-08-02T19:23:39+00:00\",\"author\":{\"@id\":\"https:\/\/www.nettali.com\/#\/schema\/person\/3317e0bb3aa1da309fbf7b2780901bf4\"},\"breadcrumb\":{\"@id\":\"https:\/\/www.nettali.com\/2023\/08\/02\/affaire-karim-et-khalifa-sall-les-deputes-convoques-ce-jeudi\/#breadcrumb\"},\"inLanguage\":\"fr-FR\",\"potentialAction\":[{\"@type\":\"ReadAction\",\"target\":[\"https:\/\/www.nettali.com\/2023\/08\/02\/affaire-karim-et-khalifa-sall-les-deputes-convoques-ce-jeudi\/\"]}]},{\"@type\":\"BreadcrumbList\",\"@id\":\"https:\/\/www.nettali.com\/2023\/08\/02\/affaire-karim-et-khalifa-sall-les-deputes-convoques-ce-jeudi\/#breadcrumb\",\"itemListElement\":[{\"@type\":\"ListItem\",\"position\":1,\"name\":\"Accueil\",\"item\":\"https:\/\/www.nettali.com\/\"},{\"@type\":\"ListItem\",\"position\":2,\"name\":\"AFFAIRE KARIM ET KHALIFA SALL - Les d\\u00e9put\\u00e9s convoqu\\u00e9s ce jeudi\"}]},{\"@type\":\"Person\",\"@id\":\"https:\/\/www.nettali.com\/#\/schema\/person\/3317e0bb3aa1da309fbf7b2780901bf4\",\"name\":\"Daouda\",\"image\":{\"@type\":\"ImageObject\",\"@id\":\"https:\/\/www.nettali.com\/#personlogo\",\"inLanguage\":\"fr-FR\",\"url\":\"https:\/\/secure.gravatar.com\/avatar\/8d143b5a49345098ddcfee1c49c2f47c?s=96&d=mm&r=g\",\"contentUrl\":\"https:\/\/secure.gravatar.com\/avatar\/8d143b5a49345098ddcfee1c49c2f47c?s=96&d=mm&r=g\",\"caption\":\"Daouda\"},\"sameAs\":[\"https:\/\/www.nettali.com\"]}]}<\/script>\n<!-- \/ Yoast SEO Premium plugin. -->","yoast_head_json":{"title":"AFFAIRE KARIM ET KHALIFA SALL - Les d\u00e9put\u00e9s convoqu\u00e9s ce jeudi | Nettali.com","robots":{"index":"index","follow":"follow","max-snippet":"max-snippet:-1","max-image-preview":"max-image-preview:large","max-video-preview":"max-video-preview:-1"},"canonical":"https:\/\/www.nettali.com\/2023\/08\/02\/affaire-karim-et-khalifa-sall-les-deputes-convoques-ce-jeudi\/","og_locale":"fr_FR","og_type":"article","og_title":"AFFAIRE KARIM ET KHALIFA SALL - Les d\u00e9put\u00e9s convoqu\u00e9s ce jeudi","og_description":"NETTALI.COM - Les parlementaires sont convoqu\u00e9s pour une deuxi\u00e8me session extraordinaire ce jeudi 03 ao\u00fbt \u00e0 15h00. Il vont ainsi se pencher sur les affaires Karim Wade et Khalifa Sall.\u00a0 \u00a0 Les d\u00e9put\u00e9s vont examiner le projet de loi N\u00b012\/2023 modifiant la loi N\u00b02021-35 du 23 juillet 2021 portant Code \u00e9lectoral. Une modification qui devrait [&hellip;]","og_url":"https:\/\/www.nettali.com\/2023\/08\/02\/affaire-karim-et-khalifa-sall-les-deputes-convoques-ce-jeudi\/","og_site_name":"Nettali.com","article_publisher":"https:\/\/www.facebook.com\/nettalicom","article_published_time":"2023-08-02T19:23:39+00:00","og_image":[{"width":800,"height":583,"url":"https:\/\/www.nettali.com\/wp-content\/uploads\/2023\/07\/assemblee_nat_20_0_0.jpg","type":"image\/jpeg"}],"twitter_card":"summary_large_image","twitter_misc":{"\u00c9crit par":"Daouda","Dur\u00e9e de lecture estim\u00e9e":"1 minute"},"schema":{"@context":"https:\/\/schema.org","@graph":[{"@type":"WebSite","@id":"https:\/\/www.nettali.com\/#website","url":"https:\/\/www.nettali.com\/","name":"Nettali.com","description":"Le rendez-vous critique du Net","potentialAction":[{"@type":"SearchAction","target":{"@type":"EntryPoint","urlTemplate":"https:\/\/www.nettali.com\/?s={search_term_string}"},"query-input":"required name=search_term_string"}],"inLanguage":"fr-FR"},{"@type":"ImageObject","@id":"https:\/\/www.nettali.com\/2023\/08\/02\/affaire-karim-et-khalifa-sall-les-deputes-convoques-ce-jeudi\/#primaryimage","inLanguage":"fr-FR","url":"https:\/\/www.nettali.com\/wp-content\/uploads\/2023\/07\/assemblee_nat_20_0_0.jpg","contentUrl":"https:\/\/www.nettali.com\/wp-content\/uploads\/2023\/07\/assemblee_nat_20_0_0.jpg","width":800,"height":583},{"@type":"WebPage","@id":"https:\/\/www.nettali.com\/2023\/08\/02\/affaire-karim-et-khalifa-sall-les-deputes-convoques-ce-jeudi\/#webpage","url":"https:\/\/www.nettali.com\/2023\/08\/02\/affaire-karim-et-khalifa-sall-les-deputes-convoques-ce-jeudi\/","name":"AFFAIRE KARIM ET KHALIFA SALL - Les d\u00e9put\u00e9s convoqu\u00e9s ce jeudi | Nettali.com","isPartOf":{"@id":"https:\/\/www.nettali.com\/#website"},"primaryImageOfPage":{"@id":"https:\/\/www.nettali.com\/2023\/08\/02\/affaire-karim-et-khalifa-sall-les-deputes-convoques-ce-jeudi\/#primaryimage"},"datePublished":"2023-08-02T19:23:39+00:00","dateModified":"2023-08-02T19:23:39+00:00","author":{"@id":"https:\/\/www.nettali.com\/#\/schema\/person\/3317e0bb3aa1da309fbf7b2780901bf4"},"breadcrumb":{"@id":"https:\/\/www.nettali.com\/2023\/08\/02\/affaire-karim-et-khalifa-sall-les-deputes-convoques-ce-jeudi\/#breadcrumb"},"inLanguage":"fr-FR","potentialAction":[{"@type":"ReadAction","target":["https:\/\/www.nettali.com\/2023\/08\/02\/affaire-karim-et-khalifa-sall-les-deputes-convoques-ce-jeudi\/"]}]},{"@type":"BreadcrumbList","@id":"https:\/\/www.nettali.com\/2023\/08\/02\/affaire-karim-et-khalifa-sall-les-deputes-convoques-ce-jeudi\/#breadcrumb","itemListElement":[{"@type":"ListItem","position":1,"name":"Accueil","item":"https:\/\/www.nettali.com\/"},{"@type":"ListItem","position":2,"name":"AFFAIRE KARIM ET KHALIFA SALL - Les d\u00e9put\u00e9s convoqu\u00e9s ce jeudi"}]},{"@type":"Person","@id":"https:\/\/www.nettali.com\/#\/schema\/person\/3317e0bb3aa1da309fbf7b2780901bf4","name":"Daouda","image":{"@type":"ImageObject","@id":"https:\/\/www.nettali.com\/#personlogo","inLanguage":"fr-FR","url":"https:\/\/secure.gravatar.com\/avatar\/8d143b5a49345098ddcfee1c49c2f47c?s=96&d=mm&r=g","contentUrl":"https:\/\/secure.gravatar.com\/avatar\/8d143b5a49345098ddcfee1c49c2f47c?s=96&d=mm&r=g","caption":"Daouda"},"sameAs":["https:\/\/www.nettali.com"]}]}},"_links":{"self":[{"href":"https:\/\/www.nettali.com\/rest\/wp\/v2\/posts\/115399"}],"collection":[{"href":"https:\/\/www.nettali.com\/rest\/wp\/v2\/posts"}],"about":[{"href":"https:\/\/www.nettali.com\/rest\/wp\/v2\/types\/post"}],"author":[{"embeddable":true,"href":"https:\/\/www.nettali.com\/rest\/wp\/v2\/users\/4"}],"replies":[{"embeddable":true,"href":"https:\/\/www.nettali.com\/rest\/wp\/v2\/comments?post=115399"}],"version-history":[{"count":1,"href":"https:\/\/www.nettali.com\/rest\/wp\/v2\/posts\/115399\/revisions"}],"predecessor-version":[{"id":115401,"href":"https:\/\/www.nettali.com\/rest\/wp\/v2\/posts\/115399\/revisions\/115401"}],"wp:featuredmedia":[{"embeddable":true,"href":"https:\/\/www.nettali.com\/rest\/wp\/v2\/media\/114242"}],"wp:attachment":[{"href":"https:\/\/www.nettali.com\/rest\/wp\/v2\/media?parent=115399"}],"wp:term":[{"taxonomy":"category","embeddable":true,"href":"https:\/\/www.nettali.com\/rest\/wp\/v2\/categories?post=115399"},{"taxonomy":"post_tag","embeddable":true,"href":"https:\/\/www.nettali.com\/rest\/wp\/v2\/tags?post=115399"}],"curies":[{"name":"wp","href":"https:\/\/api.w.org\/{rel}","templated":true}]}}