{"id":115395,"date":"2023-08-02T19:02:45","date_gmt":"2023-08-02T19:02:45","guid":{"rendered":"https:\/\/www.nettali.com\/?p=115395"},"modified":"2023-08-02T19:02:45","modified_gmt":"2023-08-02T19:02:45","slug":"football-buffon-dit-stop-a-45-ans","status":"publish","type":"post","link":"https:\/\/www.nettali.com\/2023\/08\/02\/football-buffon-dit-stop-a-45-ans\/","title":{"rendered":"FOOTBALL - Buffon dit stop \u00e0 45 ans!"},"content":{"rendered":"<p><strong>NETTALI.COM - C'est une nouvelle page de l'histoire du football qui se tourne. Le gardien italien de Parme, le l\u00e9gendaire Gianluigi Buffon, a annonc\u00e9, ce mercredi 2 ao\u00fbt, qu\u2019il prenait sa retraite apr\u00e8s 28 saisons chez les professionnels.<\/strong><\/p>\n<p>Une retraite bien m\u00e9rit\u00e9e apr\u00e8s 28 ann\u00e9es chez les professionnels. L'ancien gardien de but de l'Italie et de la Juventus Turin, Gianluigi Buffon, a d\u00e9cid\u00e9 de mettre un terme \u00e0 sa carri\u00e8re \u00e0 45 ans. L\u2019ex-portier du Paris Saint-Germain (2018-2019) l\u2019a annonc\u00e9, ce mercredi 2 ao\u00fbt, sur les r\u00e9seaux sociaux.<\/p>\n<p>C'est fini, les amis. Vous m'avez tout donn\u00e9, je vous ai tout donn\u00e9. On l'a fait ensemble\", a \u00e9crit Gianluigi Buffon, consid\u00e9r\u00e9 comme l'un des meilleurs gardiens de l'Histoire, en accompagnement son message d'une vid\u00e9o retra\u00e7ant sa carri\u00e8re.<\/p>\n<p><strong>3 finales de C1 perdues!<\/strong><\/p>\n<p>Le quarantenaire \u00e9tait revenu il y a deux ans \u00e0 Parme, le club de ses d\u00e9buts, qui joue d\u00e9sormais en Serie B, la 2e division italienne. Avec ce club de Parme (1995-2001 et 2021-23), il a gagn\u00e9 la Coupe de l'UEFA en 1999.<\/p>\n<p>Avec la Juventus (2001-18 et 2019-21), il a remport\u00e9 dix fois la Serie A, mais il n\u2019a jamais r\u00e9ussi \u00e0 remporter la\u00a0Ligue des champions. En 2003, il s\u2019inclinait contre le Milan AC, en 2015, contre le FC Barcelone et en 2017 contre le Real Madrid. Il a \u00e9galement d\u00e9croch\u00e9 la Ligue 1 avec le\u00a0Paris Saint-Germain\u00a0en 2019, lors d'un passage d'une saison marqu\u00e9 par une \u00e9limination pr\u00e9coce en C1, avant de revenir \u00e0 Turin.<\/p>\n<p>Son plus grand fait d'armes restera la victoire de l'Italie lors de la Coupe du monde 2006, sous les ordres de Marcello Lippi. Buffon est aussi le recordman des s\u00e9lections (176, entre 1997 et 2018) avec la Nazionale, avec laquelle il a disput\u00e9 cinq Coupes du monde (entre 1998 et 2014).<\/p>\n<div class='share-to-whatsapp-wrapper'><div class='share-on-whsp'>PARTAGER SUR : <\/div><a data-text='FOOTBALL - Buffon dit stop \u00e0 45 ans!' data-link='https:\/\/www.nettali.com\/2023\/08\/02\/football-buffon-dit-stop-a-45-ans\/' class='whatsapp-button whatsapp-share'>WhatsApp<\/a><div class='clear '><\/div><\/div>","protected":false},"excerpt":{"rendered":"<p>NETTALI.COM - C'est une nouvelle page de l'histoire du football qui se tourne. Le gardien italien de Parme, le l\u00e9gendaire Gianluigi Buffon, a annonc\u00e9, ce mercredi 2 ao\u00fbt, qu\u2019il prenait sa retraite apr\u00e8s 28 saisons chez les professionnels. Une retraite bien m\u00e9rit\u00e9e apr\u00e8s 28 ann\u00e9es chez les professionnels. L'ancien gardien de but de l'Italie et [&hellip;]<\/p>\n","protected":false},"author":5,"featured_media":115396,"comment_status":"open","ping_status":"open","sticky":false,"template":"","format":"standard","meta":{"_et_pb_use_builder":"","_et_pb_old_content":""},"categories":[6],"tags":[],"yoast_head":"<!-- This site is optimized with the Yoast SEO Premium plugin v17.8 (Yoast SEO v17.8) - https:\/\/yoast.com\/wordpress\/plugins\/seo\/ -->\n<title>FOOTBALL - Buffon dit stop \u00e0 45 ans! | Nettali.com<\/title>\n<meta name=\"robots\" content=\"index, follow, max-snippet:-1, max-image-preview:large, max-video-preview:-1\" \/>\n<link rel=\"canonical\" href=\"https:\/\/www.nettali.com\/2023\/08\/02\/football-buffon-dit-stop-a-45-ans\/\" \/>\n<meta property=\"og:locale\" content=\"fr_FR\" \/>\n<meta property=\"og:type\" content=\"article\" \/>\n<meta property=\"og:title\" content=\"FOOTBALL - Buffon dit stop \u00e0 45 ans!\" \/>\n<meta property=\"og:description\" content=\"NETTALI.COM - C&#039;est une nouvelle page de l&#039;histoire du football qui se tourne. Le gardien italien de Parme, le l\u00e9gendaire Gianluigi Buffon, a annonc\u00e9, ce mercredi 2 ao\u00fbt, qu\u2019il prenait sa retraite apr\u00e8s 28 saisons chez les professionnels. Une retraite bien m\u00e9rit\u00e9e apr\u00e8s 28 ann\u00e9es chez les professionnels. L&#039;ancien gardien de but de l&#039;Italie et [&hellip;]\" \/>\n<meta property=\"og:url\" content=\"https:\/\/www.nettali.com\/2023\/08\/02\/football-buffon-dit-stop-a-45-ans\/\" \/>\n<meta property=\"og:site_name\" content=\"Nettali.com\" \/>\n<meta property=\"article:publisher\" content=\"https:\/\/www.facebook.com\/nettalicom\" \/>\n<meta property=\"article:published_time\" content=\"2023-08-02T19:02:45+00:00\" \/>\n<meta property=\"og:image\" content=\"https:\/\/www.nettali.com\/wp-content\/uploads\/2023\/08\/IMCQYYAFYTTTHGGV7DK3MVGXUU.jpg\" \/>\n\t<meta property=\"og:image:width\" content=\"932\" \/>\n\t<meta property=\"og:image:height\" content=\"582\" \/>\n<meta name=\"twitter:card\" content=\"summary_large_image\" \/>\n<meta name=\"twitter:label1\" content=\"\u00c9crit par\" \/>\n\t<meta name=\"twitter:data1\" content=\"Ibrahima\" \/>\n\t<meta name=\"twitter:label2\" content=\"Dur\u00e9e de lecture estim\u00e9e\" \/>\n\t<meta name=\"twitter:data2\" content=\"2 minutes\" \/>\n<script type=\"application\/ld+json\" class=\"yoast-schema-graph\">{\"@context\":\"https:\/\/schema.org\",\"@graph\":[{\"@type\":\"WebSite\",\"@id\":\"https:\/\/www.nettali.com\/#website\",\"url\":\"https:\/\/www.nettali.com\/\",\"name\":\"Nettali.com\",\"description\":\"Le rendez-vous critique du Net\",\"potentialAction\":[{\"@type\":\"SearchAction\",\"target\":{\"@type\":\"EntryPoint\",\"urlTemplate\":\"https:\/\/www.nettali.com\/?s={search_term_string}\"},\"query-input\":\"required name=search_term_string\"}],\"inLanguage\":\"fr-FR\"},{\"@type\":\"ImageObject\",\"@id\":\"https:\/\/www.nettali.com\/2023\/08\/02\/football-buffon-dit-stop-a-45-ans\/#primaryimage\",\"inLanguage\":\"fr-FR\",\"url\":\"https:\/\/www.nettali.com\/wp-content\/uploads\/2023\/08\/IMCQYYAFYTTTHGGV7DK3MVGXUU.jpg\",\"contentUrl\":\"https:\/\/www.nettali.com\/wp-content\/uploads\/2023\/08\/IMCQYYAFYTTTHGGV7DK3MVGXUU.jpg\",\"width\":932,\"height\":582},{\"@type\":\"WebPage\",\"@id\":\"https:\/\/www.nettali.com\/2023\/08\/02\/football-buffon-dit-stop-a-45-ans\/#webpage\",\"url\":\"https:\/\/www.nettali.com\/2023\/08\/02\/football-buffon-dit-stop-a-45-ans\/\",\"name\":\"FOOTBALL - Buffon dit stop \\u00e0 45 ans! | Nettali.com\",\"isPartOf\":{\"@id\":\"https:\/\/www.nettali.com\/#website\"},\"primaryImageOfPage\":{\"@id\":\"https:\/\/www.nettali.com\/2023\/08\/02\/football-buffon-dit-stop-a-45-ans\/#primaryimage\"},\"datePublished\":\"2023-08-02T19:02:45+00:00\",\"dateModified\":\"2023-08-02T19:02:45+00:00\",\"author\":{\"@id\":\"https:\/\/www.nettali.com\/#\/schema\/person\/bb147657c2986240405a608162b9bb23\"},\"breadcrumb\":{\"@id\":\"https:\/\/www.nettali.com\/2023\/08\/02\/football-buffon-dit-stop-a-45-ans\/#breadcrumb\"},\"inLanguage\":\"fr-FR\",\"potentialAction\":[{\"@type\":\"ReadAction\",\"target\":[\"https:\/\/www.nettali.com\/2023\/08\/02\/football-buffon-dit-stop-a-45-ans\/\"]}]},{\"@type\":\"BreadcrumbList\",\"@id\":\"https:\/\/www.nettali.com\/2023\/08\/02\/football-buffon-dit-stop-a-45-ans\/#breadcrumb\",\"itemListElement\":[{\"@type\":\"ListItem\",\"position\":1,\"name\":\"Accueil\",\"item\":\"https:\/\/www.nettali.com\/\"},{\"@type\":\"ListItem\",\"position\":2,\"name\":\"FOOTBALL - Buffon dit stop \\u00e0 45 ans!\"}]},{\"@type\":\"Person\",\"@id\":\"https:\/\/www.nettali.com\/#\/schema\/person\/bb147657c2986240405a608162b9bb23\",\"name\":\"Ibrahima\",\"image\":{\"@type\":\"ImageObject\",\"@id\":\"https:\/\/www.nettali.com\/#personlogo\",\"inLanguage\":\"fr-FR\",\"url\":\"https:\/\/secure.gravatar.com\/avatar\/26a8a81f09f0dd7624c9d5c36c9ba3a2?s=96&d=mm&r=g\",\"contentUrl\":\"https:\/\/secure.gravatar.com\/avatar\/26a8a81f09f0dd7624c9d5c36c9ba3a2?s=96&d=mm&r=g\",\"caption\":\"Ibrahima\"},\"sameAs\":[\"https:\/\/www.nettali.com\"]}]}<\/script>\n<!-- \/ Yoast SEO Premium plugin. -->","yoast_head_json":{"title":"FOOTBALL - Buffon dit stop \u00e0 45 ans! | Nettali.com","robots":{"index":"index","follow":"follow","max-snippet":"max-snippet:-1","max-image-preview":"max-image-preview:large","max-video-preview":"max-video-preview:-1"},"canonical":"https:\/\/www.nettali.com\/2023\/08\/02\/football-buffon-dit-stop-a-45-ans\/","og_locale":"fr_FR","og_type":"article","og_title":"FOOTBALL - Buffon dit stop \u00e0 45 ans!","og_description":"NETTALI.COM - C'est une nouvelle page de l'histoire du football qui se tourne. Le gardien italien de Parme, le l\u00e9gendaire Gianluigi Buffon, a annonc\u00e9, ce mercredi 2 ao\u00fbt, qu\u2019il prenait sa retraite apr\u00e8s 28 saisons chez les professionnels. Une retraite bien m\u00e9rit\u00e9e apr\u00e8s 28 ann\u00e9es chez les professionnels. L'ancien gardien de but de l'Italie et [&hellip;]","og_url":"https:\/\/www.nettali.com\/2023\/08\/02\/football-buffon-dit-stop-a-45-ans\/","og_site_name":"Nettali.com","article_publisher":"https:\/\/www.facebook.com\/nettalicom","article_published_time":"2023-08-02T19:02:45+00:00","og_image":[{"width":932,"height":582,"url":"https:\/\/www.nettali.com\/wp-content\/uploads\/2023\/08\/IMCQYYAFYTTTHGGV7DK3MVGXUU.jpg","type":"image\/jpeg"}],"twitter_card":"summary_large_image","twitter_misc":{"\u00c9crit par":"Ibrahima","Dur\u00e9e de lecture estim\u00e9e":"2 minutes"},"schema":{"@context":"https:\/\/schema.org","@graph":[{"@type":"WebSite","@id":"https:\/\/www.nettali.com\/#website","url":"https:\/\/www.nettali.com\/","name":"Nettali.com","description":"Le rendez-vous critique du Net","potentialAction":[{"@type":"SearchAction","target":{"@type":"EntryPoint","urlTemplate":"https:\/\/www.nettali.com\/?s={search_term_string}"},"query-input":"required name=search_term_string"}],"inLanguage":"fr-FR"},{"@type":"ImageObject","@id":"https:\/\/www.nettali.com\/2023\/08\/02\/football-buffon-dit-stop-a-45-ans\/#primaryimage","inLanguage":"fr-FR","url":"https:\/\/www.nettali.com\/wp-content\/uploads\/2023\/08\/IMCQYYAFYTTTHGGV7DK3MVGXUU.jpg","contentUrl":"https:\/\/www.nettali.com\/wp-content\/uploads\/2023\/08\/IMCQYYAFYTTTHGGV7DK3MVGXUU.jpg","width":932,"height":582},{"@type":"WebPage","@id":"https:\/\/www.nettali.com\/2023\/08\/02\/football-buffon-dit-stop-a-45-ans\/#webpage","url":"https:\/\/www.nettali.com\/2023\/08\/02\/football-buffon-dit-stop-a-45-ans\/","name":"FOOTBALL - Buffon dit stop \u00e0 45 ans! | Nettali.com","isPartOf":{"@id":"https:\/\/www.nettali.com\/#website"},"primaryImageOfPage":{"@id":"https:\/\/www.nettali.com\/2023\/08\/02\/football-buffon-dit-stop-a-45-ans\/#primaryimage"},"datePublished":"2023-08-02T19:02:45+00:00","dateModified":"2023-08-02T19:02:45+00:00","author":{"@id":"https:\/\/www.nettali.com\/#\/schema\/person\/bb147657c2986240405a608162b9bb23"},"breadcrumb":{"@id":"https:\/\/www.nettali.com\/2023\/08\/02\/football-buffon-dit-stop-a-45-ans\/#breadcrumb"},"inLanguage":"fr-FR","potentialAction":[{"@type":"ReadAction","target":["https:\/\/www.nettali.com\/2023\/08\/02\/football-buffon-dit-stop-a-45-ans\/"]}]},{"@type":"BreadcrumbList","@id":"https:\/\/www.nettali.com\/2023\/08\/02\/football-buffon-dit-stop-a-45-ans\/#breadcrumb","itemListElement":[{"@type":"ListItem","position":1,"name":"Accueil","item":"https:\/\/www.nettali.com\/"},{"@type":"ListItem","position":2,"name":"FOOTBALL - Buffon dit stop \u00e0 45 ans!"}]},{"@type":"Person","@id":"https:\/\/www.nettali.com\/#\/schema\/person\/bb147657c2986240405a608162b9bb23","name":"Ibrahima","image":{"@type":"ImageObject","@id":"https:\/\/www.nettali.com\/#personlogo","inLanguage":"fr-FR","url":"https:\/\/secure.gravatar.com\/avatar\/26a8a81f09f0dd7624c9d5c36c9ba3a2?s=96&d=mm&r=g","contentUrl":"https:\/\/secure.gravatar.com\/avatar\/26a8a81f09f0dd7624c9d5c36c9ba3a2?s=96&d=mm&r=g","caption":"Ibrahima"},"sameAs":["https:\/\/www.nettali.com"]}]}},"_links":{"self":[{"href":"https:\/\/www.nettali.com\/rest\/wp\/v2\/posts\/115395"}],"collection":[{"href":"https:\/\/www.nettali.com\/rest\/wp\/v2\/posts"}],"about":[{"href":"https:\/\/www.nettali.com\/rest\/wp\/v2\/types\/post"}],"author":[{"embeddable":true,"href":"https:\/\/www.nettali.com\/rest\/wp\/v2\/users\/5"}],"replies":[{"embeddable":true,"href":"https:\/\/www.nettali.com\/rest\/wp\/v2\/comments?post=115395"}],"version-history":[{"count":1,"href":"https:\/\/www.nettali.com\/rest\/wp\/v2\/posts\/115395\/revisions"}],"predecessor-version":[{"id":115397,"href":"https:\/\/www.nettali.com\/rest\/wp\/v2\/posts\/115395\/revisions\/115397"}],"wp:featuredmedia":[{"embeddable":true,"href":"https:\/\/www.nettali.com\/rest\/wp\/v2\/media\/115396"}],"wp:attachment":[{"href":"https:\/\/www.nettali.com\/rest\/wp\/v2\/media?parent=115395"}],"wp:term":[{"taxonomy":"category","embeddable":true,"href":"https:\/\/www.nettali.com\/rest\/wp\/v2\/categories?post=115395"},{"taxonomy":"post_tag","embeddable":true,"href":"https:\/\/www.nettali.com\/rest\/wp\/v2\/tags?post=115395"}],"curies":[{"name":"wp","href":"https:\/\/api.w.org\/{rel}","templated":true}]}}