{"id":115342,"date":"2023-08-02T08:42:04","date_gmt":"2023-08-02T08:42:04","guid":{"rendered":"https:\/\/www.nettali.com\/?p=115342"},"modified":"2023-08-02T08:42:04","modified_gmt":"2023-08-02T08:42:04","slug":"en-coulisses-le-depute-ayib-daffe-dechire-le-decret-de-dissolution-du-pastef","status":"publish","type":"post","link":"https:\/\/www.nettali.com\/2023\/08\/02\/en-coulisses-le-depute-ayib-daffe-dechire-le-decret-de-dissolution-du-pastef\/","title":{"rendered":"EN COULISSES - Le D\u00e9put\u00e9 Ayib Daff\u00e9 \"d\u00e9chire\" le d\u00e9cret\u00a0de dissolution du Pastef"},"content":{"rendered":"<p><strong>NETTALI.COM - <\/strong>Les contestations se poursuivent apr\u00e8s le communiqu\u00e9 du ministre de l\u2019int\u00e9rieur annon\u00e7ant la dissolution du parti Pastef. Une mesure administrative que fustige le d\u00e9put\u00e9 Ayib Daff\u00e9, membre de la coalition Yewwi Askan Wi qui\u00a0 affiche son m\u00e9pris. Car, justifie le parlementaire, \u00ab <em>\u00e0 l\u2019heure o\u00f9 nous parlons, nous n\u2019avons pas re\u00e7u notification de ce d\u00e9cret dont on parle et que nous n\u2019avons pas encore vu. Nous avons vu un simple communiqu\u00e9 du ministre de l\u2019int\u00e9rieur annoncer un d\u00e9cret qui est pour le moment inexistant. Nous pensons que la publication de communiqu\u00e9 devait \u00eatre accompagn\u00e9e de d\u00e9cret<\/em> \u00bb.<\/p>\n<p>Le responsable du parti de Pastef est \u00e9galement revenu sur les barri\u00e8res\u00a0 \u00e9rig\u00e9es au si\u00e8ge de leur parti. M. Daff\u00e9 a constat\u00e9 des abus et des voies de fait de la part de forces de d\u00e9fense et de s\u00e9curit\u00e9 qui ont \u00e9t\u00e9 envoy\u00e9es dans leur si\u00e8ge pour ex\u00e9cuter une d\u00e9cision qui, pour lui, est pour le moment inexistante. \u00a0\u00ab <em>Un simple communiqu\u00e9 ne peut pas justifier un d\u00e9cret<\/em> \u00bb dit-il tout en fulminant que \u00ab <em>ceci rel\u00e8ve du banditisme<\/em> \u00bb.<\/p>\n<p>&nbsp;<\/p>\n<div class='share-to-whatsapp-wrapper'><div class='share-on-whsp'>PARTAGER SUR : <\/div><a data-text='EN COULISSES - Le D\u00e9put\u00e9 Ayib Daff\u00e9 \"d\u00e9chire\" le d\u00e9cret\u00a0de dissolution du Pastef' data-link='https:\/\/www.nettali.com\/2023\/08\/02\/en-coulisses-le-depute-ayib-daffe-dechire-le-decret-de-dissolution-du-pastef\/' class='whatsapp-button whatsapp-share'>WhatsApp<\/a><div class='clear '><\/div><\/div>","protected":false},"excerpt":{"rendered":"<p>NETTALI.COM - Les contestations se poursuivent apr\u00e8s le communiqu\u00e9 du ministre de l\u2019int\u00e9rieur annon\u00e7ant la dissolution du parti Pastef. Une mesure administrative que fustige le d\u00e9put\u00e9 Ayib Daff\u00e9, membre de la coalition Yewwi Askan Wi qui\u00a0 affiche son m\u00e9pris. Car, justifie le parlementaire, \u00ab \u00e0 l\u2019heure o\u00f9 nous parlons, nous n\u2019avons pas re\u00e7u notification de [&hellip;]<\/p>\n","protected":false},"author":6,"featured_media":115366,"comment_status":"open","ping_status":"open","sticky":false,"template":"","format":"standard","meta":{"_et_pb_use_builder":"","_et_pb_old_content":""},"categories":[34945],"tags":[],"yoast_head":"<!-- This site is optimized with the Yoast SEO Premium plugin v17.8 (Yoast SEO v17.8) - https:\/\/yoast.com\/wordpress\/plugins\/seo\/ -->\n<title>EN COULISSES - Le D\u00e9put\u00e9 Ayib Daff\u00e9 &quot;d\u00e9chire&quot; le d\u00e9cret\u00a0de dissolution du Pastef | Nettali.com<\/title>\n<meta name=\"robots\" content=\"index, follow, max-snippet:-1, max-image-preview:large, max-video-preview:-1\" \/>\n<link rel=\"canonical\" href=\"https:\/\/www.nettali.com\/2023\/08\/02\/en-coulisses-le-depute-ayib-daffe-dechire-le-decret-de-dissolution-du-pastef\/\" \/>\n<meta property=\"og:locale\" content=\"fr_FR\" \/>\n<meta property=\"og:type\" content=\"article\" \/>\n<meta property=\"og:title\" content=\"EN COULISSES - Le D\u00e9put\u00e9 Ayib Daff\u00e9 &quot;d\u00e9chire&quot; le d\u00e9cret\u00a0de dissolution du Pastef\" \/>\n<meta property=\"og:description\" content=\"NETTALI.COM - Les contestations se poursuivent apr\u00e8s le communiqu\u00e9 du ministre de l\u2019int\u00e9rieur annon\u00e7ant la dissolution du parti Pastef. Une mesure administrative que fustige le d\u00e9put\u00e9 Ayib Daff\u00e9, membre de la coalition Yewwi Askan Wi qui\u00a0 affiche son m\u00e9pris. Car, justifie le parlementaire, \u00ab \u00e0 l\u2019heure o\u00f9 nous parlons, nous n\u2019avons pas re\u00e7u notification de [&hellip;]\" \/>\n<meta property=\"og:url\" content=\"https:\/\/www.nettali.com\/2023\/08\/02\/en-coulisses-le-depute-ayib-daffe-dechire-le-decret-de-dissolution-du-pastef\/\" \/>\n<meta property=\"og:site_name\" content=\"Nettali.com\" \/>\n<meta property=\"article:publisher\" content=\"https:\/\/www.facebook.com\/nettalicom\" \/>\n<meta property=\"article:published_time\" content=\"2023-08-02T08:42:04+00:00\" \/>\n<meta property=\"og:image\" content=\"https:\/\/www.nettali.com\/wp-content\/uploads\/2023\/08\/73736121-51293361.jpg\" \/>\n\t<meta property=\"og:image:width\" content=\"1096\" \/>\n\t<meta property=\"og:image:height\" content=\"720\" \/>\n<meta name=\"twitter:card\" content=\"summary_large_image\" \/>\n<meta name=\"twitter:label1\" content=\"\u00c9crit par\" \/>\n\t<meta name=\"twitter:data1\" content=\"Fatou\" \/>\n\t<meta name=\"twitter:label2\" content=\"Dur\u00e9e de lecture estim\u00e9e\" \/>\n\t<meta name=\"twitter:data2\" content=\"1 minute\" \/>\n<script type=\"application\/ld+json\" class=\"yoast-schema-graph\">{\"@context\":\"https:\/\/schema.org\",\"@graph\":[{\"@type\":\"WebSite\",\"@id\":\"https:\/\/www.nettali.com\/#website\",\"url\":\"https:\/\/www.nettali.com\/\",\"name\":\"Nettali.com\",\"description\":\"Le rendez-vous critique du Net\",\"potentialAction\":[{\"@type\":\"SearchAction\",\"target\":{\"@type\":\"EntryPoint\",\"urlTemplate\":\"https:\/\/www.nettali.com\/?s={search_term_string}\"},\"query-input\":\"required name=search_term_string\"}],\"inLanguage\":\"fr-FR\"},{\"@type\":\"ImageObject\",\"@id\":\"https:\/\/www.nettali.com\/2023\/08\/02\/en-coulisses-le-depute-ayib-daffe-dechire-le-decret-de-dissolution-du-pastef\/#primaryimage\",\"inLanguage\":\"fr-FR\",\"url\":\"https:\/\/www.nettali.com\/wp-content\/uploads\/2023\/08\/73736121-51293361.jpg\",\"contentUrl\":\"https:\/\/www.nettali.com\/wp-content\/uploads\/2023\/08\/73736121-51293361.jpg\",\"width\":1096,\"height\":720},{\"@type\":\"WebPage\",\"@id\":\"https:\/\/www.nettali.com\/2023\/08\/02\/en-coulisses-le-depute-ayib-daffe-dechire-le-decret-de-dissolution-du-pastef\/#webpage\",\"url\":\"https:\/\/www.nettali.com\/2023\/08\/02\/en-coulisses-le-depute-ayib-daffe-dechire-le-decret-de-dissolution-du-pastef\/\",\"name\":\"EN COULISSES - Le D\\u00e9put\\u00e9 Ayib Daff\\u00e9 \\\"d\\u00e9chire\\\" le d\\u00e9cret\\u00a0de dissolution du Pastef | Nettali.com\",\"isPartOf\":{\"@id\":\"https:\/\/www.nettali.com\/#website\"},\"primaryImageOfPage\":{\"@id\":\"https:\/\/www.nettali.com\/2023\/08\/02\/en-coulisses-le-depute-ayib-daffe-dechire-le-decret-de-dissolution-du-pastef\/#primaryimage\"},\"datePublished\":\"2023-08-02T08:42:04+00:00\",\"dateModified\":\"2023-08-02T08:42:04+00:00\",\"author\":{\"@id\":\"https:\/\/www.nettali.com\/#\/schema\/person\/418274a86bdf87caff7a3ef476bd0bbf\"},\"breadcrumb\":{\"@id\":\"https:\/\/www.nettali.com\/2023\/08\/02\/en-coulisses-le-depute-ayib-daffe-dechire-le-decret-de-dissolution-du-pastef\/#breadcrumb\"},\"inLanguage\":\"fr-FR\",\"potentialAction\":[{\"@type\":\"ReadAction\",\"target\":[\"https:\/\/www.nettali.com\/2023\/08\/02\/en-coulisses-le-depute-ayib-daffe-dechire-le-decret-de-dissolution-du-pastef\/\"]}]},{\"@type\":\"BreadcrumbList\",\"@id\":\"https:\/\/www.nettali.com\/2023\/08\/02\/en-coulisses-le-depute-ayib-daffe-dechire-le-decret-de-dissolution-du-pastef\/#breadcrumb\",\"itemListElement\":[{\"@type\":\"ListItem\",\"position\":1,\"name\":\"Accueil\",\"item\":\"https:\/\/www.nettali.com\/\"},{\"@type\":\"ListItem\",\"position\":2,\"name\":\"EN COULISSES - Le D\\u00e9put\\u00e9 Ayib Daff\\u00e9 \\\"d\\u00e9chire\\\" le d\\u00e9cret\\u00a0de dissolution du Pastef\"}]},{\"@type\":\"Person\",\"@id\":\"https:\/\/www.nettali.com\/#\/schema\/person\/418274a86bdf87caff7a3ef476bd0bbf\",\"name\":\"Fatou\",\"image\":{\"@type\":\"ImageObject\",\"@id\":\"https:\/\/www.nettali.com\/#personlogo\",\"inLanguage\":\"fr-FR\",\"url\":\"https:\/\/secure.gravatar.com\/avatar\/5a9442a2bee7b4dcf167cab035858e9a?s=96&d=mm&r=g\",\"contentUrl\":\"https:\/\/secure.gravatar.com\/avatar\/5a9442a2bee7b4dcf167cab035858e9a?s=96&d=mm&r=g\",\"caption\":\"Fatou\"},\"sameAs\":[\"https:\/\/www.nettali.com\"]}]}<\/script>\n<!-- \/ Yoast SEO Premium plugin. -->","yoast_head_json":{"title":"EN COULISSES - Le D\u00e9put\u00e9 Ayib Daff\u00e9 \"d\u00e9chire\" le d\u00e9cret\u00a0de dissolution du Pastef | Nettali.com","robots":{"index":"index","follow":"follow","max-snippet":"max-snippet:-1","max-image-preview":"max-image-preview:large","max-video-preview":"max-video-preview:-1"},"canonical":"https:\/\/www.nettali.com\/2023\/08\/02\/en-coulisses-le-depute-ayib-daffe-dechire-le-decret-de-dissolution-du-pastef\/","og_locale":"fr_FR","og_type":"article","og_title":"EN COULISSES - Le D\u00e9put\u00e9 Ayib Daff\u00e9 \"d\u00e9chire\" le d\u00e9cret\u00a0de dissolution du Pastef","og_description":"NETTALI.COM - Les contestations se poursuivent apr\u00e8s le communiqu\u00e9 du ministre de l\u2019int\u00e9rieur annon\u00e7ant la dissolution du parti Pastef. Une mesure administrative que fustige le d\u00e9put\u00e9 Ayib Daff\u00e9, membre de la coalition Yewwi Askan Wi qui\u00a0 affiche son m\u00e9pris. Car, justifie le parlementaire, \u00ab \u00e0 l\u2019heure o\u00f9 nous parlons, nous n\u2019avons pas re\u00e7u notification de [&hellip;]","og_url":"https:\/\/www.nettali.com\/2023\/08\/02\/en-coulisses-le-depute-ayib-daffe-dechire-le-decret-de-dissolution-du-pastef\/","og_site_name":"Nettali.com","article_publisher":"https:\/\/www.facebook.com\/nettalicom","article_published_time":"2023-08-02T08:42:04+00:00","og_image":[{"width":1096,"height":720,"url":"https:\/\/www.nettali.com\/wp-content\/uploads\/2023\/08\/73736121-51293361.jpg","type":"image\/jpeg"}],"twitter_card":"summary_large_image","twitter_misc":{"\u00c9crit par":"Fatou","Dur\u00e9e de lecture estim\u00e9e":"1 minute"},"schema":{"@context":"https:\/\/schema.org","@graph":[{"@type":"WebSite","@id":"https:\/\/www.nettali.com\/#website","url":"https:\/\/www.nettali.com\/","name":"Nettali.com","description":"Le rendez-vous critique du Net","potentialAction":[{"@type":"SearchAction","target":{"@type":"EntryPoint","urlTemplate":"https:\/\/www.nettali.com\/?s={search_term_string}"},"query-input":"required name=search_term_string"}],"inLanguage":"fr-FR"},{"@type":"ImageObject","@id":"https:\/\/www.nettali.com\/2023\/08\/02\/en-coulisses-le-depute-ayib-daffe-dechire-le-decret-de-dissolution-du-pastef\/#primaryimage","inLanguage":"fr-FR","url":"https:\/\/www.nettali.com\/wp-content\/uploads\/2023\/08\/73736121-51293361.jpg","contentUrl":"https:\/\/www.nettali.com\/wp-content\/uploads\/2023\/08\/73736121-51293361.jpg","width":1096,"height":720},{"@type":"WebPage","@id":"https:\/\/www.nettali.com\/2023\/08\/02\/en-coulisses-le-depute-ayib-daffe-dechire-le-decret-de-dissolution-du-pastef\/#webpage","url":"https:\/\/www.nettali.com\/2023\/08\/02\/en-coulisses-le-depute-ayib-daffe-dechire-le-decret-de-dissolution-du-pastef\/","name":"EN COULISSES - Le D\u00e9put\u00e9 Ayib Daff\u00e9 \"d\u00e9chire\" le d\u00e9cret\u00a0de dissolution du Pastef | Nettali.com","isPartOf":{"@id":"https:\/\/www.nettali.com\/#website"},"primaryImageOfPage":{"@id":"https:\/\/www.nettali.com\/2023\/08\/02\/en-coulisses-le-depute-ayib-daffe-dechire-le-decret-de-dissolution-du-pastef\/#primaryimage"},"datePublished":"2023-08-02T08:42:04+00:00","dateModified":"2023-08-02T08:42:04+00:00","author":{"@id":"https:\/\/www.nettali.com\/#\/schema\/person\/418274a86bdf87caff7a3ef476bd0bbf"},"breadcrumb":{"@id":"https:\/\/www.nettali.com\/2023\/08\/02\/en-coulisses-le-depute-ayib-daffe-dechire-le-decret-de-dissolution-du-pastef\/#breadcrumb"},"inLanguage":"fr-FR","potentialAction":[{"@type":"ReadAction","target":["https:\/\/www.nettali.com\/2023\/08\/02\/en-coulisses-le-depute-ayib-daffe-dechire-le-decret-de-dissolution-du-pastef\/"]}]},{"@type":"BreadcrumbList","@id":"https:\/\/www.nettali.com\/2023\/08\/02\/en-coulisses-le-depute-ayib-daffe-dechire-le-decret-de-dissolution-du-pastef\/#breadcrumb","itemListElement":[{"@type":"ListItem","position":1,"name":"Accueil","item":"https:\/\/www.nettali.com\/"},{"@type":"ListItem","position":2,"name":"EN COULISSES - Le D\u00e9put\u00e9 Ayib Daff\u00e9 \"d\u00e9chire\" le d\u00e9cret\u00a0de dissolution du Pastef"}]},{"@type":"Person","@id":"https:\/\/www.nettali.com\/#\/schema\/person\/418274a86bdf87caff7a3ef476bd0bbf","name":"Fatou","image":{"@type":"ImageObject","@id":"https:\/\/www.nettali.com\/#personlogo","inLanguage":"fr-FR","url":"https:\/\/secure.gravatar.com\/avatar\/5a9442a2bee7b4dcf167cab035858e9a?s=96&d=mm&r=g","contentUrl":"https:\/\/secure.gravatar.com\/avatar\/5a9442a2bee7b4dcf167cab035858e9a?s=96&d=mm&r=g","caption":"Fatou"},"sameAs":["https:\/\/www.nettali.com"]}]}},"_links":{"self":[{"href":"https:\/\/www.nettali.com\/rest\/wp\/v2\/posts\/115342"}],"collection":[{"href":"https:\/\/www.nettali.com\/rest\/wp\/v2\/posts"}],"about":[{"href":"https:\/\/www.nettali.com\/rest\/wp\/v2\/types\/post"}],"author":[{"embeddable":true,"href":"https:\/\/www.nettali.com\/rest\/wp\/v2\/users\/6"}],"replies":[{"embeddable":true,"href":"https:\/\/www.nettali.com\/rest\/wp\/v2\/comments?post=115342"}],"version-history":[{"count":3,"href":"https:\/\/www.nettali.com\/rest\/wp\/v2\/posts\/115342\/revisions"}],"predecessor-version":[{"id":115362,"href":"https:\/\/www.nettali.com\/rest\/wp\/v2\/posts\/115342\/revisions\/115362"}],"wp:featuredmedia":[{"embeddable":true,"href":"https:\/\/www.nettali.com\/rest\/wp\/v2\/media\/115366"}],"wp:attachment":[{"href":"https:\/\/www.nettali.com\/rest\/wp\/v2\/media?parent=115342"}],"wp:term":[{"taxonomy":"category","embeddable":true,"href":"https:\/\/www.nettali.com\/rest\/wp\/v2\/categories?post=115342"},{"taxonomy":"post_tag","embeddable":true,"href":"https:\/\/www.nettali.com\/rest\/wp\/v2\/tags?post=115342"}],"curies":[{"name":"wp","href":"https:\/\/api.w.org\/{rel}","templated":true}]}}