{"id":115298,"date":"2023-08-01T16:14:15","date_gmt":"2023-08-01T16:14:15","guid":{"rendered":"https:\/\/www.nettali.com\/?p=115298"},"modified":"2023-08-01T20:09:01","modified_gmt":"2023-08-01T20:09:01","slug":"le-maire-des-parcelles-assainies-arrete-par-la-dic","status":"publish","type":"post","link":"https:\/\/www.nettali.com\/2023\/08\/01\/le-maire-des-parcelles-assainies-arrete-par-la-dic\/","title":{"rendered":"PARCELLES ASSAINIES - Le maire Djamil San\u00e9 arr\u00eat\u00e9 par la Dic"},"content":{"rendered":"<p><strong><span style=\"font-size: 16px;\">NETTALI.COM - La vague d'arrestations se poursuit. En effet, sur instruction du Procureur de la R\u00e9publique, le maire des Parcelles assainies a \u00e9t\u00e9 arr\u00eat\u00e9 par les policiers.<\/span><\/strong><\/p>\n<div><span style=\"font-size: 16px;\">Sur instruction du Procureur, la Division des Investigations Criminelles (DIC)\u00a0 vient de mettre la main sur le maire des Parcelles-Assainies.<\/span><\/div>\n<div><span style=\"font-size: 16px;\">\u00a0<\/span><\/div>\n<div><span style=\"font-size: 16px;\">Aboubacar Djamil San\u00e9, membre fondateur du parti Pastef\/Les patriotes, est actuellement dans les locaux de la Division des investigations criminelles (Dic). Le procureur lui reproche\u00a0 d'avoir men\u00e9 les manifestations qui se sont d\u00e9roul\u00e9es dans la commune des Parcelles-Assainies.<\/span><\/div>\n<div class='share-to-whatsapp-wrapper'><div class='share-on-whsp'>PARTAGER SUR : <\/div><a data-text='PARCELLES ASSAINIES - Le maire Djamil San\u00e9 arr\u00eat\u00e9 par la Dic' data-link='https:\/\/www.nettali.com\/2023\/08\/01\/le-maire-des-parcelles-assainies-arrete-par-la-dic\/' class='whatsapp-button whatsapp-share'>WhatsApp<\/a><div class='clear '><\/div><\/div>","protected":false},"excerpt":{"rendered":"<p>NETTALI.COM - La vague d'arrestations se poursuit. En effet, sur instruction du Procureur de la R\u00e9publique, le maire des Parcelles assainies a \u00e9t\u00e9 arr\u00eat\u00e9 par les policiers. Sur instruction du Procureur, la Division des Investigations Criminelles (DIC)\u00a0 vient de mettre la main sur le maire des Parcelles-Assainies. \u00a0 Aboubacar Djamil San\u00e9, membre fondateur du parti [&hellip;]<\/p>\n","protected":false},"author":4,"featured_media":115299,"comment_status":"open","ping_status":"open","sticky":false,"template":"","format":"standard","meta":{"_et_pb_use_builder":"","_et_pb_old_content":""},"categories":[3],"tags":[],"yoast_head":"<!-- This site is optimized with the Yoast SEO Premium plugin v17.8 (Yoast SEO v17.8) - https:\/\/yoast.com\/wordpress\/plugins\/seo\/ -->\n<title>PARCELLES ASSAINIES - Le maire Djamil San\u00e9 arr\u00eat\u00e9 par la Dic | Nettali.com<\/title>\n<meta name=\"robots\" content=\"index, follow, max-snippet:-1, max-image-preview:large, max-video-preview:-1\" \/>\n<link rel=\"canonical\" href=\"https:\/\/www.nettali.com\/2023\/08\/01\/le-maire-des-parcelles-assainies-arrete-par-la-dic\/\" \/>\n<meta property=\"og:locale\" content=\"fr_FR\" \/>\n<meta property=\"og:type\" content=\"article\" \/>\n<meta property=\"og:title\" content=\"PARCELLES ASSAINIES - Le maire Djamil San\u00e9 arr\u00eat\u00e9 par la Dic\" \/>\n<meta property=\"og:description\" content=\"NETTALI.COM - La vague d&#039;arrestations se poursuit. En effet, sur instruction du Procureur de la R\u00e9publique, le maire des Parcelles assainies a \u00e9t\u00e9 arr\u00eat\u00e9 par les policiers. Sur instruction du Procureur, la Division des Investigations Criminelles (DIC)\u00a0 vient de mettre la main sur le maire des Parcelles-Assainies. \u00a0 Aboubacar Djamil San\u00e9, membre fondateur du parti [&hellip;]\" \/>\n<meta property=\"og:url\" content=\"https:\/\/www.nettali.com\/2023\/08\/01\/le-maire-des-parcelles-assainies-arrete-par-la-dic\/\" \/>\n<meta property=\"og:site_name\" content=\"Nettali.com\" \/>\n<meta property=\"article:publisher\" content=\"https:\/\/www.facebook.com\/nettalicom\" \/>\n<meta property=\"article:published_time\" content=\"2023-08-01T16:14:15+00:00\" \/>\n<meta property=\"article:modified_time\" content=\"2023-08-01T20:09:01+00:00\" \/>\n<meta property=\"og:image\" content=\"https:\/\/www.nettali.com\/wp-content\/uploads\/2023\/08\/djamil_sane-e1690906445207.jpeg\" \/>\n\t<meta property=\"og:image:width\" content=\"758\" \/>\n\t<meta property=\"og:image:height\" content=\"490\" \/>\n<meta name=\"twitter:card\" content=\"summary_large_image\" \/>\n<meta name=\"twitter:label1\" content=\"\u00c9crit par\" \/>\n\t<meta name=\"twitter:data1\" content=\"Daouda\" \/>\n\t<meta name=\"twitter:label2\" content=\"Dur\u00e9e de lecture estim\u00e9e\" \/>\n\t<meta name=\"twitter:data2\" content=\"1 minute\" \/>\n<script type=\"application\/ld+json\" class=\"yoast-schema-graph\">{\"@context\":\"https:\/\/schema.org\",\"@graph\":[{\"@type\":\"WebSite\",\"@id\":\"https:\/\/www.nettali.com\/#website\",\"url\":\"https:\/\/www.nettali.com\/\",\"name\":\"Nettali.com\",\"description\":\"Le rendez-vous critique du Net\",\"potentialAction\":[{\"@type\":\"SearchAction\",\"target\":{\"@type\":\"EntryPoint\",\"urlTemplate\":\"https:\/\/www.nettali.com\/?s={search_term_string}\"},\"query-input\":\"required name=search_term_string\"}],\"inLanguage\":\"fr-FR\"},{\"@type\":\"ImageObject\",\"@id\":\"https:\/\/www.nettali.com\/2023\/08\/01\/le-maire-des-parcelles-assainies-arrete-par-la-dic\/#primaryimage\",\"inLanguage\":\"fr-FR\",\"url\":\"https:\/\/www.nettali.com\/wp-content\/uploads\/2023\/08\/djamil_sane-e1690906445207.jpeg\",\"contentUrl\":\"https:\/\/www.nettali.com\/wp-content\/uploads\/2023\/08\/djamil_sane-e1690906445207.jpeg\",\"width\":758,\"height\":490},{\"@type\":\"WebPage\",\"@id\":\"https:\/\/www.nettali.com\/2023\/08\/01\/le-maire-des-parcelles-assainies-arrete-par-la-dic\/#webpage\",\"url\":\"https:\/\/www.nettali.com\/2023\/08\/01\/le-maire-des-parcelles-assainies-arrete-par-la-dic\/\",\"name\":\"PARCELLES ASSAINIES - Le maire Djamil San\\u00e9 arr\\u00eat\\u00e9 par la Dic | Nettali.com\",\"isPartOf\":{\"@id\":\"https:\/\/www.nettali.com\/#website\"},\"primaryImageOfPage\":{\"@id\":\"https:\/\/www.nettali.com\/2023\/08\/01\/le-maire-des-parcelles-assainies-arrete-par-la-dic\/#primaryimage\"},\"datePublished\":\"2023-08-01T16:14:15+00:00\",\"dateModified\":\"2023-08-01T20:09:01+00:00\",\"author\":{\"@id\":\"https:\/\/www.nettali.com\/#\/schema\/person\/3317e0bb3aa1da309fbf7b2780901bf4\"},\"breadcrumb\":{\"@id\":\"https:\/\/www.nettali.com\/2023\/08\/01\/le-maire-des-parcelles-assainies-arrete-par-la-dic\/#breadcrumb\"},\"inLanguage\":\"fr-FR\",\"potentialAction\":[{\"@type\":\"ReadAction\",\"target\":[\"https:\/\/www.nettali.com\/2023\/08\/01\/le-maire-des-parcelles-assainies-arrete-par-la-dic\/\"]}]},{\"@type\":\"BreadcrumbList\",\"@id\":\"https:\/\/www.nettali.com\/2023\/08\/01\/le-maire-des-parcelles-assainies-arrete-par-la-dic\/#breadcrumb\",\"itemListElement\":[{\"@type\":\"ListItem\",\"position\":1,\"name\":\"Accueil\",\"item\":\"https:\/\/www.nettali.com\/\"},{\"@type\":\"ListItem\",\"position\":2,\"name\":\"PARCELLES ASSAINIES - Le maire Djamil San\\u00e9 arr\\u00eat\\u00e9 par la Dic\"}]},{\"@type\":\"Person\",\"@id\":\"https:\/\/www.nettali.com\/#\/schema\/person\/3317e0bb3aa1da309fbf7b2780901bf4\",\"name\":\"Daouda\",\"image\":{\"@type\":\"ImageObject\",\"@id\":\"https:\/\/www.nettali.com\/#personlogo\",\"inLanguage\":\"fr-FR\",\"url\":\"https:\/\/secure.gravatar.com\/avatar\/8d143b5a49345098ddcfee1c49c2f47c?s=96&d=mm&r=g\",\"contentUrl\":\"https:\/\/secure.gravatar.com\/avatar\/8d143b5a49345098ddcfee1c49c2f47c?s=96&d=mm&r=g\",\"caption\":\"Daouda\"},\"sameAs\":[\"https:\/\/www.nettali.com\"]}]}<\/script>\n<!-- \/ Yoast SEO Premium plugin. -->","yoast_head_json":{"title":"PARCELLES ASSAINIES - Le maire Djamil San\u00e9 arr\u00eat\u00e9 par la Dic | Nettali.com","robots":{"index":"index","follow":"follow","max-snippet":"max-snippet:-1","max-image-preview":"max-image-preview:large","max-video-preview":"max-video-preview:-1"},"canonical":"https:\/\/www.nettali.com\/2023\/08\/01\/le-maire-des-parcelles-assainies-arrete-par-la-dic\/","og_locale":"fr_FR","og_type":"article","og_title":"PARCELLES ASSAINIES - Le maire Djamil San\u00e9 arr\u00eat\u00e9 par la Dic","og_description":"NETTALI.COM - La vague d'arrestations se poursuit. En effet, sur instruction du Procureur de la R\u00e9publique, le maire des Parcelles assainies a \u00e9t\u00e9 arr\u00eat\u00e9 par les policiers. Sur instruction du Procureur, la Division des Investigations Criminelles (DIC)\u00a0 vient de mettre la main sur le maire des Parcelles-Assainies. \u00a0 Aboubacar Djamil San\u00e9, membre fondateur du parti [&hellip;]","og_url":"https:\/\/www.nettali.com\/2023\/08\/01\/le-maire-des-parcelles-assainies-arrete-par-la-dic\/","og_site_name":"Nettali.com","article_publisher":"https:\/\/www.facebook.com\/nettalicom","article_published_time":"2023-08-01T16:14:15+00:00","article_modified_time":"2023-08-01T20:09:01+00:00","og_image":[{"width":758,"height":490,"url":"https:\/\/www.nettali.com\/wp-content\/uploads\/2023\/08\/djamil_sane-e1690906445207.jpeg","type":"image\/jpeg"}],"twitter_card":"summary_large_image","twitter_misc":{"\u00c9crit par":"Daouda","Dur\u00e9e de lecture estim\u00e9e":"1 minute"},"schema":{"@context":"https:\/\/schema.org","@graph":[{"@type":"WebSite","@id":"https:\/\/www.nettali.com\/#website","url":"https:\/\/www.nettali.com\/","name":"Nettali.com","description":"Le rendez-vous critique du Net","potentialAction":[{"@type":"SearchAction","target":{"@type":"EntryPoint","urlTemplate":"https:\/\/www.nettali.com\/?s={search_term_string}"},"query-input":"required name=search_term_string"}],"inLanguage":"fr-FR"},{"@type":"ImageObject","@id":"https:\/\/www.nettali.com\/2023\/08\/01\/le-maire-des-parcelles-assainies-arrete-par-la-dic\/#primaryimage","inLanguage":"fr-FR","url":"https:\/\/www.nettali.com\/wp-content\/uploads\/2023\/08\/djamil_sane-e1690906445207.jpeg","contentUrl":"https:\/\/www.nettali.com\/wp-content\/uploads\/2023\/08\/djamil_sane-e1690906445207.jpeg","width":758,"height":490},{"@type":"WebPage","@id":"https:\/\/www.nettali.com\/2023\/08\/01\/le-maire-des-parcelles-assainies-arrete-par-la-dic\/#webpage","url":"https:\/\/www.nettali.com\/2023\/08\/01\/le-maire-des-parcelles-assainies-arrete-par-la-dic\/","name":"PARCELLES ASSAINIES - Le maire Djamil San\u00e9 arr\u00eat\u00e9 par la Dic | Nettali.com","isPartOf":{"@id":"https:\/\/www.nettali.com\/#website"},"primaryImageOfPage":{"@id":"https:\/\/www.nettali.com\/2023\/08\/01\/le-maire-des-parcelles-assainies-arrete-par-la-dic\/#primaryimage"},"datePublished":"2023-08-01T16:14:15+00:00","dateModified":"2023-08-01T20:09:01+00:00","author":{"@id":"https:\/\/www.nettali.com\/#\/schema\/person\/3317e0bb3aa1da309fbf7b2780901bf4"},"breadcrumb":{"@id":"https:\/\/www.nettali.com\/2023\/08\/01\/le-maire-des-parcelles-assainies-arrete-par-la-dic\/#breadcrumb"},"inLanguage":"fr-FR","potentialAction":[{"@type":"ReadAction","target":["https:\/\/www.nettali.com\/2023\/08\/01\/le-maire-des-parcelles-assainies-arrete-par-la-dic\/"]}]},{"@type":"BreadcrumbList","@id":"https:\/\/www.nettali.com\/2023\/08\/01\/le-maire-des-parcelles-assainies-arrete-par-la-dic\/#breadcrumb","itemListElement":[{"@type":"ListItem","position":1,"name":"Accueil","item":"https:\/\/www.nettali.com\/"},{"@type":"ListItem","position":2,"name":"PARCELLES ASSAINIES - Le maire Djamil San\u00e9 arr\u00eat\u00e9 par la Dic"}]},{"@type":"Person","@id":"https:\/\/www.nettali.com\/#\/schema\/person\/3317e0bb3aa1da309fbf7b2780901bf4","name":"Daouda","image":{"@type":"ImageObject","@id":"https:\/\/www.nettali.com\/#personlogo","inLanguage":"fr-FR","url":"https:\/\/secure.gravatar.com\/avatar\/8d143b5a49345098ddcfee1c49c2f47c?s=96&d=mm&r=g","contentUrl":"https:\/\/secure.gravatar.com\/avatar\/8d143b5a49345098ddcfee1c49c2f47c?s=96&d=mm&r=g","caption":"Daouda"},"sameAs":["https:\/\/www.nettali.com"]}]}},"_links":{"self":[{"href":"https:\/\/www.nettali.com\/rest\/wp\/v2\/posts\/115298"}],"collection":[{"href":"https:\/\/www.nettali.com\/rest\/wp\/v2\/posts"}],"about":[{"href":"https:\/\/www.nettali.com\/rest\/wp\/v2\/types\/post"}],"author":[{"embeddable":true,"href":"https:\/\/www.nettali.com\/rest\/wp\/v2\/users\/4"}],"replies":[{"embeddable":true,"href":"https:\/\/www.nettali.com\/rest\/wp\/v2\/comments?post=115298"}],"version-history":[{"count":2,"href":"https:\/\/www.nettali.com\/rest\/wp\/v2\/posts\/115298\/revisions"}],"predecessor-version":[{"id":115343,"href":"https:\/\/www.nettali.com\/rest\/wp\/v2\/posts\/115298\/revisions\/115343"}],"wp:featuredmedia":[{"embeddable":true,"href":"https:\/\/www.nettali.com\/rest\/wp\/v2\/media\/115299"}],"wp:attachment":[{"href":"https:\/\/www.nettali.com\/rest\/wp\/v2\/media?parent=115298"}],"wp:term":[{"taxonomy":"category","embeddable":true,"href":"https:\/\/www.nettali.com\/rest\/wp\/v2\/categories?post=115298"},{"taxonomy":"post_tag","embeddable":true,"href":"https:\/\/www.nettali.com\/rest\/wp\/v2\/tags?post=115298"}],"curies":[{"name":"wp","href":"https:\/\/api.w.org\/{rel}","templated":true}]}}