{"id":115249,"date":"2023-07-31T21:36:55","date_gmt":"2023-07-31T21:36:55","guid":{"rendered":"https:\/\/www.nettali.com\/?p=115249"},"modified":"2023-08-01T20:04:26","modified_gmt":"2023-08-01T20:04:26","slug":"manifestations-2-morts-a-ziguinchor","status":"publish","type":"post","link":"https:\/\/www.nettali.com\/2023\/07\/31\/manifestations-2-morts-a-ziguinchor\/","title":{"rendered":"MANIFESTATIONS -  2 morts \u00e0 Ziguinchor"},"content":{"rendered":"<p><strong>NETTALI.COM - Deux jeunes ont succomb\u00e9 \u00e0 leurs blessures, lundi, \u00e0 la suite des manifestations violentes qui ont \u00e9clat\u00e9 dans les rues de Ziguinchor (sud), apr\u00e8s le placement sous mandat de d\u00e9p\u00f4t de l\u2019opposant Ousmane Sonko, leader de l\u2019ex parti Pastef les Patriotes.<\/strong><\/p>\n<p>La premi\u00e8re victime, qui \u00e9tait admise dans un h\u00f4pital, a succomb\u00e9 \u00e0 ses blessures apr\u00e8s avoir \u00e9t\u00e9 bless\u00e9e dans ces manifestations.<\/p>\n<p>La seconde personne d\u00e9c\u00e9d\u00e9e a rendu l\u2019\u00e2me au moment de son \u00e9vacuation vers une structure sanitaire, a indiqu\u00e9 \u00e0 l\u2019APS une source hospitali\u00e8re.<\/p>\n<p>De violentes manifestations ont \u00e9clat\u00e9 cet apr\u00e8s-midi \u00e0 Ziguinchor, ville dont Ousmane Sonko est le maire.<\/p>\n<p>Les principales art\u00e8res de la ville sont barricad\u00e9es. Des d\u00e9bris de briques, des branches d\u2019arbres, des poubelles et des tas d\u2019immondices obstruent les art\u00e8res principales de la principale ville du sud. La circulation est fortement ralentie, voire \u00e0 l\u2019arr\u00eat.<\/p>\n<p>Trois personnes ont \u00e9t\u00e9 bless\u00e9es dans les \u00e9chauffour\u00e9es. Six autres ont \u00e9t\u00e9 interpel\u00e9es, selon une source polici\u00e8re.<\/p>\n<div class='share-to-whatsapp-wrapper'><div class='share-on-whsp'>PARTAGER SUR : <\/div><a data-text='MANIFESTATIONS -  2 morts \u00e0 Ziguinchor' data-link='https:\/\/www.nettali.com\/2023\/07\/31\/manifestations-2-morts-a-ziguinchor\/' class='whatsapp-button whatsapp-share'>WhatsApp<\/a><div class='clear '><\/div><\/div>","protected":false},"excerpt":{"rendered":"<p>NETTALI.COM - Deux jeunes ont succomb\u00e9 \u00e0 leurs blessures, lundi, \u00e0 la suite des manifestations violentes qui ont \u00e9clat\u00e9 dans les rues de Ziguinchor (sud), apr\u00e8s le placement sous mandat de d\u00e9p\u00f4t de l\u2019opposant Ousmane Sonko, leader de l\u2019ex parti Pastef les Patriotes. La premi\u00e8re victime, qui \u00e9tait admise dans un h\u00f4pital, a succomb\u00e9 \u00e0 [&hellip;]<\/p>\n","protected":false},"author":4,"featured_media":106262,"comment_status":"open","ping_status":"open","sticky":false,"template":"","format":"standard","meta":{"_et_pb_use_builder":"","_et_pb_old_content":""},"categories":[3],"tags":[],"yoast_head":"<!-- This site is optimized with the Yoast SEO Premium plugin v17.8 (Yoast SEO v17.8) - https:\/\/yoast.com\/wordpress\/plugins\/seo\/ -->\n<title>MANIFESTATIONS - 2 morts \u00e0 Ziguinchor | Nettali.com<\/title>\n<meta name=\"robots\" content=\"index, follow, max-snippet:-1, max-image-preview:large, max-video-preview:-1\" \/>\n<link rel=\"canonical\" href=\"https:\/\/www.nettali.com\/2023\/07\/31\/manifestations-2-morts-a-ziguinchor\/\" \/>\n<meta property=\"og:locale\" content=\"fr_FR\" \/>\n<meta property=\"og:type\" content=\"article\" \/>\n<meta property=\"og:title\" content=\"MANIFESTATIONS - 2 morts \u00e0 Ziguinchor\" \/>\n<meta property=\"og:description\" content=\"NETTALI.COM - Deux jeunes ont succomb\u00e9 \u00e0 leurs blessures, lundi, \u00e0 la suite des manifestations violentes qui ont \u00e9clat\u00e9 dans les rues de Ziguinchor (sud), apr\u00e8s le placement sous mandat de d\u00e9p\u00f4t de l\u2019opposant Ousmane Sonko, leader de l\u2019ex parti Pastef les Patriotes. La premi\u00e8re victime, qui \u00e9tait admise dans un h\u00f4pital, a succomb\u00e9 \u00e0 [&hellip;]\" \/>\n<meta property=\"og:url\" content=\"https:\/\/www.nettali.com\/2023\/07\/31\/manifestations-2-morts-a-ziguinchor\/\" \/>\n<meta property=\"og:site_name\" content=\"Nettali.com\" \/>\n<meta property=\"article:publisher\" content=\"https:\/\/www.facebook.com\/nettalicom\" \/>\n<meta property=\"article:published_time\" content=\"2023-07-31T21:36:55+00:00\" \/>\n<meta property=\"article:modified_time\" content=\"2023-08-01T20:04:26+00:00\" \/>\n<meta property=\"og:image\" content=\"https:\/\/www.nettali.com\/wp-content\/uploads\/2023\/03\/manifDakar.jpeg\" \/>\n\t<meta property=\"og:image:width\" content=\"1024\" \/>\n\t<meta property=\"og:image:height\" content=\"683\" \/>\n<meta name=\"twitter:card\" content=\"summary_large_image\" \/>\n<meta name=\"twitter:label1\" content=\"\u00c9crit par\" \/>\n\t<meta name=\"twitter:data1\" content=\"Daouda\" \/>\n\t<meta name=\"twitter:label2\" content=\"Dur\u00e9e de lecture estim\u00e9e\" \/>\n\t<meta name=\"twitter:data2\" content=\"1 minute\" \/>\n<script type=\"application\/ld+json\" class=\"yoast-schema-graph\">{\"@context\":\"https:\/\/schema.org\",\"@graph\":[{\"@type\":\"WebSite\",\"@id\":\"https:\/\/www.nettali.com\/#website\",\"url\":\"https:\/\/www.nettali.com\/\",\"name\":\"Nettali.com\",\"description\":\"Le rendez-vous critique du Net\",\"potentialAction\":[{\"@type\":\"SearchAction\",\"target\":{\"@type\":\"EntryPoint\",\"urlTemplate\":\"https:\/\/www.nettali.com\/?s={search_term_string}\"},\"query-input\":\"required name=search_term_string\"}],\"inLanguage\":\"fr-FR\"},{\"@type\":\"ImageObject\",\"@id\":\"https:\/\/www.nettali.com\/2023\/07\/31\/manifestations-2-morts-a-ziguinchor\/#primaryimage\",\"inLanguage\":\"fr-FR\",\"url\":\"https:\/\/www.nettali.com\/wp-content\/uploads\/2023\/03\/manifDakar.jpeg\",\"contentUrl\":\"https:\/\/www.nettali.com\/wp-content\/uploads\/2023\/03\/manifDakar.jpeg\",\"width\":1024,\"height\":683,\"caption\":\"FILE - In this March 5, 2021 file photo, demonstrators throw rocks at riot policemen during protests against the arrest of opposition leader and former presidential candidate Ousmane Sonko in Dakar, Senegal. Deadly protests have erupted over the past week in the West African nation of Senegal, long considered a bastion of democracy and a regional leader on diplomacy issues. (AP Photo\/Leo Correa, file)\"},{\"@type\":\"WebPage\",\"@id\":\"https:\/\/www.nettali.com\/2023\/07\/31\/manifestations-2-morts-a-ziguinchor\/#webpage\",\"url\":\"https:\/\/www.nettali.com\/2023\/07\/31\/manifestations-2-morts-a-ziguinchor\/\",\"name\":\"MANIFESTATIONS - 2 morts \\u00e0 Ziguinchor | Nettali.com\",\"isPartOf\":{\"@id\":\"https:\/\/www.nettali.com\/#website\"},\"primaryImageOfPage\":{\"@id\":\"https:\/\/www.nettali.com\/2023\/07\/31\/manifestations-2-morts-a-ziguinchor\/#primaryimage\"},\"datePublished\":\"2023-07-31T21:36:55+00:00\",\"dateModified\":\"2023-08-01T20:04:26+00:00\",\"author\":{\"@id\":\"https:\/\/www.nettali.com\/#\/schema\/person\/3317e0bb3aa1da309fbf7b2780901bf4\"},\"breadcrumb\":{\"@id\":\"https:\/\/www.nettali.com\/2023\/07\/31\/manifestations-2-morts-a-ziguinchor\/#breadcrumb\"},\"inLanguage\":\"fr-FR\",\"potentialAction\":[{\"@type\":\"ReadAction\",\"target\":[\"https:\/\/www.nettali.com\/2023\/07\/31\/manifestations-2-morts-a-ziguinchor\/\"]}]},{\"@type\":\"BreadcrumbList\",\"@id\":\"https:\/\/www.nettali.com\/2023\/07\/31\/manifestations-2-morts-a-ziguinchor\/#breadcrumb\",\"itemListElement\":[{\"@type\":\"ListItem\",\"position\":1,\"name\":\"Accueil\",\"item\":\"https:\/\/www.nettali.com\/\"},{\"@type\":\"ListItem\",\"position\":2,\"name\":\"MANIFESTATIONS - 2 morts \\u00e0 Ziguinchor\"}]},{\"@type\":\"Person\",\"@id\":\"https:\/\/www.nettali.com\/#\/schema\/person\/3317e0bb3aa1da309fbf7b2780901bf4\",\"name\":\"Daouda\",\"image\":{\"@type\":\"ImageObject\",\"@id\":\"https:\/\/www.nettali.com\/#personlogo\",\"inLanguage\":\"fr-FR\",\"url\":\"https:\/\/secure.gravatar.com\/avatar\/8d143b5a49345098ddcfee1c49c2f47c?s=96&d=mm&r=g\",\"contentUrl\":\"https:\/\/secure.gravatar.com\/avatar\/8d143b5a49345098ddcfee1c49c2f47c?s=96&d=mm&r=g\",\"caption\":\"Daouda\"},\"sameAs\":[\"https:\/\/www.nettali.com\"]}]}<\/script>\n<!-- \/ Yoast SEO Premium plugin. -->","yoast_head_json":{"title":"MANIFESTATIONS - 2 morts \u00e0 Ziguinchor | Nettali.com","robots":{"index":"index","follow":"follow","max-snippet":"max-snippet:-1","max-image-preview":"max-image-preview:large","max-video-preview":"max-video-preview:-1"},"canonical":"https:\/\/www.nettali.com\/2023\/07\/31\/manifestations-2-morts-a-ziguinchor\/","og_locale":"fr_FR","og_type":"article","og_title":"MANIFESTATIONS - 2 morts \u00e0 Ziguinchor","og_description":"NETTALI.COM - Deux jeunes ont succomb\u00e9 \u00e0 leurs blessures, lundi, \u00e0 la suite des manifestations violentes qui ont \u00e9clat\u00e9 dans les rues de Ziguinchor (sud), apr\u00e8s le placement sous mandat de d\u00e9p\u00f4t de l\u2019opposant Ousmane Sonko, leader de l\u2019ex parti Pastef les Patriotes. La premi\u00e8re victime, qui \u00e9tait admise dans un h\u00f4pital, a succomb\u00e9 \u00e0 [&hellip;]","og_url":"https:\/\/www.nettali.com\/2023\/07\/31\/manifestations-2-morts-a-ziguinchor\/","og_site_name":"Nettali.com","article_publisher":"https:\/\/www.facebook.com\/nettalicom","article_published_time":"2023-07-31T21:36:55+00:00","article_modified_time":"2023-08-01T20:04:26+00:00","og_image":[{"width":1024,"height":683,"url":"https:\/\/www.nettali.com\/wp-content\/uploads\/2023\/03\/manifDakar.jpeg","type":"image\/jpeg"}],"twitter_card":"summary_large_image","twitter_misc":{"\u00c9crit par":"Daouda","Dur\u00e9e de lecture estim\u00e9e":"1 minute"},"schema":{"@context":"https:\/\/schema.org","@graph":[{"@type":"WebSite","@id":"https:\/\/www.nettali.com\/#website","url":"https:\/\/www.nettali.com\/","name":"Nettali.com","description":"Le rendez-vous critique du Net","potentialAction":[{"@type":"SearchAction","target":{"@type":"EntryPoint","urlTemplate":"https:\/\/www.nettali.com\/?s={search_term_string}"},"query-input":"required name=search_term_string"}],"inLanguage":"fr-FR"},{"@type":"ImageObject","@id":"https:\/\/www.nettali.com\/2023\/07\/31\/manifestations-2-morts-a-ziguinchor\/#primaryimage","inLanguage":"fr-FR","url":"https:\/\/www.nettali.com\/wp-content\/uploads\/2023\/03\/manifDakar.jpeg","contentUrl":"https:\/\/www.nettali.com\/wp-content\/uploads\/2023\/03\/manifDakar.jpeg","width":1024,"height":683,"caption":"FILE - In this March 5, 2021 file photo, demonstrators throw rocks at riot policemen during protests against the arrest of opposition leader and former presidential candidate Ousmane Sonko in Dakar, Senegal. Deadly protests have erupted over the past week in the West African nation of Senegal, long considered a bastion of democracy and a regional leader on diplomacy issues. (AP Photo\/Leo Correa, file)"},{"@type":"WebPage","@id":"https:\/\/www.nettali.com\/2023\/07\/31\/manifestations-2-morts-a-ziguinchor\/#webpage","url":"https:\/\/www.nettali.com\/2023\/07\/31\/manifestations-2-morts-a-ziguinchor\/","name":"MANIFESTATIONS - 2 morts \u00e0 Ziguinchor | Nettali.com","isPartOf":{"@id":"https:\/\/www.nettali.com\/#website"},"primaryImageOfPage":{"@id":"https:\/\/www.nettali.com\/2023\/07\/31\/manifestations-2-morts-a-ziguinchor\/#primaryimage"},"datePublished":"2023-07-31T21:36:55+00:00","dateModified":"2023-08-01T20:04:26+00:00","author":{"@id":"https:\/\/www.nettali.com\/#\/schema\/person\/3317e0bb3aa1da309fbf7b2780901bf4"},"breadcrumb":{"@id":"https:\/\/www.nettali.com\/2023\/07\/31\/manifestations-2-morts-a-ziguinchor\/#breadcrumb"},"inLanguage":"fr-FR","potentialAction":[{"@type":"ReadAction","target":["https:\/\/www.nettali.com\/2023\/07\/31\/manifestations-2-morts-a-ziguinchor\/"]}]},{"@type":"BreadcrumbList","@id":"https:\/\/www.nettali.com\/2023\/07\/31\/manifestations-2-morts-a-ziguinchor\/#breadcrumb","itemListElement":[{"@type":"ListItem","position":1,"name":"Accueil","item":"https:\/\/www.nettali.com\/"},{"@type":"ListItem","position":2,"name":"MANIFESTATIONS - 2 morts \u00e0 Ziguinchor"}]},{"@type":"Person","@id":"https:\/\/www.nettali.com\/#\/schema\/person\/3317e0bb3aa1da309fbf7b2780901bf4","name":"Daouda","image":{"@type":"ImageObject","@id":"https:\/\/www.nettali.com\/#personlogo","inLanguage":"fr-FR","url":"https:\/\/secure.gravatar.com\/avatar\/8d143b5a49345098ddcfee1c49c2f47c?s=96&d=mm&r=g","contentUrl":"https:\/\/secure.gravatar.com\/avatar\/8d143b5a49345098ddcfee1c49c2f47c?s=96&d=mm&r=g","caption":"Daouda"},"sameAs":["https:\/\/www.nettali.com"]}]}},"_links":{"self":[{"href":"https:\/\/www.nettali.com\/rest\/wp\/v2\/posts\/115249"}],"collection":[{"href":"https:\/\/www.nettali.com\/rest\/wp\/v2\/posts"}],"about":[{"href":"https:\/\/www.nettali.com\/rest\/wp\/v2\/types\/post"}],"author":[{"embeddable":true,"href":"https:\/\/www.nettali.com\/rest\/wp\/v2\/users\/4"}],"replies":[{"embeddable":true,"href":"https:\/\/www.nettali.com\/rest\/wp\/v2\/comments?post=115249"}],"version-history":[{"count":2,"href":"https:\/\/www.nettali.com\/rest\/wp\/v2\/posts\/115249\/revisions"}],"predecessor-version":[{"id":115341,"href":"https:\/\/www.nettali.com\/rest\/wp\/v2\/posts\/115249\/revisions\/115341"}],"wp:featuredmedia":[{"embeddable":true,"href":"https:\/\/www.nettali.com\/rest\/wp\/v2\/media\/106262"}],"wp:attachment":[{"href":"https:\/\/www.nettali.com\/rest\/wp\/v2\/media?parent=115249"}],"wp:term":[{"taxonomy":"category","embeddable":true,"href":"https:\/\/www.nettali.com\/rest\/wp\/v2\/categories?post=115249"},{"taxonomy":"post_tag","embeddable":true,"href":"https:\/\/www.nettali.com\/rest\/wp\/v2\/tags?post=115249"}],"curies":[{"name":"wp","href":"https:\/\/api.w.org\/{rel}","templated":true}]}}