{"id":115228,"date":"2023-07-31T21:40:39","date_gmt":"2023-07-31T21:40:39","guid":{"rendered":"https:\/\/www.nettali.com\/?p=115228"},"modified":"2023-07-31T21:40:39","modified_gmt":"2023-07-31T21:40:39","slug":"remise-de-prix-aux-meilleurs-eleves-macky-sall-fustige-la-violence-a-lecole","status":"publish","type":"post","link":"https:\/\/www.nettali.com\/2023\/07\/31\/remise-de-prix-aux-meilleurs-eleves-macky-sall-fustige-la-violence-a-lecole\/","title":{"rendered":"REMISE DE PRIX AUX MEILLEURS ELEVES \u2013 Macky Sall fustige la violence \u00e0 l'\u00e9cole"},"content":{"rendered":"<p style=\"font-weight: 400;\"><strong>NETTALI.COM - Le Chef de l\u2019\u00c9tat a pr\u00e9sid\u00e9, ce lundi 31 juillet 2023, au grand th\u00e9\u00e2tre national, la c\u00e9r\u00e9monie de remise de prix aux meilleurs \u00e9l\u00e8ves du S\u00e9n\u00e9gal. Occasion pour Macky Sall de d\u00e9noncer la violence \u00e0 l'\u00e9cole, notamment les enseignants qui transposent la violence \u00e0 l'\u00e9cole.\u00a0<\/strong><\/p>\n<p style=\"font-weight: 400;\">Les meilleurs \u00e9l\u00e8ves du S\u00e9n\u00e9gal issus du Concours g\u00e9n\u00e9ral ont \u00e9t\u00e9 c\u00e9l\u00e9br\u00e9s. Ce lundi 31 juillet 2023, ils ont re\u00e7u leurs prix. Les deux meilleurs \u00e9l\u00e8ves du S\u00e9n\u00e9gal, Cheikh Diop du lyc\u00e9e scientifique d\u2019excellence de Diourbel, Melle Safi\u00e9tou Kon\u00e9 du Lyc\u00e9e d\u2019excellence Mariama B\u00e2 et leurs camarades r\u00e9cipiendaires ont re\u00e7u les f\u00e9licitations du Chef de l'Etat. Lequel n'a pas manqu\u00e9 de d\u00e9plorer une baisse de performance. \u00ab <em>Bravo pour vos excellents r\u00e9sultats. Je vous en f\u00e9licite. Toutefois, nos brillants r\u00e9cipiendaires du jour ne doivent pas \u00eatre l\u2019arbre qui cache la for\u00eat. Car je remarque que pour plusieurs disciplines, aussi bien qu\u2019en classe de 1\u00e8re et qu'en Terminale, les 1er et 2\u00e8me prix ne sont pas attribu\u00e9s. Il est urgent de r\u00e9fl\u00e9chir sur les causes de ces contre performances afin d\u2019am\u00e9liorer les r\u00e9sultats pour les prochaines \u00e9ditions<\/em> \u00bb a d\u00e9clar\u00e9 le Pr\u00e9sident de la R\u00e9publique venu pr\u00e9sider la c\u00e9r\u00e9monie.<\/p>\n<p style=\"font-weight: 400;\">Il a saisi l\u2019occasion pour exprimer sa grande pr\u00e9occupation \u00e0 une certaine tendance pernicieuse qui consiste \u00e0 d\u00e9tourner l\u2019\u00e9cole de sa vocation d\u2019\u00e9ducation et de formation. \u00ab <em>C\u2019est tr\u00e8s grave qu\u2019un enseignant cens\u00e9 \u00eatre un \u00e9ducateur, abuse de l\u2019ascendance et de l\u2019autorit\u00e9 qu\u2019il a sur ses \u00e9l\u00e8ves en les incitant \u00e0 la violence dans les manifestations de rue. La violence sous toutes ses formes n\u2019a pas sa place dans la soci\u00e9t\u00e9, encore moins \u00e0 l\u2019\u00e9cole et \u00e0 l\u2019universit\u00e9. L\u2019\u00e9cole et l\u2019universit\u00e9 ne sont pas des ar\u00e8nes de gladiateurs. Leur vocation est d\u2019\u00e9duquer et de former des citoyens \u00e9clair\u00e9s et responsables, des b\u00e2tisseurs et non des casseurs<\/em> \u00bb dit-il.<\/p>\n<p style=\"font-weight: 400;\">Il a condamn\u00e9 fermement ces actes inacceptables qui pour lui, ne resteront pas impunis et dont les auteurs sont heureusement minoritaires dans le syst\u00e8me \u00e9ducatif et ne repr\u00e9sentent nullement les enseignants du S\u00e9n\u00e9gal.<\/p>\n<p style=\"font-weight: 400;\">Revenant sur le choix du parrain, le Pr\u00e9sident a motiv\u00e9 les laur\u00e9ats et les laur\u00e9ates, de toujours se souvenir de leur parrain. \u00ab <em>Je suis fier de vous et je vous f\u00e9licite. Vous \u00eates des exemples de notre jeunesse. Pour vous motiver davantage, j'ai voulu vous offrir comme parrain le ministre Daniel Cabou. Un illustre fils de notre pays. Malgr\u00e9 son \u00e2ge et son parcours, vous constatez son humilit\u00e9. Soyez toujours ambitieux et comp\u00e9tents mais aussi humbles. Cultivez le savoir et le savoir-faire sans jamais oublier le savoir \u00eatre, c\u2019est-\u00e0-dire la tenue et la retenue. C\u2019est ce qui fera de vous de grands hommes et de grandes dames<\/em> \u00bb lance-t-il.<\/p>\n<p style=\"font-weight: 400;\">Ainsi, pour mieux promouvoir l\u2019excellence, Macky Sall indique \u00ab <em>nous avons import\u00e9 des professeurs qualifi\u00e9s, nous les avons mis avec des professeurs s\u00e9n\u00e9galais. Je viens de signer un contrat d\u2019assistance ou j\u2019ai recrut\u00e9 les anciens proviseurs du lyc\u00e9e\u00a0 Louis Le Grand et d\u2019autres grands professeurs des lyc\u00e9es pr\u00e9paratoires accompagn\u00e9 ces classes pr\u00e9paratoires mais aussi accompagner les classes de premi\u00e8res et de terminal S pour en faire des S plus. Je ne souhaite pas que notre \u00e9lite s\u2019envole pour des destinations moins prestigieuses parce que simplement il s\u2019agit d\u2019aller \u00e0 l\u2019\u00e9tranger<\/em> \u00bb.<\/p>\n<div class='share-to-whatsapp-wrapper'><div class='share-on-whsp'>PARTAGER SUR : <\/div><a data-text='REMISE DE PRIX AUX MEILLEURS ELEVES \u2013 Macky Sall fustige la violence \u00e0 l'\u00e9cole' data-link='https:\/\/www.nettali.com\/2023\/07\/31\/remise-de-prix-aux-meilleurs-eleves-macky-sall-fustige-la-violence-a-lecole\/' class='whatsapp-button whatsapp-share'>WhatsApp<\/a><div class='clear '><\/div><\/div>","protected":false},"excerpt":{"rendered":"<p>NETTALI.COM - Le Chef de l\u2019\u00c9tat a pr\u00e9sid\u00e9, ce lundi 31 juillet 2023, au grand th\u00e9\u00e2tre national, la c\u00e9r\u00e9monie de remise de prix aux meilleurs \u00e9l\u00e8ves du S\u00e9n\u00e9gal. Occasion pour Macky Sall de d\u00e9noncer la violence \u00e0 l'\u00e9cole, notamment les enseignants qui transposent la violence \u00e0 l'\u00e9cole.\u00a0 Les meilleurs \u00e9l\u00e8ves du S\u00e9n\u00e9gal issus du Concours [&hellip;]<\/p>\n","protected":false},"author":6,"featured_media":115251,"comment_status":"open","ping_status":"open","sticky":false,"template":"","format":"standard","meta":{"_et_pb_use_builder":"","_et_pb_old_content":""},"categories":[3],"tags":[],"yoast_head":"<!-- This site is optimized with the Yoast SEO Premium plugin v17.8 (Yoast SEO v17.8) - https:\/\/yoast.com\/wordpress\/plugins\/seo\/ -->\n<title>REMISE DE PRIX AUX MEILLEURS ELEVES \u2013 Macky Sall fustige la violence \u00e0 l&#039;\u00e9cole | Nettali.com<\/title>\n<meta name=\"robots\" content=\"index, follow, max-snippet:-1, max-image-preview:large, max-video-preview:-1\" \/>\n<link rel=\"canonical\" href=\"https:\/\/www.nettali.com\/2023\/07\/31\/remise-de-prix-aux-meilleurs-eleves-macky-sall-fustige-la-violence-a-lecole\/\" \/>\n<meta property=\"og:locale\" content=\"fr_FR\" \/>\n<meta property=\"og:type\" content=\"article\" \/>\n<meta property=\"og:title\" content=\"REMISE DE PRIX AUX MEILLEURS ELEVES \u2013 Macky Sall fustige la violence \u00e0 l&#039;\u00e9cole\" \/>\n<meta property=\"og:description\" content=\"NETTALI.COM - Le Chef de l\u2019\u00c9tat a pr\u00e9sid\u00e9, ce lundi 31 juillet 2023, au grand th\u00e9\u00e2tre national, la c\u00e9r\u00e9monie de remise de prix aux meilleurs \u00e9l\u00e8ves du S\u00e9n\u00e9gal. Occasion pour Macky Sall de d\u00e9noncer la violence \u00e0 l&#039;\u00e9cole, notamment les enseignants qui transposent la violence \u00e0 l&#039;\u00e9cole.\u00a0 Les meilleurs \u00e9l\u00e8ves du S\u00e9n\u00e9gal issus du Concours [&hellip;]\" \/>\n<meta property=\"og:url\" content=\"https:\/\/www.nettali.com\/2023\/07\/31\/remise-de-prix-aux-meilleurs-eleves-macky-sall-fustige-la-violence-a-lecole\/\" \/>\n<meta property=\"og:site_name\" content=\"Nettali.com\" \/>\n<meta property=\"article:publisher\" content=\"https:\/\/www.facebook.com\/nettalicom\" \/>\n<meta property=\"article:published_time\" content=\"2023-07-31T21:40:39+00:00\" \/>\n<meta property=\"og:image\" content=\"https:\/\/www.nettali.com\/wp-content\/uploads\/2023\/07\/Capture-de\u0301cran-2023-07-31-a\u0300-21.39.33.png\" \/>\n\t<meta property=\"og:image:width\" content=\"644\" \/>\n\t<meta property=\"og:image:height\" content=\"377\" \/>\n<meta name=\"twitter:card\" content=\"summary_large_image\" \/>\n<meta name=\"twitter:label1\" content=\"\u00c9crit par\" \/>\n\t<meta name=\"twitter:data1\" content=\"Fatou\" \/>\n\t<meta name=\"twitter:label2\" content=\"Dur\u00e9e de lecture estim\u00e9e\" \/>\n\t<meta name=\"twitter:data2\" content=\"3 minutes\" \/>\n<script type=\"application\/ld+json\" class=\"yoast-schema-graph\">{\"@context\":\"https:\/\/schema.org\",\"@graph\":[{\"@type\":\"WebSite\",\"@id\":\"https:\/\/www.nettali.com\/#website\",\"url\":\"https:\/\/www.nettali.com\/\",\"name\":\"Nettali.com\",\"description\":\"Le rendez-vous critique du Net\",\"potentialAction\":[{\"@type\":\"SearchAction\",\"target\":{\"@type\":\"EntryPoint\",\"urlTemplate\":\"https:\/\/www.nettali.com\/?s={search_term_string}\"},\"query-input\":\"required name=search_term_string\"}],\"inLanguage\":\"fr-FR\"},{\"@type\":\"ImageObject\",\"@id\":\"https:\/\/www.nettali.com\/2023\/07\/31\/remise-de-prix-aux-meilleurs-eleves-macky-sall-fustige-la-violence-a-lecole\/#primaryimage\",\"inLanguage\":\"fr-FR\",\"url\":\"https:\/\/www.nettali.com\/wp-content\/uploads\/2023\/07\/Capture-de\\u0301cran-2023-07-31-a\\u0300-21.39.33.png\",\"contentUrl\":\"https:\/\/www.nettali.com\/wp-content\/uploads\/2023\/07\/Capture-de\\u0301cran-2023-07-31-a\\u0300-21.39.33.png\",\"width\":644,\"height\":377},{\"@type\":\"WebPage\",\"@id\":\"https:\/\/www.nettali.com\/2023\/07\/31\/remise-de-prix-aux-meilleurs-eleves-macky-sall-fustige-la-violence-a-lecole\/#webpage\",\"url\":\"https:\/\/www.nettali.com\/2023\/07\/31\/remise-de-prix-aux-meilleurs-eleves-macky-sall-fustige-la-violence-a-lecole\/\",\"name\":\"REMISE DE PRIX AUX MEILLEURS ELEVES \\u2013 Macky Sall fustige la violence \\u00e0 l'\\u00e9cole | Nettali.com\",\"isPartOf\":{\"@id\":\"https:\/\/www.nettali.com\/#website\"},\"primaryImageOfPage\":{\"@id\":\"https:\/\/www.nettali.com\/2023\/07\/31\/remise-de-prix-aux-meilleurs-eleves-macky-sall-fustige-la-violence-a-lecole\/#primaryimage\"},\"datePublished\":\"2023-07-31T21:40:39+00:00\",\"dateModified\":\"2023-07-31T21:40:39+00:00\",\"author\":{\"@id\":\"https:\/\/www.nettali.com\/#\/schema\/person\/418274a86bdf87caff7a3ef476bd0bbf\"},\"breadcrumb\":{\"@id\":\"https:\/\/www.nettali.com\/2023\/07\/31\/remise-de-prix-aux-meilleurs-eleves-macky-sall-fustige-la-violence-a-lecole\/#breadcrumb\"},\"inLanguage\":\"fr-FR\",\"potentialAction\":[{\"@type\":\"ReadAction\",\"target\":[\"https:\/\/www.nettali.com\/2023\/07\/31\/remise-de-prix-aux-meilleurs-eleves-macky-sall-fustige-la-violence-a-lecole\/\"]}]},{\"@type\":\"BreadcrumbList\",\"@id\":\"https:\/\/www.nettali.com\/2023\/07\/31\/remise-de-prix-aux-meilleurs-eleves-macky-sall-fustige-la-violence-a-lecole\/#breadcrumb\",\"itemListElement\":[{\"@type\":\"ListItem\",\"position\":1,\"name\":\"Accueil\",\"item\":\"https:\/\/www.nettali.com\/\"},{\"@type\":\"ListItem\",\"position\":2,\"name\":\"REMISE DE PRIX AUX MEILLEURS ELEVES \\u2013 Macky Sall fustige la violence \\u00e0 l'\\u00e9cole\"}]},{\"@type\":\"Person\",\"@id\":\"https:\/\/www.nettali.com\/#\/schema\/person\/418274a86bdf87caff7a3ef476bd0bbf\",\"name\":\"Fatou\",\"image\":{\"@type\":\"ImageObject\",\"@id\":\"https:\/\/www.nettali.com\/#personlogo\",\"inLanguage\":\"fr-FR\",\"url\":\"https:\/\/secure.gravatar.com\/avatar\/5a9442a2bee7b4dcf167cab035858e9a?s=96&d=mm&r=g\",\"contentUrl\":\"https:\/\/secure.gravatar.com\/avatar\/5a9442a2bee7b4dcf167cab035858e9a?s=96&d=mm&r=g\",\"caption\":\"Fatou\"},\"sameAs\":[\"https:\/\/www.nettali.com\"]}]}<\/script>\n<!-- \/ Yoast SEO Premium plugin. -->","yoast_head_json":{"title":"REMISE DE PRIX AUX MEILLEURS ELEVES \u2013 Macky Sall fustige la violence \u00e0 l'\u00e9cole | Nettali.com","robots":{"index":"index","follow":"follow","max-snippet":"max-snippet:-1","max-image-preview":"max-image-preview:large","max-video-preview":"max-video-preview:-1"},"canonical":"https:\/\/www.nettali.com\/2023\/07\/31\/remise-de-prix-aux-meilleurs-eleves-macky-sall-fustige-la-violence-a-lecole\/","og_locale":"fr_FR","og_type":"article","og_title":"REMISE DE PRIX AUX MEILLEURS ELEVES \u2013 Macky Sall fustige la violence \u00e0 l'\u00e9cole","og_description":"NETTALI.COM - Le Chef de l\u2019\u00c9tat a pr\u00e9sid\u00e9, ce lundi 31 juillet 2023, au grand th\u00e9\u00e2tre national, la c\u00e9r\u00e9monie de remise de prix aux meilleurs \u00e9l\u00e8ves du S\u00e9n\u00e9gal. Occasion pour Macky Sall de d\u00e9noncer la violence \u00e0 l'\u00e9cole, notamment les enseignants qui transposent la violence \u00e0 l'\u00e9cole.\u00a0 Les meilleurs \u00e9l\u00e8ves du S\u00e9n\u00e9gal issus du Concours [&hellip;]","og_url":"https:\/\/www.nettali.com\/2023\/07\/31\/remise-de-prix-aux-meilleurs-eleves-macky-sall-fustige-la-violence-a-lecole\/","og_site_name":"Nettali.com","article_publisher":"https:\/\/www.facebook.com\/nettalicom","article_published_time":"2023-07-31T21:40:39+00:00","og_image":[{"width":644,"height":377,"url":"https:\/\/www.nettali.com\/wp-content\/uploads\/2023\/07\/Capture-de\u0301cran-2023-07-31-a\u0300-21.39.33.png","type":"image\/png"}],"twitter_card":"summary_large_image","twitter_misc":{"\u00c9crit par":"Fatou","Dur\u00e9e de lecture estim\u00e9e":"3 minutes"},"schema":{"@context":"https:\/\/schema.org","@graph":[{"@type":"WebSite","@id":"https:\/\/www.nettali.com\/#website","url":"https:\/\/www.nettali.com\/","name":"Nettali.com","description":"Le rendez-vous critique du Net","potentialAction":[{"@type":"SearchAction","target":{"@type":"EntryPoint","urlTemplate":"https:\/\/www.nettali.com\/?s={search_term_string}"},"query-input":"required name=search_term_string"}],"inLanguage":"fr-FR"},{"@type":"ImageObject","@id":"https:\/\/www.nettali.com\/2023\/07\/31\/remise-de-prix-aux-meilleurs-eleves-macky-sall-fustige-la-violence-a-lecole\/#primaryimage","inLanguage":"fr-FR","url":"https:\/\/www.nettali.com\/wp-content\/uploads\/2023\/07\/Capture-de\u0301cran-2023-07-31-a\u0300-21.39.33.png","contentUrl":"https:\/\/www.nettali.com\/wp-content\/uploads\/2023\/07\/Capture-de\u0301cran-2023-07-31-a\u0300-21.39.33.png","width":644,"height":377},{"@type":"WebPage","@id":"https:\/\/www.nettali.com\/2023\/07\/31\/remise-de-prix-aux-meilleurs-eleves-macky-sall-fustige-la-violence-a-lecole\/#webpage","url":"https:\/\/www.nettali.com\/2023\/07\/31\/remise-de-prix-aux-meilleurs-eleves-macky-sall-fustige-la-violence-a-lecole\/","name":"REMISE DE PRIX AUX MEILLEURS ELEVES \u2013 Macky Sall fustige la violence \u00e0 l'\u00e9cole | Nettali.com","isPartOf":{"@id":"https:\/\/www.nettali.com\/#website"},"primaryImageOfPage":{"@id":"https:\/\/www.nettali.com\/2023\/07\/31\/remise-de-prix-aux-meilleurs-eleves-macky-sall-fustige-la-violence-a-lecole\/#primaryimage"},"datePublished":"2023-07-31T21:40:39+00:00","dateModified":"2023-07-31T21:40:39+00:00","author":{"@id":"https:\/\/www.nettali.com\/#\/schema\/person\/418274a86bdf87caff7a3ef476bd0bbf"},"breadcrumb":{"@id":"https:\/\/www.nettali.com\/2023\/07\/31\/remise-de-prix-aux-meilleurs-eleves-macky-sall-fustige-la-violence-a-lecole\/#breadcrumb"},"inLanguage":"fr-FR","potentialAction":[{"@type":"ReadAction","target":["https:\/\/www.nettali.com\/2023\/07\/31\/remise-de-prix-aux-meilleurs-eleves-macky-sall-fustige-la-violence-a-lecole\/"]}]},{"@type":"BreadcrumbList","@id":"https:\/\/www.nettali.com\/2023\/07\/31\/remise-de-prix-aux-meilleurs-eleves-macky-sall-fustige-la-violence-a-lecole\/#breadcrumb","itemListElement":[{"@type":"ListItem","position":1,"name":"Accueil","item":"https:\/\/www.nettali.com\/"},{"@type":"ListItem","position":2,"name":"REMISE DE PRIX AUX MEILLEURS ELEVES \u2013 Macky Sall fustige la violence \u00e0 l'\u00e9cole"}]},{"@type":"Person","@id":"https:\/\/www.nettali.com\/#\/schema\/person\/418274a86bdf87caff7a3ef476bd0bbf","name":"Fatou","image":{"@type":"ImageObject","@id":"https:\/\/www.nettali.com\/#personlogo","inLanguage":"fr-FR","url":"https:\/\/secure.gravatar.com\/avatar\/5a9442a2bee7b4dcf167cab035858e9a?s=96&d=mm&r=g","contentUrl":"https:\/\/secure.gravatar.com\/avatar\/5a9442a2bee7b4dcf167cab035858e9a?s=96&d=mm&r=g","caption":"Fatou"},"sameAs":["https:\/\/www.nettali.com"]}]}},"_links":{"self":[{"href":"https:\/\/www.nettali.com\/rest\/wp\/v2\/posts\/115228"}],"collection":[{"href":"https:\/\/www.nettali.com\/rest\/wp\/v2\/posts"}],"about":[{"href":"https:\/\/www.nettali.com\/rest\/wp\/v2\/types\/post"}],"author":[{"embeddable":true,"href":"https:\/\/www.nettali.com\/rest\/wp\/v2\/users\/6"}],"replies":[{"embeddable":true,"href":"https:\/\/www.nettali.com\/rest\/wp\/v2\/comments?post=115228"}],"version-history":[{"count":1,"href":"https:\/\/www.nettali.com\/rest\/wp\/v2\/posts\/115228\/revisions"}],"predecessor-version":[{"id":115233,"href":"https:\/\/www.nettali.com\/rest\/wp\/v2\/posts\/115228\/revisions\/115233"}],"wp:featuredmedia":[{"embeddable":true,"href":"https:\/\/www.nettali.com\/rest\/wp\/v2\/media\/115251"}],"wp:attachment":[{"href":"https:\/\/www.nettali.com\/rest\/wp\/v2\/media?parent=115228"}],"wp:term":[{"taxonomy":"category","embeddable":true,"href":"https:\/\/www.nettali.com\/rest\/wp\/v2\/categories?post=115228"},{"taxonomy":"post_tag","embeddable":true,"href":"https:\/\/www.nettali.com\/rest\/wp\/v2\/tags?post=115228"}],"curies":[{"name":"wp","href":"https:\/\/api.w.org\/{rel}","templated":true}]}}