{"id":115224,"date":"2023-07-31T15:14:04","date_gmt":"2023-07-31T15:14:04","guid":{"rendered":"https:\/\/www.nettali.com\/?p=115224"},"modified":"2023-08-01T10:46:41","modified_gmt":"2023-08-01T10:46:41","slug":"ousmane-sonko-place-sous-mandat-de-depot","status":"publish","type":"post","link":"https:\/\/www.nettali.com\/2023\/07\/31\/ousmane-sonko-place-sous-mandat-de-depot\/","title":{"rendered":"Ousmane Sonko plac\u00e9 sous mandat de d\u00e9p\u00f4t"},"content":{"rendered":"<p><strong>NETTALI.COM - Le leader de Pastef, Ousmane Sonko, a \u00e9t\u00e9 inculp\u00e9 par le Doyen des juges de 8 chefs d'inculpation. Au terme de l'audition, il l'a plac\u00e9 sous mandat de d\u00e9p\u00f4t. Ce qui a fait sortir les avocats de l'homme politique de ses gonds.<\/strong><\/p>\n<p><em>\u00abAu terme d\u2019une audition longue de 4 heures de temps, le Doyen des Juges a demand\u00e9 une suspension pour mettre en d\u00e9lib\u00e9r\u00e9 les diverses observations faites par les conseils. Au terme de sa r\u00e9flexion, \u00a0il a d\u00e9cid\u00e9 d\u2019aller dans le sens du r\u00e9quisitoire du procureur de la R\u00e9publique, demandant l\u2019inculpation du Pr\u00e9sident Ousmane Sonko des chefs de 8 infractions dont la plupart sont criminelles et \u00e9videmment du mandat de d\u00e9p\u00f4t qui devait assortir cela, par le jeu de l\u2019article 139 du code de proc\u00e9dure p\u00e9nale\u00bb<\/em>, a d\u00e9clar\u00e9 Me Khoureychi B\u00e2 au terme du face \u00e0 face avec le magistrat instructeur.<\/p>\n<p>Me Khoureychi B\u00e2 s\u2019est dit choqu\u00e9 et d\u00e9\u00e7u : <em>\u00abNos confr\u00e8res sont tr\u00e8s choqu\u00e9s par la nouvelle parce que c\u2019est la premi\u00e8re fois que monsieur Ousmane Sonko fait l\u2019objet d\u2019un mandat de d\u00e9p\u00f4t de la part d\u2019un juge. \u00a0 Feu le Juge Samba Sall qui avait re\u00e7u le m\u00eame r\u00e9quisitoire avait refus\u00e9 d\u2019abonder dans le m\u00eame sens et l\u2019avait plac\u00e9 sous contr\u00f4le judiciaire. Nous ne nous attendions pas du tout \u00e0 cela. Nous sommes extr\u00eamement d\u00e9\u00e7us\u00bb.<\/em><\/p>\n<div class='share-to-whatsapp-wrapper'><div class='share-on-whsp'>PARTAGER SUR : <\/div><a data-text='Ousmane Sonko plac\u00e9 sous mandat de d\u00e9p\u00f4t' data-link='https:\/\/www.nettali.com\/2023\/07\/31\/ousmane-sonko-place-sous-mandat-de-depot\/' class='whatsapp-button whatsapp-share'>WhatsApp<\/a><div class='clear '><\/div><\/div>","protected":false},"excerpt":{"rendered":"<p>NETTALI.COM - Le leader de Pastef, Ousmane Sonko, a \u00e9t\u00e9 inculp\u00e9 par le Doyen des juges de 8 chefs d'inculpation. Au terme de l'audition, il l'a plac\u00e9 sous mandat de d\u00e9p\u00f4t. Ce qui a fait sortir les avocats de l'homme politique de ses gonds. \u00abAu terme d\u2019une audition longue de 4 heures de temps, le [&hellip;]<\/p>\n","protected":false},"author":4,"featured_media":115051,"comment_status":"open","ping_status":"open","sticky":false,"template":"","format":"standard","meta":{"_et_pb_use_builder":"","_et_pb_old_content":""},"categories":[3],"tags":[],"yoast_head":"<!-- This site is optimized with the Yoast SEO Premium plugin v17.8 (Yoast SEO v17.8) - https:\/\/yoast.com\/wordpress\/plugins\/seo\/ -->\n<title>Ousmane Sonko plac\u00e9 sous mandat de d\u00e9p\u00f4t | Nettali.com<\/title>\n<meta name=\"robots\" content=\"index, follow, max-snippet:-1, max-image-preview:large, max-video-preview:-1\" \/>\n<link rel=\"canonical\" href=\"https:\/\/www.nettali.com\/2023\/07\/31\/ousmane-sonko-place-sous-mandat-de-depot\/\" \/>\n<meta property=\"og:locale\" content=\"fr_FR\" \/>\n<meta property=\"og:type\" content=\"article\" \/>\n<meta property=\"og:title\" content=\"Ousmane Sonko plac\u00e9 sous mandat de d\u00e9p\u00f4t\" \/>\n<meta property=\"og:description\" content=\"NETTALI.COM - Le leader de Pastef, Ousmane Sonko, a \u00e9t\u00e9 inculp\u00e9 par le Doyen des juges de 8 chefs d&#039;inculpation. Au terme de l&#039;audition, il l&#039;a plac\u00e9 sous mandat de d\u00e9p\u00f4t. Ce qui a fait sortir les avocats de l&#039;homme politique de ses gonds. \u00abAu terme d\u2019une audition longue de 4 heures de temps, le [&hellip;]\" \/>\n<meta property=\"og:url\" content=\"https:\/\/www.nettali.com\/2023\/07\/31\/ousmane-sonko-place-sous-mandat-de-depot\/\" \/>\n<meta property=\"og:site_name\" content=\"Nettali.com\" \/>\n<meta property=\"article:publisher\" content=\"https:\/\/www.facebook.com\/nettalicom\" \/>\n<meta property=\"article:published_time\" content=\"2023-07-31T15:14:04+00:00\" \/>\n<meta property=\"article:modified_time\" content=\"2023-08-01T10:46:41+00:00\" \/>\n<meta property=\"og:image\" content=\"https:\/\/www.nettali.com\/wp-content\/uploads\/2023\/07\/Sonko-2.jpeg\" \/>\n\t<meta property=\"og:image:width\" content=\"550\" \/>\n\t<meta property=\"og:image:height\" content=\"400\" \/>\n<meta name=\"twitter:card\" content=\"summary_large_image\" \/>\n<meta name=\"twitter:label1\" content=\"\u00c9crit par\" \/>\n\t<meta name=\"twitter:data1\" content=\"Daouda\" \/>\n\t<meta name=\"twitter:label2\" content=\"Dur\u00e9e de lecture estim\u00e9e\" \/>\n\t<meta name=\"twitter:data2\" content=\"2 minutes\" \/>\n<script type=\"application\/ld+json\" class=\"yoast-schema-graph\">{\"@context\":\"https:\/\/schema.org\",\"@graph\":[{\"@type\":\"WebSite\",\"@id\":\"https:\/\/www.nettali.com\/#website\",\"url\":\"https:\/\/www.nettali.com\/\",\"name\":\"Nettali.com\",\"description\":\"Le rendez-vous critique du Net\",\"potentialAction\":[{\"@type\":\"SearchAction\",\"target\":{\"@type\":\"EntryPoint\",\"urlTemplate\":\"https:\/\/www.nettali.com\/?s={search_term_string}\"},\"query-input\":\"required name=search_term_string\"}],\"inLanguage\":\"fr-FR\"},{\"@type\":\"ImageObject\",\"@id\":\"https:\/\/www.nettali.com\/2023\/07\/31\/ousmane-sonko-place-sous-mandat-de-depot\/#primaryimage\",\"inLanguage\":\"fr-FR\",\"url\":\"https:\/\/www.nettali.com\/wp-content\/uploads\/2023\/07\/Sonko-2.jpeg\",\"contentUrl\":\"https:\/\/www.nettali.com\/wp-content\/uploads\/2023\/07\/Sonko-2.jpeg\",\"width\":550,\"height\":400},{\"@type\":\"WebPage\",\"@id\":\"https:\/\/www.nettali.com\/2023\/07\/31\/ousmane-sonko-place-sous-mandat-de-depot\/#webpage\",\"url\":\"https:\/\/www.nettali.com\/2023\/07\/31\/ousmane-sonko-place-sous-mandat-de-depot\/\",\"name\":\"Ousmane Sonko plac\\u00e9 sous mandat de d\\u00e9p\\u00f4t | Nettali.com\",\"isPartOf\":{\"@id\":\"https:\/\/www.nettali.com\/#website\"},\"primaryImageOfPage\":{\"@id\":\"https:\/\/www.nettali.com\/2023\/07\/31\/ousmane-sonko-place-sous-mandat-de-depot\/#primaryimage\"},\"datePublished\":\"2023-07-31T15:14:04+00:00\",\"dateModified\":\"2023-08-01T10:46:41+00:00\",\"author\":{\"@id\":\"https:\/\/www.nettali.com\/#\/schema\/person\/3317e0bb3aa1da309fbf7b2780901bf4\"},\"breadcrumb\":{\"@id\":\"https:\/\/www.nettali.com\/2023\/07\/31\/ousmane-sonko-place-sous-mandat-de-depot\/#breadcrumb\"},\"inLanguage\":\"fr-FR\",\"potentialAction\":[{\"@type\":\"ReadAction\",\"target\":[\"https:\/\/www.nettali.com\/2023\/07\/31\/ousmane-sonko-place-sous-mandat-de-depot\/\"]}]},{\"@type\":\"BreadcrumbList\",\"@id\":\"https:\/\/www.nettali.com\/2023\/07\/31\/ousmane-sonko-place-sous-mandat-de-depot\/#breadcrumb\",\"itemListElement\":[{\"@type\":\"ListItem\",\"position\":1,\"name\":\"Accueil\",\"item\":\"https:\/\/www.nettali.com\/\"},{\"@type\":\"ListItem\",\"position\":2,\"name\":\"Ousmane Sonko plac\\u00e9 sous mandat de d\\u00e9p\\u00f4t\"}]},{\"@type\":\"Person\",\"@id\":\"https:\/\/www.nettali.com\/#\/schema\/person\/3317e0bb3aa1da309fbf7b2780901bf4\",\"name\":\"Daouda\",\"image\":{\"@type\":\"ImageObject\",\"@id\":\"https:\/\/www.nettali.com\/#personlogo\",\"inLanguage\":\"fr-FR\",\"url\":\"https:\/\/secure.gravatar.com\/avatar\/8d143b5a49345098ddcfee1c49c2f47c?s=96&d=mm&r=g\",\"contentUrl\":\"https:\/\/secure.gravatar.com\/avatar\/8d143b5a49345098ddcfee1c49c2f47c?s=96&d=mm&r=g\",\"caption\":\"Daouda\"},\"sameAs\":[\"https:\/\/www.nettali.com\"]}]}<\/script>\n<!-- \/ Yoast SEO Premium plugin. -->","yoast_head_json":{"title":"Ousmane Sonko plac\u00e9 sous mandat de d\u00e9p\u00f4t | Nettali.com","robots":{"index":"index","follow":"follow","max-snippet":"max-snippet:-1","max-image-preview":"max-image-preview:large","max-video-preview":"max-video-preview:-1"},"canonical":"https:\/\/www.nettali.com\/2023\/07\/31\/ousmane-sonko-place-sous-mandat-de-depot\/","og_locale":"fr_FR","og_type":"article","og_title":"Ousmane Sonko plac\u00e9 sous mandat de d\u00e9p\u00f4t","og_description":"NETTALI.COM - Le leader de Pastef, Ousmane Sonko, a \u00e9t\u00e9 inculp\u00e9 par le Doyen des juges de 8 chefs d'inculpation. Au terme de l'audition, il l'a plac\u00e9 sous mandat de d\u00e9p\u00f4t. Ce qui a fait sortir les avocats de l'homme politique de ses gonds. \u00abAu terme d\u2019une audition longue de 4 heures de temps, le [&hellip;]","og_url":"https:\/\/www.nettali.com\/2023\/07\/31\/ousmane-sonko-place-sous-mandat-de-depot\/","og_site_name":"Nettali.com","article_publisher":"https:\/\/www.facebook.com\/nettalicom","article_published_time":"2023-07-31T15:14:04+00:00","article_modified_time":"2023-08-01T10:46:41+00:00","og_image":[{"width":550,"height":400,"url":"https:\/\/www.nettali.com\/wp-content\/uploads\/2023\/07\/Sonko-2.jpeg","type":"image\/jpeg"}],"twitter_card":"summary_large_image","twitter_misc":{"\u00c9crit par":"Daouda","Dur\u00e9e de lecture estim\u00e9e":"2 minutes"},"schema":{"@context":"https:\/\/schema.org","@graph":[{"@type":"WebSite","@id":"https:\/\/www.nettali.com\/#website","url":"https:\/\/www.nettali.com\/","name":"Nettali.com","description":"Le rendez-vous critique du Net","potentialAction":[{"@type":"SearchAction","target":{"@type":"EntryPoint","urlTemplate":"https:\/\/www.nettali.com\/?s={search_term_string}"},"query-input":"required name=search_term_string"}],"inLanguage":"fr-FR"},{"@type":"ImageObject","@id":"https:\/\/www.nettali.com\/2023\/07\/31\/ousmane-sonko-place-sous-mandat-de-depot\/#primaryimage","inLanguage":"fr-FR","url":"https:\/\/www.nettali.com\/wp-content\/uploads\/2023\/07\/Sonko-2.jpeg","contentUrl":"https:\/\/www.nettali.com\/wp-content\/uploads\/2023\/07\/Sonko-2.jpeg","width":550,"height":400},{"@type":"WebPage","@id":"https:\/\/www.nettali.com\/2023\/07\/31\/ousmane-sonko-place-sous-mandat-de-depot\/#webpage","url":"https:\/\/www.nettali.com\/2023\/07\/31\/ousmane-sonko-place-sous-mandat-de-depot\/","name":"Ousmane Sonko plac\u00e9 sous mandat de d\u00e9p\u00f4t | Nettali.com","isPartOf":{"@id":"https:\/\/www.nettali.com\/#website"},"primaryImageOfPage":{"@id":"https:\/\/www.nettali.com\/2023\/07\/31\/ousmane-sonko-place-sous-mandat-de-depot\/#primaryimage"},"datePublished":"2023-07-31T15:14:04+00:00","dateModified":"2023-08-01T10:46:41+00:00","author":{"@id":"https:\/\/www.nettali.com\/#\/schema\/person\/3317e0bb3aa1da309fbf7b2780901bf4"},"breadcrumb":{"@id":"https:\/\/www.nettali.com\/2023\/07\/31\/ousmane-sonko-place-sous-mandat-de-depot\/#breadcrumb"},"inLanguage":"fr-FR","potentialAction":[{"@type":"ReadAction","target":["https:\/\/www.nettali.com\/2023\/07\/31\/ousmane-sonko-place-sous-mandat-de-depot\/"]}]},{"@type":"BreadcrumbList","@id":"https:\/\/www.nettali.com\/2023\/07\/31\/ousmane-sonko-place-sous-mandat-de-depot\/#breadcrumb","itemListElement":[{"@type":"ListItem","position":1,"name":"Accueil","item":"https:\/\/www.nettali.com\/"},{"@type":"ListItem","position":2,"name":"Ousmane Sonko plac\u00e9 sous mandat de d\u00e9p\u00f4t"}]},{"@type":"Person","@id":"https:\/\/www.nettali.com\/#\/schema\/person\/3317e0bb3aa1da309fbf7b2780901bf4","name":"Daouda","image":{"@type":"ImageObject","@id":"https:\/\/www.nettali.com\/#personlogo","inLanguage":"fr-FR","url":"https:\/\/secure.gravatar.com\/avatar\/8d143b5a49345098ddcfee1c49c2f47c?s=96&d=mm&r=g","contentUrl":"https:\/\/secure.gravatar.com\/avatar\/8d143b5a49345098ddcfee1c49c2f47c?s=96&d=mm&r=g","caption":"Daouda"},"sameAs":["https:\/\/www.nettali.com"]}]}},"_links":{"self":[{"href":"https:\/\/www.nettali.com\/rest\/wp\/v2\/posts\/115224"}],"collection":[{"href":"https:\/\/www.nettali.com\/rest\/wp\/v2\/posts"}],"about":[{"href":"https:\/\/www.nettali.com\/rest\/wp\/v2\/types\/post"}],"author":[{"embeddable":true,"href":"https:\/\/www.nettali.com\/rest\/wp\/v2\/users\/4"}],"replies":[{"embeddable":true,"href":"https:\/\/www.nettali.com\/rest\/wp\/v2\/comments?post=115224"}],"version-history":[{"count":1,"href":"https:\/\/www.nettali.com\/rest\/wp\/v2\/posts\/115224\/revisions"}],"predecessor-version":[{"id":115225,"href":"https:\/\/www.nettali.com\/rest\/wp\/v2\/posts\/115224\/revisions\/115225"}],"wp:featuredmedia":[{"embeddable":true,"href":"https:\/\/www.nettali.com\/rest\/wp\/v2\/media\/115051"}],"wp:attachment":[{"href":"https:\/\/www.nettali.com\/rest\/wp\/v2\/media?parent=115224"}],"wp:term":[{"taxonomy":"category","embeddable":true,"href":"https:\/\/www.nettali.com\/rest\/wp\/v2\/categories?post=115224"},{"taxonomy":"post_tag","embeddable":true,"href":"https:\/\/www.nettali.com\/rest\/wp\/v2\/tags?post=115224"}],"curies":[{"name":"wp","href":"https:\/\/api.w.org\/{rel}","templated":true}]}}