{"id":115217,"date":"2023-07-31T13:27:36","date_gmt":"2023-07-31T13:27:36","guid":{"rendered":"https:\/\/www.nettali.com\/?p=115217"},"modified":"2023-07-31T13:27:36","modified_gmt":"2023-07-31T13:27:36","slug":"medias-madiambal-diagne-reprend-la-presidence-de-lunion-internationale-de-la-presse-francophone","status":"publish","type":"post","link":"https:\/\/www.nettali.com\/2023\/07\/31\/medias-madiambal-diagne-reprend-la-presidence-de-lunion-internationale-de-la-presse-francophone\/","title":{"rendered":"MEDIAS - Madiambal Diagne reprend la pr\u00e9sidence de l'Union internationale de la presse francophone"},"content":{"rendered":"<p><strong>NETTALI.COM - L\u2019Union internationale de la presse francophone (UPF) a annonc\u00e9 lundi la d\u00e9mission de sa pr\u00e9sidente, Anne-C\u00e9cile Robert, et son remplacement par le pr\u00e9sident honoraire de la structure, le journaliste s\u00e9n\u00e9galais Madiambal Diagne.<\/strong><\/p>\n<p><em>\"Le 27 juillet, Anne-C\u00e9cile robert, qui dirigeait l\u2019UPF depuis juillet 2022, en accord et en concertation avec le bureau international, a soumis sa d\u00e9mission de la pr\u00e9sidence de l\u2019UPF internationale. Conform\u00e9ment \u00e0 ses Statuts et sur une d\u00e9cision unanime du bureau international, elle a \u00e9t\u00e9 remplac\u00e9e par le pr\u00e9sident honoraire de l\u2019UPF, Madiambal Diagne \u00bb<\/em>, a indiqu\u00e9 l\u2019organisation dans un communiqu\u00e9.<\/p>\n<p><em>\"Conform\u00e9ment \u00e0 l\u2019article 13 de ses Statuts et sur une d\u00e9cision unanime du bureau international, une lettre officielle a \u00e9t\u00e9 imm\u00e9diatement adress\u00e9e au pr\u00e9sident international honoraire, Madiambal Diagne, lui demandant de reprendre la direction de l\u2019organisation, afin de mettre en \u0153uvre tous les moyens \u00e0 m\u00eame de lui assurer une sortie de la crise et de sauver ainsi une association qui compte 73 ans d\u2019existence et d\u2019activit\u00e9s\u2019\u2019<\/em>, rapporte la source.<\/p>\n<p>Madiambal Diagne, qui avait \u00e9t\u00e9 remplac\u00e9 par Anne-C\u00e9cile Robert, a accept\u00e9 de reprendre la t\u00eate de l\u2019Union pour une dur\u00e9e qu\u2019il <em>\"souhaite la plus courte\"<\/em>.<\/p>\n<p><em>\"Je suis conscient de l\u2019immense responsabilit\u00e9 qui m\u2019incombe et je suis pr\u00eat \u00e0 m\u2019investir pleinement pour relever le d\u00e9fi\u2019\u2019,<\/em> a-t-il pr\u00e9cis\u00e9 dans des propos rapport\u00e9s par le communiqu\u00e9.<\/p>\n<p>Conform\u00e9ment aux statuts de l\u2019UPF, la pr\u00e9sidente d\u00e9missionnaire, Anne-C\u00e9cile Robert, demeure toutefois, membre du Comit\u00e9 international de l\u2019organisation.<\/p>\n<div class='share-to-whatsapp-wrapper'><div class='share-on-whsp'>PARTAGER SUR : <\/div><a data-text='MEDIAS - Madiambal Diagne reprend la pr\u00e9sidence de l'Union internationale de la presse francophone' data-link='https:\/\/www.nettali.com\/2023\/07\/31\/medias-madiambal-diagne-reprend-la-presidence-de-lunion-internationale-de-la-presse-francophone\/' class='whatsapp-button whatsapp-share'>WhatsApp<\/a><div class='clear '><\/div><\/div>","protected":false},"excerpt":{"rendered":"<p>NETTALI.COM - L\u2019Union internationale de la presse francophone (UPF) a annonc\u00e9 lundi la d\u00e9mission de sa pr\u00e9sidente, Anne-C\u00e9cile Robert, et son remplacement par le pr\u00e9sident honoraire de la structure, le journaliste s\u00e9n\u00e9galais Madiambal Diagne. \"Le 27 juillet, Anne-C\u00e9cile robert, qui dirigeait l\u2019UPF depuis juillet 2022, en accord et en concertation avec le bureau international, a [&hellip;]<\/p>\n","protected":false},"author":4,"featured_media":11117,"comment_status":"open","ping_status":"open","sticky":false,"template":"","format":"standard","meta":{"_et_pb_use_builder":"","_et_pb_old_content":""},"categories":[3],"tags":[],"yoast_head":"<!-- This site is optimized with the Yoast SEO Premium plugin v17.8 (Yoast SEO v17.8) - https:\/\/yoast.com\/wordpress\/plugins\/seo\/ -->\n<title>MEDIAS - Madiambal Diagne reprend la pr\u00e9sidence de l&#039;Union internationale de la presse francophone | Nettali.com<\/title>\n<meta name=\"robots\" content=\"index, follow, max-snippet:-1, max-image-preview:large, max-video-preview:-1\" \/>\n<link rel=\"canonical\" href=\"https:\/\/www.nettali.com\/2023\/07\/31\/medias-madiambal-diagne-reprend-la-presidence-de-lunion-internationale-de-la-presse-francophone\/\" \/>\n<meta property=\"og:locale\" content=\"fr_FR\" \/>\n<meta property=\"og:type\" content=\"article\" \/>\n<meta property=\"og:title\" content=\"MEDIAS - Madiambal Diagne reprend la pr\u00e9sidence de l&#039;Union internationale de la presse francophone\" \/>\n<meta property=\"og:description\" content=\"NETTALI.COM - L\u2019Union internationale de la presse francophone (UPF) a annonc\u00e9 lundi la d\u00e9mission de sa pr\u00e9sidente, Anne-C\u00e9cile Robert, et son remplacement par le pr\u00e9sident honoraire de la structure, le journaliste s\u00e9n\u00e9galais Madiambal Diagne. &quot;Le 27 juillet, Anne-C\u00e9cile robert, qui dirigeait l\u2019UPF depuis juillet 2022, en accord et en concertation avec le bureau international, a [&hellip;]\" \/>\n<meta property=\"og:url\" content=\"https:\/\/www.nettali.com\/2023\/07\/31\/medias-madiambal-diagne-reprend-la-presidence-de-lunion-internationale-de-la-presse-francophone\/\" \/>\n<meta property=\"og:site_name\" content=\"Nettali.com\" \/>\n<meta property=\"article:publisher\" content=\"https:\/\/www.facebook.com\/nettalicom\" \/>\n<meta property=\"article:published_time\" content=\"2023-07-31T13:27:36+00:00\" \/>\n<meta property=\"og:image\" content=\"https:\/\/www.nettali.com\/wp-content\/uploads\/2019\/06\/Madiambal-diagne.jpg\" \/>\n\t<meta property=\"og:image:width\" content=\"613\" \/>\n\t<meta property=\"og:image:height\" content=\"472\" \/>\n<meta name=\"twitter:card\" content=\"summary_large_image\" \/>\n<meta name=\"twitter:label1\" content=\"\u00c9crit par\" \/>\n\t<meta name=\"twitter:data1\" content=\"Daouda\" \/>\n\t<meta name=\"twitter:label2\" content=\"Dur\u00e9e de lecture estim\u00e9e\" \/>\n\t<meta name=\"twitter:data2\" content=\"2 minutes\" \/>\n<script type=\"application\/ld+json\" class=\"yoast-schema-graph\">{\"@context\":\"https:\/\/schema.org\",\"@graph\":[{\"@type\":\"WebSite\",\"@id\":\"https:\/\/www.nettali.com\/#website\",\"url\":\"https:\/\/www.nettali.com\/\",\"name\":\"Nettali.com\",\"description\":\"Le rendez-vous critique du Net\",\"potentialAction\":[{\"@type\":\"SearchAction\",\"target\":{\"@type\":\"EntryPoint\",\"urlTemplate\":\"https:\/\/www.nettali.com\/?s={search_term_string}\"},\"query-input\":\"required name=search_term_string\"}],\"inLanguage\":\"fr-FR\"},{\"@type\":\"ImageObject\",\"@id\":\"https:\/\/www.nettali.com\/2023\/07\/31\/medias-madiambal-diagne-reprend-la-presidence-de-lunion-internationale-de-la-presse-francophone\/#primaryimage\",\"inLanguage\":\"fr-FR\",\"url\":\"https:\/\/www.nettali.com\/wp-content\/uploads\/2019\/06\/Madiambal-diagne.jpg\",\"contentUrl\":\"https:\/\/www.nettali.com\/wp-content\/uploads\/2019\/06\/Madiambal-diagne.jpg\",\"width\":613,\"height\":472},{\"@type\":\"WebPage\",\"@id\":\"https:\/\/www.nettali.com\/2023\/07\/31\/medias-madiambal-diagne-reprend-la-presidence-de-lunion-internationale-de-la-presse-francophone\/#webpage\",\"url\":\"https:\/\/www.nettali.com\/2023\/07\/31\/medias-madiambal-diagne-reprend-la-presidence-de-lunion-internationale-de-la-presse-francophone\/\",\"name\":\"MEDIAS - Madiambal Diagne reprend la pr\\u00e9sidence de l'Union internationale de la presse francophone | Nettali.com\",\"isPartOf\":{\"@id\":\"https:\/\/www.nettali.com\/#website\"},\"primaryImageOfPage\":{\"@id\":\"https:\/\/www.nettali.com\/2023\/07\/31\/medias-madiambal-diagne-reprend-la-presidence-de-lunion-internationale-de-la-presse-francophone\/#primaryimage\"},\"datePublished\":\"2023-07-31T13:27:36+00:00\",\"dateModified\":\"2023-07-31T13:27:36+00:00\",\"author\":{\"@id\":\"https:\/\/www.nettali.com\/#\/schema\/person\/3317e0bb3aa1da309fbf7b2780901bf4\"},\"breadcrumb\":{\"@id\":\"https:\/\/www.nettali.com\/2023\/07\/31\/medias-madiambal-diagne-reprend-la-presidence-de-lunion-internationale-de-la-presse-francophone\/#breadcrumb\"},\"inLanguage\":\"fr-FR\",\"potentialAction\":[{\"@type\":\"ReadAction\",\"target\":[\"https:\/\/www.nettali.com\/2023\/07\/31\/medias-madiambal-diagne-reprend-la-presidence-de-lunion-internationale-de-la-presse-francophone\/\"]}]},{\"@type\":\"BreadcrumbList\",\"@id\":\"https:\/\/www.nettali.com\/2023\/07\/31\/medias-madiambal-diagne-reprend-la-presidence-de-lunion-internationale-de-la-presse-francophone\/#breadcrumb\",\"itemListElement\":[{\"@type\":\"ListItem\",\"position\":1,\"name\":\"Accueil\",\"item\":\"https:\/\/www.nettali.com\/\"},{\"@type\":\"ListItem\",\"position\":2,\"name\":\"MEDIAS - Madiambal Diagne reprend la pr\\u00e9sidence de l'Union internationale de la presse francophone\"}]},{\"@type\":\"Person\",\"@id\":\"https:\/\/www.nettali.com\/#\/schema\/person\/3317e0bb3aa1da309fbf7b2780901bf4\",\"name\":\"Daouda\",\"image\":{\"@type\":\"ImageObject\",\"@id\":\"https:\/\/www.nettali.com\/#personlogo\",\"inLanguage\":\"fr-FR\",\"url\":\"https:\/\/secure.gravatar.com\/avatar\/8d143b5a49345098ddcfee1c49c2f47c?s=96&d=mm&r=g\",\"contentUrl\":\"https:\/\/secure.gravatar.com\/avatar\/8d143b5a49345098ddcfee1c49c2f47c?s=96&d=mm&r=g\",\"caption\":\"Daouda\"},\"sameAs\":[\"https:\/\/www.nettali.com\"]}]}<\/script>\n<!-- \/ Yoast SEO Premium plugin. -->","yoast_head_json":{"title":"MEDIAS - Madiambal Diagne reprend la pr\u00e9sidence de l'Union internationale de la presse francophone | Nettali.com","robots":{"index":"index","follow":"follow","max-snippet":"max-snippet:-1","max-image-preview":"max-image-preview:large","max-video-preview":"max-video-preview:-1"},"canonical":"https:\/\/www.nettali.com\/2023\/07\/31\/medias-madiambal-diagne-reprend-la-presidence-de-lunion-internationale-de-la-presse-francophone\/","og_locale":"fr_FR","og_type":"article","og_title":"MEDIAS - Madiambal Diagne reprend la pr\u00e9sidence de l'Union internationale de la presse francophone","og_description":"NETTALI.COM - L\u2019Union internationale de la presse francophone (UPF) a annonc\u00e9 lundi la d\u00e9mission de sa pr\u00e9sidente, Anne-C\u00e9cile Robert, et son remplacement par le pr\u00e9sident honoraire de la structure, le journaliste s\u00e9n\u00e9galais Madiambal Diagne. \"Le 27 juillet, Anne-C\u00e9cile robert, qui dirigeait l\u2019UPF depuis juillet 2022, en accord et en concertation avec le bureau international, a [&hellip;]","og_url":"https:\/\/www.nettali.com\/2023\/07\/31\/medias-madiambal-diagne-reprend-la-presidence-de-lunion-internationale-de-la-presse-francophone\/","og_site_name":"Nettali.com","article_publisher":"https:\/\/www.facebook.com\/nettalicom","article_published_time":"2023-07-31T13:27:36+00:00","og_image":[{"width":613,"height":472,"url":"https:\/\/www.nettali.com\/wp-content\/uploads\/2019\/06\/Madiambal-diagne.jpg","type":"image\/jpeg"}],"twitter_card":"summary_large_image","twitter_misc":{"\u00c9crit par":"Daouda","Dur\u00e9e de lecture estim\u00e9e":"2 minutes"},"schema":{"@context":"https:\/\/schema.org","@graph":[{"@type":"WebSite","@id":"https:\/\/www.nettali.com\/#website","url":"https:\/\/www.nettali.com\/","name":"Nettali.com","description":"Le rendez-vous critique du Net","potentialAction":[{"@type":"SearchAction","target":{"@type":"EntryPoint","urlTemplate":"https:\/\/www.nettali.com\/?s={search_term_string}"},"query-input":"required name=search_term_string"}],"inLanguage":"fr-FR"},{"@type":"ImageObject","@id":"https:\/\/www.nettali.com\/2023\/07\/31\/medias-madiambal-diagne-reprend-la-presidence-de-lunion-internationale-de-la-presse-francophone\/#primaryimage","inLanguage":"fr-FR","url":"https:\/\/www.nettali.com\/wp-content\/uploads\/2019\/06\/Madiambal-diagne.jpg","contentUrl":"https:\/\/www.nettali.com\/wp-content\/uploads\/2019\/06\/Madiambal-diagne.jpg","width":613,"height":472},{"@type":"WebPage","@id":"https:\/\/www.nettali.com\/2023\/07\/31\/medias-madiambal-diagne-reprend-la-presidence-de-lunion-internationale-de-la-presse-francophone\/#webpage","url":"https:\/\/www.nettali.com\/2023\/07\/31\/medias-madiambal-diagne-reprend-la-presidence-de-lunion-internationale-de-la-presse-francophone\/","name":"MEDIAS - Madiambal Diagne reprend la pr\u00e9sidence de l'Union internationale de la presse francophone | Nettali.com","isPartOf":{"@id":"https:\/\/www.nettali.com\/#website"},"primaryImageOfPage":{"@id":"https:\/\/www.nettali.com\/2023\/07\/31\/medias-madiambal-diagne-reprend-la-presidence-de-lunion-internationale-de-la-presse-francophone\/#primaryimage"},"datePublished":"2023-07-31T13:27:36+00:00","dateModified":"2023-07-31T13:27:36+00:00","author":{"@id":"https:\/\/www.nettali.com\/#\/schema\/person\/3317e0bb3aa1da309fbf7b2780901bf4"},"breadcrumb":{"@id":"https:\/\/www.nettali.com\/2023\/07\/31\/medias-madiambal-diagne-reprend-la-presidence-de-lunion-internationale-de-la-presse-francophone\/#breadcrumb"},"inLanguage":"fr-FR","potentialAction":[{"@type":"ReadAction","target":["https:\/\/www.nettali.com\/2023\/07\/31\/medias-madiambal-diagne-reprend-la-presidence-de-lunion-internationale-de-la-presse-francophone\/"]}]},{"@type":"BreadcrumbList","@id":"https:\/\/www.nettali.com\/2023\/07\/31\/medias-madiambal-diagne-reprend-la-presidence-de-lunion-internationale-de-la-presse-francophone\/#breadcrumb","itemListElement":[{"@type":"ListItem","position":1,"name":"Accueil","item":"https:\/\/www.nettali.com\/"},{"@type":"ListItem","position":2,"name":"MEDIAS - Madiambal Diagne reprend la pr\u00e9sidence de l'Union internationale de la presse francophone"}]},{"@type":"Person","@id":"https:\/\/www.nettali.com\/#\/schema\/person\/3317e0bb3aa1da309fbf7b2780901bf4","name":"Daouda","image":{"@type":"ImageObject","@id":"https:\/\/www.nettali.com\/#personlogo","inLanguage":"fr-FR","url":"https:\/\/secure.gravatar.com\/avatar\/8d143b5a49345098ddcfee1c49c2f47c?s=96&d=mm&r=g","contentUrl":"https:\/\/secure.gravatar.com\/avatar\/8d143b5a49345098ddcfee1c49c2f47c?s=96&d=mm&r=g","caption":"Daouda"},"sameAs":["https:\/\/www.nettali.com"]}]}},"_links":{"self":[{"href":"https:\/\/www.nettali.com\/rest\/wp\/v2\/posts\/115217"}],"collection":[{"href":"https:\/\/www.nettali.com\/rest\/wp\/v2\/posts"}],"about":[{"href":"https:\/\/www.nettali.com\/rest\/wp\/v2\/types\/post"}],"author":[{"embeddable":true,"href":"https:\/\/www.nettali.com\/rest\/wp\/v2\/users\/4"}],"replies":[{"embeddable":true,"href":"https:\/\/www.nettali.com\/rest\/wp\/v2\/comments?post=115217"}],"version-history":[{"count":1,"href":"https:\/\/www.nettali.com\/rest\/wp\/v2\/posts\/115217\/revisions"}],"predecessor-version":[{"id":115218,"href":"https:\/\/www.nettali.com\/rest\/wp\/v2\/posts\/115217\/revisions\/115218"}],"wp:featuredmedia":[{"embeddable":true,"href":"https:\/\/www.nettali.com\/rest\/wp\/v2\/media\/11117"}],"wp:attachment":[{"href":"https:\/\/www.nettali.com\/rest\/wp\/v2\/media?parent=115217"}],"wp:term":[{"taxonomy":"category","embeddable":true,"href":"https:\/\/www.nettali.com\/rest\/wp\/v2\/categories?post=115217"},{"taxonomy":"post_tag","embeddable":true,"href":"https:\/\/www.nettali.com\/rest\/wp\/v2\/tags?post=115217"}],"curies":[{"name":"wp","href":"https:\/\/api.w.org\/{rel}","templated":true}]}}