{"id":115091,"date":"2023-07-30T11:38:32","date_gmt":"2023-07-30T11:38:32","guid":{"rendered":"https:\/\/www.nettali.com\/?p=115091"},"modified":"2023-07-30T17:52:24","modified_gmt":"2023-07-30T17:52:24","slug":"en-garde-a-vue-ousmane-sonko-entame-une-greve-de-la-faim","status":"publish","type":"post","link":"https:\/\/www.nettali.com\/2023\/07\/30\/en-garde-a-vue-ousmane-sonko-entame-une-greve-de-la-faim\/","title":{"rendered":"EN GARDE A VUE  - Ousmane Sonko entame une gr\u00e8ve de la faim"},"content":{"rendered":"<p><strong>NETTALI.COM - Ousmane Sonko en gr\u00e8ve de la faim. Le leader de Pastef l'a, lui-m\u00eame, annonc\u00e9 sur sa page Facebook alors qu'il se trouve en garde \u00e0 vue depuis vendredi.\u00a0<\/strong><\/p>\n<p>\u00catre en garde \u00e0 vue n'emp\u00eache pas \u00e0 Ousmane Sonko de communiquer via les r\u00e9seaux sociaux. C'est en effet sur sa page Facebook qu'il vient d'annoncer sa d\u00e9cision d'entamer une gr\u00e8ve de la faim ce dimanche. \"<em>Face \u00e0 tant de haine, de mensonges, d\u2019oppression, de pers\u00e9cution, j\u2019ai d\u00e9cid\u00e9 de r\u00e9sister<\/em>\", \u00e9crit le pr\u00e9sident de Pastef. Avant de poursuivre : \"<em>J\u2019observe \u00e0 compter de ce dimanche une gr\u00e8ve de la faim. J\u2019invite tous les d\u00e9tenus politiques \u00e0 en faire de m\u00eame<\/em>.\"<\/p>\n<p>Mais Ousmane Sonko ne se laisse pas faire pour autant. Puisqu'il appelle \"<em>une fois encore le peuple \u00e0 rester debout et \u00e0 r\u00e9sister au complot contre le projet et \u00e0 l\u2019oppression<\/em>\". \"<em>Ce n\u2019est surtout pas le moment de faiblir car la victoire n\u2019a jamais \u00e9t\u00e9 aussi proche<\/em>\", insiste-t-il.<\/p>\n<p>Arr\u00eat\u00e9 vendredi et plac\u00e9 en garde \u00e0 vue sur ordre du procureur Abdou Karim Diop, Ousmane Sonko est poursuivi pour au moins sept infractions dont : \"<em>appel \u00e0 l'insurrection, vol de portable, atteinte \u00e0 la s\u00fbret\u00e9 de l'Etat, association de malfaiteurs, complot contre l'autorit\u00e9 de l'Etat, actes et man\u0153uvres \u00e0 compromettre la s\u00fbret\u00e9 publique et \u00e0 entra\u00eener des troubles politiques graves, association de malfaiteurs en lien avec une entreprise terroriste<\/em>\".<\/p>\n<div class='share-to-whatsapp-wrapper'><div class='share-on-whsp'>PARTAGER SUR : <\/div><a data-text='EN GARDE A VUE  - Ousmane Sonko entame une gr\u00e8ve de la faim' data-link='https:\/\/www.nettali.com\/2023\/07\/30\/en-garde-a-vue-ousmane-sonko-entame-une-greve-de-la-faim\/' class='whatsapp-button whatsapp-share'>WhatsApp<\/a><div class='clear '><\/div><\/div>","protected":false},"excerpt":{"rendered":"<p>NETTALI.COM - Ousmane Sonko en gr\u00e8ve de la faim. Le leader de Pastef l'a, lui-m\u00eame, annonc\u00e9 sur sa page Facebook alors qu'il se trouve en garde \u00e0 vue depuis vendredi.\u00a0 \u00catre en garde \u00e0 vue n'emp\u00eache pas \u00e0 Ousmane Sonko de communiquer via les r\u00e9seaux sociaux. C'est en effet sur sa page Facebook qu'il vient [&hellip;]<\/p>\n","protected":false},"author":3,"featured_media":114978,"comment_status":"open","ping_status":"open","sticky":false,"template":"","format":"standard","meta":{"_et_pb_use_builder":"","_et_pb_old_content":""},"categories":[2],"tags":[],"yoast_head":"<!-- This site is optimized with the Yoast SEO Premium plugin v17.8 (Yoast SEO v17.8) - https:\/\/yoast.com\/wordpress\/plugins\/seo\/ -->\n<title>EN GARDE A VUE - Ousmane Sonko entame une gr\u00e8ve de la faim | Nettali.com<\/title>\n<meta name=\"robots\" content=\"index, follow, max-snippet:-1, max-image-preview:large, max-video-preview:-1\" \/>\n<link rel=\"canonical\" href=\"https:\/\/www.nettali.com\/2023\/07\/30\/en-garde-a-vue-ousmane-sonko-entame-une-greve-de-la-faim\/\" \/>\n<meta property=\"og:locale\" content=\"fr_FR\" \/>\n<meta property=\"og:type\" content=\"article\" \/>\n<meta property=\"og:title\" content=\"EN GARDE A VUE - Ousmane Sonko entame une gr\u00e8ve de la faim\" \/>\n<meta property=\"og:description\" content=\"NETTALI.COM - Ousmane Sonko en gr\u00e8ve de la faim. Le leader de Pastef l&#039;a, lui-m\u00eame, annonc\u00e9 sur sa page Facebook alors qu&#039;il se trouve en garde \u00e0 vue depuis vendredi.\u00a0 \u00catre en garde \u00e0 vue n&#039;emp\u00eache pas \u00e0 Ousmane Sonko de communiquer via les r\u00e9seaux sociaux. C&#039;est en effet sur sa page Facebook qu&#039;il vient [&hellip;]\" \/>\n<meta property=\"og:url\" content=\"https:\/\/www.nettali.com\/2023\/07\/30\/en-garde-a-vue-ousmane-sonko-entame-une-greve-de-la-faim\/\" \/>\n<meta property=\"og:site_name\" content=\"Nettali.com\" \/>\n<meta property=\"article:publisher\" content=\"https:\/\/www.facebook.com\/nettalicom\" \/>\n<meta property=\"article:published_time\" content=\"2023-07-30T11:38:32+00:00\" \/>\n<meta property=\"article:modified_time\" content=\"2023-07-30T17:52:24+00:00\" \/>\n<meta property=\"og:image\" content=\"https:\/\/www.nettali.com\/wp-content\/uploads\/2023\/07\/000_33BC4QE.jpg\" \/>\n\t<meta property=\"og:image:width\" content=\"980\" \/>\n\t<meta property=\"og:image:height\" content=\"551\" \/>\n<meta name=\"twitter:card\" content=\"summary_large_image\" \/>\n<meta name=\"twitter:label1\" content=\"\u00c9crit par\" \/>\n\t<meta name=\"twitter:data1\" content=\"Moustapha\" \/>\n\t<meta name=\"twitter:label2\" content=\"Dur\u00e9e de lecture estim\u00e9e\" \/>\n\t<meta name=\"twitter:data2\" content=\"2 minutes\" \/>\n<script type=\"application\/ld+json\" class=\"yoast-schema-graph\">{\"@context\":\"https:\/\/schema.org\",\"@graph\":[{\"@type\":\"WebSite\",\"@id\":\"https:\/\/www.nettali.com\/#website\",\"url\":\"https:\/\/www.nettali.com\/\",\"name\":\"Nettali.com\",\"description\":\"Le rendez-vous critique du Net\",\"potentialAction\":[{\"@type\":\"SearchAction\",\"target\":{\"@type\":\"EntryPoint\",\"urlTemplate\":\"https:\/\/www.nettali.com\/?s={search_term_string}\"},\"query-input\":\"required name=search_term_string\"}],\"inLanguage\":\"fr-FR\"},{\"@type\":\"ImageObject\",\"@id\":\"https:\/\/www.nettali.com\/2023\/07\/30\/en-garde-a-vue-ousmane-sonko-entame-une-greve-de-la-faim\/#primaryimage\",\"inLanguage\":\"fr-FR\",\"url\":\"https:\/\/www.nettali.com\/wp-content\/uploads\/2023\/07\/000_33BC4QE.jpg\",\"contentUrl\":\"https:\/\/www.nettali.com\/wp-content\/uploads\/2023\/07\/000_33BC4QE.jpg\",\"width\":980,\"height\":551},{\"@type\":\"WebPage\",\"@id\":\"https:\/\/www.nettali.com\/2023\/07\/30\/en-garde-a-vue-ousmane-sonko-entame-une-greve-de-la-faim\/#webpage\",\"url\":\"https:\/\/www.nettali.com\/2023\/07\/30\/en-garde-a-vue-ousmane-sonko-entame-une-greve-de-la-faim\/\",\"name\":\"EN GARDE A VUE - Ousmane Sonko entame une gr\\u00e8ve de la faim | Nettali.com\",\"isPartOf\":{\"@id\":\"https:\/\/www.nettali.com\/#website\"},\"primaryImageOfPage\":{\"@id\":\"https:\/\/www.nettali.com\/2023\/07\/30\/en-garde-a-vue-ousmane-sonko-entame-une-greve-de-la-faim\/#primaryimage\"},\"datePublished\":\"2023-07-30T11:38:32+00:00\",\"dateModified\":\"2023-07-30T17:52:24+00:00\",\"author\":{\"@id\":\"https:\/\/www.nettali.com\/#\/schema\/person\/7962a12a6e0267f88f0ffa544c36469a\"},\"breadcrumb\":{\"@id\":\"https:\/\/www.nettali.com\/2023\/07\/30\/en-garde-a-vue-ousmane-sonko-entame-une-greve-de-la-faim\/#breadcrumb\"},\"inLanguage\":\"fr-FR\",\"potentialAction\":[{\"@type\":\"ReadAction\",\"target\":[\"https:\/\/www.nettali.com\/2023\/07\/30\/en-garde-a-vue-ousmane-sonko-entame-une-greve-de-la-faim\/\"]}]},{\"@type\":\"BreadcrumbList\",\"@id\":\"https:\/\/www.nettali.com\/2023\/07\/30\/en-garde-a-vue-ousmane-sonko-entame-une-greve-de-la-faim\/#breadcrumb\",\"itemListElement\":[{\"@type\":\"ListItem\",\"position\":1,\"name\":\"Accueil\",\"item\":\"https:\/\/www.nettali.com\/\"},{\"@type\":\"ListItem\",\"position\":2,\"name\":\"EN GARDE A VUE - Ousmane Sonko entame une gr\\u00e8ve de la faim\"}]},{\"@type\":\"Person\",\"@id\":\"https:\/\/www.nettali.com\/#\/schema\/person\/7962a12a6e0267f88f0ffa544c36469a\",\"name\":\"Moustapha\",\"image\":{\"@type\":\"ImageObject\",\"@id\":\"https:\/\/www.nettali.com\/#personlogo\",\"inLanguage\":\"fr-FR\",\"url\":\"https:\/\/secure.gravatar.com\/avatar\/10fdf6a071cccdcf374e3dbe45159590?s=96&d=mm&r=g\",\"contentUrl\":\"https:\/\/secure.gravatar.com\/avatar\/10fdf6a071cccdcf374e3dbe45159590?s=96&d=mm&r=g\",\"caption\":\"Moustapha\"},\"sameAs\":[\"https:\/\/www.nettali.com\"]}]}<\/script>\n<!-- \/ Yoast SEO Premium plugin. -->","yoast_head_json":{"title":"EN GARDE A VUE - Ousmane Sonko entame une gr\u00e8ve de la faim | Nettali.com","robots":{"index":"index","follow":"follow","max-snippet":"max-snippet:-1","max-image-preview":"max-image-preview:large","max-video-preview":"max-video-preview:-1"},"canonical":"https:\/\/www.nettali.com\/2023\/07\/30\/en-garde-a-vue-ousmane-sonko-entame-une-greve-de-la-faim\/","og_locale":"fr_FR","og_type":"article","og_title":"EN GARDE A VUE - Ousmane Sonko entame une gr\u00e8ve de la faim","og_description":"NETTALI.COM - Ousmane Sonko en gr\u00e8ve de la faim. Le leader de Pastef l'a, lui-m\u00eame, annonc\u00e9 sur sa page Facebook alors qu'il se trouve en garde \u00e0 vue depuis vendredi.\u00a0 \u00catre en garde \u00e0 vue n'emp\u00eache pas \u00e0 Ousmane Sonko de communiquer via les r\u00e9seaux sociaux. C'est en effet sur sa page Facebook qu'il vient [&hellip;]","og_url":"https:\/\/www.nettali.com\/2023\/07\/30\/en-garde-a-vue-ousmane-sonko-entame-une-greve-de-la-faim\/","og_site_name":"Nettali.com","article_publisher":"https:\/\/www.facebook.com\/nettalicom","article_published_time":"2023-07-30T11:38:32+00:00","article_modified_time":"2023-07-30T17:52:24+00:00","og_image":[{"width":980,"height":551,"url":"https:\/\/www.nettali.com\/wp-content\/uploads\/2023\/07\/000_33BC4QE.jpg","type":"image\/jpeg"}],"twitter_card":"summary_large_image","twitter_misc":{"\u00c9crit par":"Moustapha","Dur\u00e9e de lecture estim\u00e9e":"2 minutes"},"schema":{"@context":"https:\/\/schema.org","@graph":[{"@type":"WebSite","@id":"https:\/\/www.nettali.com\/#website","url":"https:\/\/www.nettali.com\/","name":"Nettali.com","description":"Le rendez-vous critique du Net","potentialAction":[{"@type":"SearchAction","target":{"@type":"EntryPoint","urlTemplate":"https:\/\/www.nettali.com\/?s={search_term_string}"},"query-input":"required name=search_term_string"}],"inLanguage":"fr-FR"},{"@type":"ImageObject","@id":"https:\/\/www.nettali.com\/2023\/07\/30\/en-garde-a-vue-ousmane-sonko-entame-une-greve-de-la-faim\/#primaryimage","inLanguage":"fr-FR","url":"https:\/\/www.nettali.com\/wp-content\/uploads\/2023\/07\/000_33BC4QE.jpg","contentUrl":"https:\/\/www.nettali.com\/wp-content\/uploads\/2023\/07\/000_33BC4QE.jpg","width":980,"height":551},{"@type":"WebPage","@id":"https:\/\/www.nettali.com\/2023\/07\/30\/en-garde-a-vue-ousmane-sonko-entame-une-greve-de-la-faim\/#webpage","url":"https:\/\/www.nettali.com\/2023\/07\/30\/en-garde-a-vue-ousmane-sonko-entame-une-greve-de-la-faim\/","name":"EN GARDE A VUE - Ousmane Sonko entame une gr\u00e8ve de la faim | Nettali.com","isPartOf":{"@id":"https:\/\/www.nettali.com\/#website"},"primaryImageOfPage":{"@id":"https:\/\/www.nettali.com\/2023\/07\/30\/en-garde-a-vue-ousmane-sonko-entame-une-greve-de-la-faim\/#primaryimage"},"datePublished":"2023-07-30T11:38:32+00:00","dateModified":"2023-07-30T17:52:24+00:00","author":{"@id":"https:\/\/www.nettali.com\/#\/schema\/person\/7962a12a6e0267f88f0ffa544c36469a"},"breadcrumb":{"@id":"https:\/\/www.nettali.com\/2023\/07\/30\/en-garde-a-vue-ousmane-sonko-entame-une-greve-de-la-faim\/#breadcrumb"},"inLanguage":"fr-FR","potentialAction":[{"@type":"ReadAction","target":["https:\/\/www.nettali.com\/2023\/07\/30\/en-garde-a-vue-ousmane-sonko-entame-une-greve-de-la-faim\/"]}]},{"@type":"BreadcrumbList","@id":"https:\/\/www.nettali.com\/2023\/07\/30\/en-garde-a-vue-ousmane-sonko-entame-une-greve-de-la-faim\/#breadcrumb","itemListElement":[{"@type":"ListItem","position":1,"name":"Accueil","item":"https:\/\/www.nettali.com\/"},{"@type":"ListItem","position":2,"name":"EN GARDE A VUE - Ousmane Sonko entame une gr\u00e8ve de la faim"}]},{"@type":"Person","@id":"https:\/\/www.nettali.com\/#\/schema\/person\/7962a12a6e0267f88f0ffa544c36469a","name":"Moustapha","image":{"@type":"ImageObject","@id":"https:\/\/www.nettali.com\/#personlogo","inLanguage":"fr-FR","url":"https:\/\/secure.gravatar.com\/avatar\/10fdf6a071cccdcf374e3dbe45159590?s=96&d=mm&r=g","contentUrl":"https:\/\/secure.gravatar.com\/avatar\/10fdf6a071cccdcf374e3dbe45159590?s=96&d=mm&r=g","caption":"Moustapha"},"sameAs":["https:\/\/www.nettali.com"]}]}},"_links":{"self":[{"href":"https:\/\/www.nettali.com\/rest\/wp\/v2\/posts\/115091"}],"collection":[{"href":"https:\/\/www.nettali.com\/rest\/wp\/v2\/posts"}],"about":[{"href":"https:\/\/www.nettali.com\/rest\/wp\/v2\/types\/post"}],"author":[{"embeddable":true,"href":"https:\/\/www.nettali.com\/rest\/wp\/v2\/users\/3"}],"replies":[{"embeddable":true,"href":"https:\/\/www.nettali.com\/rest\/wp\/v2\/comments?post=115091"}],"version-history":[{"count":3,"href":"https:\/\/www.nettali.com\/rest\/wp\/v2\/posts\/115091\/revisions"}],"predecessor-version":[{"id":115095,"href":"https:\/\/www.nettali.com\/rest\/wp\/v2\/posts\/115091\/revisions\/115095"}],"wp:featuredmedia":[{"embeddable":true,"href":"https:\/\/www.nettali.com\/rest\/wp\/v2\/media\/114978"}],"wp:attachment":[{"href":"https:\/\/www.nettali.com\/rest\/wp\/v2\/media?parent=115091"}],"wp:term":[{"taxonomy":"category","embeddable":true,"href":"https:\/\/www.nettali.com\/rest\/wp\/v2\/categories?post=115091"},{"taxonomy":"post_tag","embeddable":true,"href":"https:\/\/www.nettali.com\/rest\/wp\/v2\/tags?post=115091"}],"curies":[{"name":"wp","href":"https:\/\/api.w.org\/{rel}","templated":true}]}}