{"id":115076,"date":"2023-07-30T11:12:19","date_gmt":"2023-07-30T11:12:19","guid":{"rendered":"https:\/\/www.nettali.com\/?p=115076"},"modified":"2023-07-30T14:34:03","modified_gmt":"2023-07-30T14:34:03","slug":"appels-a-linsurrection-reproches-a-sonko-les-cinq-dates-phares-retenues-par-le-procureur-de-la-republique","status":"publish","type":"post","link":"https:\/\/www.nettali.com\/2023\/07\/30\/appels-a-linsurrection-reproches-a-sonko-les-cinq-dates-phares-retenues-par-le-procureur-de-la-republique\/","title":{"rendered":"APPELS A L'INSURRECTION REPROCHES A SONKO - Les cinq dates phares retenues par le procureur de la R\u00e9publique"},"content":{"rendered":"<p><strong>NETTALI.COM- Face \u00e0 la presse ce samedi 29 juillet 2023, le procureur de la R\u00e9publique a r\u00e9v\u00e9l\u00e9 que Ousmane Sonko est poursuivi pour sept chefs d'inculpation. Il s'agit notamment de l'appel \u00e0 l\u2019insurrection, l'association de malfaiteurs, l'atteinte \u00e0 la suret\u00e9 de l\u2019\u00c9tat, le complot contre l\u2019autorit\u00e9 de l\u2019\u00c9tat, les actes et man\u0153uvres \u00e0 compromettre la s\u00e9curit\u00e9 publique et \u00e0 cr\u00e9er des troubles politiques graves, l'association de malfaiteurs en lien avec une entreprise terroriste, mais \u00e9galement le\u00a0 vol de t\u00e9l\u00e9phone portable. Pour l'appel \u00e0 l'instruction, le Procureur Abdou Karim Diop a donn\u00e9 cinq dates phares pour \u00e9tayer les accusations.\u00a0<\/strong><\/p>\n<p><strong>F\u00e9vrier 2021 \u00ab\u00a0\u00bb<\/strong><\/p>\n<p><strong>\u00ab <\/strong>\u00c0 la suite de sa convocation par la section de recherches de la gendarmerie de Colobane, le d\u00e9put\u00e9 Ousmane Sonko, leader du PASTEF, a tenu \u00e0 son domicile un point de presse. Au cours de son discours, il a appel\u00e9 ses partisans \u00e0 se \u00ab mobiliser \u00bb, il a tenu les propos suivants \u00ab Le combat s\u2019annonce mortel, le mot n\u2019est pas de trop nous ne sommes plus au temps de la r\u00e9volte au salon, nous r\u00e9sisterons par tous les moyens possibles la confrontation d\u00e9marre demain. Il est \u00e9vident que le contenu du discours d\u2019Ousmane SONKO appelait manifestement \u00e0 l\u2019insurrection, ses partisans se sont mobilis\u00e9s le 08 f\u00e9vrier 2021 devant son domicile pour s\u2019opposer \u00e0 une \u00e9ventuelle arrestation \u00bb.<\/p>\n<p><strong>Juin 2022<\/strong><\/p>\n<p><strong>\u00ab <\/strong>Ousmane Sonko r\u00e9it\u00e8re ses discours au contenu incitatif \u00e0 l\u2019insurrection, en intimant l\u2019ordre \u00e0 ses militants de d\u00e9fier l\u2019autorit\u00e9 de l\u2019Etat par la confrontation <strong>\u00bb<\/strong>.<\/p>\n<p><strong>Mars 2023<\/strong><\/p>\n<p><strong>\u00ab <\/strong>Le meeting de Keur Massar lieu de gen\u00e8se du \u00ab GATSA GATSA \u00bb, a \u00e9t\u00e9 l\u2019occasion pour lui de th\u00e9oriser l\u2019attaque contre les autorit\u00e9s polici\u00e8res, judiciaires et administratives, ouvertement il conseille \u00e0 ses sympathisants de s\u2019attaquer \u00e0 elles et \u00e0 leurs familles <strong>\u00bb<\/strong>.<\/p>\n<p><strong>Mai 2023<\/strong><\/p>\n<p><strong>\u00ab <\/strong>Depuis Ziguinchor, il appelle non seulement ses militants \u00e0 rejoindre la capitale mais aussi \u00e0 se pr\u00e9parer \u00e0 livrer le combat final commun\u00e9ment appel\u00e9 \u00ab thioki fin \u00bb ; c\u2019est ainsi que des milliers de jeunes se sont donn\u00e9s rendez-vous dans la capitale o\u00f9, on a assist\u00e9 \u00e0 des sc\u00e8nes de violences inou\u00efes \u00bb.<\/p>\n<p><strong>29 juillet 2023 et ultime appel\u00a0<\/strong><\/p>\n<p>\u00ab A travers un post sur sa page Facebook officiel, il a reconnu avoir arrach\u00e9 et avec violence, le t\u00e9l\u00e9phone d\u2019une gendarme aux abords de son domicile, et enfin par un message subversif \u00e0 initier un ultime appel \u00e0 l\u2019insurrection. (Donc juste pour dire que ce sont des dates parmi une cascade de men\u00e9es subversives) Donc contrairement \u00e0 une certaine communication tendancieuse, l\u2019histoire du t\u00e9l\u00e9phone portable n\u2019est que l\u2019\u00e9l\u00e9ment d\u00e9clencheur de son arrestation qui \u00e9tait imminente pour appel \u00e0 l\u2019insurrection \u00bb.<\/p>\n<div class='share-to-whatsapp-wrapper'><div class='share-on-whsp'>PARTAGER SUR : <\/div><a data-text='APPELS A L'INSURRECTION REPROCHES A SONKO - Les cinq dates phares retenues par le procureur de la R\u00e9publique' data-link='https:\/\/www.nettali.com\/2023\/07\/30\/appels-a-linsurrection-reproches-a-sonko-les-cinq-dates-phares-retenues-par-le-procureur-de-la-republique\/' class='whatsapp-button whatsapp-share'>WhatsApp<\/a><div class='clear '><\/div><\/div>","protected":false},"excerpt":{"rendered":"<p>NETTALI.COM- Face \u00e0 la presse ce samedi 29 juillet 2023, le procureur de la R\u00e9publique a r\u00e9v\u00e9l\u00e9 que Ousmane Sonko est poursuivi pour sept chefs d'inculpation. Il s'agit notamment de l'appel \u00e0 l\u2019insurrection, l'association de malfaiteurs, l'atteinte \u00e0 la suret\u00e9 de l\u2019\u00c9tat, le complot contre l\u2019autorit\u00e9 de l\u2019\u00c9tat, les actes et man\u0153uvres \u00e0 compromettre la [&hellip;]<\/p>\n","protected":false},"author":6,"featured_media":109048,"comment_status":"open","ping_status":"open","sticky":false,"template":"","format":"standard","meta":{"_et_pb_use_builder":"","_et_pb_old_content":""},"categories":[3],"tags":[],"yoast_head":"<!-- This site is optimized with the Yoast SEO Premium plugin v17.8 (Yoast SEO v17.8) - https:\/\/yoast.com\/wordpress\/plugins\/seo\/ -->\n<title>APPELS A L&#039;INSURRECTION REPROCHES A SONKO - Les cinq dates phares retenues par le procureur de la R\u00e9publique | Nettali.com<\/title>\n<meta name=\"robots\" content=\"index, follow, max-snippet:-1, max-image-preview:large, max-video-preview:-1\" \/>\n<link rel=\"canonical\" href=\"https:\/\/www.nettali.com\/2023\/07\/30\/appels-a-linsurrection-reproches-a-sonko-les-cinq-dates-phares-retenues-par-le-procureur-de-la-republique\/\" \/>\n<meta property=\"og:locale\" content=\"fr_FR\" \/>\n<meta property=\"og:type\" content=\"article\" \/>\n<meta property=\"og:title\" content=\"APPELS A L&#039;INSURRECTION REPROCHES A SONKO - Les cinq dates phares retenues par le procureur de la R\u00e9publique\" \/>\n<meta property=\"og:description\" content=\"NETTALI.COM- Face \u00e0 la presse ce samedi 29 juillet 2023, le procureur de la R\u00e9publique a r\u00e9v\u00e9l\u00e9 que Ousmane Sonko est poursuivi pour sept chefs d&#039;inculpation. Il s&#039;agit notamment de l&#039;appel \u00e0 l\u2019insurrection, l&#039;association de malfaiteurs, l&#039;atteinte \u00e0 la suret\u00e9 de l\u2019\u00c9tat, le complot contre l\u2019autorit\u00e9 de l\u2019\u00c9tat, les actes et man\u0153uvres \u00e0 compromettre la [&hellip;]\" \/>\n<meta property=\"og:url\" content=\"https:\/\/www.nettali.com\/2023\/07\/30\/appels-a-linsurrection-reproches-a-sonko-les-cinq-dates-phares-retenues-par-le-procureur-de-la-republique\/\" \/>\n<meta property=\"og:site_name\" content=\"Nettali.com\" \/>\n<meta property=\"article:publisher\" content=\"https:\/\/www.facebook.com\/nettalicom\" \/>\n<meta property=\"article:published_time\" content=\"2023-07-30T11:12:19+00:00\" \/>\n<meta property=\"article:modified_time\" content=\"2023-07-30T14:34:03+00:00\" \/>\n<meta property=\"og:image\" content=\"https:\/\/www.nettali.com\/wp-content\/uploads\/2023\/05\/Procureur-Abdou-Karim-Diop.jpeg\" \/>\n\t<meta property=\"og:image:width\" content=\"1081\" \/>\n\t<meta property=\"og:image:height\" content=\"638\" \/>\n<meta name=\"twitter:card\" content=\"summary_large_image\" \/>\n<meta name=\"twitter:label1\" content=\"\u00c9crit par\" \/>\n\t<meta name=\"twitter:data1\" content=\"Fatou\" \/>\n\t<meta name=\"twitter:label2\" content=\"Dur\u00e9e de lecture estim\u00e9e\" \/>\n\t<meta name=\"twitter:data2\" content=\"3 minutes\" \/>\n<script type=\"application\/ld+json\" class=\"yoast-schema-graph\">{\"@context\":\"https:\/\/schema.org\",\"@graph\":[{\"@type\":\"WebSite\",\"@id\":\"https:\/\/www.nettali.com\/#website\",\"url\":\"https:\/\/www.nettali.com\/\",\"name\":\"Nettali.com\",\"description\":\"Le rendez-vous critique du Net\",\"potentialAction\":[{\"@type\":\"SearchAction\",\"target\":{\"@type\":\"EntryPoint\",\"urlTemplate\":\"https:\/\/www.nettali.com\/?s={search_term_string}\"},\"query-input\":\"required name=search_term_string\"}],\"inLanguage\":\"fr-FR\"},{\"@type\":\"ImageObject\",\"@id\":\"https:\/\/www.nettali.com\/2023\/07\/30\/appels-a-linsurrection-reproches-a-sonko-les-cinq-dates-phares-retenues-par-le-procureur-de-la-republique\/#primaryimage\",\"inLanguage\":\"fr-FR\",\"url\":\"https:\/\/www.nettali.com\/wp-content\/uploads\/2023\/05\/Procureur-Abdou-Karim-Diop.jpeg\",\"contentUrl\":\"https:\/\/www.nettali.com\/wp-content\/uploads\/2023\/05\/Procureur-Abdou-Karim-Diop.jpeg\",\"width\":1081,\"height\":638},{\"@type\":\"WebPage\",\"@id\":\"https:\/\/www.nettali.com\/2023\/07\/30\/appels-a-linsurrection-reproches-a-sonko-les-cinq-dates-phares-retenues-par-le-procureur-de-la-republique\/#webpage\",\"url\":\"https:\/\/www.nettali.com\/2023\/07\/30\/appels-a-linsurrection-reproches-a-sonko-les-cinq-dates-phares-retenues-par-le-procureur-de-la-republique\/\",\"name\":\"APPELS A L'INSURRECTION REPROCHES A SONKO - Les cinq dates phares retenues par le procureur de la R\\u00e9publique | Nettali.com\",\"isPartOf\":{\"@id\":\"https:\/\/www.nettali.com\/#website\"},\"primaryImageOfPage\":{\"@id\":\"https:\/\/www.nettali.com\/2023\/07\/30\/appels-a-linsurrection-reproches-a-sonko-les-cinq-dates-phares-retenues-par-le-procureur-de-la-republique\/#primaryimage\"},\"datePublished\":\"2023-07-30T11:12:19+00:00\",\"dateModified\":\"2023-07-30T14:34:03+00:00\",\"author\":{\"@id\":\"https:\/\/www.nettali.com\/#\/schema\/person\/418274a86bdf87caff7a3ef476bd0bbf\"},\"breadcrumb\":{\"@id\":\"https:\/\/www.nettali.com\/2023\/07\/30\/appels-a-linsurrection-reproches-a-sonko-les-cinq-dates-phares-retenues-par-le-procureur-de-la-republique\/#breadcrumb\"},\"inLanguage\":\"fr-FR\",\"potentialAction\":[{\"@type\":\"ReadAction\",\"target\":[\"https:\/\/www.nettali.com\/2023\/07\/30\/appels-a-linsurrection-reproches-a-sonko-les-cinq-dates-phares-retenues-par-le-procureur-de-la-republique\/\"]}]},{\"@type\":\"BreadcrumbList\",\"@id\":\"https:\/\/www.nettali.com\/2023\/07\/30\/appels-a-linsurrection-reproches-a-sonko-les-cinq-dates-phares-retenues-par-le-procureur-de-la-republique\/#breadcrumb\",\"itemListElement\":[{\"@type\":\"ListItem\",\"position\":1,\"name\":\"Accueil\",\"item\":\"https:\/\/www.nettali.com\/\"},{\"@type\":\"ListItem\",\"position\":2,\"name\":\"APPELS A L'INSURRECTION REPROCHES A SONKO - Les cinq dates phares retenues par le procureur de la R\\u00e9publique\"}]},{\"@type\":\"Person\",\"@id\":\"https:\/\/www.nettali.com\/#\/schema\/person\/418274a86bdf87caff7a3ef476bd0bbf\",\"name\":\"Fatou\",\"image\":{\"@type\":\"ImageObject\",\"@id\":\"https:\/\/www.nettali.com\/#personlogo\",\"inLanguage\":\"fr-FR\",\"url\":\"https:\/\/secure.gravatar.com\/avatar\/5a9442a2bee7b4dcf167cab035858e9a?s=96&d=mm&r=g\",\"contentUrl\":\"https:\/\/secure.gravatar.com\/avatar\/5a9442a2bee7b4dcf167cab035858e9a?s=96&d=mm&r=g\",\"caption\":\"Fatou\"},\"sameAs\":[\"https:\/\/www.nettali.com\"]}]}<\/script>\n<!-- \/ Yoast SEO Premium plugin. -->","yoast_head_json":{"title":"APPELS A L'INSURRECTION REPROCHES A SONKO - Les cinq dates phares retenues par le procureur de la R\u00e9publique | Nettali.com","robots":{"index":"index","follow":"follow","max-snippet":"max-snippet:-1","max-image-preview":"max-image-preview:large","max-video-preview":"max-video-preview:-1"},"canonical":"https:\/\/www.nettali.com\/2023\/07\/30\/appels-a-linsurrection-reproches-a-sonko-les-cinq-dates-phares-retenues-par-le-procureur-de-la-republique\/","og_locale":"fr_FR","og_type":"article","og_title":"APPELS A L'INSURRECTION REPROCHES A SONKO - Les cinq dates phares retenues par le procureur de la R\u00e9publique","og_description":"NETTALI.COM- Face \u00e0 la presse ce samedi 29 juillet 2023, le procureur de la R\u00e9publique a r\u00e9v\u00e9l\u00e9 que Ousmane Sonko est poursuivi pour sept chefs d'inculpation. Il s'agit notamment de l'appel \u00e0 l\u2019insurrection, l'association de malfaiteurs, l'atteinte \u00e0 la suret\u00e9 de l\u2019\u00c9tat, le complot contre l\u2019autorit\u00e9 de l\u2019\u00c9tat, les actes et man\u0153uvres \u00e0 compromettre la [&hellip;]","og_url":"https:\/\/www.nettali.com\/2023\/07\/30\/appels-a-linsurrection-reproches-a-sonko-les-cinq-dates-phares-retenues-par-le-procureur-de-la-republique\/","og_site_name":"Nettali.com","article_publisher":"https:\/\/www.facebook.com\/nettalicom","article_published_time":"2023-07-30T11:12:19+00:00","article_modified_time":"2023-07-30T14:34:03+00:00","og_image":[{"width":1081,"height":638,"url":"https:\/\/www.nettali.com\/wp-content\/uploads\/2023\/05\/Procureur-Abdou-Karim-Diop.jpeg","type":"image\/jpeg"}],"twitter_card":"summary_large_image","twitter_misc":{"\u00c9crit par":"Fatou","Dur\u00e9e de lecture estim\u00e9e":"3 minutes"},"schema":{"@context":"https:\/\/schema.org","@graph":[{"@type":"WebSite","@id":"https:\/\/www.nettali.com\/#website","url":"https:\/\/www.nettali.com\/","name":"Nettali.com","description":"Le rendez-vous critique du Net","potentialAction":[{"@type":"SearchAction","target":{"@type":"EntryPoint","urlTemplate":"https:\/\/www.nettali.com\/?s={search_term_string}"},"query-input":"required name=search_term_string"}],"inLanguage":"fr-FR"},{"@type":"ImageObject","@id":"https:\/\/www.nettali.com\/2023\/07\/30\/appels-a-linsurrection-reproches-a-sonko-les-cinq-dates-phares-retenues-par-le-procureur-de-la-republique\/#primaryimage","inLanguage":"fr-FR","url":"https:\/\/www.nettali.com\/wp-content\/uploads\/2023\/05\/Procureur-Abdou-Karim-Diop.jpeg","contentUrl":"https:\/\/www.nettali.com\/wp-content\/uploads\/2023\/05\/Procureur-Abdou-Karim-Diop.jpeg","width":1081,"height":638},{"@type":"WebPage","@id":"https:\/\/www.nettali.com\/2023\/07\/30\/appels-a-linsurrection-reproches-a-sonko-les-cinq-dates-phares-retenues-par-le-procureur-de-la-republique\/#webpage","url":"https:\/\/www.nettali.com\/2023\/07\/30\/appels-a-linsurrection-reproches-a-sonko-les-cinq-dates-phares-retenues-par-le-procureur-de-la-republique\/","name":"APPELS A L'INSURRECTION REPROCHES A SONKO - Les cinq dates phares retenues par le procureur de la R\u00e9publique | Nettali.com","isPartOf":{"@id":"https:\/\/www.nettali.com\/#website"},"primaryImageOfPage":{"@id":"https:\/\/www.nettali.com\/2023\/07\/30\/appels-a-linsurrection-reproches-a-sonko-les-cinq-dates-phares-retenues-par-le-procureur-de-la-republique\/#primaryimage"},"datePublished":"2023-07-30T11:12:19+00:00","dateModified":"2023-07-30T14:34:03+00:00","author":{"@id":"https:\/\/www.nettali.com\/#\/schema\/person\/418274a86bdf87caff7a3ef476bd0bbf"},"breadcrumb":{"@id":"https:\/\/www.nettali.com\/2023\/07\/30\/appels-a-linsurrection-reproches-a-sonko-les-cinq-dates-phares-retenues-par-le-procureur-de-la-republique\/#breadcrumb"},"inLanguage":"fr-FR","potentialAction":[{"@type":"ReadAction","target":["https:\/\/www.nettali.com\/2023\/07\/30\/appels-a-linsurrection-reproches-a-sonko-les-cinq-dates-phares-retenues-par-le-procureur-de-la-republique\/"]}]},{"@type":"BreadcrumbList","@id":"https:\/\/www.nettali.com\/2023\/07\/30\/appels-a-linsurrection-reproches-a-sonko-les-cinq-dates-phares-retenues-par-le-procureur-de-la-republique\/#breadcrumb","itemListElement":[{"@type":"ListItem","position":1,"name":"Accueil","item":"https:\/\/www.nettali.com\/"},{"@type":"ListItem","position":2,"name":"APPELS A L'INSURRECTION REPROCHES A SONKO - Les cinq dates phares retenues par le procureur de la R\u00e9publique"}]},{"@type":"Person","@id":"https:\/\/www.nettali.com\/#\/schema\/person\/418274a86bdf87caff7a3ef476bd0bbf","name":"Fatou","image":{"@type":"ImageObject","@id":"https:\/\/www.nettali.com\/#personlogo","inLanguage":"fr-FR","url":"https:\/\/secure.gravatar.com\/avatar\/5a9442a2bee7b4dcf167cab035858e9a?s=96&d=mm&r=g","contentUrl":"https:\/\/secure.gravatar.com\/avatar\/5a9442a2bee7b4dcf167cab035858e9a?s=96&d=mm&r=g","caption":"Fatou"},"sameAs":["https:\/\/www.nettali.com"]}]}},"_links":{"self":[{"href":"https:\/\/www.nettali.com\/rest\/wp\/v2\/posts\/115076"}],"collection":[{"href":"https:\/\/www.nettali.com\/rest\/wp\/v2\/posts"}],"about":[{"href":"https:\/\/www.nettali.com\/rest\/wp\/v2\/types\/post"}],"author":[{"embeddable":true,"href":"https:\/\/www.nettali.com\/rest\/wp\/v2\/users\/6"}],"replies":[{"embeddable":true,"href":"https:\/\/www.nettali.com\/rest\/wp\/v2\/comments?post=115076"}],"version-history":[{"count":2,"href":"https:\/\/www.nettali.com\/rest\/wp\/v2\/posts\/115076\/revisions"}],"predecessor-version":[{"id":115079,"href":"https:\/\/www.nettali.com\/rest\/wp\/v2\/posts\/115076\/revisions\/115079"}],"wp:featuredmedia":[{"embeddable":true,"href":"https:\/\/www.nettali.com\/rest\/wp\/v2\/media\/109048"}],"wp:attachment":[{"href":"https:\/\/www.nettali.com\/rest\/wp\/v2\/media?parent=115076"}],"wp:term":[{"taxonomy":"category","embeddable":true,"href":"https:\/\/www.nettali.com\/rest\/wp\/v2\/categories?post=115076"},{"taxonomy":"post_tag","embeddable":true,"href":"https:\/\/www.nettali.com\/rest\/wp\/v2\/tags?post=115076"}],"curies":[{"name":"wp","href":"https:\/\/api.w.org\/{rel}","templated":true}]}}