{"id":115019,"date":"2023-07-28T20:33:06","date_gmt":"2023-07-28T20:33:06","guid":{"rendered":"https:\/\/www.nettali.com\/?p=115019"},"modified":"2023-07-28T20:33:06","modified_gmt":"2023-07-28T20:33:06","slug":"appel-a-linsurrection-ousmane-sonko-place-en-garde-a-vue","status":"publish","type":"post","link":"https:\/\/www.nettali.com\/2023\/07\/28\/appel-a-linsurrection-ousmane-sonko-place-en-garde-a-vue\/","title":{"rendered":"APPEL A L'INSURRECTION - Ousmane Sonko plac\u00e9 en garde \u00e0 vue"},"content":{"rendered":"<div class=\"x11i5rnm xat24cr x1mh8g0r x1vvkbs xtlvy1s x126k92a\">\n<div dir=\"auto\"><strong>NETTALI.COM - La garde \u00e0 vue a \u00e9t\u00e9 notifi\u00e9e \u00e0 Ousmane Sonko par la S\u00fbret\u00e9 Urbaine.\u00a0 Une information d\u00e9livr\u00e9e par un de ses avocats, Me Cheikh Khoure\u00efchi Ba.<\/strong><\/div>\n<div dir=\"auto\"><\/div>\n<div dir=\"auto\"><em>\"L'imposant cort\u00e8ge de la Gendarmerie a quitt\u00e9 les lieux juste apr\u00e8s avoir proc\u00e9d\u00e9 \u00e0 l'arrestation muscl\u00e9e de Sonko, d\u00e9pos\u00e9 et confi\u00e9 \u00e0 la police. En toute logique, l'on s'attendait \u00e0 l'ex\u00e9cution de la contumace, mais ce n'est nullement le cas\"<\/em>, a post\u00e9 Me Khoure\u00efchi Ba. Il soutient qu'il se trouve dans les locaux de la Brigade des Affaires G\u00e9n\u00e9rales de la Division des Investigations Criminelles attenante \u00e0 la cave du Palais de Justice.<\/div>\n<\/div>\n<div class=\"x11i5rnm xat24cr x1mh8g0r x1vvkbs xtlvy1s x126k92a\">\n<div dir=\"auto\">Selon lui, vol de t\u00e9l\u00e9phone et appel \u00e0 l'insurrection sont les infractions qui ont \u00e9t\u00e9 retenues contre lui.\u00a0 Des informations qui lui ont \u00e9t\u00e9 donn\u00e9es sur insistance par le Commissaire Bara Sangar\u00e9, chef de la S\u00fbret\u00e9 Urbaine du Commissariat Central, qui s'est d\u00e9plac\u00e9 pour proc\u00e9der \u00e0 l'interrogatoire, lequel commence \u00e0 l'instant.<\/div>\n<\/div>\n<div class=\"x11i5rnm xat24cr x1mh8g0r x1vvkbs xtlvy1s x126k92a\">\n<div dir=\"auto\"><\/div>\n<\/div>\n<div class='share-to-whatsapp-wrapper'><div class='share-on-whsp'>PARTAGER SUR : <\/div><a data-text='APPEL A L'INSURRECTION - Ousmane Sonko plac\u00e9 en garde \u00e0 vue' data-link='https:\/\/www.nettali.com\/2023\/07\/28\/appel-a-linsurrection-ousmane-sonko-place-en-garde-a-vue\/' class='whatsapp-button whatsapp-share'>WhatsApp<\/a><div class='clear '><\/div><\/div>","protected":false},"excerpt":{"rendered":"<p>NETTALI.COM - La garde \u00e0 vue a \u00e9t\u00e9 notifi\u00e9e \u00e0 Ousmane Sonko par la S\u00fbret\u00e9 Urbaine.\u00a0 Une information d\u00e9livr\u00e9e par un de ses avocats, Me Cheikh Khoure\u00efchi Ba. \"L'imposant cort\u00e8ge de la Gendarmerie a quitt\u00e9 les lieux juste apr\u00e8s avoir proc\u00e9d\u00e9 \u00e0 l'arrestation muscl\u00e9e de Sonko, d\u00e9pos\u00e9 et confi\u00e9 \u00e0 la police. En toute logique, [&hellip;]<\/p>\n","protected":false},"author":4,"featured_media":114978,"comment_status":"open","ping_status":"open","sticky":false,"template":"","format":"standard","meta":{"_et_pb_use_builder":"","_et_pb_old_content":""},"categories":[3],"tags":[],"yoast_head":"<!-- This site is optimized with the Yoast SEO Premium plugin v17.8 (Yoast SEO v17.8) - https:\/\/yoast.com\/wordpress\/plugins\/seo\/ -->\n<title>APPEL A L&#039;INSURRECTION - Ousmane Sonko plac\u00e9 en garde \u00e0 vue | Nettali.com<\/title>\n<meta name=\"robots\" content=\"index, follow, max-snippet:-1, max-image-preview:large, max-video-preview:-1\" \/>\n<link rel=\"canonical\" href=\"https:\/\/www.nettali.com\/2023\/07\/28\/appel-a-linsurrection-ousmane-sonko-place-en-garde-a-vue\/\" \/>\n<meta property=\"og:locale\" content=\"fr_FR\" \/>\n<meta property=\"og:type\" content=\"article\" \/>\n<meta property=\"og:title\" content=\"APPEL A L&#039;INSURRECTION - Ousmane Sonko plac\u00e9 en garde \u00e0 vue\" \/>\n<meta property=\"og:description\" content=\"NETTALI.COM - La garde \u00e0 vue a \u00e9t\u00e9 notifi\u00e9e \u00e0 Ousmane Sonko par la S\u00fbret\u00e9 Urbaine.\u00a0 Une information d\u00e9livr\u00e9e par un de ses avocats, Me Cheikh Khoure\u00efchi Ba. &quot;L&#039;imposant cort\u00e8ge de la Gendarmerie a quitt\u00e9 les lieux juste apr\u00e8s avoir proc\u00e9d\u00e9 \u00e0 l&#039;arrestation muscl\u00e9e de Sonko, d\u00e9pos\u00e9 et confi\u00e9 \u00e0 la police. En toute logique, [&hellip;]\" \/>\n<meta property=\"og:url\" content=\"https:\/\/www.nettali.com\/2023\/07\/28\/appel-a-linsurrection-ousmane-sonko-place-en-garde-a-vue\/\" \/>\n<meta property=\"og:site_name\" content=\"Nettali.com\" \/>\n<meta property=\"article:publisher\" content=\"https:\/\/www.facebook.com\/nettalicom\" \/>\n<meta property=\"article:published_time\" content=\"2023-07-28T20:33:06+00:00\" \/>\n<meta property=\"og:image\" content=\"https:\/\/www.nettali.com\/wp-content\/uploads\/2023\/07\/000_33BC4QE.jpg\" \/>\n\t<meta property=\"og:image:width\" content=\"980\" \/>\n\t<meta property=\"og:image:height\" content=\"551\" \/>\n<meta name=\"twitter:card\" content=\"summary_large_image\" \/>\n<meta name=\"twitter:label1\" content=\"\u00c9crit par\" \/>\n\t<meta name=\"twitter:data1\" content=\"Daouda\" \/>\n\t<meta name=\"twitter:label2\" content=\"Dur\u00e9e de lecture estim\u00e9e\" \/>\n\t<meta name=\"twitter:data2\" content=\"1 minute\" \/>\n<script type=\"application\/ld+json\" class=\"yoast-schema-graph\">{\"@context\":\"https:\/\/schema.org\",\"@graph\":[{\"@type\":\"WebSite\",\"@id\":\"https:\/\/www.nettali.com\/#website\",\"url\":\"https:\/\/www.nettali.com\/\",\"name\":\"Nettali.com\",\"description\":\"Le rendez-vous critique du Net\",\"potentialAction\":[{\"@type\":\"SearchAction\",\"target\":{\"@type\":\"EntryPoint\",\"urlTemplate\":\"https:\/\/www.nettali.com\/?s={search_term_string}\"},\"query-input\":\"required name=search_term_string\"}],\"inLanguage\":\"fr-FR\"},{\"@type\":\"ImageObject\",\"@id\":\"https:\/\/www.nettali.com\/2023\/07\/28\/appel-a-linsurrection-ousmane-sonko-place-en-garde-a-vue\/#primaryimage\",\"inLanguage\":\"fr-FR\",\"url\":\"https:\/\/www.nettali.com\/wp-content\/uploads\/2023\/07\/000_33BC4QE.jpg\",\"contentUrl\":\"https:\/\/www.nettali.com\/wp-content\/uploads\/2023\/07\/000_33BC4QE.jpg\",\"width\":980,\"height\":551},{\"@type\":\"WebPage\",\"@id\":\"https:\/\/www.nettali.com\/2023\/07\/28\/appel-a-linsurrection-ousmane-sonko-place-en-garde-a-vue\/#webpage\",\"url\":\"https:\/\/www.nettali.com\/2023\/07\/28\/appel-a-linsurrection-ousmane-sonko-place-en-garde-a-vue\/\",\"name\":\"APPEL A L'INSURRECTION - Ousmane Sonko plac\\u00e9 en garde \\u00e0 vue | Nettali.com\",\"isPartOf\":{\"@id\":\"https:\/\/www.nettali.com\/#website\"},\"primaryImageOfPage\":{\"@id\":\"https:\/\/www.nettali.com\/2023\/07\/28\/appel-a-linsurrection-ousmane-sonko-place-en-garde-a-vue\/#primaryimage\"},\"datePublished\":\"2023-07-28T20:33:06+00:00\",\"dateModified\":\"2023-07-28T20:33:06+00:00\",\"author\":{\"@id\":\"https:\/\/www.nettali.com\/#\/schema\/person\/3317e0bb3aa1da309fbf7b2780901bf4\"},\"breadcrumb\":{\"@id\":\"https:\/\/www.nettali.com\/2023\/07\/28\/appel-a-linsurrection-ousmane-sonko-place-en-garde-a-vue\/#breadcrumb\"},\"inLanguage\":\"fr-FR\",\"potentialAction\":[{\"@type\":\"ReadAction\",\"target\":[\"https:\/\/www.nettali.com\/2023\/07\/28\/appel-a-linsurrection-ousmane-sonko-place-en-garde-a-vue\/\"]}]},{\"@type\":\"BreadcrumbList\",\"@id\":\"https:\/\/www.nettali.com\/2023\/07\/28\/appel-a-linsurrection-ousmane-sonko-place-en-garde-a-vue\/#breadcrumb\",\"itemListElement\":[{\"@type\":\"ListItem\",\"position\":1,\"name\":\"Accueil\",\"item\":\"https:\/\/www.nettali.com\/\"},{\"@type\":\"ListItem\",\"position\":2,\"name\":\"APPEL A L'INSURRECTION - Ousmane Sonko plac\\u00e9 en garde \\u00e0 vue\"}]},{\"@type\":\"Person\",\"@id\":\"https:\/\/www.nettali.com\/#\/schema\/person\/3317e0bb3aa1da309fbf7b2780901bf4\",\"name\":\"Daouda\",\"image\":{\"@type\":\"ImageObject\",\"@id\":\"https:\/\/www.nettali.com\/#personlogo\",\"inLanguage\":\"fr-FR\",\"url\":\"https:\/\/secure.gravatar.com\/avatar\/8d143b5a49345098ddcfee1c49c2f47c?s=96&d=mm&r=g\",\"contentUrl\":\"https:\/\/secure.gravatar.com\/avatar\/8d143b5a49345098ddcfee1c49c2f47c?s=96&d=mm&r=g\",\"caption\":\"Daouda\"},\"sameAs\":[\"https:\/\/www.nettali.com\"]}]}<\/script>\n<!-- \/ Yoast SEO Premium plugin. -->","yoast_head_json":{"title":"APPEL A L'INSURRECTION - Ousmane Sonko plac\u00e9 en garde \u00e0 vue | Nettali.com","robots":{"index":"index","follow":"follow","max-snippet":"max-snippet:-1","max-image-preview":"max-image-preview:large","max-video-preview":"max-video-preview:-1"},"canonical":"https:\/\/www.nettali.com\/2023\/07\/28\/appel-a-linsurrection-ousmane-sonko-place-en-garde-a-vue\/","og_locale":"fr_FR","og_type":"article","og_title":"APPEL A L'INSURRECTION - Ousmane Sonko plac\u00e9 en garde \u00e0 vue","og_description":"NETTALI.COM - La garde \u00e0 vue a \u00e9t\u00e9 notifi\u00e9e \u00e0 Ousmane Sonko par la S\u00fbret\u00e9 Urbaine.\u00a0 Une information d\u00e9livr\u00e9e par un de ses avocats, Me Cheikh Khoure\u00efchi Ba. \"L'imposant cort\u00e8ge de la Gendarmerie a quitt\u00e9 les lieux juste apr\u00e8s avoir proc\u00e9d\u00e9 \u00e0 l'arrestation muscl\u00e9e de Sonko, d\u00e9pos\u00e9 et confi\u00e9 \u00e0 la police. En toute logique, [&hellip;]","og_url":"https:\/\/www.nettali.com\/2023\/07\/28\/appel-a-linsurrection-ousmane-sonko-place-en-garde-a-vue\/","og_site_name":"Nettali.com","article_publisher":"https:\/\/www.facebook.com\/nettalicom","article_published_time":"2023-07-28T20:33:06+00:00","og_image":[{"width":980,"height":551,"url":"https:\/\/www.nettali.com\/wp-content\/uploads\/2023\/07\/000_33BC4QE.jpg","type":"image\/jpeg"}],"twitter_card":"summary_large_image","twitter_misc":{"\u00c9crit par":"Daouda","Dur\u00e9e de lecture estim\u00e9e":"1 minute"},"schema":{"@context":"https:\/\/schema.org","@graph":[{"@type":"WebSite","@id":"https:\/\/www.nettali.com\/#website","url":"https:\/\/www.nettali.com\/","name":"Nettali.com","description":"Le rendez-vous critique du Net","potentialAction":[{"@type":"SearchAction","target":{"@type":"EntryPoint","urlTemplate":"https:\/\/www.nettali.com\/?s={search_term_string}"},"query-input":"required name=search_term_string"}],"inLanguage":"fr-FR"},{"@type":"ImageObject","@id":"https:\/\/www.nettali.com\/2023\/07\/28\/appel-a-linsurrection-ousmane-sonko-place-en-garde-a-vue\/#primaryimage","inLanguage":"fr-FR","url":"https:\/\/www.nettali.com\/wp-content\/uploads\/2023\/07\/000_33BC4QE.jpg","contentUrl":"https:\/\/www.nettali.com\/wp-content\/uploads\/2023\/07\/000_33BC4QE.jpg","width":980,"height":551},{"@type":"WebPage","@id":"https:\/\/www.nettali.com\/2023\/07\/28\/appel-a-linsurrection-ousmane-sonko-place-en-garde-a-vue\/#webpage","url":"https:\/\/www.nettali.com\/2023\/07\/28\/appel-a-linsurrection-ousmane-sonko-place-en-garde-a-vue\/","name":"APPEL A L'INSURRECTION - Ousmane Sonko plac\u00e9 en garde \u00e0 vue | Nettali.com","isPartOf":{"@id":"https:\/\/www.nettali.com\/#website"},"primaryImageOfPage":{"@id":"https:\/\/www.nettali.com\/2023\/07\/28\/appel-a-linsurrection-ousmane-sonko-place-en-garde-a-vue\/#primaryimage"},"datePublished":"2023-07-28T20:33:06+00:00","dateModified":"2023-07-28T20:33:06+00:00","author":{"@id":"https:\/\/www.nettali.com\/#\/schema\/person\/3317e0bb3aa1da309fbf7b2780901bf4"},"breadcrumb":{"@id":"https:\/\/www.nettali.com\/2023\/07\/28\/appel-a-linsurrection-ousmane-sonko-place-en-garde-a-vue\/#breadcrumb"},"inLanguage":"fr-FR","potentialAction":[{"@type":"ReadAction","target":["https:\/\/www.nettali.com\/2023\/07\/28\/appel-a-linsurrection-ousmane-sonko-place-en-garde-a-vue\/"]}]},{"@type":"BreadcrumbList","@id":"https:\/\/www.nettali.com\/2023\/07\/28\/appel-a-linsurrection-ousmane-sonko-place-en-garde-a-vue\/#breadcrumb","itemListElement":[{"@type":"ListItem","position":1,"name":"Accueil","item":"https:\/\/www.nettali.com\/"},{"@type":"ListItem","position":2,"name":"APPEL A L'INSURRECTION - Ousmane Sonko plac\u00e9 en garde \u00e0 vue"}]},{"@type":"Person","@id":"https:\/\/www.nettali.com\/#\/schema\/person\/3317e0bb3aa1da309fbf7b2780901bf4","name":"Daouda","image":{"@type":"ImageObject","@id":"https:\/\/www.nettali.com\/#personlogo","inLanguage":"fr-FR","url":"https:\/\/secure.gravatar.com\/avatar\/8d143b5a49345098ddcfee1c49c2f47c?s=96&d=mm&r=g","contentUrl":"https:\/\/secure.gravatar.com\/avatar\/8d143b5a49345098ddcfee1c49c2f47c?s=96&d=mm&r=g","caption":"Daouda"},"sameAs":["https:\/\/www.nettali.com"]}]}},"_links":{"self":[{"href":"https:\/\/www.nettali.com\/rest\/wp\/v2\/posts\/115019"}],"collection":[{"href":"https:\/\/www.nettali.com\/rest\/wp\/v2\/posts"}],"about":[{"href":"https:\/\/www.nettali.com\/rest\/wp\/v2\/types\/post"}],"author":[{"embeddable":true,"href":"https:\/\/www.nettali.com\/rest\/wp\/v2\/users\/4"}],"replies":[{"embeddable":true,"href":"https:\/\/www.nettali.com\/rest\/wp\/v2\/comments?post=115019"}],"version-history":[{"count":1,"href":"https:\/\/www.nettali.com\/rest\/wp\/v2\/posts\/115019\/revisions"}],"predecessor-version":[{"id":115020,"href":"https:\/\/www.nettali.com\/rest\/wp\/v2\/posts\/115019\/revisions\/115020"}],"wp:featuredmedia":[{"embeddable":true,"href":"https:\/\/www.nettali.com\/rest\/wp\/v2\/media\/114978"}],"wp:attachment":[{"href":"https:\/\/www.nettali.com\/rest\/wp\/v2\/media?parent=115019"}],"wp:term":[{"taxonomy":"category","embeddable":true,"href":"https:\/\/www.nettali.com\/rest\/wp\/v2\/categories?post=115019"},{"taxonomy":"post_tag","embeddable":true,"href":"https:\/\/www.nettali.com\/rest\/wp\/v2\/tags?post=115019"}],"curies":[{"name":"wp","href":"https:\/\/api.w.org\/{rel}","templated":true}]}}