{"id":115017,"date":"2023-07-28T20:34:49","date_gmt":"2023-07-28T20:34:49","guid":{"rendered":"https:\/\/www.nettali.com\/?p=115017"},"modified":"2023-07-28T20:34:49","modified_gmt":"2023-07-28T20:34:49","slug":"arrestation-de-sonko-le-procureur-sexplique","status":"publish","type":"post","link":"https:\/\/www.nettali.com\/2023\/07\/28\/arrestation-de-sonko-le-procureur-sexplique\/","title":{"rendered":"ARRESTATION DE SONKO - Le Procureur s'explique !"},"content":{"rendered":"<p><strong>NETTALI.COM - Le procureur de la R\u00e9publique s\u2019est fendu d\u2019un communiqu\u00e9 pour donner les raisons pour lesquelles Ousmane Sonko a \u00e9t\u00e9 interpell\u00e9 ce vendredi apr\u00e8s-midi \u00e0 son domicile. Dans un communiqu\u00e9 partag\u00e9 il y a quelques instants et que nous vous proposons in extenso, le chef du parquet accuse Ousmane Sonko d\u2019avoir \"<em>vol\u00e9 avec violence le portable d\u2019une femme gendarme et d\u2019avoir appel\u00e9 le peuple, par un message subversif divulgu\u00e9 sur les r\u00e9seaux sociaux, \u00e0 se tenir pr\u00eat<\/em>\". Il a instruit \u00e0 la S\u00fbret\u00e9 urbaine l\u2019ouverture d\u2019une enqu\u00eate.<\/strong><\/p>\n<p><em>\"Depuis un certain temps, il a \u00e9t\u00e9 relev\u00e9 \u00e0 l'encontre du sieur Ousmane Sonko des actes, d\u00e9clarations, \u00e9crits, images, et en diverses man\u0153uvres sur plusieurs supports et circonstances. Ces \u00e9l\u00e9ments, outre les lourdes cons\u00e9quences sur l'ordre public, l'int\u00e9grit\u00e9 des personnes et des biens, sont constitutifs de faits p\u00e9nalement r\u00e9pr\u00e9hensibles.<\/em><\/p>\n<p><em>Aussi, ce jour, dans l'apr\u00e8s-midi, il a vol\u00e9 avec violence le t\u00e9l\u00e9phone portable d'une femme gendarme, dont le v\u00e9hicule<\/em><br \/>\n<em>\u00e9tait tomb\u00e9 en panne aux abords de son domicile, et a aussit\u00f4t appel\u00e9 le peuple, par un message subversif divulgu\u00e9 sur les r\u00e9seaux sociaux, \u00e0 se tenir pr\u00eat.<\/em><\/p>\n<p><em>Ainsi, ai-je instruit la S\u00fbret\u00e9 Urbaine du Commissariat Central de Dakar d'ouvrir sans d\u00e9lai une enqu\u00eate exhaustive pour<\/em><br \/>\n<em>divers chefs de d\u00e9lits et crimes \u00e0 son encontre et de toutes autres personnes impliqu\u00e9es.\"<\/em><\/p>\n<div class='share-to-whatsapp-wrapper'><div class='share-on-whsp'>PARTAGER SUR : <\/div><a data-text='ARRESTATION DE SONKO - Le Procureur s'explique !' data-link='https:\/\/www.nettali.com\/2023\/07\/28\/arrestation-de-sonko-le-procureur-sexplique\/' class='whatsapp-button whatsapp-share'>WhatsApp<\/a><div class='clear '><\/div><\/div>","protected":false},"excerpt":{"rendered":"<p>NETTALI.COM - Le procureur de la R\u00e9publique s\u2019est fendu d\u2019un communiqu\u00e9 pour donner les raisons pour lesquelles Ousmane Sonko a \u00e9t\u00e9 interpell\u00e9 ce vendredi apr\u00e8s-midi \u00e0 son domicile. Dans un communiqu\u00e9 partag\u00e9 il y a quelques instants et que nous vous proposons in extenso, le chef du parquet accuse Ousmane Sonko d\u2019avoir \"vol\u00e9 avec violence [&hellip;]<\/p>\n","protected":false},"author":5,"featured_media":110905,"comment_status":"open","ping_status":"open","sticky":false,"template":"","format":"standard","meta":{"_et_pb_use_builder":"","_et_pb_old_content":""},"categories":[3],"tags":[],"yoast_head":"<!-- This site is optimized with the Yoast SEO Premium plugin v17.8 (Yoast SEO v17.8) - https:\/\/yoast.com\/wordpress\/plugins\/seo\/ -->\n<title>ARRESTATION DE SONKO - Le Procureur s&#039;explique ! | Nettali.com<\/title>\n<meta name=\"robots\" content=\"index, follow, max-snippet:-1, max-image-preview:large, max-video-preview:-1\" \/>\n<link rel=\"canonical\" href=\"https:\/\/www.nettali.com\/2023\/07\/28\/arrestation-de-sonko-le-procureur-sexplique\/\" \/>\n<meta property=\"og:locale\" content=\"fr_FR\" \/>\n<meta property=\"og:type\" content=\"article\" \/>\n<meta property=\"og:title\" content=\"ARRESTATION DE SONKO - Le Procureur s&#039;explique !\" \/>\n<meta property=\"og:description\" content=\"NETTALI.COM - Le procureur de la R\u00e9publique s\u2019est fendu d\u2019un communiqu\u00e9 pour donner les raisons pour lesquelles Ousmane Sonko a \u00e9t\u00e9 interpell\u00e9 ce vendredi apr\u00e8s-midi \u00e0 son domicile. Dans un communiqu\u00e9 partag\u00e9 il y a quelques instants et que nous vous proposons in extenso, le chef du parquet accuse Ousmane Sonko d\u2019avoir &quot;vol\u00e9 avec violence [&hellip;]\" \/>\n<meta property=\"og:url\" content=\"https:\/\/www.nettali.com\/2023\/07\/28\/arrestation-de-sonko-le-procureur-sexplique\/\" \/>\n<meta property=\"og:site_name\" content=\"Nettali.com\" \/>\n<meta property=\"article:publisher\" content=\"https:\/\/www.facebook.com\/nettalicom\" \/>\n<meta property=\"article:published_time\" content=\"2023-07-28T20:34:49+00:00\" \/>\n<meta property=\"og:image\" content=\"https:\/\/www.nettali.com\/wp-content\/uploads\/2023\/05\/Ousmane-Sonko-opposant-politique-a-Macky-Sall.jpg\" \/>\n\t<meta property=\"og:image:width\" content=\"1251\" \/>\n\t<meta property=\"og:image:height\" content=\"695\" \/>\n<meta name=\"twitter:card\" content=\"summary_large_image\" \/>\n<meta name=\"twitter:label1\" content=\"\u00c9crit par\" \/>\n\t<meta name=\"twitter:data1\" content=\"Ibrahima\" \/>\n\t<meta name=\"twitter:label2\" content=\"Dur\u00e9e de lecture estim\u00e9e\" \/>\n\t<meta name=\"twitter:data2\" content=\"2 minutes\" \/>\n<script type=\"application\/ld+json\" class=\"yoast-schema-graph\">{\"@context\":\"https:\/\/schema.org\",\"@graph\":[{\"@type\":\"WebSite\",\"@id\":\"https:\/\/www.nettali.com\/#website\",\"url\":\"https:\/\/www.nettali.com\/\",\"name\":\"Nettali.com\",\"description\":\"Le rendez-vous critique du Net\",\"potentialAction\":[{\"@type\":\"SearchAction\",\"target\":{\"@type\":\"EntryPoint\",\"urlTemplate\":\"https:\/\/www.nettali.com\/?s={search_term_string}\"},\"query-input\":\"required name=search_term_string\"}],\"inLanguage\":\"fr-FR\"},{\"@type\":\"ImageObject\",\"@id\":\"https:\/\/www.nettali.com\/2023\/07\/28\/arrestation-de-sonko-le-procureur-sexplique\/#primaryimage\",\"inLanguage\":\"fr-FR\",\"url\":\"https:\/\/www.nettali.com\/wp-content\/uploads\/2023\/05\/Ousmane-Sonko-opposant-politique-a-Macky-Sall.jpg\",\"contentUrl\":\"https:\/\/www.nettali.com\/wp-content\/uploads\/2023\/05\/Ousmane-Sonko-opposant-politique-a-Macky-Sall.jpg\",\"width\":1251,\"height\":695},{\"@type\":\"WebPage\",\"@id\":\"https:\/\/www.nettali.com\/2023\/07\/28\/arrestation-de-sonko-le-procureur-sexplique\/#webpage\",\"url\":\"https:\/\/www.nettali.com\/2023\/07\/28\/arrestation-de-sonko-le-procureur-sexplique\/\",\"name\":\"ARRESTATION DE SONKO - Le Procureur s'explique ! | Nettali.com\",\"isPartOf\":{\"@id\":\"https:\/\/www.nettali.com\/#website\"},\"primaryImageOfPage\":{\"@id\":\"https:\/\/www.nettali.com\/2023\/07\/28\/arrestation-de-sonko-le-procureur-sexplique\/#primaryimage\"},\"datePublished\":\"2023-07-28T20:34:49+00:00\",\"dateModified\":\"2023-07-28T20:34:49+00:00\",\"author\":{\"@id\":\"https:\/\/www.nettali.com\/#\/schema\/person\/bb147657c2986240405a608162b9bb23\"},\"breadcrumb\":{\"@id\":\"https:\/\/www.nettali.com\/2023\/07\/28\/arrestation-de-sonko-le-procureur-sexplique\/#breadcrumb\"},\"inLanguage\":\"fr-FR\",\"potentialAction\":[{\"@type\":\"ReadAction\",\"target\":[\"https:\/\/www.nettali.com\/2023\/07\/28\/arrestation-de-sonko-le-procureur-sexplique\/\"]}]},{\"@type\":\"BreadcrumbList\",\"@id\":\"https:\/\/www.nettali.com\/2023\/07\/28\/arrestation-de-sonko-le-procureur-sexplique\/#breadcrumb\",\"itemListElement\":[{\"@type\":\"ListItem\",\"position\":1,\"name\":\"Accueil\",\"item\":\"https:\/\/www.nettali.com\/\"},{\"@type\":\"ListItem\",\"position\":2,\"name\":\"ARRESTATION DE SONKO - Le Procureur s'explique !\"}]},{\"@type\":\"Person\",\"@id\":\"https:\/\/www.nettali.com\/#\/schema\/person\/bb147657c2986240405a608162b9bb23\",\"name\":\"Ibrahima\",\"image\":{\"@type\":\"ImageObject\",\"@id\":\"https:\/\/www.nettali.com\/#personlogo\",\"inLanguage\":\"fr-FR\",\"url\":\"https:\/\/secure.gravatar.com\/avatar\/26a8a81f09f0dd7624c9d5c36c9ba3a2?s=96&d=mm&r=g\",\"contentUrl\":\"https:\/\/secure.gravatar.com\/avatar\/26a8a81f09f0dd7624c9d5c36c9ba3a2?s=96&d=mm&r=g\",\"caption\":\"Ibrahima\"},\"sameAs\":[\"https:\/\/www.nettali.com\"]}]}<\/script>\n<!-- \/ Yoast SEO Premium plugin. -->","yoast_head_json":{"title":"ARRESTATION DE SONKO - Le Procureur s'explique ! | Nettali.com","robots":{"index":"index","follow":"follow","max-snippet":"max-snippet:-1","max-image-preview":"max-image-preview:large","max-video-preview":"max-video-preview:-1"},"canonical":"https:\/\/www.nettali.com\/2023\/07\/28\/arrestation-de-sonko-le-procureur-sexplique\/","og_locale":"fr_FR","og_type":"article","og_title":"ARRESTATION DE SONKO - Le Procureur s'explique !","og_description":"NETTALI.COM - Le procureur de la R\u00e9publique s\u2019est fendu d\u2019un communiqu\u00e9 pour donner les raisons pour lesquelles Ousmane Sonko a \u00e9t\u00e9 interpell\u00e9 ce vendredi apr\u00e8s-midi \u00e0 son domicile. Dans un communiqu\u00e9 partag\u00e9 il y a quelques instants et que nous vous proposons in extenso, le chef du parquet accuse Ousmane Sonko d\u2019avoir \"vol\u00e9 avec violence [&hellip;]","og_url":"https:\/\/www.nettali.com\/2023\/07\/28\/arrestation-de-sonko-le-procureur-sexplique\/","og_site_name":"Nettali.com","article_publisher":"https:\/\/www.facebook.com\/nettalicom","article_published_time":"2023-07-28T20:34:49+00:00","og_image":[{"width":1251,"height":695,"url":"https:\/\/www.nettali.com\/wp-content\/uploads\/2023\/05\/Ousmane-Sonko-opposant-politique-a-Macky-Sall.jpg","type":"image\/jpeg"}],"twitter_card":"summary_large_image","twitter_misc":{"\u00c9crit par":"Ibrahima","Dur\u00e9e de lecture estim\u00e9e":"2 minutes"},"schema":{"@context":"https:\/\/schema.org","@graph":[{"@type":"WebSite","@id":"https:\/\/www.nettali.com\/#website","url":"https:\/\/www.nettali.com\/","name":"Nettali.com","description":"Le rendez-vous critique du Net","potentialAction":[{"@type":"SearchAction","target":{"@type":"EntryPoint","urlTemplate":"https:\/\/www.nettali.com\/?s={search_term_string}"},"query-input":"required name=search_term_string"}],"inLanguage":"fr-FR"},{"@type":"ImageObject","@id":"https:\/\/www.nettali.com\/2023\/07\/28\/arrestation-de-sonko-le-procureur-sexplique\/#primaryimage","inLanguage":"fr-FR","url":"https:\/\/www.nettali.com\/wp-content\/uploads\/2023\/05\/Ousmane-Sonko-opposant-politique-a-Macky-Sall.jpg","contentUrl":"https:\/\/www.nettali.com\/wp-content\/uploads\/2023\/05\/Ousmane-Sonko-opposant-politique-a-Macky-Sall.jpg","width":1251,"height":695},{"@type":"WebPage","@id":"https:\/\/www.nettali.com\/2023\/07\/28\/arrestation-de-sonko-le-procureur-sexplique\/#webpage","url":"https:\/\/www.nettali.com\/2023\/07\/28\/arrestation-de-sonko-le-procureur-sexplique\/","name":"ARRESTATION DE SONKO - Le Procureur s'explique ! | Nettali.com","isPartOf":{"@id":"https:\/\/www.nettali.com\/#website"},"primaryImageOfPage":{"@id":"https:\/\/www.nettali.com\/2023\/07\/28\/arrestation-de-sonko-le-procureur-sexplique\/#primaryimage"},"datePublished":"2023-07-28T20:34:49+00:00","dateModified":"2023-07-28T20:34:49+00:00","author":{"@id":"https:\/\/www.nettali.com\/#\/schema\/person\/bb147657c2986240405a608162b9bb23"},"breadcrumb":{"@id":"https:\/\/www.nettali.com\/2023\/07\/28\/arrestation-de-sonko-le-procureur-sexplique\/#breadcrumb"},"inLanguage":"fr-FR","potentialAction":[{"@type":"ReadAction","target":["https:\/\/www.nettali.com\/2023\/07\/28\/arrestation-de-sonko-le-procureur-sexplique\/"]}]},{"@type":"BreadcrumbList","@id":"https:\/\/www.nettali.com\/2023\/07\/28\/arrestation-de-sonko-le-procureur-sexplique\/#breadcrumb","itemListElement":[{"@type":"ListItem","position":1,"name":"Accueil","item":"https:\/\/www.nettali.com\/"},{"@type":"ListItem","position":2,"name":"ARRESTATION DE SONKO - Le Procureur s'explique !"}]},{"@type":"Person","@id":"https:\/\/www.nettali.com\/#\/schema\/person\/bb147657c2986240405a608162b9bb23","name":"Ibrahima","image":{"@type":"ImageObject","@id":"https:\/\/www.nettali.com\/#personlogo","inLanguage":"fr-FR","url":"https:\/\/secure.gravatar.com\/avatar\/26a8a81f09f0dd7624c9d5c36c9ba3a2?s=96&d=mm&r=g","contentUrl":"https:\/\/secure.gravatar.com\/avatar\/26a8a81f09f0dd7624c9d5c36c9ba3a2?s=96&d=mm&r=g","caption":"Ibrahima"},"sameAs":["https:\/\/www.nettali.com"]}]}},"_links":{"self":[{"href":"https:\/\/www.nettali.com\/rest\/wp\/v2\/posts\/115017"}],"collection":[{"href":"https:\/\/www.nettali.com\/rest\/wp\/v2\/posts"}],"about":[{"href":"https:\/\/www.nettali.com\/rest\/wp\/v2\/types\/post"}],"author":[{"embeddable":true,"href":"https:\/\/www.nettali.com\/rest\/wp\/v2\/users\/5"}],"replies":[{"embeddable":true,"href":"https:\/\/www.nettali.com\/rest\/wp\/v2\/comments?post=115017"}],"version-history":[{"count":3,"href":"https:\/\/www.nettali.com\/rest\/wp\/v2\/posts\/115017\/revisions"}],"predecessor-version":[{"id":115022,"href":"https:\/\/www.nettali.com\/rest\/wp\/v2\/posts\/115017\/revisions\/115022"}],"wp:featuredmedia":[{"embeddable":true,"href":"https:\/\/www.nettali.com\/rest\/wp\/v2\/media\/110905"}],"wp:attachment":[{"href":"https:\/\/www.nettali.com\/rest\/wp\/v2\/media?parent=115017"}],"wp:term":[{"taxonomy":"category","embeddable":true,"href":"https:\/\/www.nettali.com\/rest\/wp\/v2\/categories?post=115017"},{"taxonomy":"post_tag","embeddable":true,"href":"https:\/\/www.nettali.com\/rest\/wp\/v2\/tags?post=115017"}],"curies":[{"name":"wp","href":"https:\/\/api.w.org\/{rel}","templated":true}]}}