{"id":114959,"date":"2023-07-27T18:27:51","date_gmt":"2023-07-27T18:27:51","guid":{"rendered":"https:\/\/www.nettali.com\/?p=114959"},"modified":"2023-07-28T20:42:10","modified_gmt":"2023-07-28T20:42:10","slug":"negociations-macky-sonko-ce-nest-pas-a-exclure-selon-aly-ngouille-ndiaye","status":"publish","type":"post","link":"https:\/\/www.nettali.com\/2023\/07\/27\/negociations-macky-sonko-ce-nest-pas-a-exclure-selon-aly-ngouille-ndiaye\/","title":{"rendered":"NETTALI TV \/ NEGOCIATIONS MACKY-SONKO - \"Ce n'est pas \u00e0 exclure\", selon Aly Ngouille Ndiaye"},"content":{"rendered":"<p><strong>NETTALI.COM -\u00a0 L'ancien ministre de l'Int\u00e9rieur, Aly Ngouille Ndiaye, soutient qu'il ne sera pas surpris si demain il apprenait qu'il y a des n\u00e9gociations entre Ousmane Sonko et Macky Sall. Selon lui, en politique, on ne rompt jamais le fil du dialogue, rappelant qu'il en sait quelque chose car il a \u00e9t\u00e9 ministre de l'Int\u00e9rieur et a \u00e9t\u00e9 au coeur de dialogues souterrains \u00e0 plusieurs reprises.<\/strong><\/p>\n<p><em>\u00abMeunoul niak (le dialogue n'est pas \u00e0 exclure). Je ne peux pas affirmer qu\u2019il y a des n\u00e9gociations. Mais entre politiques, c\u2019est difficile qu\u2019il y ait rupture de n\u00e9gociations. Nous sommes oblig\u00e9s de parler. Et \u00e7a ne surprendrait personne qu\u2019il y ait des n\u00e9gociations\u00bb<\/em>, a d\u00e9clar\u00e9 Aly Ngouye dans \"Yoon-wi\".<\/p>\n<p>Le ministre de l\u2019Agriculture souligne que le dialogue, m\u00eame s\u2019il n\u2019est pas direct, peut \u00eatre entretenu par personnes interpos\u00e9es. <em>\u00abAujourd\u2019hui, des leaders peuvent ne pas directement se voir, mais le faire par personnes interpos\u00e9es<\/em>\u00bb, d\u00e9clare-t-il.<\/p>\n<p>Aujourd'hui, ce dont le ministre de l\u2019Agriculture et maire de Lingu\u00e8re se f\u00e9licite, c\u2019est l\u2019accalmie qui pr\u00e9vaut aujourd\u2019hui. <em>\u00abQuelle sera la suite ? Je ne peux pas y r\u00e9pondre. Mais nous nous f\u00e9licitons de ce que l\u2019Etat a fait pour ramener le calme. M\u00eame si certains n\u2019ont pas la m\u00eame position sur certaines mesures prises\u00bb<\/em>, dit-il.<\/p>\n<p><iframe loading=\"lazy\" title=\"Discussions souterraines entre Sonko et Macky ? L&#039;avis de Aly Ngouille Ndiaye (WOLOF)\" width=\"1080\" height=\"608\" src=\"https:\/\/www.youtube.com\/embed\/BDTE3nRDORo?start=116&feature=oembed\" frameborder=\"0\" allow=\"accelerometer; autoplay; clipboard-write; encrypted-media; gyroscope; picture-in-picture; web-share\" allowfullscreen><\/iframe><\/p>\n<div class='share-to-whatsapp-wrapper'><div class='share-on-whsp'>PARTAGER SUR : <\/div><a data-text='NETTALI TV \/ NEGOCIATIONS MACKY-SONKO - \"Ce n'est pas \u00e0 exclure\", selon Aly Ngouille Ndiaye' data-link='https:\/\/www.nettali.com\/2023\/07\/27\/negociations-macky-sonko-ce-nest-pas-a-exclure-selon-aly-ngouille-ndiaye\/' class='whatsapp-button whatsapp-share'>WhatsApp<\/a><div class='clear '><\/div><\/div>","protected":false},"excerpt":{"rendered":"<p>NETTALI.COM -\u00a0 L'ancien ministre de l'Int\u00e9rieur, Aly Ngouille Ndiaye, soutient qu'il ne sera pas surpris si demain il apprenait qu'il y a des n\u00e9gociations entre Ousmane Sonko et Macky Sall. Selon lui, en politique, on ne rompt jamais le fil du dialogue, rappelant qu'il en sait quelque chose car il a \u00e9t\u00e9 ministre de l'Int\u00e9rieur [&hellip;]<\/p>\n","protected":false},"author":4,"featured_media":99466,"comment_status":"open","ping_status":"open","sticky":false,"template":"","format":"standard","meta":{"_et_pb_use_builder":"","_et_pb_old_content":""},"categories":[34941],"tags":[],"yoast_head":"<!-- This site is optimized with the Yoast SEO Premium plugin v17.8 (Yoast SEO v17.8) - https:\/\/yoast.com\/wordpress\/plugins\/seo\/ -->\n<title>NETTALI TV \/ NEGOCIATIONS MACKY-SONKO - &quot;Ce n&#039;est pas \u00e0 exclure&quot;, selon Aly Ngouille Ndiaye | Nettali.com<\/title>\n<meta name=\"robots\" content=\"index, follow, max-snippet:-1, max-image-preview:large, max-video-preview:-1\" \/>\n<link rel=\"canonical\" href=\"https:\/\/www.nettali.com\/2023\/07\/27\/negociations-macky-sonko-ce-nest-pas-a-exclure-selon-aly-ngouille-ndiaye\/\" \/>\n<meta property=\"og:locale\" content=\"fr_FR\" \/>\n<meta property=\"og:type\" content=\"article\" \/>\n<meta property=\"og:title\" content=\"NETTALI TV \/ NEGOCIATIONS MACKY-SONKO - &quot;Ce n&#039;est pas \u00e0 exclure&quot;, selon Aly Ngouille Ndiaye\" \/>\n<meta property=\"og:description\" content=\"NETTALI.COM -\u00a0 L&#039;ancien ministre de l&#039;Int\u00e9rieur, Aly Ngouille Ndiaye, soutient qu&#039;il ne sera pas surpris si demain il apprenait qu&#039;il y a des n\u00e9gociations entre Ousmane Sonko et Macky Sall. Selon lui, en politique, on ne rompt jamais le fil du dialogue, rappelant qu&#039;il en sait quelque chose car il a \u00e9t\u00e9 ministre de l&#039;Int\u00e9rieur [&hellip;]\" \/>\n<meta property=\"og:url\" content=\"https:\/\/www.nettali.com\/2023\/07\/27\/negociations-macky-sonko-ce-nest-pas-a-exclure-selon-aly-ngouille-ndiaye\/\" \/>\n<meta property=\"og:site_name\" content=\"Nettali.com\" \/>\n<meta property=\"article:publisher\" content=\"https:\/\/www.facebook.com\/nettalicom\" \/>\n<meta property=\"article:published_time\" content=\"2023-07-27T18:27:51+00:00\" \/>\n<meta property=\"article:modified_time\" content=\"2023-07-28T20:42:10+00:00\" \/>\n<meta property=\"og:image\" content=\"https:\/\/www.nettali.com\/wp-content\/uploads\/2022\/12\/macky-sonko.jpeg\" \/>\n\t<meta property=\"og:image:width\" content=\"1256\" \/>\n\t<meta property=\"og:image:height\" content=\"628\" \/>\n<meta name=\"twitter:card\" content=\"summary_large_image\" \/>\n<meta name=\"twitter:label1\" content=\"\u00c9crit par\" \/>\n\t<meta name=\"twitter:data1\" content=\"Daouda\" \/>\n\t<meta name=\"twitter:label2\" content=\"Dur\u00e9e de lecture estim\u00e9e\" \/>\n\t<meta name=\"twitter:data2\" content=\"2 minutes\" \/>\n<script type=\"application\/ld+json\" class=\"yoast-schema-graph\">{\"@context\":\"https:\/\/schema.org\",\"@graph\":[{\"@type\":\"WebSite\",\"@id\":\"https:\/\/www.nettali.com\/#website\",\"url\":\"https:\/\/www.nettali.com\/\",\"name\":\"Nettali.com\",\"description\":\"Le rendez-vous critique du Net\",\"potentialAction\":[{\"@type\":\"SearchAction\",\"target\":{\"@type\":\"EntryPoint\",\"urlTemplate\":\"https:\/\/www.nettali.com\/?s={search_term_string}\"},\"query-input\":\"required name=search_term_string\"}],\"inLanguage\":\"fr-FR\"},{\"@type\":\"ImageObject\",\"@id\":\"https:\/\/www.nettali.com\/2023\/07\/27\/negociations-macky-sonko-ce-nest-pas-a-exclure-selon-aly-ngouille-ndiaye\/#primaryimage\",\"inLanguage\":\"fr-FR\",\"url\":\"https:\/\/www.nettali.com\/wp-content\/uploads\/2022\/12\/macky-sonko.jpeg\",\"contentUrl\":\"https:\/\/www.nettali.com\/wp-content\/uploads\/2022\/12\/macky-sonko.jpeg\",\"width\":1256,\"height\":628},{\"@type\":\"WebPage\",\"@id\":\"https:\/\/www.nettali.com\/2023\/07\/27\/negociations-macky-sonko-ce-nest-pas-a-exclure-selon-aly-ngouille-ndiaye\/#webpage\",\"url\":\"https:\/\/www.nettali.com\/2023\/07\/27\/negociations-macky-sonko-ce-nest-pas-a-exclure-selon-aly-ngouille-ndiaye\/\",\"name\":\"NETTALI TV \/ NEGOCIATIONS MACKY-SONKO - \\\"Ce n'est pas \\u00e0 exclure\\\", selon Aly Ngouille Ndiaye | Nettali.com\",\"isPartOf\":{\"@id\":\"https:\/\/www.nettali.com\/#website\"},\"primaryImageOfPage\":{\"@id\":\"https:\/\/www.nettali.com\/2023\/07\/27\/negociations-macky-sonko-ce-nest-pas-a-exclure-selon-aly-ngouille-ndiaye\/#primaryimage\"},\"datePublished\":\"2023-07-27T18:27:51+00:00\",\"dateModified\":\"2023-07-28T20:42:10+00:00\",\"author\":{\"@id\":\"https:\/\/www.nettali.com\/#\/schema\/person\/3317e0bb3aa1da309fbf7b2780901bf4\"},\"breadcrumb\":{\"@id\":\"https:\/\/www.nettali.com\/2023\/07\/27\/negociations-macky-sonko-ce-nest-pas-a-exclure-selon-aly-ngouille-ndiaye\/#breadcrumb\"},\"inLanguage\":\"fr-FR\",\"potentialAction\":[{\"@type\":\"ReadAction\",\"target\":[\"https:\/\/www.nettali.com\/2023\/07\/27\/negociations-macky-sonko-ce-nest-pas-a-exclure-selon-aly-ngouille-ndiaye\/\"]}]},{\"@type\":\"BreadcrumbList\",\"@id\":\"https:\/\/www.nettali.com\/2023\/07\/27\/negociations-macky-sonko-ce-nest-pas-a-exclure-selon-aly-ngouille-ndiaye\/#breadcrumb\",\"itemListElement\":[{\"@type\":\"ListItem\",\"position\":1,\"name\":\"Accueil\",\"item\":\"https:\/\/www.nettali.com\/\"},{\"@type\":\"ListItem\",\"position\":2,\"name\":\"NETTALI TV \/ NEGOCIATIONS MACKY-SONKO - \\\"Ce n'est pas \\u00e0 exclure\\\", selon Aly Ngouille Ndiaye\"}]},{\"@type\":\"Person\",\"@id\":\"https:\/\/www.nettali.com\/#\/schema\/person\/3317e0bb3aa1da309fbf7b2780901bf4\",\"name\":\"Daouda\",\"image\":{\"@type\":\"ImageObject\",\"@id\":\"https:\/\/www.nettali.com\/#personlogo\",\"inLanguage\":\"fr-FR\",\"url\":\"https:\/\/secure.gravatar.com\/avatar\/8d143b5a49345098ddcfee1c49c2f47c?s=96&d=mm&r=g\",\"contentUrl\":\"https:\/\/secure.gravatar.com\/avatar\/8d143b5a49345098ddcfee1c49c2f47c?s=96&d=mm&r=g\",\"caption\":\"Daouda\"},\"sameAs\":[\"https:\/\/www.nettali.com\"]}]}<\/script>\n<!-- \/ Yoast SEO Premium plugin. -->","yoast_head_json":{"title":"NETTALI TV \/ NEGOCIATIONS MACKY-SONKO - \"Ce n'est pas \u00e0 exclure\", selon Aly Ngouille Ndiaye | Nettali.com","robots":{"index":"index","follow":"follow","max-snippet":"max-snippet:-1","max-image-preview":"max-image-preview:large","max-video-preview":"max-video-preview:-1"},"canonical":"https:\/\/www.nettali.com\/2023\/07\/27\/negociations-macky-sonko-ce-nest-pas-a-exclure-selon-aly-ngouille-ndiaye\/","og_locale":"fr_FR","og_type":"article","og_title":"NETTALI TV \/ NEGOCIATIONS MACKY-SONKO - \"Ce n'est pas \u00e0 exclure\", selon Aly Ngouille Ndiaye","og_description":"NETTALI.COM -\u00a0 L'ancien ministre de l'Int\u00e9rieur, Aly Ngouille Ndiaye, soutient qu'il ne sera pas surpris si demain il apprenait qu'il y a des n\u00e9gociations entre Ousmane Sonko et Macky Sall. Selon lui, en politique, on ne rompt jamais le fil du dialogue, rappelant qu'il en sait quelque chose car il a \u00e9t\u00e9 ministre de l'Int\u00e9rieur [&hellip;]","og_url":"https:\/\/www.nettali.com\/2023\/07\/27\/negociations-macky-sonko-ce-nest-pas-a-exclure-selon-aly-ngouille-ndiaye\/","og_site_name":"Nettali.com","article_publisher":"https:\/\/www.facebook.com\/nettalicom","article_published_time":"2023-07-27T18:27:51+00:00","article_modified_time":"2023-07-28T20:42:10+00:00","og_image":[{"width":1256,"height":628,"url":"https:\/\/www.nettali.com\/wp-content\/uploads\/2022\/12\/macky-sonko.jpeg","type":"image\/jpeg"}],"twitter_card":"summary_large_image","twitter_misc":{"\u00c9crit par":"Daouda","Dur\u00e9e de lecture estim\u00e9e":"2 minutes"},"schema":{"@context":"https:\/\/schema.org","@graph":[{"@type":"WebSite","@id":"https:\/\/www.nettali.com\/#website","url":"https:\/\/www.nettali.com\/","name":"Nettali.com","description":"Le rendez-vous critique du Net","potentialAction":[{"@type":"SearchAction","target":{"@type":"EntryPoint","urlTemplate":"https:\/\/www.nettali.com\/?s={search_term_string}"},"query-input":"required name=search_term_string"}],"inLanguage":"fr-FR"},{"@type":"ImageObject","@id":"https:\/\/www.nettali.com\/2023\/07\/27\/negociations-macky-sonko-ce-nest-pas-a-exclure-selon-aly-ngouille-ndiaye\/#primaryimage","inLanguage":"fr-FR","url":"https:\/\/www.nettali.com\/wp-content\/uploads\/2022\/12\/macky-sonko.jpeg","contentUrl":"https:\/\/www.nettali.com\/wp-content\/uploads\/2022\/12\/macky-sonko.jpeg","width":1256,"height":628},{"@type":"WebPage","@id":"https:\/\/www.nettali.com\/2023\/07\/27\/negociations-macky-sonko-ce-nest-pas-a-exclure-selon-aly-ngouille-ndiaye\/#webpage","url":"https:\/\/www.nettali.com\/2023\/07\/27\/negociations-macky-sonko-ce-nest-pas-a-exclure-selon-aly-ngouille-ndiaye\/","name":"NETTALI TV \/ NEGOCIATIONS MACKY-SONKO - \"Ce n'est pas \u00e0 exclure\", selon Aly Ngouille Ndiaye | Nettali.com","isPartOf":{"@id":"https:\/\/www.nettali.com\/#website"},"primaryImageOfPage":{"@id":"https:\/\/www.nettali.com\/2023\/07\/27\/negociations-macky-sonko-ce-nest-pas-a-exclure-selon-aly-ngouille-ndiaye\/#primaryimage"},"datePublished":"2023-07-27T18:27:51+00:00","dateModified":"2023-07-28T20:42:10+00:00","author":{"@id":"https:\/\/www.nettali.com\/#\/schema\/person\/3317e0bb3aa1da309fbf7b2780901bf4"},"breadcrumb":{"@id":"https:\/\/www.nettali.com\/2023\/07\/27\/negociations-macky-sonko-ce-nest-pas-a-exclure-selon-aly-ngouille-ndiaye\/#breadcrumb"},"inLanguage":"fr-FR","potentialAction":[{"@type":"ReadAction","target":["https:\/\/www.nettali.com\/2023\/07\/27\/negociations-macky-sonko-ce-nest-pas-a-exclure-selon-aly-ngouille-ndiaye\/"]}]},{"@type":"BreadcrumbList","@id":"https:\/\/www.nettali.com\/2023\/07\/27\/negociations-macky-sonko-ce-nest-pas-a-exclure-selon-aly-ngouille-ndiaye\/#breadcrumb","itemListElement":[{"@type":"ListItem","position":1,"name":"Accueil","item":"https:\/\/www.nettali.com\/"},{"@type":"ListItem","position":2,"name":"NETTALI TV \/ NEGOCIATIONS MACKY-SONKO - \"Ce n'est pas \u00e0 exclure\", selon Aly Ngouille Ndiaye"}]},{"@type":"Person","@id":"https:\/\/www.nettali.com\/#\/schema\/person\/3317e0bb3aa1da309fbf7b2780901bf4","name":"Daouda","image":{"@type":"ImageObject","@id":"https:\/\/www.nettali.com\/#personlogo","inLanguage":"fr-FR","url":"https:\/\/secure.gravatar.com\/avatar\/8d143b5a49345098ddcfee1c49c2f47c?s=96&d=mm&r=g","contentUrl":"https:\/\/secure.gravatar.com\/avatar\/8d143b5a49345098ddcfee1c49c2f47c?s=96&d=mm&r=g","caption":"Daouda"},"sameAs":["https:\/\/www.nettali.com"]}]}},"_links":{"self":[{"href":"https:\/\/www.nettali.com\/rest\/wp\/v2\/posts\/114959"}],"collection":[{"href":"https:\/\/www.nettali.com\/rest\/wp\/v2\/posts"}],"about":[{"href":"https:\/\/www.nettali.com\/rest\/wp\/v2\/types\/post"}],"author":[{"embeddable":true,"href":"https:\/\/www.nettali.com\/rest\/wp\/v2\/users\/4"}],"replies":[{"embeddable":true,"href":"https:\/\/www.nettali.com\/rest\/wp\/v2\/comments?post=114959"}],"version-history":[{"count":3,"href":"https:\/\/www.nettali.com\/rest\/wp\/v2\/posts\/114959\/revisions"}],"predecessor-version":[{"id":114967,"href":"https:\/\/www.nettali.com\/rest\/wp\/v2\/posts\/114959\/revisions\/114967"}],"wp:featuredmedia":[{"embeddable":true,"href":"https:\/\/www.nettali.com\/rest\/wp\/v2\/media\/99466"}],"wp:attachment":[{"href":"https:\/\/www.nettali.com\/rest\/wp\/v2\/media?parent=114959"}],"wp:term":[{"taxonomy":"category","embeddable":true,"href":"https:\/\/www.nettali.com\/rest\/wp\/v2\/categories?post=114959"},{"taxonomy":"post_tag","embeddable":true,"href":"https:\/\/www.nettali.com\/rest\/wp\/v2\/tags?post=114959"}],"curies":[{"name":"wp","href":"https:\/\/api.w.org\/{rel}","templated":true}]}}