{"id":114953,"date":"2023-07-27T18:14:50","date_gmt":"2023-07-27T18:14:50","guid":{"rendered":"https:\/\/www.nettali.com\/?p=114953"},"modified":"2023-07-27T18:16:30","modified_gmt":"2023-07-27T18:16:30","slug":"en-coulisses-les-deputes-en-pleniere-lundi","status":"publish","type":"post","link":"https:\/\/www.nettali.com\/2023\/07\/27\/en-coulisses-les-deputes-en-pleniere-lundi\/","title":{"rendered":"EN COULISSES - Les d\u00e9put\u00e9s en pl\u00e9ni\u00e8re, lundi"},"content":{"rendered":"<p><strong>NETTALI.COM - Les d\u00e9put\u00e9s vont se r\u00e9unir en s\u00e9ance pl\u00e9ni\u00e8re, lundi \u00e0 16 heures, pour la cl\u00f4ture de la premi\u00e8re session extraordinaire parlementaire de cette ann\u00e9e, annonce un communiqu\u00e9 de la direction de la communication de l\u2019Assembl\u00e9e nationale.<\/strong><\/p>\n<p><img loading=\"lazy\" class=\"alignnone size-full wp-image-114957\" src=\"https:\/\/www.nettali.com\/wp-content\/uploads\/2023\/07\/WhatsApp-Image-2023-07-27-at-15.43.06.jpeg\" alt=\"\" width=\"720\" height=\"925\" srcset=\"https:\/\/www.nettali.com\/wp-content\/uploads\/2023\/07\/WhatsApp-Image-2023-07-27-at-15.43.06.jpeg 720w, https:\/\/www.nettali.com\/wp-content\/uploads\/2023\/07\/WhatsApp-Image-2023-07-27-at-15.43.06-234x300.jpeg 234w\" sizes=\"(max-width: 720px) 100vw, 720px\" \/><\/p>\n<div class='share-to-whatsapp-wrapper'><div class='share-on-whsp'>PARTAGER SUR : <\/div><a data-text='EN COULISSES - Les d\u00e9put\u00e9s en pl\u00e9ni\u00e8re, lundi' data-link='https:\/\/www.nettali.com\/2023\/07\/27\/en-coulisses-les-deputes-en-pleniere-lundi\/' class='whatsapp-button whatsapp-share'>WhatsApp<\/a><div class='clear '><\/div><\/div>","protected":false},"excerpt":{"rendered":"<p>NETTALI.COM - Les d\u00e9put\u00e9s vont se r\u00e9unir en s\u00e9ance pl\u00e9ni\u00e8re, lundi \u00e0 16 heures, pour la cl\u00f4ture de la premi\u00e8re session extraordinaire parlementaire de cette ann\u00e9e, annonce un communiqu\u00e9 de la direction de la communication de l\u2019Assembl\u00e9e nationale. PARTAGER SUR : WhatsApp<\/p>\n","protected":false},"author":4,"featured_media":114242,"comment_status":"open","ping_status":"open","sticky":false,"template":"","format":"standard","meta":{"_et_pb_use_builder":"","_et_pb_old_content":""},"categories":[34945],"tags":[],"yoast_head":"<!-- This site is optimized with the Yoast SEO Premium plugin v17.8 (Yoast SEO v17.8) - https:\/\/yoast.com\/wordpress\/plugins\/seo\/ -->\n<title>EN COULISSES - Les d\u00e9put\u00e9s en pl\u00e9ni\u00e8re, lundi | Nettali.com<\/title>\n<meta name=\"robots\" content=\"index, follow, max-snippet:-1, max-image-preview:large, max-video-preview:-1\" \/>\n<link rel=\"canonical\" href=\"https:\/\/www.nettali.com\/2023\/07\/27\/en-coulisses-les-deputes-en-pleniere-lundi\/\" \/>\n<meta property=\"og:locale\" content=\"fr_FR\" \/>\n<meta property=\"og:type\" content=\"article\" \/>\n<meta property=\"og:title\" content=\"EN COULISSES - Les d\u00e9put\u00e9s en pl\u00e9ni\u00e8re, lundi\" \/>\n<meta property=\"og:description\" content=\"NETTALI.COM - Les d\u00e9put\u00e9s vont se r\u00e9unir en s\u00e9ance pl\u00e9ni\u00e8re, lundi \u00e0 16 heures, pour la cl\u00f4ture de la premi\u00e8re session extraordinaire parlementaire de cette ann\u00e9e, annonce un communiqu\u00e9 de la direction de la communication de l\u2019Assembl\u00e9e nationale. PARTAGER SUR : WhatsApp\" \/>\n<meta property=\"og:url\" content=\"https:\/\/www.nettali.com\/2023\/07\/27\/en-coulisses-les-deputes-en-pleniere-lundi\/\" \/>\n<meta property=\"og:site_name\" content=\"Nettali.com\" \/>\n<meta property=\"article:publisher\" content=\"https:\/\/www.facebook.com\/nettalicom\" \/>\n<meta property=\"article:published_time\" content=\"2023-07-27T18:14:50+00:00\" \/>\n<meta property=\"article:modified_time\" content=\"2023-07-27T18:16:30+00:00\" \/>\n<meta property=\"og:image\" content=\"https:\/\/www.nettali.com\/wp-content\/uploads\/2023\/07\/assemblee_nat_20_0_0.jpg\" \/>\n\t<meta property=\"og:image:width\" content=\"800\" \/>\n\t<meta property=\"og:image:height\" content=\"583\" \/>\n<meta name=\"twitter:card\" content=\"summary_large_image\" \/>\n<meta name=\"twitter:label1\" content=\"\u00c9crit par\" \/>\n\t<meta name=\"twitter:data1\" content=\"Daouda\" \/>\n\t<meta name=\"twitter:label2\" content=\"Dur\u00e9e de lecture estim\u00e9e\" \/>\n\t<meta name=\"twitter:data2\" content=\"1 minute\" \/>\n<script type=\"application\/ld+json\" class=\"yoast-schema-graph\">{\"@context\":\"https:\/\/schema.org\",\"@graph\":[{\"@type\":\"WebSite\",\"@id\":\"https:\/\/www.nettali.com\/#website\",\"url\":\"https:\/\/www.nettali.com\/\",\"name\":\"Nettali.com\",\"description\":\"Le rendez-vous critique du Net\",\"potentialAction\":[{\"@type\":\"SearchAction\",\"target\":{\"@type\":\"EntryPoint\",\"urlTemplate\":\"https:\/\/www.nettali.com\/?s={search_term_string}\"},\"query-input\":\"required name=search_term_string\"}],\"inLanguage\":\"fr-FR\"},{\"@type\":\"ImageObject\",\"@id\":\"https:\/\/www.nettali.com\/2023\/07\/27\/en-coulisses-les-deputes-en-pleniere-lundi\/#primaryimage\",\"inLanguage\":\"fr-FR\",\"url\":\"https:\/\/www.nettali.com\/wp-content\/uploads\/2023\/07\/assemblee_nat_20_0_0.jpg\",\"contentUrl\":\"https:\/\/www.nettali.com\/wp-content\/uploads\/2023\/07\/assemblee_nat_20_0_0.jpg\",\"width\":800,\"height\":583},{\"@type\":\"WebPage\",\"@id\":\"https:\/\/www.nettali.com\/2023\/07\/27\/en-coulisses-les-deputes-en-pleniere-lundi\/#webpage\",\"url\":\"https:\/\/www.nettali.com\/2023\/07\/27\/en-coulisses-les-deputes-en-pleniere-lundi\/\",\"name\":\"EN COULISSES - Les d\\u00e9put\\u00e9s en pl\\u00e9ni\\u00e8re, lundi | Nettali.com\",\"isPartOf\":{\"@id\":\"https:\/\/www.nettali.com\/#website\"},\"primaryImageOfPage\":{\"@id\":\"https:\/\/www.nettali.com\/2023\/07\/27\/en-coulisses-les-deputes-en-pleniere-lundi\/#primaryimage\"},\"datePublished\":\"2023-07-27T18:14:50+00:00\",\"dateModified\":\"2023-07-27T18:16:30+00:00\",\"author\":{\"@id\":\"https:\/\/www.nettali.com\/#\/schema\/person\/3317e0bb3aa1da309fbf7b2780901bf4\"},\"breadcrumb\":{\"@id\":\"https:\/\/www.nettali.com\/2023\/07\/27\/en-coulisses-les-deputes-en-pleniere-lundi\/#breadcrumb\"},\"inLanguage\":\"fr-FR\",\"potentialAction\":[{\"@type\":\"ReadAction\",\"target\":[\"https:\/\/www.nettali.com\/2023\/07\/27\/en-coulisses-les-deputes-en-pleniere-lundi\/\"]}]},{\"@type\":\"BreadcrumbList\",\"@id\":\"https:\/\/www.nettali.com\/2023\/07\/27\/en-coulisses-les-deputes-en-pleniere-lundi\/#breadcrumb\",\"itemListElement\":[{\"@type\":\"ListItem\",\"position\":1,\"name\":\"Accueil\",\"item\":\"https:\/\/www.nettali.com\/\"},{\"@type\":\"ListItem\",\"position\":2,\"name\":\"EN COULISSES - Les d\\u00e9put\\u00e9s en pl\\u00e9ni\\u00e8re, lundi\"}]},{\"@type\":\"Person\",\"@id\":\"https:\/\/www.nettali.com\/#\/schema\/person\/3317e0bb3aa1da309fbf7b2780901bf4\",\"name\":\"Daouda\",\"image\":{\"@type\":\"ImageObject\",\"@id\":\"https:\/\/www.nettali.com\/#personlogo\",\"inLanguage\":\"fr-FR\",\"url\":\"https:\/\/secure.gravatar.com\/avatar\/8d143b5a49345098ddcfee1c49c2f47c?s=96&d=mm&r=g\",\"contentUrl\":\"https:\/\/secure.gravatar.com\/avatar\/8d143b5a49345098ddcfee1c49c2f47c?s=96&d=mm&r=g\",\"caption\":\"Daouda\"},\"sameAs\":[\"https:\/\/www.nettali.com\"]}]}<\/script>\n<!-- \/ Yoast SEO Premium plugin. -->","yoast_head_json":{"title":"EN COULISSES - Les d\u00e9put\u00e9s en pl\u00e9ni\u00e8re, lundi | Nettali.com","robots":{"index":"index","follow":"follow","max-snippet":"max-snippet:-1","max-image-preview":"max-image-preview:large","max-video-preview":"max-video-preview:-1"},"canonical":"https:\/\/www.nettali.com\/2023\/07\/27\/en-coulisses-les-deputes-en-pleniere-lundi\/","og_locale":"fr_FR","og_type":"article","og_title":"EN COULISSES - Les d\u00e9put\u00e9s en pl\u00e9ni\u00e8re, lundi","og_description":"NETTALI.COM - Les d\u00e9put\u00e9s vont se r\u00e9unir en s\u00e9ance pl\u00e9ni\u00e8re, lundi \u00e0 16 heures, pour la cl\u00f4ture de la premi\u00e8re session extraordinaire parlementaire de cette ann\u00e9e, annonce un communiqu\u00e9 de la direction de la communication de l\u2019Assembl\u00e9e nationale. PARTAGER SUR : WhatsApp","og_url":"https:\/\/www.nettali.com\/2023\/07\/27\/en-coulisses-les-deputes-en-pleniere-lundi\/","og_site_name":"Nettali.com","article_publisher":"https:\/\/www.facebook.com\/nettalicom","article_published_time":"2023-07-27T18:14:50+00:00","article_modified_time":"2023-07-27T18:16:30+00:00","og_image":[{"width":800,"height":583,"url":"https:\/\/www.nettali.com\/wp-content\/uploads\/2023\/07\/assemblee_nat_20_0_0.jpg","type":"image\/jpeg"}],"twitter_card":"summary_large_image","twitter_misc":{"\u00c9crit par":"Daouda","Dur\u00e9e de lecture estim\u00e9e":"1 minute"},"schema":{"@context":"https:\/\/schema.org","@graph":[{"@type":"WebSite","@id":"https:\/\/www.nettali.com\/#website","url":"https:\/\/www.nettali.com\/","name":"Nettali.com","description":"Le rendez-vous critique du Net","potentialAction":[{"@type":"SearchAction","target":{"@type":"EntryPoint","urlTemplate":"https:\/\/www.nettali.com\/?s={search_term_string}"},"query-input":"required name=search_term_string"}],"inLanguage":"fr-FR"},{"@type":"ImageObject","@id":"https:\/\/www.nettali.com\/2023\/07\/27\/en-coulisses-les-deputes-en-pleniere-lundi\/#primaryimage","inLanguage":"fr-FR","url":"https:\/\/www.nettali.com\/wp-content\/uploads\/2023\/07\/assemblee_nat_20_0_0.jpg","contentUrl":"https:\/\/www.nettali.com\/wp-content\/uploads\/2023\/07\/assemblee_nat_20_0_0.jpg","width":800,"height":583},{"@type":"WebPage","@id":"https:\/\/www.nettali.com\/2023\/07\/27\/en-coulisses-les-deputes-en-pleniere-lundi\/#webpage","url":"https:\/\/www.nettali.com\/2023\/07\/27\/en-coulisses-les-deputes-en-pleniere-lundi\/","name":"EN COULISSES - Les d\u00e9put\u00e9s en pl\u00e9ni\u00e8re, lundi | Nettali.com","isPartOf":{"@id":"https:\/\/www.nettali.com\/#website"},"primaryImageOfPage":{"@id":"https:\/\/www.nettali.com\/2023\/07\/27\/en-coulisses-les-deputes-en-pleniere-lundi\/#primaryimage"},"datePublished":"2023-07-27T18:14:50+00:00","dateModified":"2023-07-27T18:16:30+00:00","author":{"@id":"https:\/\/www.nettali.com\/#\/schema\/person\/3317e0bb3aa1da309fbf7b2780901bf4"},"breadcrumb":{"@id":"https:\/\/www.nettali.com\/2023\/07\/27\/en-coulisses-les-deputes-en-pleniere-lundi\/#breadcrumb"},"inLanguage":"fr-FR","potentialAction":[{"@type":"ReadAction","target":["https:\/\/www.nettali.com\/2023\/07\/27\/en-coulisses-les-deputes-en-pleniere-lundi\/"]}]},{"@type":"BreadcrumbList","@id":"https:\/\/www.nettali.com\/2023\/07\/27\/en-coulisses-les-deputes-en-pleniere-lundi\/#breadcrumb","itemListElement":[{"@type":"ListItem","position":1,"name":"Accueil","item":"https:\/\/www.nettali.com\/"},{"@type":"ListItem","position":2,"name":"EN COULISSES - Les d\u00e9put\u00e9s en pl\u00e9ni\u00e8re, lundi"}]},{"@type":"Person","@id":"https:\/\/www.nettali.com\/#\/schema\/person\/3317e0bb3aa1da309fbf7b2780901bf4","name":"Daouda","image":{"@type":"ImageObject","@id":"https:\/\/www.nettali.com\/#personlogo","inLanguage":"fr-FR","url":"https:\/\/secure.gravatar.com\/avatar\/8d143b5a49345098ddcfee1c49c2f47c?s=96&d=mm&r=g","contentUrl":"https:\/\/secure.gravatar.com\/avatar\/8d143b5a49345098ddcfee1c49c2f47c?s=96&d=mm&r=g","caption":"Daouda"},"sameAs":["https:\/\/www.nettali.com"]}]}},"_links":{"self":[{"href":"https:\/\/www.nettali.com\/rest\/wp\/v2\/posts\/114953"}],"collection":[{"href":"https:\/\/www.nettali.com\/rest\/wp\/v2\/posts"}],"about":[{"href":"https:\/\/www.nettali.com\/rest\/wp\/v2\/types\/post"}],"author":[{"embeddable":true,"href":"https:\/\/www.nettali.com\/rest\/wp\/v2\/users\/4"}],"replies":[{"embeddable":true,"href":"https:\/\/www.nettali.com\/rest\/wp\/v2\/comments?post=114953"}],"version-history":[{"count":1,"href":"https:\/\/www.nettali.com\/rest\/wp\/v2\/posts\/114953\/revisions"}],"predecessor-version":[{"id":114958,"href":"https:\/\/www.nettali.com\/rest\/wp\/v2\/posts\/114953\/revisions\/114958"}],"wp:featuredmedia":[{"embeddable":true,"href":"https:\/\/www.nettali.com\/rest\/wp\/v2\/media\/114242"}],"wp:attachment":[{"href":"https:\/\/www.nettali.com\/rest\/wp\/v2\/media?parent=114953"}],"wp:term":[{"taxonomy":"category","embeddable":true,"href":"https:\/\/www.nettali.com\/rest\/wp\/v2\/categories?post=114953"},{"taxonomy":"post_tag","embeddable":true,"href":"https:\/\/www.nettali.com\/rest\/wp\/v2\/tags?post=114953"}],"curies":[{"name":"wp","href":"https:\/\/api.w.org\/{rel}","templated":true}]}}