{"id":114833,"date":"2023-07-26T08:11:30","date_gmt":"2023-07-26T08:11:30","guid":{"rendered":"https:\/\/www.nettali.com\/?p=114833"},"modified":"2023-07-26T08:11:30","modified_gmt":"2023-07-26T08:11:30","slug":"en-coulisses-les-premiers-mots-dismaila-sarr","status":"publish","type":"post","link":"https:\/\/www.nettali.com\/2023\/07\/26\/en-coulisses-les-premiers-mots-dismaila-sarr\/","title":{"rendered":"EN COULISSES - Les premiers mots d'Ismaila Sarr"},"content":{"rendered":"<div class=\"page\" title=\"Page 11\">\n<div class=\"section\">\n<div class=\"layoutArea\">\n<div class=\"column\">\n<p><strong>NETTALI.COM -<\/strong> Lundi 24 juillet, l\u2019Olympique de Marseille annon\u00e7ait officiellement avoir recrute\u0301 l\u2019ailier Ismai\u0308la Sarr (25 ans) en provenance de Watford pour 13 millions d\u2019euros. Sur le re\u0301seau social Instagram mardi, l\u2019international se\u0301ne\u0301galais a livre\u0301 ses premiers mots.<\/p>\n<p>\"<em>Je suis heureux et fier de rejoindre l\u2019Olympique de Marseille ! Il me tarde de de\u0301couvrir le Stade Ve\u0301lodrome, son ambiance e\u0301lectrique et ses supporters passionne\u0301s. Je sais que c\u0327a va e\u0302tre incroyable ! Je veux e\u0301galement profiter de cette occasion pour remercier chaleureusement le pre\u0301sident, le directeur sportif et le coach pour avoir facilite\u0301 ma venue a\u0300 l\u2019OM avec un projet ambitieux auquel j'adhe\u0300re et pour lequel je me donnerai a\u0300 1000%. Ensemble, rendons cette saison inoubliable. Je suis impatient de vous retrouver dans les tribunes et de vivre ces moments magiques avec vous tous ! Allez L\u2019OM<\/em>\", a lance\u0301 l\u2019ex- Rennais.<\/p>\n<\/div>\n<\/div>\n<\/div>\n<\/div>\n<div class='share-to-whatsapp-wrapper'><div class='share-on-whsp'>PARTAGER SUR : <\/div><a data-text='EN COULISSES - Les premiers mots d'Ismaila Sarr' data-link='https:\/\/www.nettali.com\/2023\/07\/26\/en-coulisses-les-premiers-mots-dismaila-sarr\/' class='whatsapp-button whatsapp-share'>WhatsApp<\/a><div class='clear '><\/div><\/div>","protected":false},"excerpt":{"rendered":"<p>NETTALI.COM - Lundi 24 juillet, l\u2019Olympique de Marseille annon\u00e7ait officiellement avoir recrute\u0301 l\u2019ailier Ismai\u0308la Sarr (25 ans) en provenance de Watford pour 13 millions d\u2019euros. Sur le re\u0301seau social Instagram mardi, l\u2019international se\u0301ne\u0301galais a livre\u0301 ses premiers mots. \"Je suis heureux et fier de rejoindre l\u2019Olympique de Marseille ! Il me tarde de de\u0301couvrir le [&hellip;]<\/p>\n","protected":false},"author":2,"featured_media":114842,"comment_status":"open","ping_status":"open","sticky":false,"template":"","format":"standard","meta":{"_et_pb_use_builder":"","_et_pb_old_content":""},"categories":[34945],"tags":[],"yoast_head":"<!-- This site is optimized with the Yoast SEO Premium plugin v17.8 (Yoast SEO v17.8) - https:\/\/yoast.com\/wordpress\/plugins\/seo\/ -->\n<title>EN COULISSES - Les premiers mots d&#039;Ismaila Sarr | Nettali.com<\/title>\n<meta name=\"robots\" content=\"index, follow, max-snippet:-1, max-image-preview:large, max-video-preview:-1\" \/>\n<link rel=\"canonical\" href=\"https:\/\/www.nettali.com\/2023\/07\/26\/en-coulisses-les-premiers-mots-dismaila-sarr\/\" \/>\n<meta property=\"og:locale\" content=\"fr_FR\" \/>\n<meta property=\"og:type\" content=\"article\" \/>\n<meta property=\"og:title\" content=\"EN COULISSES - Les premiers mots d&#039;Ismaila Sarr\" \/>\n<meta property=\"og:description\" content=\"NETTALI.COM - Lundi 24 juillet, l\u2019Olympique de Marseille annon\u00e7ait officiellement avoir recrute\u0301 l\u2019ailier Ismai\u0308la Sarr (25 ans) en provenance de Watford pour 13 millions d\u2019euros. Sur le re\u0301seau social Instagram mardi, l\u2019international se\u0301ne\u0301galais a livre\u0301 ses premiers mots. &quot;Je suis heureux et fier de rejoindre l\u2019Olympique de Marseille ! Il me tarde de de\u0301couvrir le [&hellip;]\" \/>\n<meta property=\"og:url\" content=\"https:\/\/www.nettali.com\/2023\/07\/26\/en-coulisses-les-premiers-mots-dismaila-sarr\/\" \/>\n<meta property=\"og:site_name\" content=\"Nettali.com\" \/>\n<meta property=\"article:publisher\" content=\"https:\/\/www.facebook.com\/nettalicom\" \/>\n<meta property=\"article:published_time\" content=\"2023-07-26T08:11:30+00:00\" \/>\n<meta property=\"og:image\" content=\"https:\/\/www.nettali.com\/wp-content\/uploads\/2023\/07\/jpg_20230725_083041_0000-1024x576-1.jpg\" \/>\n\t<meta property=\"og:image:width\" content=\"1024\" \/>\n\t<meta property=\"og:image:height\" content=\"576\" \/>\n<meta name=\"twitter:card\" content=\"summary_large_image\" \/>\n<meta name=\"twitter:label1\" content=\"\u00c9crit par\" \/>\n\t<meta name=\"twitter:data1\" content=\"CK\" \/>\n\t<meta name=\"twitter:label2\" content=\"Dur\u00e9e de lecture estim\u00e9e\" \/>\n\t<meta name=\"twitter:data2\" content=\"1 minute\" \/>\n<script type=\"application\/ld+json\" class=\"yoast-schema-graph\">{\"@context\":\"https:\/\/schema.org\",\"@graph\":[{\"@type\":\"WebSite\",\"@id\":\"https:\/\/www.nettali.com\/#website\",\"url\":\"https:\/\/www.nettali.com\/\",\"name\":\"Nettali.com\",\"description\":\"Le rendez-vous critique du Net\",\"potentialAction\":[{\"@type\":\"SearchAction\",\"target\":{\"@type\":\"EntryPoint\",\"urlTemplate\":\"https:\/\/www.nettali.com\/?s={search_term_string}\"},\"query-input\":\"required name=search_term_string\"}],\"inLanguage\":\"fr-FR\"},{\"@type\":\"ImageObject\",\"@id\":\"https:\/\/www.nettali.com\/2023\/07\/26\/en-coulisses-les-premiers-mots-dismaila-sarr\/#primaryimage\",\"inLanguage\":\"fr-FR\",\"url\":\"https:\/\/www.nettali.com\/wp-content\/uploads\/2023\/07\/jpg_20230725_083041_0000-1024x576-1.jpg\",\"contentUrl\":\"https:\/\/www.nettali.com\/wp-content\/uploads\/2023\/07\/jpg_20230725_083041_0000-1024x576-1.jpg\",\"width\":1024,\"height\":576},{\"@type\":\"WebPage\",\"@id\":\"https:\/\/www.nettali.com\/2023\/07\/26\/en-coulisses-les-premiers-mots-dismaila-sarr\/#webpage\",\"url\":\"https:\/\/www.nettali.com\/2023\/07\/26\/en-coulisses-les-premiers-mots-dismaila-sarr\/\",\"name\":\"EN COULISSES - Les premiers mots d'Ismaila Sarr | Nettali.com\",\"isPartOf\":{\"@id\":\"https:\/\/www.nettali.com\/#website\"},\"primaryImageOfPage\":{\"@id\":\"https:\/\/www.nettali.com\/2023\/07\/26\/en-coulisses-les-premiers-mots-dismaila-sarr\/#primaryimage\"},\"datePublished\":\"2023-07-26T08:11:30+00:00\",\"dateModified\":\"2023-07-26T08:11:30+00:00\",\"author\":{\"@id\":\"https:\/\/www.nettali.com\/#\/schema\/person\/d8ac7b7e27ddad43f1c0d2ef090d7f71\"},\"breadcrumb\":{\"@id\":\"https:\/\/www.nettali.com\/2023\/07\/26\/en-coulisses-les-premiers-mots-dismaila-sarr\/#breadcrumb\"},\"inLanguage\":\"fr-FR\",\"potentialAction\":[{\"@type\":\"ReadAction\",\"target\":[\"https:\/\/www.nettali.com\/2023\/07\/26\/en-coulisses-les-premiers-mots-dismaila-sarr\/\"]}]},{\"@type\":\"BreadcrumbList\",\"@id\":\"https:\/\/www.nettali.com\/2023\/07\/26\/en-coulisses-les-premiers-mots-dismaila-sarr\/#breadcrumb\",\"itemListElement\":[{\"@type\":\"ListItem\",\"position\":1,\"name\":\"Accueil\",\"item\":\"https:\/\/www.nettali.com\/\"},{\"@type\":\"ListItem\",\"position\":2,\"name\":\"EN COULISSES - Les premiers mots d'Ismaila Sarr\"}]},{\"@type\":\"Person\",\"@id\":\"https:\/\/www.nettali.com\/#\/schema\/person\/d8ac7b7e27ddad43f1c0d2ef090d7f71\",\"name\":\"CK\",\"image\":{\"@type\":\"ImageObject\",\"@id\":\"https:\/\/www.nettali.com\/#personlogo\",\"inLanguage\":\"fr-FR\",\"url\":\"https:\/\/secure.gravatar.com\/avatar\/1d8d5118b9327d94da7cd4ce7f17fec2?s=96&d=mm&r=g\",\"contentUrl\":\"https:\/\/secure.gravatar.com\/avatar\/1d8d5118b9327d94da7cd4ce7f17fec2?s=96&d=mm&r=g\",\"caption\":\"CK\"},\"sameAs\":[\"https:\/\/www.nettali.com\"]}]}<\/script>\n<!-- \/ Yoast SEO Premium plugin. -->","yoast_head_json":{"title":"EN COULISSES - Les premiers mots d'Ismaila Sarr | Nettali.com","robots":{"index":"index","follow":"follow","max-snippet":"max-snippet:-1","max-image-preview":"max-image-preview:large","max-video-preview":"max-video-preview:-1"},"canonical":"https:\/\/www.nettali.com\/2023\/07\/26\/en-coulisses-les-premiers-mots-dismaila-sarr\/","og_locale":"fr_FR","og_type":"article","og_title":"EN COULISSES - Les premiers mots d'Ismaila Sarr","og_description":"NETTALI.COM - Lundi 24 juillet, l\u2019Olympique de Marseille annon\u00e7ait officiellement avoir recrute\u0301 l\u2019ailier Ismai\u0308la Sarr (25 ans) en provenance de Watford pour 13 millions d\u2019euros. Sur le re\u0301seau social Instagram mardi, l\u2019international se\u0301ne\u0301galais a livre\u0301 ses premiers mots. \"Je suis heureux et fier de rejoindre l\u2019Olympique de Marseille ! Il me tarde de de\u0301couvrir le [&hellip;]","og_url":"https:\/\/www.nettali.com\/2023\/07\/26\/en-coulisses-les-premiers-mots-dismaila-sarr\/","og_site_name":"Nettali.com","article_publisher":"https:\/\/www.facebook.com\/nettalicom","article_published_time":"2023-07-26T08:11:30+00:00","og_image":[{"width":1024,"height":576,"url":"https:\/\/www.nettali.com\/wp-content\/uploads\/2023\/07\/jpg_20230725_083041_0000-1024x576-1.jpg","type":"image\/jpeg"}],"twitter_card":"summary_large_image","twitter_misc":{"\u00c9crit par":"CK","Dur\u00e9e de lecture estim\u00e9e":"1 minute"},"schema":{"@context":"https:\/\/schema.org","@graph":[{"@type":"WebSite","@id":"https:\/\/www.nettali.com\/#website","url":"https:\/\/www.nettali.com\/","name":"Nettali.com","description":"Le rendez-vous critique du Net","potentialAction":[{"@type":"SearchAction","target":{"@type":"EntryPoint","urlTemplate":"https:\/\/www.nettali.com\/?s={search_term_string}"},"query-input":"required name=search_term_string"}],"inLanguage":"fr-FR"},{"@type":"ImageObject","@id":"https:\/\/www.nettali.com\/2023\/07\/26\/en-coulisses-les-premiers-mots-dismaila-sarr\/#primaryimage","inLanguage":"fr-FR","url":"https:\/\/www.nettali.com\/wp-content\/uploads\/2023\/07\/jpg_20230725_083041_0000-1024x576-1.jpg","contentUrl":"https:\/\/www.nettali.com\/wp-content\/uploads\/2023\/07\/jpg_20230725_083041_0000-1024x576-1.jpg","width":1024,"height":576},{"@type":"WebPage","@id":"https:\/\/www.nettali.com\/2023\/07\/26\/en-coulisses-les-premiers-mots-dismaila-sarr\/#webpage","url":"https:\/\/www.nettali.com\/2023\/07\/26\/en-coulisses-les-premiers-mots-dismaila-sarr\/","name":"EN COULISSES - Les premiers mots d'Ismaila Sarr | Nettali.com","isPartOf":{"@id":"https:\/\/www.nettali.com\/#website"},"primaryImageOfPage":{"@id":"https:\/\/www.nettali.com\/2023\/07\/26\/en-coulisses-les-premiers-mots-dismaila-sarr\/#primaryimage"},"datePublished":"2023-07-26T08:11:30+00:00","dateModified":"2023-07-26T08:11:30+00:00","author":{"@id":"https:\/\/www.nettali.com\/#\/schema\/person\/d8ac7b7e27ddad43f1c0d2ef090d7f71"},"breadcrumb":{"@id":"https:\/\/www.nettali.com\/2023\/07\/26\/en-coulisses-les-premiers-mots-dismaila-sarr\/#breadcrumb"},"inLanguage":"fr-FR","potentialAction":[{"@type":"ReadAction","target":["https:\/\/www.nettali.com\/2023\/07\/26\/en-coulisses-les-premiers-mots-dismaila-sarr\/"]}]},{"@type":"BreadcrumbList","@id":"https:\/\/www.nettali.com\/2023\/07\/26\/en-coulisses-les-premiers-mots-dismaila-sarr\/#breadcrumb","itemListElement":[{"@type":"ListItem","position":1,"name":"Accueil","item":"https:\/\/www.nettali.com\/"},{"@type":"ListItem","position":2,"name":"EN COULISSES - Les premiers mots d'Ismaila Sarr"}]},{"@type":"Person","@id":"https:\/\/www.nettali.com\/#\/schema\/person\/d8ac7b7e27ddad43f1c0d2ef090d7f71","name":"CK","image":{"@type":"ImageObject","@id":"https:\/\/www.nettali.com\/#personlogo","inLanguage":"fr-FR","url":"https:\/\/secure.gravatar.com\/avatar\/1d8d5118b9327d94da7cd4ce7f17fec2?s=96&d=mm&r=g","contentUrl":"https:\/\/secure.gravatar.com\/avatar\/1d8d5118b9327d94da7cd4ce7f17fec2?s=96&d=mm&r=g","caption":"CK"},"sameAs":["https:\/\/www.nettali.com"]}]}},"_links":{"self":[{"href":"https:\/\/www.nettali.com\/rest\/wp\/v2\/posts\/114833"}],"collection":[{"href":"https:\/\/www.nettali.com\/rest\/wp\/v2\/posts"}],"about":[{"href":"https:\/\/www.nettali.com\/rest\/wp\/v2\/types\/post"}],"author":[{"embeddable":true,"href":"https:\/\/www.nettali.com\/rest\/wp\/v2\/users\/2"}],"replies":[{"embeddable":true,"href":"https:\/\/www.nettali.com\/rest\/wp\/v2\/comments?post=114833"}],"version-history":[{"count":1,"href":"https:\/\/www.nettali.com\/rest\/wp\/v2\/posts\/114833\/revisions"}],"predecessor-version":[{"id":114834,"href":"https:\/\/www.nettali.com\/rest\/wp\/v2\/posts\/114833\/revisions\/114834"}],"wp:featuredmedia":[{"embeddable":true,"href":"https:\/\/www.nettali.com\/rest\/wp\/v2\/media\/114842"}],"wp:attachment":[{"href":"https:\/\/www.nettali.com\/rest\/wp\/v2\/media?parent=114833"}],"wp:term":[{"taxonomy":"category","embeddable":true,"href":"https:\/\/www.nettali.com\/rest\/wp\/v2\/categories?post=114833"},{"taxonomy":"post_tag","embeddable":true,"href":"https:\/\/www.nettali.com\/rest\/wp\/v2\/tags?post=114833"}],"curies":[{"name":"wp","href":"https:\/\/api.w.org\/{rel}","templated":true}]}}