{"id":114831,"date":"2023-07-26T08:12:24","date_gmt":"2023-07-26T08:12:24","guid":{"rendered":"https:\/\/www.nettali.com\/?p=114831"},"modified":"2023-07-26T08:12:24","modified_gmt":"2023-07-26T08:12:24","slug":"en-coulisses-macky-au-sommet-russie-afrique","status":"publish","type":"post","link":"https:\/\/www.nettali.com\/2023\/07\/26\/en-coulisses-macky-au-sommet-russie-afrique\/","title":{"rendered":"EN COULISSES - Macky au sommet Russie-Afrique"},"content":{"rendered":"<div class=\"page\" title=\"Page 2\">\n<div class=\"layoutArea\">\n<div class=\"column\">\n<p><strong>NETTALI.COM -<\/strong> Macky Sall a quitte\u0301 Dakar, le mardi 25 juillet pour assister au 2e Sommet Russie-Afrique a\u0300 Saint Petersburg. Vladimir Poutine accueille en effet a\u0300 partir de jeudi, ses partenaires africains. Un e\u0301ve\u0301nement qui prendra fin le 28 juillet prochain et intervient dans un contexte de conflit en Ukraine et de fin de l'accord ce\u0301re\u0301alier qui ne manque pas d'inqui\u00e9ter le continent.<\/p>\n<p>Auparavant, le pre\u0301sident de la Re\u0301publique du Se\u0301ne\u0301gal effectuera une visite officielle en Re\u0301publique russe du Tatarstan, les 25 et 26 juillet. Son retour du chef de l\u2019E\u0301tat est pre\u0301vu le 29 juillet prochain, renseignent les services de pre\u0301sidence.<\/p>\n<\/div>\n<\/div>\n<\/div>\n<div class='share-to-whatsapp-wrapper'><div class='share-on-whsp'>PARTAGER SUR : <\/div><a data-text='EN COULISSES - Macky au sommet Russie-Afrique' data-link='https:\/\/www.nettali.com\/2023\/07\/26\/en-coulisses-macky-au-sommet-russie-afrique\/' class='whatsapp-button whatsapp-share'>WhatsApp<\/a><div class='clear '><\/div><\/div>","protected":false},"excerpt":{"rendered":"<p>NETTALI.COM - Macky Sall a quitte\u0301 Dakar, le mardi 25 juillet pour assister au 2e Sommet Russie-Afrique a\u0300 Saint Petersburg. Vladimir Poutine accueille en effet a\u0300 partir de jeudi, ses partenaires africains. Un e\u0301ve\u0301nement qui prendra fin le 28 juillet prochain et intervient dans un contexte de conflit en Ukraine et de fin de l'accord [&hellip;]<\/p>\n","protected":false},"author":2,"featured_media":114843,"comment_status":"open","ping_status":"open","sticky":false,"template":"","format":"standard","meta":{"_et_pb_use_builder":"","_et_pb_old_content":""},"categories":[34945],"tags":[],"yoast_head":"<!-- This site is optimized with the Yoast SEO Premium plugin v17.8 (Yoast SEO v17.8) - https:\/\/yoast.com\/wordpress\/plugins\/seo\/ -->\n<title>EN COULISSES - Macky au sommet Russie-Afrique | Nettali.com<\/title>\n<meta name=\"robots\" content=\"index, follow, max-snippet:-1, max-image-preview:large, max-video-preview:-1\" \/>\n<link rel=\"canonical\" href=\"https:\/\/www.nettali.com\/2023\/07\/26\/en-coulisses-macky-au-sommet-russie-afrique\/\" \/>\n<meta property=\"og:locale\" content=\"fr_FR\" \/>\n<meta property=\"og:type\" content=\"article\" \/>\n<meta property=\"og:title\" content=\"EN COULISSES - Macky au sommet Russie-Afrique\" \/>\n<meta property=\"og:description\" content=\"NETTALI.COM - Macky Sall a quitte\u0301 Dakar, le mardi 25 juillet pour assister au 2e Sommet Russie-Afrique a\u0300 Saint Petersburg. Vladimir Poutine accueille en effet a\u0300 partir de jeudi, ses partenaires africains. Un e\u0301ve\u0301nement qui prendra fin le 28 juillet prochain et intervient dans un contexte de conflit en Ukraine et de fin de l&#039;accord [&hellip;]\" \/>\n<meta property=\"og:url\" content=\"https:\/\/www.nettali.com\/2023\/07\/26\/en-coulisses-macky-au-sommet-russie-afrique\/\" \/>\n<meta property=\"og:site_name\" content=\"Nettali.com\" \/>\n<meta property=\"article:publisher\" content=\"https:\/\/www.facebook.com\/nettalicom\" \/>\n<meta property=\"article:published_time\" content=\"2023-07-26T08:12:24+00:00\" \/>\n<meta property=\"og:image\" content=\"https:\/\/www.nettali.com\/wp-content\/uploads\/2023\/07\/125026616_mediaitem125026612.jpg\" \/>\n\t<meta property=\"og:image:width\" content=\"640\" \/>\n\t<meta property=\"og:image:height\" content=\"360\" \/>\n<meta name=\"twitter:card\" content=\"summary_large_image\" \/>\n<meta name=\"twitter:label1\" content=\"\u00c9crit par\" \/>\n\t<meta name=\"twitter:data1\" content=\"CK\" \/>\n\t<meta name=\"twitter:label2\" content=\"Dur\u00e9e de lecture estim\u00e9e\" \/>\n\t<meta name=\"twitter:data2\" content=\"1 minute\" \/>\n<script type=\"application\/ld+json\" class=\"yoast-schema-graph\">{\"@context\":\"https:\/\/schema.org\",\"@graph\":[{\"@type\":\"WebSite\",\"@id\":\"https:\/\/www.nettali.com\/#website\",\"url\":\"https:\/\/www.nettali.com\/\",\"name\":\"Nettali.com\",\"description\":\"Le rendez-vous critique du Net\",\"potentialAction\":[{\"@type\":\"SearchAction\",\"target\":{\"@type\":\"EntryPoint\",\"urlTemplate\":\"https:\/\/www.nettali.com\/?s={search_term_string}\"},\"query-input\":\"required name=search_term_string\"}],\"inLanguage\":\"fr-FR\"},{\"@type\":\"ImageObject\",\"@id\":\"https:\/\/www.nettali.com\/2023\/07\/26\/en-coulisses-macky-au-sommet-russie-afrique\/#primaryimage\",\"inLanguage\":\"fr-FR\",\"url\":\"https:\/\/www.nettali.com\/wp-content\/uploads\/2023\/07\/125026616_mediaitem125026612.jpg\",\"contentUrl\":\"https:\/\/www.nettali.com\/wp-content\/uploads\/2023\/07\/125026616_mediaitem125026612.jpg\",\"width\":640,\"height\":360},{\"@type\":\"WebPage\",\"@id\":\"https:\/\/www.nettali.com\/2023\/07\/26\/en-coulisses-macky-au-sommet-russie-afrique\/#webpage\",\"url\":\"https:\/\/www.nettali.com\/2023\/07\/26\/en-coulisses-macky-au-sommet-russie-afrique\/\",\"name\":\"EN COULISSES - Macky au sommet Russie-Afrique | Nettali.com\",\"isPartOf\":{\"@id\":\"https:\/\/www.nettali.com\/#website\"},\"primaryImageOfPage\":{\"@id\":\"https:\/\/www.nettali.com\/2023\/07\/26\/en-coulisses-macky-au-sommet-russie-afrique\/#primaryimage\"},\"datePublished\":\"2023-07-26T08:12:24+00:00\",\"dateModified\":\"2023-07-26T08:12:24+00:00\",\"author\":{\"@id\":\"https:\/\/www.nettali.com\/#\/schema\/person\/d8ac7b7e27ddad43f1c0d2ef090d7f71\"},\"breadcrumb\":{\"@id\":\"https:\/\/www.nettali.com\/2023\/07\/26\/en-coulisses-macky-au-sommet-russie-afrique\/#breadcrumb\"},\"inLanguage\":\"fr-FR\",\"potentialAction\":[{\"@type\":\"ReadAction\",\"target\":[\"https:\/\/www.nettali.com\/2023\/07\/26\/en-coulisses-macky-au-sommet-russie-afrique\/\"]}]},{\"@type\":\"BreadcrumbList\",\"@id\":\"https:\/\/www.nettali.com\/2023\/07\/26\/en-coulisses-macky-au-sommet-russie-afrique\/#breadcrumb\",\"itemListElement\":[{\"@type\":\"ListItem\",\"position\":1,\"name\":\"Accueil\",\"item\":\"https:\/\/www.nettali.com\/\"},{\"@type\":\"ListItem\",\"position\":2,\"name\":\"EN COULISSES - Macky au sommet Russie-Afrique\"}]},{\"@type\":\"Person\",\"@id\":\"https:\/\/www.nettali.com\/#\/schema\/person\/d8ac7b7e27ddad43f1c0d2ef090d7f71\",\"name\":\"CK\",\"image\":{\"@type\":\"ImageObject\",\"@id\":\"https:\/\/www.nettali.com\/#personlogo\",\"inLanguage\":\"fr-FR\",\"url\":\"https:\/\/secure.gravatar.com\/avatar\/1d8d5118b9327d94da7cd4ce7f17fec2?s=96&d=mm&r=g\",\"contentUrl\":\"https:\/\/secure.gravatar.com\/avatar\/1d8d5118b9327d94da7cd4ce7f17fec2?s=96&d=mm&r=g\",\"caption\":\"CK\"},\"sameAs\":[\"https:\/\/www.nettali.com\"]}]}<\/script>\n<!-- \/ Yoast SEO Premium plugin. -->","yoast_head_json":{"title":"EN COULISSES - Macky au sommet Russie-Afrique | Nettali.com","robots":{"index":"index","follow":"follow","max-snippet":"max-snippet:-1","max-image-preview":"max-image-preview:large","max-video-preview":"max-video-preview:-1"},"canonical":"https:\/\/www.nettali.com\/2023\/07\/26\/en-coulisses-macky-au-sommet-russie-afrique\/","og_locale":"fr_FR","og_type":"article","og_title":"EN COULISSES - Macky au sommet Russie-Afrique","og_description":"NETTALI.COM - Macky Sall a quitte\u0301 Dakar, le mardi 25 juillet pour assister au 2e Sommet Russie-Afrique a\u0300 Saint Petersburg. Vladimir Poutine accueille en effet a\u0300 partir de jeudi, ses partenaires africains. Un e\u0301ve\u0301nement qui prendra fin le 28 juillet prochain et intervient dans un contexte de conflit en Ukraine et de fin de l'accord [&hellip;]","og_url":"https:\/\/www.nettali.com\/2023\/07\/26\/en-coulisses-macky-au-sommet-russie-afrique\/","og_site_name":"Nettali.com","article_publisher":"https:\/\/www.facebook.com\/nettalicom","article_published_time":"2023-07-26T08:12:24+00:00","og_image":[{"width":640,"height":360,"url":"https:\/\/www.nettali.com\/wp-content\/uploads\/2023\/07\/125026616_mediaitem125026612.jpg","type":"image\/jpeg"}],"twitter_card":"summary_large_image","twitter_misc":{"\u00c9crit par":"CK","Dur\u00e9e de lecture estim\u00e9e":"1 minute"},"schema":{"@context":"https:\/\/schema.org","@graph":[{"@type":"WebSite","@id":"https:\/\/www.nettali.com\/#website","url":"https:\/\/www.nettali.com\/","name":"Nettali.com","description":"Le rendez-vous critique du Net","potentialAction":[{"@type":"SearchAction","target":{"@type":"EntryPoint","urlTemplate":"https:\/\/www.nettali.com\/?s={search_term_string}"},"query-input":"required name=search_term_string"}],"inLanguage":"fr-FR"},{"@type":"ImageObject","@id":"https:\/\/www.nettali.com\/2023\/07\/26\/en-coulisses-macky-au-sommet-russie-afrique\/#primaryimage","inLanguage":"fr-FR","url":"https:\/\/www.nettali.com\/wp-content\/uploads\/2023\/07\/125026616_mediaitem125026612.jpg","contentUrl":"https:\/\/www.nettali.com\/wp-content\/uploads\/2023\/07\/125026616_mediaitem125026612.jpg","width":640,"height":360},{"@type":"WebPage","@id":"https:\/\/www.nettali.com\/2023\/07\/26\/en-coulisses-macky-au-sommet-russie-afrique\/#webpage","url":"https:\/\/www.nettali.com\/2023\/07\/26\/en-coulisses-macky-au-sommet-russie-afrique\/","name":"EN COULISSES - Macky au sommet Russie-Afrique | Nettali.com","isPartOf":{"@id":"https:\/\/www.nettali.com\/#website"},"primaryImageOfPage":{"@id":"https:\/\/www.nettali.com\/2023\/07\/26\/en-coulisses-macky-au-sommet-russie-afrique\/#primaryimage"},"datePublished":"2023-07-26T08:12:24+00:00","dateModified":"2023-07-26T08:12:24+00:00","author":{"@id":"https:\/\/www.nettali.com\/#\/schema\/person\/d8ac7b7e27ddad43f1c0d2ef090d7f71"},"breadcrumb":{"@id":"https:\/\/www.nettali.com\/2023\/07\/26\/en-coulisses-macky-au-sommet-russie-afrique\/#breadcrumb"},"inLanguage":"fr-FR","potentialAction":[{"@type":"ReadAction","target":["https:\/\/www.nettali.com\/2023\/07\/26\/en-coulisses-macky-au-sommet-russie-afrique\/"]}]},{"@type":"BreadcrumbList","@id":"https:\/\/www.nettali.com\/2023\/07\/26\/en-coulisses-macky-au-sommet-russie-afrique\/#breadcrumb","itemListElement":[{"@type":"ListItem","position":1,"name":"Accueil","item":"https:\/\/www.nettali.com\/"},{"@type":"ListItem","position":2,"name":"EN COULISSES - Macky au sommet Russie-Afrique"}]},{"@type":"Person","@id":"https:\/\/www.nettali.com\/#\/schema\/person\/d8ac7b7e27ddad43f1c0d2ef090d7f71","name":"CK","image":{"@type":"ImageObject","@id":"https:\/\/www.nettali.com\/#personlogo","inLanguage":"fr-FR","url":"https:\/\/secure.gravatar.com\/avatar\/1d8d5118b9327d94da7cd4ce7f17fec2?s=96&d=mm&r=g","contentUrl":"https:\/\/secure.gravatar.com\/avatar\/1d8d5118b9327d94da7cd4ce7f17fec2?s=96&d=mm&r=g","caption":"CK"},"sameAs":["https:\/\/www.nettali.com"]}]}},"_links":{"self":[{"href":"https:\/\/www.nettali.com\/rest\/wp\/v2\/posts\/114831"}],"collection":[{"href":"https:\/\/www.nettali.com\/rest\/wp\/v2\/posts"}],"about":[{"href":"https:\/\/www.nettali.com\/rest\/wp\/v2\/types\/post"}],"author":[{"embeddable":true,"href":"https:\/\/www.nettali.com\/rest\/wp\/v2\/users\/2"}],"replies":[{"embeddable":true,"href":"https:\/\/www.nettali.com\/rest\/wp\/v2\/comments?post=114831"}],"version-history":[{"count":1,"href":"https:\/\/www.nettali.com\/rest\/wp\/v2\/posts\/114831\/revisions"}],"predecessor-version":[{"id":114832,"href":"https:\/\/www.nettali.com\/rest\/wp\/v2\/posts\/114831\/revisions\/114832"}],"wp:featuredmedia":[{"embeddable":true,"href":"https:\/\/www.nettali.com\/rest\/wp\/v2\/media\/114843"}],"wp:attachment":[{"href":"https:\/\/www.nettali.com\/rest\/wp\/v2\/media?parent=114831"}],"wp:term":[{"taxonomy":"category","embeddable":true,"href":"https:\/\/www.nettali.com\/rest\/wp\/v2\/categories?post=114831"},{"taxonomy":"post_tag","embeddable":true,"href":"https:\/\/www.nettali.com\/rest\/wp\/v2\/tags?post=114831"}],"curies":[{"name":"wp","href":"https:\/\/api.w.org\/{rel}","templated":true}]}}